{"id":20223,"date":"2026-04-24T09:19:00","date_gmt":"2026-04-24T07:19:00","guid":{"rendered":"https:\/\/www.slovklima.sk\/?p=20223"},"modified":"2026-02-02T15:20:48","modified_gmt":"2026-02-02T14:20:48","slug":"klimaberendezes-hovisszanyeressel-energiatakarekos-szelloztetes-es-hutes-egy-rendszerben","status":"publish","type":"post","link":"https:\/\/www.slovklima.sk\/hu\/blog\/klimaberendezes-hovisszanyeressel-energiatakarekos-szelloztetes-es-hutes-egy-rendszerben\/","title":{"rendered":"Kl\u00edmaberendez\u00e9s h\u0151visszanyer\u00e9ssel: Energiatakar\u00e9kos szell\u0151ztet\u00e9s \u00e9s h\u0171t\u00e9s egy rendszerben "},"content":{"rendered":"<p>A modern \u00e9p\u00fcletek kiv\u00e1l\u00f3 h\u0151szigetel\u00e9ssel \u00e9s j\u00f3l z\u00e1r\u00f3d\u00f3 ny\u00edl\u00e1sz\u00e1r\u00f3kkal rendelkeznek. Ez kedvez\u0151 az energia-megtakar\u00edt\u00e1s szempontj\u00e1b\u00f3l, ugyanakkor \u00faj probl\u00e9m\u00e1t is jelent: ir\u00e1ny\u00edtott szell\u0151ztet\u00e9s n\u00e9lk\u00fcl a bels\u0151 t\u00e9rben felhalmoz\u00f3dik a nedvess\u00e9g, a CO\u2082 \u00e9s a kellemetlen szagok. A kl\u00edmaberendez\u00e9s \u00f6nmag\u00e1ban nem oldja meg ezt a probl\u00e9m\u00e1t, mivel a legt\u00f6bb lakoss\u00e1gi \u00e9s kisebb kereskedelmi megold\u00e1s a bels\u0151 leveg\u0151t keringeti, nem pedig friss leveg\u0151t juttat be k\u00edv\u00fclr\u0151l. <\/p><p>A megold\u00e1st a h\u0151visszanyer\u00e9ssel ell\u00e1tott kl\u00edmaberendez\u00e9s jelenti, vagyis a h\u0171t\u00e9s illetve esetleg a f\u0171t\u00e9s \u00f6sszekapcsol\u00e1sa ir\u00e1ny\u00edtott szell\u0151ztet\u00e9ssel \u00e9s a h\u0151 visszanyer\u00e9s\u00e9vel. Egy ilyen rendszer k\u00e9pes kellemes h\u0151m\u00e9rs\u00e9kletet \u00e9s friss leveg\u0151t biztos\u00edtani, mik\u00f6zben a szell\u0151ztet\u00e9s sor\u00e1n fell\u00e9p\u0151 h\u0151vesztes\u00e9geket a lehet\u0151 legkisebbre cs\u00f6kkenti. <\/p><p>A k\u00f6vetkez\u0151 r\u00e9szekben bemutatjuk, mi\u00e9rt \u00e9rdemes ezt a megold\u00e1st m\u00e9rlegelni, mi a k\u00fcl\u00f6nbs\u00e9g az \u00f6n\u00e1ll\u00f3 kl\u00edmaberendez\u00e9s \u00e9s a h\u0151visszanyer\u00e9s k\u00f6z\u00f6tt, milyen lehet\u0151s\u00e9gek \u00e1llnak rendelkez\u00e9sre lak\u00e1sok, csal\u00e1di h\u00e1zak \u00e9s kisebb \u00fczemi egys\u00e9geksz\u00e1m\u00e1ra, valamint mire kell figyelni a teljes rendszer tervez\u00e9sekor. <\/p><h2 class=\"wp-block-heading\">Mi\u00e9rt \u00e9rdemes kl\u00edmaberendez\u00e9s h\u0151visszanyer\u00e9ssel kombin\u00e1lt megold\u00e1s\u00e1n gondolkodni <\/h2><p>A kl\u00edmaberendez\u00e9s \u00e9s a h\u0151visszanyer\u00e9s \u00f6sszekapcsol\u00e1sa t\u00f6bb kulcsfontoss\u00e1g\u00fa el\u0151nnyel j\u00e1r: <\/p><ul class=\"wp-block-list\"><li><strong>Belt\u00e9ri leveg\u0151min\u0151s\u00e9g<\/strong> <br>A h\u0151visszanyer\u00e9s folyamatos frissleveg\u0151 ut\u00e1np\u00f3tl\u00e1st biztos\u00edt, mik\u00f6zben elsz\u00edvja az elhaszn\u00e1lt leveg\u0151t, a nedvess\u00e9get \u00e9s a szagokat. Az ablakon kereszt\u00fcli szell\u0151ztet\u00e9ssel szemben ez egy ir\u00e1ny\u00edtott, stabil \u00e9s az id\u0151j\u00e1r\u00e1st\u00f3l f\u00fcggetlen folyamat. <\/li><\/ul><ul class=\"wp-block-list\"><li><strong>Energiahat\u00e9konys\u00e1g<\/strong> <br>A h\u0151visszanyer\u0151s egys\u00e9g t\u00e9len h\u0151t, ny\u00e1ron pedig \u201eh\u0171v\u00f6ss\u00e9get\u201d ad \u00e1t az elhaszn\u00e1lt \u00e9s a friss leveg\u0151 k\u00f6z\u00f6tt. Megfelel\u0151 tervez\u00e9s mellett jelent\u0151sen cs\u00f6kkennek a szell\u0151ztet\u00e9ssel j\u00e1r\u00f3 h\u0151vesztes\u00e9gek, \u00e9s a kl\u00edmaberendez\u00e9snek nem kell feleslegesh\u0151m\u00e9rs\u00e9klet-k\u00fcl\u00f6nbs\u00e9geket kiegyenl\u00edtenie. <\/li><\/ul><ul class=\"wp-block-list\"><li><strong>Komfort ny\u00e1ron \u00e9s t\u00e9len<\/strong> <br>A kl\u00edmaberendez\u00e9s gondoskodik a h\u0151m\u00e9rs\u00e9klet szab\u00e1lyoz\u00e1s\u00e1r\u00f3l, h\u0171t\u00e9sr\u0151l illetve esetleg f\u0171t\u00e9sr\u0151l, a h\u0151visszanyer\u00e9s pedig a friss leveg\u0151r\u0151l. Egy\u00fctt stabil \u00e9s komfortos bels\u0151 k\u00f6rnyezetet teremtenek neh\u00e9z leveg\u0151 \u00e9rzete n\u00e9lk\u00fcl \u00e9s gyakori ablaknyit\u00e1sn\u00e9lk\u00fcl. <\/li><\/ul><ul class=\"wp-block-list\"><li><strong>Higi\u00e9nia \u00e9s eg\u00e9szs\u00e9g<\/strong> <br>A bef\u00fajt leveg\u0151 sz\u0171r\u00e9se seg\u00edt kisz\u0171rni a port, a polleneket \u00e9s a szmogr\u00e9szecsk\u00e9ket. A megfelel\u0151 p\u00e1ratartalommal \u00e9s h\u0151m\u00e9rs\u00e9klettel kombin\u00e1lva a k\u00f6rnyezet kellemesebb az allergi\u00e1sok \u00e9s az \u00e9rz\u00e9kenyebb szem\u00e9lyek sz\u00e1m\u00e1ra is. <\/li><\/ul><ul class=\"wp-block-list\"><li><strong>J\u00f6v\u0151biztos \u00fczemeltet\u00e9s<\/strong> <br>Az egyre szigorod\u00f3 energetikai k\u00f6vetelm\u00e9nyek hat\u00e1s\u00e1ra az ir\u00e1ny\u00edtott szell\u0151ztet\u00e9s \u00e9s a hat\u00e9kony h\u0171t\u00e9s az eddigi extra megold\u00e1sb\u00f3l a modern csal\u00e1di h\u00e1zak \u00e9s kisebb l\u00e9tes\u00edtm\u00e9nyek alapvet\u0151 r\u00e9sz\u00e9v\u00e9 v\u00e1lik. <\/li><\/ul><h2 class=\"wp-block-heading\">Hogyan m\u0171k\u00f6dik a h\u0151visszanyer\u00e9s \u00e9s mi\u00e9rt nem helyettes\u00edti a kl\u00edmaberendez\u00e9s <\/h2><p>Gyakori t\u00e9vhit, hogy ha egy \u00e9p\u00fcletben van kl\u00edmaberendez\u00e9s, akkor m\u00e1r \u201enem kell szell\u0151ztetni\u201d, vagy hogy a kl\u00edma \u00f6nmag\u00e1ban biztos\u00edtja a friss leveg\u0151 ut\u00e1np\u00f3tl\u00e1s\u00e1t. A gyakorlatban azonban a legt\u00f6bb oldalfali \u00e9s kazett\u00e1s kl\u00edmaberendez\u00e9s a bels\u0151leveg\u0151vel dolgozik: besz\u00edvja, leh\u0171ti vagy felmeleg\u00edti, majd visszajuttatja a helyis\u00e9gbe. <\/p><p>A h\u0151visszanyer\u00e9ses szell\u0151ztet\u00e9s m\u00e1s elven m\u0171k\u00f6dik: <\/p><ul class=\"wp-block-list\"><li>a h\u0151visszanyer\u0151s egys\u00e9g elsz\u00edvja az elhaszn\u00e1lt leveg\u0151t a bels\u0151 t\u00e9rb\u0151l p\u00e9ld\u00e1ul a konyh\u00e1b\u00f3l, f\u00fcrd\u0151szob\u00e1b\u00f3l \u00e9s k\u00f6zleked\u0151kb\u0151l, <\/li><\/ul><ul class=\"wp-block-list\"><li>egyidej\u0171leg friss leveg\u0151t juttat be k\u00edv\u00fclr\u0151l a lak\u00f3helyis\u00e9gekbe, h\u00e1l\u00f3szob\u00e1kba vagy irod\u00e1kba, <\/li><\/ul><ul class=\"wp-block-list\"><li>a h\u0151cser\u00e9l\u0151ben az elhaszn\u00e1lt leveg\u0151 energi\u00e1ja \u00e1tad\u00f3dik a friss bef\u00fajt leveg\u0151nek, <\/li><\/ul><ul class=\"wp-block-list\"><li>a leveg\u0151csere folyamatosan \u00e9s szab\u00e1lyozott m\u00f3don zajlik az el\u0151re be\u00e1ll\u00edtott \u00fczemm\u00f3d vagy \u00e9rz\u00e9kel\u0151k p\u00e9ld\u00e1ul CO\u2082 \u00e9s p\u00e1ratartalom alapj\u00e1n. <\/li><\/ul><p>A kl\u00edmaberendez\u00e9s teh\u00e1t a h\u0151m\u00e9rs\u00e9klet szab\u00e1lyoz\u00e1s\u00e1r\u00f3l gondoskodik, a h\u0151visszanyer\u00e9s pedig a leveg\u0151 frissess\u00e9g\u00e9r\u0151l \u00e9s min\u0151s\u00e9g\u00e9r\u0151l. Csak a k\u00e9t funkci\u00f3 \u00f6sszekapcsol\u00e1sa ny\u00fajt teljes k\u00f6r\u0171 komfortmegold\u00e1st a modern \u00e9p\u00fcletekben. <\/p><h2 class=\"wp-block-heading\">Kl\u00edmaberendez\u00e9s h\u0151visszanyer\u00e9ssel szemben az \u00f6n\u00e1ll\u00f3 kl\u00edmaberendez\u00e9ssel <\/h2><p>A m\u0171szaki megold\u00e1s tervez\u00e9sekor a gyakorlatban leggyakrabban h\u00e1rom forgat\u00f3k\u00f6nyvvel tal\u00e1lkozhatunk: <\/p><h3 class=\"wp-block-heading\">Csak kl\u00edmaberendez\u00e9s h\u0151visszanyer\u00e9s n\u00e9lk\u00fcl <\/h3><p>Ez a leggyakoribb megold\u00e1s r\u00e9gebbi lak\u00e1sokban \u00e9s kisebb irod\u00e1kban, ahol egy oldalfali kl\u00edmaberendez\u00e9s ker\u00fcl a nappaliba vagy az irod\u00e1ba. El\u0151ny\u00f6k: <\/p><ul class=\"wp-block-list\"><li>viszonylag alacsony kezdeti beruh\u00e1z\u00e1s, <\/li><\/ul><ul class=\"wp-block-list\"><li>egyszer\u0171 \u00e9s gyors telep\u00edt\u00e9s, <\/li><\/ul><ul class=\"wp-block-list\"><li>gyors javul\u00e1s a ny\u00e1ri h\u0151komfortban. <\/li><\/ul><p>H\u00e1tr\u00e1nyok: <\/p><ul class=\"wp-block-list\"><li>nincs vagy csak minim\u00e1lis a friss leveg\u0151 ut\u00e1np\u00f3tl\u00e1sa, <\/li><\/ul><ul class=\"wp-block-list\"><li>sz\u00fcks\u00e9g van ablakon kereszt\u00fcli szell\u0151ztet\u00e9sre, ami rontja a h\u0171t\u00e9s hat\u00e9konys\u00e1g\u00e1t, <\/li><\/ul><ul class=\"wp-block-list\"><li>l\u00e9gmentesen z\u00e1r\u00f3 \u00e9p\u00fcletekben megn\u0151het a p\u00e1ratartalom \u00e9s a CO\u2082 szint. <\/li><\/ul><h3 class=\"wp-block-heading\">\u00d6n\u00e1ll\u00f3 h\u0151visszanyer\u0151s szell\u0151ztet\u00e9s \u00e9s kl\u00edmaberendez\u00e9s <\/h3><p>Gyakori megold\u00e1s \u00faj \u00e9p\u00edt\u00e9s\u0171 h\u00e1zakn\u00e1l vagy min\u0151s\u00e9gi fel\u00faj\u00edt\u00e1sokn\u00e1l: <\/p><ul class=\"wp-block-list\"><li>k\u00f6zponti h\u0151visszanyer\u0151s szell\u0151ztet\u0151 egys\u00e9g l\u00e9gcsatorna h\u00e1l\u00f3zattal a h\u00e1zban vagy a lak\u00e1sban, <\/li><\/ul><ul class=\"wp-block-list\"><li>k\u00fcl\u00f6n kl\u00edmaberendez\u00e9s p\u00e9ld\u00e1ul multisplit VRF vagy fan coil rendszer. <\/li><\/ul><p>El\u0151ny\u00f6k: <\/p><ul class=\"wp-block-list\"><li>optim\u00e1lis szell\u0151ztet\u00e9s \u00e9s j\u00f3 belt\u00e9ri leveg\u0151min\u0151s\u00e9g, <\/li><\/ul><ul class=\"wp-block-list\"><li>rugalmas h\u0171t\u00e9si megold\u00e1s az egyes helyis\u00e9gek ig\u00e9nyei szerint, <\/li><\/ul><ul class=\"wp-block-list\"><li>lehet\u0151s\u00e9g a fokozatos megval\u00f3s\u00edt\u00e1sra amikor el\u0151sz\u00f6r a h\u0151visszanyer\u00e9s majd k\u00e9s\u0151bb a kl\u00edmaberendez\u00e9s ker\u00fcl ki\u00e9p\u00edt\u00e9sre. <\/li><\/ul><p>Fontos, hogy a k\u00e9t rendszer tervez\u00e9se \u00f6sszehangolt legyen a bef\u00fav\u00f3k \u00e9s elsz\u00edv\u00f3k elhelyez\u00e9se a l\u00e9g\u00e1raml\u00e1s ir\u00e1nya a zajszint \u00e9s a szab\u00e1lyoz\u00e1s szempontj\u00e1b\u00f3l. <\/p><h3 class=\"wp-block-heading\">Szell\u0151ztet\u0151 berendez\u00e9s h\u0151visszanyer\u00e9ssel \u00e9s h\u0171t\u00e9ssel <\/h3><p>Els\u0151sorban irodah\u00e1zakban \u00fczemi l\u00e9tes\u00edtm\u00e9nyekben vagy nagyobb objektumokban alkalmaznak k\u00f6zponti l\u00e9gkezel\u0151 egys\u00e9geket, amelyek: <\/p><ul class=\"wp-block-list\"><li>biztos\u00edtj\u00e1k a szell\u0151ztet\u00e9st h\u0151visszanyer\u00e9ssel, <\/li><\/ul><ul class=\"wp-block-list\"><li>h\u0171t\u0151egys\u00e9get tartalmaznak amely h\u0171t\u0151k\u00f6rh\u00f6z vagy hideg v\u00edzhez csatlakozik, <\/li><\/ul><ul class=\"wp-block-list\"><li>k\u00e9pesek egyszerre t\u00f6bb z\u00f3n\u00e1t szell\u0151ztetni \u00e9s h\u0171teni. <\/li><\/ul><p>Ez a megold\u00e1s teljesen integr\u00e1lt rendszert tesz lehet\u0151v\u00e9, ugyanakkor r\u00e9szletes tervez\u00e9st megfelel\u0151 g\u00e9p\u00e9szeti teret \u00e9s szoros egy\u00fcttm\u0171k\u00f6d\u00e9st ig\u00e9nyel az \u00e9p\u00edt\u00e9szeti kivitelez\u00e9ssel. <\/p><figure class=\"wp-block-image size-full is-resized\"><img decoding=\"async\" width=\"1065\" height=\"450\" src=\"https:\/\/www.slovklima.sk\/wp-content\/uploads\/2026\/02\/Klimatizacia-s-rekuperaciou.jpg\" alt=\"Kl\u00edmaberendez\u00e9s h\u0151visszanyer\u00e9ssel\" class=\"wp-image-20230\" style=\"width:1270px;height:auto\" srcset=\"https:\/\/www.slovklima.sk\/wp-content\/uploads\/2026\/02\/Klimatizacia-s-rekuperaciou.jpg 1065w, https:\/\/www.slovklima.sk\/wp-content\/uploads\/2026\/02\/Klimatizacia-s-rekuperaciou-400x169.jpg 400w, https:\/\/www.slovklima.sk\/wp-content\/uploads\/2026\/02\/Klimatizacia-s-rekuperaciou-768x325.jpg 768w, https:\/\/www.slovklima.sk\/wp-content\/uploads\/2026\/02\/Klimatizacia-s-rekuperaciou-430x182.jpg 430w, https:\/\/www.slovklima.sk\/wp-content\/uploads\/2026\/02\/Klimatizacia-s-rekuperaciou-700x296.jpg 700w, https:\/\/www.slovklima.sk\/wp-content\/uploads\/2026\/02\/Klimatizacia-s-rekuperaciou-150x63.jpg 150w\" sizes=\"(max-width: 1065px) 100vw, 1065px\" \/><\/figure><h2 class=\"wp-block-heading\">Lehet\u0151s\u00e9gek a kl\u00edmaberendez\u00e9s \u00e9s h\u0151visszanyer\u00e9s megold\u00e1s\u00e1ra lak\u00e1sban \u00e9s csal\u00e1di h\u00e1zban <\/h2><p>A kl\u00edmaberendez\u00e9s h\u0151visszanyer\u00e9ssel t\u00f6bbf\u00e9lek\u00e9ppen tervezhet\u0151 az \u00e9p\u00fclet t\u00edpus\u00e1t\u00f3l, a fel\u00faj\u00edt\u00e1s m\u00e9rt\u00e9k\u00e9t\u0151l \u00e9s a k\u00f6lts\u00e9gvet\u00e9st\u0151l f\u00fcgg\u0151en. <\/p><h3 class=\"wp-block-heading\">\u00daj \u00e9p\u00edt\u00e9s\u0171 h\u00e1z tervezett ir\u00e1ny\u00edtott szell\u0151ztet\u00e9ssel <\/h3><p>\u00daj \u00e9p\u00edt\u00e9s\u0171 csal\u00e1di h\u00e1zak eset\u00e9ben ide\u00e1lis m\u00e1r a tervez\u00e9si f\u00e1zisban sz\u00e1molni a h\u0151visszanyer\u00e9ssel: <\/p><ul class=\"wp-block-list\"><li>k\u00f6zponti h\u0151visszanyer\u0151s egys\u00e9g ker\u00fcl megtervez\u00e9sre, l\u00e9gcsatorn\u00e1kkal az \u00f6sszes lak\u00f3helyis\u00e9gbe, <\/li><\/ul><ul class=\"wp-block-list\"><li>megfelel\u0151 helyre ker\u00fclnek a frissleveg\u0151 bef\u00fav\u00f3 \u00e9s elsz\u00edv\u00f3 r\u00e1csok, <\/li><\/ul><ul class=\"wp-block-list\"><li>a lak\u00f3helyis\u00e9gekben kl\u00edmaberendez\u00e9sek helyezhet\u0151k el p\u00e9ld\u00e1ul h\u00e1l\u00f3szob\u00e1ban vagy nappaliban, illetve fan coil egys\u00e9gek csatlakoztathat\u00f3k k\u00f6zponti h\u0171t\u00e9si forr\u00e1shoz. <\/li><\/ul><p>El\u0151nye, hogy a l\u00e9gcsatorn\u00e1k, a h\u0171t\u0151v\u00edz cs\u00f6vek vagy a r\u00e9zvezet\u00e9kek m\u00e1r a szerkezet\u00e9p\u00edt\u00e9s sor\u00e1n elrejthet\u0151k a mennyezetekben, akn\u00e1kban \u00e9s v\u00e1laszfalakban. Az eredm\u00e9ny egy komfortos \u00e9s eszt\u00e9tikailag letisztult rendszer. <\/p><h3 class=\"wp-block-heading\">Lak\u00e1sfel\u00faj\u00edt\u00e1s nagyobb \u00e9p\u00edt\u00e9si beavatkoz\u00e1sok n\u00e9lk\u00fcl <\/h3><p>Megl\u00e9v\u0151 lak\u00e1sokban a k\u00f6zponti h\u0151visszanyer\u0151s l\u00e9gcsatorna h\u00e1l\u00f3zat kialak\u00edt\u00e1sa gyakran korl\u00e1tozott. Ilyenkor az al\u00e1bbi megold\u00e1sok j\u00f6hetnek sz\u00f3ba: <\/p><ul class=\"wp-block-list\"><li>decentraliz\u00e1lt h\u0151visszanyer\u0151s egys\u00e9gek helyi berendez\u00e9sek a k\u00fcls\u0151 falban p\u00e9ld\u00e1ul h\u00e1l\u00f3szob\u00e1ban vagy nappaliban, <\/li><\/ul><ul class=\"wp-block-list\"><li>oldalfali kl\u00edmaberendez\u00e9s a f\u0151 lak\u00f3t\u00e9rben, <\/li><\/ul><ul class=\"wp-block-list\"><li>esetleg multisplit rendszer t\u00f6bb helyis\u00e9g kiszolg\u00e1l\u00e1s\u00e1ra. <\/li><\/ul><p>Ebben az esetben is fontos, hogy a kl\u00edmaberendez\u00e9s \u00e9s a h\u0151visszanyer\u0151s egys\u00e9gek l\u00e9g\u00e1raml\u00e1si ir\u00e1nya ne \u00fctk\u00f6zz\u00f6n egym\u00e1ssal. A c\u00e9l a kellemes l\u00e9gmozg\u00e1s, nem pedig a k\u00e9t oldalr\u00f3l \u00e9rkez\u0151 huzat. <\/p><h3 class=\"wp-block-heading\">Kisebb \u00fczletek \u00e9s irod\u00e1k <\/h3><p>Kisebb irod\u00e1kban \u00e9s \u00fczemi terekben gyakori megold\u00e1s: <\/p><ul class=\"wp-block-list\"><li>egy vagy t\u00f6bb belt\u00e9ri kl\u00edmaberendez\u00e9s oldalfali vagy kazett\u00e1s kivitelben, <\/li><\/ul><ul class=\"wp-block-list\"><li>kieg\u00e9sz\u00edtve k\u00f6zponti vagy helyi h\u0151visszanyer\u0151s szell\u0151ztet\u00e9ssel. <\/li><\/ul><p>A tervez\u00e9s sor\u00e1n figyelembe kell venni: <\/p><ul class=\"wp-block-list\"><li>a friss leveg\u0151 ig\u00e9ny\u00e9t a bent tart\u00f3zkod\u00f3k sz\u00e1ma alapj\u00e1n, <\/li><\/ul><ul class=\"wp-block-list\"><li>a munka\u00e1llom\u00e1sok elrendez\u00e9s\u00e9t hogy senki ne \u00fclj\u00f6n k\u00f6zvetlen l\u00e9g\u00e1ramban, <\/li><\/ul><ul class=\"wp-block-list\"><li>az akusztikai szempontokat vagyis a ventil\u00e1torok a h\u0151visszanyer\u00e9s \u00e9s a kl\u00edmaberendez\u00e9s zajszintj\u00e9t. <\/li><\/ul><h2 class=\"wp-block-heading\">Mire kell figyelni a kl\u00edmaberendez\u00e9s h\u0151visszanyer\u00e9ssel t\u00f6rt\u00e9n\u0151 tervez\u00e9sekor <\/h2><p>Ahhoz, hogy a kl\u00edmaberendez\u00e9s h\u0151visszanyer\u00e9ssel megb\u00edzhat\u00f3an \u00e9s komfortosan m\u0171k\u00f6dj\u00f6n, t\u00f6bb kulcsfontoss\u00e1g\u00fa ter\u00fcletre is figyelmet kell ford\u00edtani. <\/p><h3 class=\"wp-block-heading\">Szell\u0151ztet\u00e9si \u00e9s h\u0171t\u00e9si ig\u00e9nyek sz\u00e1m\u00edt\u00e1sa <\/h3><p>Az alapot az al\u00e1bbiak jelentik: <\/p><ul class=\"wp-block-list\"><li>az \u00e9p\u00fclet h\u0151terhel\u00e9s\u00e9nek felm\u00e9r\u00e9se az \u00fcvegfel\u00fcletek a t\u00e1jol\u00e1s a h\u0151szigetel\u00e9s \u00e9s a bels\u0151 h\u0151forr\u00e1sok figyelembev\u00e9tel\u00e9vel, <\/li><\/ul><ul class=\"wp-block-list\"><li>a sz\u00fcks\u00e9ges frissleveg\u0151 mennyis\u00e9g\u00e9nek meghat\u00e1roz\u00e1sa a bent tart\u00f3zkod\u00f3k sz\u00e1ma \u00e9s a helyis\u00e9gek jellege alapj\u00e1n, <\/li><\/ul><ul class=\"wp-block-list\"><li>a kl\u00edmaberendez\u00e9s vagy a k\u00f6zponti h\u0171t\u00e9si forr\u00e1s teljes\u00edtm\u00e9ny\u00e9nek valamint a h\u0151visszanyer\u00e9s param\u00e9tereinek megtervez\u00e9se. <\/li><\/ul><p>Csak \u00edgy biztos\u00edthat\u00f3 a berendez\u00e9sek megfelel\u0151 m\u00e9retez\u00e9se, \u00e9s \u00edgy ker\u00fclhet\u0151 el, hogy a rendszer a gyakorlatban k\u00e9nyelmetlen legyen alulm\u00e9retezett h\u0171t\u00e9s vagy el\u00e9gtelen szell\u0151ztet\u00e9s miatt, illetve feleslegesen t\u00falm\u00e9retezett\u00e9 v\u00e1ljon. <\/p><h3 class=\"wp-block-heading\">Kif\u00fav\u00f3k r\u00e1csok \u00e9s egys\u00e9gek elhelyez\u00e9se <\/h3><p>A komfort \u00e9s a csendes m\u0171k\u00f6d\u00e9s szempontj\u00e1b\u00f3l kulcsfontoss\u00e1g\u00fa: <\/p><ul class=\"wp-block-list\"><li>a h\u0151visszanyer\u00e9s bef\u00fav\u00f3 \u00e9s elsz\u00edv\u00f3 ny\u00edl\u00e1sainak megfelel\u0151 elhelyez\u00e9se annak \u00e9rdek\u00e9ben, hogy a leveg\u0151 j\u00f3l elkeveredjen a helyis\u00e9gben, <\/li><\/ul><ul class=\"wp-block-list\"><li>a belt\u00e9ri kl\u00edmaberendez\u00e9sek olyan pozicion\u00e1l\u00e1sa, hogy a l\u00e9g\u00e1ram ne ir\u00e1nyuljon k\u00f6zvetlen\u00fcl az ott tart\u00f3zkod\u00f3kra, <\/li><\/ul><ul class=\"wp-block-list\"><li>az \u00f6sszehangol\u00e1s a b\u00fatorokkal az \u00e1lmennyezettel \u00e9s az egy\u00e9b bels\u0151\u00e9p\u00edt\u00e9szeti elemekkel. <\/li><\/ul><p>Nem megfelel\u0151 tervez\u00e9s eset\u00e9n nem k\u00edv\u00e1nt jelens\u00e9gek l\u00e9phetnek fel mint huzat zajos m\u0171k\u00f6d\u00e9s helyi hideg z\u00f3n\u00e1k vagy \u00e9ppen el\u00e9gtelen h\u0171t\u00e9s\u0171 ter\u00fcletek. <\/p><h3 class=\"wp-block-heading\">Zajszint \u00e9s akusztikai komfort <\/h3><p>A h\u0151visszanyer\u00e9ssel kombin\u00e1lt kl\u00edmarendszer t\u00f6bb ventil\u00e1tort \u00e9s mozg\u00f3 alkatr\u00e9szt tartalmaz, ez\u00e9rt a tervez\u00e9s sor\u00e1n fontos: <\/p><ul class=\"wp-block-list\"><li>megfelel\u0151 akusztikai teljes\u00edtm\u00e9nyszinttel rendelkez\u0151 berendez\u00e9sek kiv\u00e1laszt\u00e1sa, <\/li><\/ul><ul class=\"wp-block-list\"><li>a l\u00e9gcsatorn\u00e1k megtervez\u00e9se a l\u00e9gsebess\u00e9gek figyelembev\u00e9tel\u00e9vel mivel a t\u00fal nagy sebess\u00e9g zajt okoz, <\/li><\/ul><ul class=\"wp-block-list\"><li>az egys\u00e9gek megfelel\u0151 elhelyez\u00e9se a g\u00e9p\u00e9szeti t\u00e9rben vagy az \u00e9p\u00fcleten bel\u00fcl \u00fagy, hogy ne zavarj\u00e1k a haszn\u00e1l\u00f3kat p\u00e9ld\u00e1ul \u00e9jszaka a h\u00e1l\u00f3szob\u00e1k k\u00f6zel\u00e9ben. <\/li><\/ul><h3 class=\"wp-block-heading\">Sz\u0171r\u00e9s \u00e9s karbantart\u00e1s <\/h3><p>A h\u0151visszanyer\u00e9s \u00e9s a kl\u00edmaberendez\u00e9s is rendszeres karbantart\u00e1st ig\u00e9nyel: <\/p><ul class=\"wp-block-list\"><li>a sz\u0171r\u0151k ellen\u0151rz\u00e9s\u00e9t \u00e9s cser\u00e9j\u00e9t k\u00fcl\u00f6n\u00f6sen a k\u00fcls\u0151 leveg\u0151 bef\u00fav\u00e1s\u00e1n\u00e1l, <\/li><\/ul><ul class=\"wp-block-list\"><li>a h\u0151cser\u00e9l\u0151k \u00e9s a bels\u0151 fel\u00fcletek tiszt\u00edt\u00e1s\u00e1t, <\/li><\/ul><ul class=\"wp-block-list\"><li>rendszeres fel\u00fclvizsg\u00e1latot \u00e9s a szab\u00e1lyoz\u00e1s be\u00e1ll\u00edt\u00e1sainak ellen\u0151rz\u00e9s\u00e9t. <\/li><\/ul><p>A tervez\u00e9s sor\u00e1n gondolni kell a hozz\u00e1f\u00e9rhet\u0151s\u00e9gre is, hogy a sz\u0171r\u0151k \u00e9s a karbantart\u00e1st ig\u00e9nyl\u0151 alkatr\u00e9szek k\u00e9nyelmesen ellen\u0151rizhet\u0151k \u00e9s cser\u00e9lhet\u0151k legyenek. <\/p><h2 class=\"wp-block-heading\">Gyakori hib\u00e1k a kl\u00edmaberendez\u00e9s \u00e9s a h\u0151visszanyer\u00e9s kombin\u00e1l\u00e1sakor <\/h2><p>A kombin\u00e1lt megold\u00e1sok megval\u00f3s\u00edt\u00e1sa sor\u00e1n a gyakorlatban gyakran ism\u00e9tl\u0151dnek bizonyos hib\u00e1k: <\/p><ul class=\"wp-block-list\"><li>nem \u00f6sszehangolt tervez\u00e9s: a kl\u00edmaberendez\u00e9st \u00e9s a h\u0151visszanyer\u00e9st k\u00fcl\u00f6n kezelik, koordin\u00e1ci\u00f3 n\u00e9lk\u00fcl, ami nem optim\u00e1lis l\u00e9g\u00e1raml\u00e1shoz vezet, <\/li><\/ul><ul class=\"wp-block-list\"><li>nem megfelel\u0151 kif\u00fav\u00f3k elhelyez\u00e9se: a h\u0151visszanyer\u00e9s bef\u00fav\u00e1sa \u00e9s a kl\u00edmaberendez\u00e9s l\u00e9g\u00e1rama helyi huzatot okozhat, <\/li><\/ul><ul class=\"wp-block-list\"><li>alulm\u00e9retezett h\u0151visszanyer\u00e9s: a rendszer ugyan szell\u0151ztet, de a val\u00f3s haszn\u00e1lathoz nem elegend\u0151 m\u00e9rt\u00e9kben, <\/li><\/ul><ul class=\"wp-block-list\"><li>elhanyagolt karbantart\u00e1s: az elt\u00f6m\u0151d\u00f6tt sz\u0171r\u0151k cs\u00f6kkentik a hat\u00e1sfokot \u00e9s rontj\u00e1k a leveg\u0151 min\u0151s\u00e9g\u00e9t, <\/li><\/ul><ul class=\"wp-block-list\"><li>a zajszint el\u00e9gtelen \u00e9rt\u00e9kel\u00e9se: h\u00e1l\u00f3szob\u00e1kban vagy irod\u00e1kban a rendszer zavar\u00f3v\u00e1 v\u00e1lhat a felhaszn\u00e1l\u00f3k sz\u00e1m\u00e1ra. <\/li><\/ul><p>\u00c9ppen ez\u00e9rt fontos a kl\u00edmaberendez\u00e9st \u00e9s a h\u0151visszanyer\u00e9st nem k\u00e9t k\u00fcl\u00f6n\u00e1ll\u00f3 elemk\u00e9nt, hanem egyetlen funkcion\u00e1lis egys\u00e9gk\u00e9nt kezelni, amelyet rendszerk\u00e9nt kell megtervezni \u00e9s be\u00e1ll\u00edtani. <\/p><h2 class=\"wp-block-heading\">\u00d6sszegz\u00e9s <\/h2><p>A h\u0151visszanyer\u00e9ssel kombin\u00e1lt kl\u00edmaberendez\u00e9s modern megold\u00e1st jelent lak\u00e1sok, csal\u00e1di h\u00e1zak \u00e9s kisebb kereskedelmi terek sz\u00e1m\u00e1ra, ahol hangs\u00falyt kap a komfort, a belt\u00e9ri leveg\u0151 min\u0151s\u00e9ge \u00e9s az energiahat\u00e9konys\u00e1g. Az \u00f6n\u00e1ll\u00f3 kl\u00edmaberendez\u00e9skellemes h\u0151m\u00e9rs\u00e9kletet biztos\u00edt, azonban ir\u00e1ny\u00edtott szell\u0151ztet\u00e9s \u00e9s h\u0151visszanyer\u00e9s n\u00e9lk\u00fcl a rendszer komfortja \u00e9s gazdas\u00e1goss\u00e1ga korl\u00e1tozott. <\/p><p>A h\u0151visszanyer\u00e9ssel kombin\u00e1lt kl\u00edmarendszer tervez\u00e9sekor fontos a val\u00f3s ig\u00e9nyekb\u0151l kiindulni, megfelel\u0151en m\u00e9retezni a szell\u0151ztet\u00e9st \u00e9s a h\u0171t\u00e9st, \u00e1tgondolni az egys\u00e9gek \u00e9s kif\u00fav\u00f3k elhelyez\u00e9s\u00e9t, valamint figyelmet ford\u00edtani a zajszintre \u00e9s a karbantart\u00e1sra. Ennek k\u00f6sz\u00f6nhet\u0151en olyan megold\u00e1s j\u00f6het l\u00e9tre, amely egyetlen rendszerben biztos\u00edt friss leveg\u0151t, stabil h\u0151m\u00e9rs\u00e9kletet \u00e9s takar\u00e9kos \u00fczemeltet\u00e9st. <\/p><p>Ha hasonl\u00f3 megold\u00e1son gondolkodik lak\u00e1s\u00e1ban, csal\u00e1di h\u00e1z\u00e1ban vagy \u00fczemeltetett l\u00e9tes\u00edtm\u00e9ny\u00e9ben, \u00e9rdemes olyan szakmai partnerhez fordulni, aki \u00e9rti a kl\u00edmaberendez\u00e9sek \u00e9s a h\u0151visszanyer\u00e9s tervez\u00e9s\u00e9t, valamint azok gyakorlati\u00f6sszekapcsol\u00e1s\u00e1t az adott k\u00f6r\u00fclm\u00e9nyek k\u00f6z\u00f6tt az els\u0151 felm\u00e9r\u00e9st\u0151l az \u00fczembe helyez\u00e9sen \u00e1t a hossz\u00fa t\u00e1v\u00fa szervizig. <\/p>","protected":false},"excerpt":{"rendered":"<p>A modern \u00e9p\u00fcletek kiv\u00e1l\u00f3 h\u0151szigetel\u00e9ssel \u00e9s j\u00f3l z\u00e1r\u00f3d\u00f3 ny\u00edl\u00e1sz\u00e1r\u00f3kkal rendelkeznek. Ez kedvez\u0151 az energia-megtakar\u00edt\u00e1s szempontj\u00e1b\u00f3l, ugyanakkor \u00faj probl\u00e9m\u00e1t is jelent:<\/p>\n","protected":false},"author":472,"featured_media":20233,"comment_status":"closed","ping_status":"closed","sticky":false,"template":"","format":"standard","meta":{"footnotes":""},"categories":[349],"tags":[],"table_tags":[],"class_list":["post-20223","post","type-post","status-publish","format-standard","has-post-thumbnail","hentry","category-legkondicionalas"],"yoast_head":"<!-- This site is optimized with the Yoast SEO plugin v24.3 - https:\/\/yoast.com\/wordpress\/plugins\/seo\/ -->\n<title>Kl\u00edmaberendez\u00e9s h\u0151visszanyer\u00e9ssel | SLOVKLIMA DEIMOS group, s.r.o.<\/title>\n<meta name=\"description\" content=\"A kl\u00edmaberendez\u00e9s h\u0151visszanyer\u00e9ssel friss leveg\u0151t \u00e9s hat\u00e9kony h\u0171t\u00e9st biztos\u00edt minim\u00e1lis energiavesztes\u00e9ggel. Tudja meg, mikor ide\u00e1lis.\" \/>\n<meta name=\"robots\" content=\"index, follow, max-snippet:-1, max-image-preview:large, max-video-preview:-1\" \/>\n<link rel=\"canonical\" href=\"https:\/\/www.slovklima.sk\/hu\/blog\/klimaberendezes-hovisszanyeressel-energiatakarekos-szelloztetes-es-hutes-egy-rendszerben\/\" \/>\n<meta property=\"og:locale\" content=\"hu_HU\" \/>\n<meta property=\"og:type\" content=\"article\" \/>\n<meta property=\"og:title\" content=\"Kl\u00edmaberendez\u00e9s h\u0151visszanyer\u00e9ssel | SLOVKLIMA DEIMOS group, s.r.o.\" \/>\n<meta property=\"og:description\" content=\"A kl\u00edmaberendez\u00e9s h\u0151visszanyer\u00e9ssel friss leveg\u0151t \u00e9s hat\u00e9kony h\u0171t\u00e9st biztos\u00edt minim\u00e1lis energiavesztes\u00e9ggel. Tudja meg, mikor ide\u00e1lis.\" \/>\n<meta property=\"og:url\" content=\"https:\/\/www.slovklima.sk\/hu\/blog\/klimaberendezes-hovisszanyeressel-energiatakarekos-szelloztetes-es-hutes-egy-rendszerben\/\" \/>\n<meta property=\"og:site_name\" content=\"SLOVKLIMA DEIMOS group, s.r.o.\" \/>\n<meta property=\"article:published_time\" content=\"2026-04-24T07:19:00+00:00\" \/>\n<meta property=\"article:modified_time\" content=\"2026-02-02T14:20:48+00:00\" \/>\n<meta property=\"og:image\" content=\"https:\/\/www.slovklima.sk\/wp-content\/uploads\/2026\/02\/Klimatizacia-s-rekuperaciou-2.jpg\" \/>\n\t<meta property=\"og:image:width\" content=\"1065\" \/>\n\t<meta property=\"og:image:height\" content=\"450\" \/>\n\t<meta property=\"og:image:type\" content=\"image\/jpeg\" \/>\n<meta name=\"author\" content=\"terlanda.peter\" \/>\n<meta name=\"twitter:card\" content=\"summary_large_image\" \/>\n<meta name=\"twitter:label1\" content=\"Szerz\u0151:\" \/>\n\t<meta name=\"twitter:data1\" content=\"terlanda.peter\" \/>\n\t<meta name=\"twitter:label2\" content=\"Becs\u00fclt olvas\u00e1si id\u0151\" \/>\n\t<meta name=\"twitter:data2\" content=\"9 perc\" \/>\n<script type=\"application\/ld+json\" class=\"yoast-schema-graph\">{\"@context\":\"https:\/\/schema.org\",\"@graph\":[{\"@type\":\"Article\",\"@id\":\"https:\/\/www.slovklima.sk\/hu\/blog\/klimaberendezes-hovisszanyeressel-energiatakarekos-szelloztetes-es-hutes-egy-rendszerben\/#article\",\"isPartOf\":{\"@id\":\"https:\/\/www.slovklima.sk\/hu\/blog\/klimaberendezes-hovisszanyeressel-energiatakarekos-szelloztetes-es-hutes-egy-rendszerben\/\"},\"author\":{\"name\":\"terlanda.peter\",\"@id\":\"https:\/\/www.slovklima.sk\/#\/schema\/person\/116018679a4b34af051bf066b527c539\"},\"headline\":\"Kl\u00edmaberendez\u00e9s h\u0151visszanyer\u00e9ssel: Energiatakar\u00e9kos szell\u0151ztet\u00e9s \u00e9s h\u0171t\u00e9s egy rendszerben\",\"datePublished\":\"2026-04-24T07:19:00+00:00\",\"dateModified\":\"2026-02-02T14:20:48+00:00\",\"mainEntityOfPage\":{\"@id\":\"https:\/\/www.slovklima.sk\/hu\/blog\/klimaberendezes-hovisszanyeressel-energiatakarekos-szelloztetes-es-hutes-egy-rendszerben\/\"},\"wordCount\":3462,\"publisher\":{\"@id\":\"https:\/\/www.slovklima.sk\/#organization\"},\"image\":{\"@id\":\"https:\/\/www.slovklima.sk\/hu\/blog\/klimaberendezes-hovisszanyeressel-energiatakarekos-szelloztetes-es-hutes-egy-rendszerben\/#primaryimage\"},\"thumbnailUrl\":\"https:\/\/www.slovklima.sk\/wp-content\/uploads\/2026\/02\/Klimatizacia-s-rekuperaciou-2.jpg\",\"articleSection\":[\"L\u00e9gkondicion\u00e1l\u00e1s\"],\"inLanguage\":\"hu\"},{\"@type\":\"WebPage\",\"@id\":\"https:\/\/www.slovklima.sk\/hu\/blog\/klimaberendezes-hovisszanyeressel-energiatakarekos-szelloztetes-es-hutes-egy-rendszerben\/\",\"url\":\"https:\/\/www.slovklima.sk\/hu\/blog\/klimaberendezes-hovisszanyeressel-energiatakarekos-szelloztetes-es-hutes-egy-rendszerben\/\",\"name\":\"Kl\u00edmaberendez\u00e9s h\u0151visszanyer\u00e9ssel | SLOVKLIMA DEIMOS group, s.r.o.\",\"isPartOf\":{\"@id\":\"https:\/\/www.slovklima.sk\/#website\"},\"primaryImageOfPage\":{\"@id\":\"https:\/\/www.slovklima.sk\/hu\/blog\/klimaberendezes-hovisszanyeressel-energiatakarekos-szelloztetes-es-hutes-egy-rendszerben\/#primaryimage\"},\"image\":{\"@id\":\"https:\/\/www.slovklima.sk\/hu\/blog\/klimaberendezes-hovisszanyeressel-energiatakarekos-szelloztetes-es-hutes-egy-rendszerben\/#primaryimage\"},\"thumbnailUrl\":\"https:\/\/www.slovklima.sk\/wp-content\/uploads\/2026\/02\/Klimatizacia-s-rekuperaciou-2.jpg\",\"datePublished\":\"2026-04-24T07:19:00+00:00\",\"dateModified\":\"2026-02-02T14:20:48+00:00\",\"description\":\"A kl\u00edmaberendez\u00e9s h\u0151visszanyer\u00e9ssel friss leveg\u0151t \u00e9s hat\u00e9kony h\u0171t\u00e9st biztos\u00edt minim\u00e1lis energiavesztes\u00e9ggel. Tudja meg, mikor ide\u00e1lis.\",\"breadcrumb\":{\"@id\":\"https:\/\/www.slovklima.sk\/hu\/blog\/klimaberendezes-hovisszanyeressel-energiatakarekos-szelloztetes-es-hutes-egy-rendszerben\/#breadcrumb\"},\"inLanguage\":\"hu\",\"potentialAction\":[{\"@type\":\"ReadAction\",\"target\":[\"https:\/\/www.slovklima.sk\/hu\/blog\/klimaberendezes-hovisszanyeressel-energiatakarekos-szelloztetes-es-hutes-egy-rendszerben\/\"]}]},{\"@type\":\"ImageObject\",\"inLanguage\":\"hu\",\"@id\":\"https:\/\/www.slovklima.sk\/hu\/blog\/klimaberendezes-hovisszanyeressel-energiatakarekos-szelloztetes-es-hutes-egy-rendszerben\/#primaryimage\",\"url\":\"https:\/\/www.slovklima.sk\/wp-content\/uploads\/2026\/02\/Klimatizacia-s-rekuperaciou-2.jpg\",\"contentUrl\":\"https:\/\/www.slovklima.sk\/wp-content\/uploads\/2026\/02\/Klimatizacia-s-rekuperaciou-2.jpg\",\"width\":1065,\"height\":450,\"caption\":\"Kl\u00edmaberendez\u00e9s h\u0151visszanyer\u00e9ssel\"},{\"@type\":\"BreadcrumbList\",\"@id\":\"https:\/\/www.slovklima.sk\/hu\/blog\/klimaberendezes-hovisszanyeressel-energiatakarekos-szelloztetes-es-hutes-egy-rendszerben\/#breadcrumb\",\"itemListElement\":[{\"@type\":\"ListItem\",\"position\":1,\"name\":\"Domovsk\u00e1 str\u00e1nka\",\"item\":\"https:\/\/www.slovklima.sk\/hu\/\"},{\"@type\":\"ListItem\",\"position\":2,\"name\":\"Kl\u00edmaberendez\u00e9s h\u0151visszanyer\u00e9ssel: Energiatakar\u00e9kos szell\u0151ztet\u00e9s \u00e9s h\u0171t\u00e9s egy rendszerben\"}]},{\"@type\":\"WebSite\",\"@id\":\"https:\/\/www.slovklima.sk\/#website\",\"url\":\"https:\/\/www.slovklima.sk\/\",\"name\":\"SLOVKLIMA DEIMOS group, s.r.o.\",\"description\":\"\",\"publisher\":{\"@id\":\"https:\/\/www.slovklima.sk\/#organization\"},\"alternateName\":\"SLOVKLIMA\",\"potentialAction\":[{\"@type\":\"SearchAction\",\"target\":{\"@type\":\"EntryPoint\",\"urlTemplate\":\"https:\/\/www.slovklima.sk\/?s={search_term_string}\"},\"query-input\":{\"@type\":\"PropertyValueSpecification\",\"valueRequired\":true,\"valueName\":\"search_term_string\"}}],\"inLanguage\":\"hu\"},{\"@type\":\"Organization\",\"@id\":\"https:\/\/www.slovklima.sk\/#organization\",\"name\":\"SLOVKLIMA DEIMOS group, s.r.o.\",\"alternateName\":\"SLOVKLIMA\",\"url\":\"https:\/\/www.slovklima.sk\/\",\"logo\":{\"@type\":\"ImageObject\",\"inLanguage\":\"hu\",\"@id\":\"https:\/\/www.slovklima.sk\/#\/schema\/logo\/image\/\",\"url\":\"https:\/\/www.slovklima.sk\/wp-content\/uploads\/2022\/12\/slovklima-logo-black.svg\",\"contentUrl\":\"https:\/\/www.slovklima.sk\/wp-content\/uploads\/2022\/12\/slovklima-logo-black.svg\",\"width\":3218,\"height\":698,\"caption\":\"SLOVKLIMA DEIMOS group, s.r.o.\"},\"image\":{\"@id\":\"https:\/\/www.slovklima.sk\/#\/schema\/logo\/image\/\"}},{\"@type\":\"Person\",\"@id\":\"https:\/\/www.slovklima.sk\/#\/schema\/person\/116018679a4b34af051bf066b527c539\",\"name\":\"terlanda.peter\",\"image\":{\"@type\":\"ImageObject\",\"inLanguage\":\"hu\",\"@id\":\"https:\/\/www.slovklima.sk\/#\/schema\/person\/image\/\",\"url\":\"https:\/\/secure.gravatar.com\/avatar\/b022cc3ca0fc64964f410b12966d5772a852c461ebad9ff60247ddab8bafe8db?s=96&d=mm&r=g\",\"contentUrl\":\"https:\/\/secure.gravatar.com\/avatar\/b022cc3ca0fc64964f410b12966d5772a852c461ebad9ff60247ddab8bafe8db?s=96&d=mm&r=g\",\"caption\":\"terlanda.peter\"}}]}<\/script>\n<!-- \/ Yoast SEO plugin. -->","yoast_head_json":{"title":"Kl\u00edmaberendez\u00e9s h\u0151visszanyer\u00e9ssel | SLOVKLIMA DEIMOS group, s.r.o.","description":"A kl\u00edmaberendez\u00e9s h\u0151visszanyer\u00e9ssel friss leveg\u0151t \u00e9s hat\u00e9kony h\u0171t\u00e9st biztos\u00edt minim\u00e1lis energiavesztes\u00e9ggel. Tudja meg, mikor ide\u00e1lis.","robots":{"index":"index","follow":"follow","max-snippet":"max-snippet:-1","max-image-preview":"max-image-preview:large","max-video-preview":"max-video-preview:-1"},"canonical":"https:\/\/www.slovklima.sk\/hu\/blog\/klimaberendezes-hovisszanyeressel-energiatakarekos-szelloztetes-es-hutes-egy-rendszerben\/","og_locale":"hu_HU","og_type":"article","og_title":"Kl\u00edmaberendez\u00e9s h\u0151visszanyer\u00e9ssel | SLOVKLIMA DEIMOS group, s.r.o.","og_description":"A kl\u00edmaberendez\u00e9s h\u0151visszanyer\u00e9ssel friss leveg\u0151t \u00e9s hat\u00e9kony h\u0171t\u00e9st biztos\u00edt minim\u00e1lis energiavesztes\u00e9ggel. Tudja meg, mikor ide\u00e1lis.","og_url":"https:\/\/www.slovklima.sk\/hu\/blog\/klimaberendezes-hovisszanyeressel-energiatakarekos-szelloztetes-es-hutes-egy-rendszerben\/","og_site_name":"SLOVKLIMA DEIMOS group, s.r.o.","article_published_time":"2026-04-24T07:19:00+00:00","article_modified_time":"2026-02-02T14:20:48+00:00","og_image":[{"width":1065,"height":450,"url":"https:\/\/www.slovklima.sk\/wp-content\/uploads\/2026\/02\/Klimatizacia-s-rekuperaciou-2.jpg","type":"image\/jpeg"}],"author":"terlanda.peter","twitter_card":"summary_large_image","twitter_misc":{"Szerz\u0151:":"terlanda.peter","Becs\u00fclt olvas\u00e1si id\u0151":"9 perc"},"schema":{"@context":"https:\/\/schema.org","@graph":[{"@type":"Article","@id":"https:\/\/www.slovklima.sk\/hu\/blog\/klimaberendezes-hovisszanyeressel-energiatakarekos-szelloztetes-es-hutes-egy-rendszerben\/#article","isPartOf":{"@id":"https:\/\/www.slovklima.sk\/hu\/blog\/klimaberendezes-hovisszanyeressel-energiatakarekos-szelloztetes-es-hutes-egy-rendszerben\/"},"author":{"name":"terlanda.peter","@id":"https:\/\/www.slovklima.sk\/#\/schema\/person\/116018679a4b34af051bf066b527c539"},"headline":"Kl\u00edmaberendez\u00e9s h\u0151visszanyer\u00e9ssel: Energiatakar\u00e9kos szell\u0151ztet\u00e9s \u00e9s h\u0171t\u00e9s egy rendszerben","datePublished":"2026-04-24T07:19:00+00:00","dateModified":"2026-02-02T14:20:48+00:00","mainEntityOfPage":{"@id":"https:\/\/www.slovklima.sk\/hu\/blog\/klimaberendezes-hovisszanyeressel-energiatakarekos-szelloztetes-es-hutes-egy-rendszerben\/"},"wordCount":3462,"publisher":{"@id":"https:\/\/www.slovklima.sk\/#organization"},"image":{"@id":"https:\/\/www.slovklima.sk\/hu\/blog\/klimaberendezes-hovisszanyeressel-energiatakarekos-szelloztetes-es-hutes-egy-rendszerben\/#primaryimage"},"thumbnailUrl":"https:\/\/www.slovklima.sk\/wp-content\/uploads\/2026\/02\/Klimatizacia-s-rekuperaciou-2.jpg","articleSection":["L\u00e9gkondicion\u00e1l\u00e1s"],"inLanguage":"hu"},{"@type":"WebPage","@id":"https:\/\/www.slovklima.sk\/hu\/blog\/klimaberendezes-hovisszanyeressel-energiatakarekos-szelloztetes-es-hutes-egy-rendszerben\/","url":"https:\/\/www.slovklima.sk\/hu\/blog\/klimaberendezes-hovisszanyeressel-energiatakarekos-szelloztetes-es-hutes-egy-rendszerben\/","name":"Kl\u00edmaberendez\u00e9s h\u0151visszanyer\u00e9ssel | SLOVKLIMA DEIMOS group, s.r.o.","isPartOf":{"@id":"https:\/\/www.slovklima.sk\/#website"},"primaryImageOfPage":{"@id":"https:\/\/www.slovklima.sk\/hu\/blog\/klimaberendezes-hovisszanyeressel-energiatakarekos-szelloztetes-es-hutes-egy-rendszerben\/#primaryimage"},"image":{"@id":"https:\/\/www.slovklima.sk\/hu\/blog\/klimaberendezes-hovisszanyeressel-energiatakarekos-szelloztetes-es-hutes-egy-rendszerben\/#primaryimage"},"thumbnailUrl":"https:\/\/www.slovklima.sk\/wp-content\/uploads\/2026\/02\/Klimatizacia-s-rekuperaciou-2.jpg","datePublished":"2026-04-24T07:19:00+00:00","dateModified":"2026-02-02T14:20:48+00:00","description":"A kl\u00edmaberendez\u00e9s h\u0151visszanyer\u00e9ssel friss leveg\u0151t \u00e9s hat\u00e9kony h\u0171t\u00e9st biztos\u00edt minim\u00e1lis energiavesztes\u00e9ggel. Tudja meg, mikor ide\u00e1lis.","breadcrumb":{"@id":"https:\/\/www.slovklima.sk\/hu\/blog\/klimaberendezes-hovisszanyeressel-energiatakarekos-szelloztetes-es-hutes-egy-rendszerben\/#breadcrumb"},"inLanguage":"hu","potentialAction":[{"@type":"ReadAction","target":["https:\/\/www.slovklima.sk\/hu\/blog\/klimaberendezes-hovisszanyeressel-energiatakarekos-szelloztetes-es-hutes-egy-rendszerben\/"]}]},{"@type":"ImageObject","inLanguage":"hu","@id":"https:\/\/www.slovklima.sk\/hu\/blog\/klimaberendezes-hovisszanyeressel-energiatakarekos-szelloztetes-es-hutes-egy-rendszerben\/#primaryimage","url":"https:\/\/www.slovklima.sk\/wp-content\/uploads\/2026\/02\/Klimatizacia-s-rekuperaciou-2.jpg","contentUrl":"https:\/\/www.slovklima.sk\/wp-content\/uploads\/2026\/02\/Klimatizacia-s-rekuperaciou-2.jpg","width":1065,"height":450,"caption":"Kl\u00edmaberendez\u00e9s h\u0151visszanyer\u00e9ssel"},{"@type":"BreadcrumbList","@id":"https:\/\/www.slovklima.sk\/hu\/blog\/klimaberendezes-hovisszanyeressel-energiatakarekos-szelloztetes-es-hutes-egy-rendszerben\/#breadcrumb","itemListElement":[{"@type":"ListItem","position":1,"name":"Domovsk\u00e1 str\u00e1nka","item":"https:\/\/www.slovklima.sk\/hu\/"},{"@type":"ListItem","position":2,"name":"Kl\u00edmaberendez\u00e9s h\u0151visszanyer\u00e9ssel: Energiatakar\u00e9kos szell\u0151ztet\u00e9s \u00e9s h\u0171t\u00e9s egy rendszerben"}]},{"@type":"WebSite","@id":"https:\/\/www.slovklima.sk\/#website","url":"https:\/\/www.slovklima.sk\/","name":"SLOVKLIMA DEIMOS group, s.r.o.","description":"","publisher":{"@id":"https:\/\/www.slovklima.sk\/#organization"},"alternateName":"SLOVKLIMA","potentialAction":[{"@type":"SearchAction","target":{"@type":"EntryPoint","urlTemplate":"https:\/\/www.slovklima.sk\/?s={search_term_string}"},"query-input":{"@type":"PropertyValueSpecification","valueRequired":true,"valueName":"search_term_string"}}],"inLanguage":"hu"},{"@type":"Organization","@id":"https:\/\/www.slovklima.sk\/#organization","name":"SLOVKLIMA DEIMOS group, s.r.o.","alternateName":"SLOVKLIMA","url":"https:\/\/www.slovklima.sk\/","logo":{"@type":"ImageObject","inLanguage":"hu","@id":"https:\/\/www.slovklima.sk\/#\/schema\/logo\/image\/","url":"https:\/\/www.slovklima.sk\/wp-content\/uploads\/2022\/12\/slovklima-logo-black.svg","contentUrl":"https:\/\/www.slovklima.sk\/wp-content\/uploads\/2022\/12\/slovklima-logo-black.svg","width":3218,"height":698,"caption":"SLOVKLIMA DEIMOS group, s.r.o."},"image":{"@id":"https:\/\/www.slovklima.sk\/#\/schema\/logo\/image\/"}},{"@type":"Person","@id":"https:\/\/www.slovklima.sk\/#\/schema\/person\/116018679a4b34af051bf066b527c539","name":"terlanda.peter","image":{"@type":"ImageObject","inLanguage":"hu","@id":"https:\/\/www.slovklima.sk\/#\/schema\/person\/image\/","url":"https:\/\/secure.gravatar.com\/avatar\/b022cc3ca0fc64964f410b12966d5772a852c461ebad9ff60247ddab8bafe8db?s=96&d=mm&r=g","contentUrl":"https:\/\/secure.gravatar.com\/avatar\/b022cc3ca0fc64964f410b12966d5772a852c461ebad9ff60247ddab8bafe8db?s=96&d=mm&r=g","caption":"terlanda.peter"}}]}},"_links":{"self":[{"href":"https:\/\/www.slovklima.sk\/hu\/wp-json\/wp\/v2\/posts\/20223","targetHints":{"allow":["GET"]}}],"collection":[{"href":"https:\/\/www.slovklima.sk\/hu\/wp-json\/wp\/v2\/posts"}],"about":[{"href":"https:\/\/www.slovklima.sk\/hu\/wp-json\/wp\/v2\/types\/post"}],"author":[{"embeddable":true,"href":"https:\/\/www.slovklima.sk\/hu\/wp-json\/wp\/v2\/users\/472"}],"replies":[{"embeddable":true,"href":"https:\/\/www.slovklima.sk\/hu\/wp-json\/wp\/v2\/comments?post=20223"}],"version-history":[{"count":1,"href":"https:\/\/www.slovklima.sk\/hu\/wp-json\/wp\/v2\/posts\/20223\/revisions"}],"predecessor-version":[{"id":20236,"href":"https:\/\/www.slovklima.sk\/hu\/wp-json\/wp\/v2\/posts\/20223\/revisions\/20236"}],"wp:featuredmedia":[{"embeddable":true,"href":"https:\/\/www.slovklima.sk\/hu\/wp-json\/wp\/v2\/media\/20233"}],"wp:attachment":[{"href":"https:\/\/www.slovklima.sk\/hu\/wp-json\/wp\/v2\/media?parent=20223"}],"wp:term":[{"taxonomy":"category","embeddable":true,"href":"https:\/\/www.slovklima.sk\/hu\/wp-json\/wp\/v2\/categories?post=20223"},{"taxonomy":"post_tag","embeddable":true,"href":"https:\/\/www.slovklima.sk\/hu\/wp-json\/wp\/v2\/tags?post=20223"},{"taxonomy":"table_tags","embeddable":true,"href":"https:\/\/www.slovklima.sk\/hu\/wp-json\/wp\/v2\/table_tags?post=20223"}],"curies":[{"name":"wp","href":"https:\/\/api.w.org\/{rel}","templated":true}]}}