{"id":18433,"date":"2025-11-24T09:28:00","date_gmt":"2025-11-24T08:28:00","guid":{"rendered":"https:\/\/www.slovklima.sk\/?p=18433"},"modified":"2026-01-21T10:03:29","modified_gmt":"2026-01-21T09:03:29","slug":"szag-a-klimaberendezesbol-miert-alakul-ki-es-hogyan-lehet-megszabadulni-tole","status":"publish","type":"post","link":"https:\/\/www.slovklima.sk\/hu\/blog\/szag-a-klimaberendezesbol-miert-alakul-ki-es-hogyan-lehet-megszabadulni-tole\/","title":{"rendered":"Szag a kl\u00edmaberendez\u00e9sb\u0151l: Mi\u00e9rt alakul ki, \u00e9s hogyan lehet megszabadulni t\u0151le?"},"content":{"rendered":"<p><strong>A kl\u00edmaberendez\u00e9sb\u0151l ki\u00e1raml\u00f3 kellemetlen szag komoly probl\u00e9m\u00e1t jelenthet, amely rontja a komfort\u00e9rzetet \u00e9s a belt\u00e9ri leveg\u0151 min\u0151s\u00e9g\u00e9t. Ez a szag gyakran a k\u00e9sz\u00fcl\u00e9k belsej\u00e9ben felgy\u00fclemlett bakt\u00e9riumok, pen\u00e9sz vagy szennyez\u0151d\u00e9sek k\u00f6vetkezm\u00e9nye. Ez\u00e9rt fontos id\u0151ben felismerni az ok\u00e1t, \u00e9s rendszeresen karbantartani a berendez\u00e9st, hogy a leveg\u0151 friss \u00e9s eg\u00e9szs\u00e9ges maradjon.<\/strong> <\/p><p>Ebben a cikkben r\u00e9szletesen elmagyar\u00e1zzuk, hogy mi\u00e9rt alakul ki a szag, melyek a leggyakoribb forr\u00e1sai, \u00e9s hogyan lehet hat\u00e9konyan elt\u00e1vol\u00edtani a kellemetlen szagokat a kl\u00edmaberendez\u00e9sb\u0151l. Emellett gyakorlati tan\u00e1csokat is adunk, amelyekseg\u00edtenek megel\u0151zni a probl\u00e9ma \u00fajb\u00f3li kialakul\u00e1s\u00e1t, \u00e9s meghosszabb\u00edtj\u00e1k a k\u00e9sz\u00fcl\u00e9k \u00e9lettartam\u00e1t. <\/p><h2 class=\"wp-block-heading\">Mi\u00e9rt alakul ki szag a kl\u00edmaberendez\u00e9sb\u0151l? <\/h2><p>A kl\u00edmaberendez\u00e9sben kialakul\u00f3 szag gyakran a h\u0171t\u00e9s sor\u00e1n keletkez\u0151 nedvess\u00e9g k\u00f6vetkezm\u00e9nye. A p\u00e1rologtat\u00f3n \u00f6sszegy\u0171lt kondenzv\u00edz megfelel\u0151 karbantart\u00e1s hi\u00e1ny\u00e1ban ide\u00e1lis k\u00f6rnyezetet teremt a pen\u00e9sz \u00e9s a bakt\u00e9riumok szaporod\u00e1s\u00e1hoz. Ezek a mikroorganizmusok kellemetlen szagot bocs\u00e1tanak ki, amely a leveg\u0151vel egy\u00fctt beker\u00fcl a helyis\u00e9gbe. <\/p><p>A biol\u00f3giai t\u00e9nyez\u0151k\u00f6n k\u00edv\u00fcl szagokat okozhatnak az elhaszn\u00e1l\u00f3dott sz\u0171r\u0151k, a lerak\u00f3dott por, illetve id\u0151nk\u00e9nt a k\u00fclt\u00e9ri leveg\u0151b\u0151l besz\u00edvott szennyez\u0151d\u00e9sek is. A belt\u00e9ri \u00e9s k\u00fclt\u00e9ri egys\u00e9gek nem megfelel\u0151 vagy rendszertelen tiszt\u00edt\u00e1sa \u00edgy hozz\u00e1j\u00e1rul a leveg\u0151min\u0151s\u00e9g roml\u00e1s\u00e1hoz \u00e9s a kellemetlen szag kialakul\u00e1s\u00e1hoz. <\/p><figure class=\"wp-block-image size-full is-resized\"><img decoding=\"async\" width=\"1065\" height=\"450\" src=\"https:\/\/www.slovklima.sk\/wp-content\/uploads\/2025\/08\/Zapach-z-klimatizacie-2-1.jpg\" alt=\"Szag a kl\u00edmaberendez\u00e9sb\u0151l\" class=\"wp-image-18344\" style=\"width:1270px;height:auto\" srcset=\"https:\/\/www.slovklima.sk\/wp-content\/uploads\/2025\/08\/Zapach-z-klimatizacie-2-1.jpg 1065w, https:\/\/www.slovklima.sk\/wp-content\/uploads\/2025\/08\/Zapach-z-klimatizacie-2-1-400x169.jpg 400w, https:\/\/www.slovklima.sk\/wp-content\/uploads\/2025\/08\/Zapach-z-klimatizacie-2-1-768x325.jpg 768w, https:\/\/www.slovklima.sk\/wp-content\/uploads\/2025\/08\/Zapach-z-klimatizacie-2-1-430x182.jpg 430w, https:\/\/www.slovklima.sk\/wp-content\/uploads\/2025\/08\/Zapach-z-klimatizacie-2-1-700x296.jpg 700w, https:\/\/www.slovklima.sk\/wp-content\/uploads\/2025\/08\/Zapach-z-klimatizacie-2-1-150x63.jpg 150w\" sizes=\"(max-width: 1065px) 100vw, 1065px\" \/><\/figure><h2 class=\"wp-block-heading\">Hogyan lehet megszabadulni a kl\u00edmaberendez\u00e9s szag\u00e1t\u00f3l? <\/h2><p>A kellemetlen szagok megsz\u00fcntet\u00e9s\u00e9hez elengedhetetlen a rendszeres karbantart\u00e1s \u00e9s tiszt\u00edt\u00e1s. Els\u0151 l\u00e9p\u00e9sk\u00e9nt aj\u00e1nlott megtiszt\u00edtani vagy kicser\u00e9lni a sz\u0171r\u0151ket, amelyek a port, bakt\u00e9riumokat \u00e9s egy\u00e9b szennyez\u0151d\u00e9seket fogj\u00e1k fel. Ezt k\u00f6vet\u0151en fontos fert\u0151tlen\u00edteni a p\u00e1rologtat\u00f3t \u00e9s a kondenzv\u00edz elvezet\u0151 rendszer\u00e9t, mivel ezek a pen\u00e9sz leggyakoribb forr\u00e1sai. <\/p><p>A speci\u00e1lisan kl\u00edmaberendez\u00e9sekhez k\u00e9sz\u00fclt tiszt\u00edt\u00f3szerek \u00e9s fert\u0151tlen\u00edt\u0151 k\u00e9sz\u00edtm\u00e9nyek seg\u00edtenek elt\u00e1vol\u00edtani a mikroorganizmusokat, \u00e9s megel\u0151zik a szagok \u00fajb\u00f3li kialakul\u00e1s\u00e1t. Szint\u00e9n hasznos a rendszeres szell\u0151ztet\u00e9s \u00e9s a kondenzv\u00edz-elvezet\u00e9s ellen\u0151rz\u00e9se a pang\u00f3 v\u00edz elker\u00fcl\u00e9se \u00e9rdek\u00e9ben. <\/p><p>Ha a szag a gondos tiszt\u00edt\u00e1s ut\u00e1n is megmarad, \u00e9rdemes szakembert h\u00edvni egy alapos \u00e1tvizsg\u00e1l\u00e1sra, aki felt\u00e1rhatja a m\u00e9lyebb lerak\u00f3d\u00e1sokat vagy olyan meghib\u00e1sod\u00e1sokat, amelyek a szag forr\u00e1sai lehetnek. <\/p><h2 class=\"wp-block-heading\">A szag kialakul\u00e1s\u00e1nak megel\u0151z\u00e9se a kl\u00edmaberendez\u00e9sben <\/h2><p>A megel\u0151z\u00e9s a leghat\u00e9konyabb m\u00f3dja annak, hogy elker\u00fclj\u00fck a kellemetlen szagokat a kl\u00edmaberendez\u00e9sekben. A rendszeres karbantart\u00e1s, bele\u00e9rtve a sz\u0171r\u0151k tiszt\u00edt\u00e1s\u00e1t \u00e9s cser\u00e9j\u00e9t, az eg\u00e9szs\u00e9ges m\u0171k\u00f6d\u00e9s alapja. Aj\u00e1nlott legal\u00e1bb \u00e9vente egyszerkitiszt\u00edtani a kl\u00edm\u00e1t, lehet\u0151leg m\u00e9g az intenz\u00edv haszn\u00e1lati id\u0151szak kezdete el\u0151tt. <\/p><p>Fontos az elvezet\u0151rendszer ellen\u0151rz\u00e9se \u00e9s karbantart\u00e1sa is, hogy megel\u0151zz\u00fck a v\u00edz felgy\u00fcleml\u00e9s\u00e9t, amely ide\u00e1lis t\u00e1ptalaj a pen\u00e9sz \u00e9s a bakt\u00e9riumok sz\u00e1m\u00e1ra. A kl\u00edmaberendez\u00e9st aj\u00e1nlott rendszeresen m\u0171k\u00f6dtetni a hidegebb h\u00f3napokban is, hogyelker\u00fclj\u00fck a v\u00edz pang\u00e1s\u00e1t \u00e9s jav\u00edtsuk a szell\u0151z\u00e9st. <\/p><p>Az olyan funkci\u00f3kkal rendelkez\u0151 kl\u00edmaberendez\u00e9sek haszn\u00e1lata, mint az automatikus tiszt\u00edt\u00e1s vagy az antibakteri\u00e1lis sz\u0171r\u0151k, nagyban hozz\u00e1j\u00e1rulhatnak a friss \u00e9s tiszta leveg\u0151 fenntart\u00e1s\u00e1hoz. Emellett javasolt megfelel\u0151 fert\u0151tlen\u00edt\u0151 k\u00e9sz\u00edtm\u00e9nyeket isalkalmazni, amelyek meghosszabb\u00edtj\u00e1k a k\u00e9sz\u00fcl\u00e9k \u00e9lettartam\u00e1t, \u00e9s jav\u00edtj\u00e1k a belt\u00e9ri leveg\u0151 min\u0151s\u00e9g\u00e9t. <\/p><h2 class=\"wp-block-heading\">A professzion\u00e1lis kl\u00edmaszerviz fontoss\u00e1ga <\/h2><p>A kl\u00edmaberendez\u00e9s rendszeres, szakember \u00e1ltal v\u00e9gzett szervize az egyik leghat\u00e9konyabb m\u00f3dja annak, hogy megel\u0151zz\u00fck a kellemetlen szagok kialakul\u00e1s\u00e1t, \u00e9s biztos\u00edtsuk a berendez\u00e9s megb\u00edzhat\u00f3 \u00e9s hossz\u00fa t\u00e1v\u00fa m\u0171k\u00f6d\u00e9s\u00e9t. A szakemberek a karbantart\u00e1s sor\u00e1n \u00e1tfog\u00f3an \u00e1tvizsg\u00e1lj\u00e1k a rendszer minden r\u00e9sz\u00e9t \u2013 a sz\u0171r\u0151kt\u0151l kezdve a p\u00e1rologtat\u00f3kon \u00e9s a kondenz\u00e1tumon \u00e1t eg\u00e9szen a bels\u0151 alkatr\u00e9szekig, amelyek a bakt\u00e9riumok, pen\u00e9sz vagy lerak\u00f3d\u00e1sok forr\u00e1sai lehetnek. <\/p><p>A szervizel\u00e9s mag\u00e1ban foglalja az alapos tiszt\u00edt\u00e1st, fert\u0151tlen\u00edt\u00e9st, valamint a kopott alkatr\u00e9szek cser\u00e9j\u00e9t is, ez\u00e1ltal megsz\u00fcntetve a szagok kialakul\u00e1s\u00e1hoz vezet\u0151 k\u00f6r\u00fclm\u00e9nyeket. Emellett a szakemberek ellen\u0151rzik a kondenzv\u00edz megfelel\u0151 elvezet\u00e9s\u00e9tis, mivel ez gyakran az a pont, ahol a nedvess\u00e9g felgy\u00fclemlik, \u00e9s ide\u00e1lis felt\u00e9teleket teremt a mikroorganizmusok sz\u00e1m\u00e1ra. <\/p><p>A rendszeres szervizbe val\u00f3 befektet\u00e9s \u00edgy nemcsak jelent\u0151sen cs\u00f6kkenti a szagok megjelen\u00e9s\u00e9nek kock\u00e1zat\u00e1t, hanem meghosszabb\u00edtja a kl\u00edmaberendez\u00e9s \u00e9lettartam\u00e1t is, \u00e9s minimaliz\u00e1lja a hanyag karbantart\u00e1sb\u00f3l ered\u0151 jav\u00edt\u00e1si k\u00f6lts\u00e9geket. V\u00e9gs\u0151soron teh\u00e1t nemcsak az eg\u00e9szs\u00e9g\u00e9t, hanem a p\u00e9nzt\u00e1rc\u00e1j\u00e1t is k\u00edm\u00e9li. <\/p><h2 class=\"wp-block-heading\">Eg\u00e9szs\u00e9g\u00fcgyi kock\u00e1zatok az elhanyagolt kl\u00edmaberendez\u00e9s miatt <\/h2><p>A kl\u00edmaberendez\u00e9sek nem megfelel\u0151 karbantart\u00e1sa komoly eg\u00e9szs\u00e9g\u00fcgyi k\u00f6vetkezm\u00e9nyekkel j\u00e1rhat. A nedves \u00e9s szennyezett sz\u0171r\u0151k vagy kondenz\u00e1torok ide\u00e1lis k\u00f6rnyezetet teremtenek a pen\u00e9sz, bakt\u00e9riumok \u00e9s poratk\u00e1k elszaporod\u00e1s\u00e1hoz, amelyekallergi\u00e1s reakci\u00f3kat v\u00e1lthatnak ki, s\u00falyosb\u00edthatj\u00e1k az asztm\u00e1t vagy l\u00e9g\u00fati panaszokat okozhatnak. <\/p><p>A kl\u00edmatiszt\u00edt\u00e1s elhanyagol\u00e1sa kellemetlen szagok terjed\u00e9s\u00e9hez is vezethet, amelyek rontj\u00e1k a belt\u00e9ri leveg\u0151 min\u0151s\u00e9g\u00e9t, \u00e9s fejf\u00e1j\u00e1st vagy f\u00e1radts\u00e1g\u00e9rzetet id\u00e9zhetnek el\u0151. <\/p><p>A rendszeres karbantart\u00e1s \u00e9s a kl\u00edma helyes haszn\u00e1lata kulcsfontoss\u00e1g\u00fa az eg\u00e9szs\u00e9g\u00fcgyi kock\u00e1zatok minimaliz\u00e1l\u00e1sa \u00e9rdek\u00e9ben. \u00cdgy biztos\u00edthat\u00f3 az eg\u00e9szs\u00e9ges \u00e9s kellemes k\u00f6rnyezet otthon \u00e9s a munkahelyen egyar\u00e1nt. <\/p><h2 class=\"wp-block-heading\">\u00d6sszegz\u00e9s <\/h2><p>A kl\u00edmaberendez\u00e9sekb\u0151l \u00e1rad\u00f3 kellemetlen szag sok felhaszn\u00e1l\u00f3n\u00e1l jelent probl\u00e9m\u00e1t, de rendszeres \u00e9s alapos karbantart\u00e1ssal hat\u00e9konyan orvosolhat\u00f3. A berendez\u00e9sek rendszeres tiszt\u00edt\u00e1sa \u00e9s ellen\u0151rz\u00e9se nemcsak megsz\u00fcnteti a nem k\u00edv\u00e1ntszagokat, hanem hozz\u00e1j\u00e1rul a tiszt\u00e1bb leveg\u0151h\u00f6z is, \u00e9s meghosszabb\u00edtja a k\u00e9sz\u00fcl\u00e9kek \u00e9lettartam\u00e1t. <\/p><p>Az egyszer\u0171 \u00e9s hat\u00e9kony karbantart\u00e1shoz el\u00e9rhet\u0151k az ALCORE tiszt\u00edt\u00f3szerek, amelyeket megtal\u00e1l a Slovklima k\u00edn\u00e1lat\u00e1ban. Ezek a term\u00e9kek \u00fagy lettek kifejlesztve, hogy a kl\u00edmaberendez\u00e9seket optim\u00e1lis \u00e1llapotban tarts\u00e1k, \u00e9s eg\u00e9szs\u00e9ges, k\u00e9nyelmesk\u00f6rnyezetet biztos\u00edtsanak otthon\u00e1ban vagy munkahely\u00e9n. <\/p><p>Ne feledje, hogy a kl\u00edmaberendez\u00e9sek megfelel\u0151 gondoz\u00e1sa az alapja a tiszta leveg\u0151nek \u00e9s a k\u00e9nyelemnek. Ha szakszer\u0171 szervizre vagy tan\u00e1csad\u00e1sra van sz\u00fcks\u00e9ge, b\u00e1tran fordulhat a <a href=\"https:\/\/www.slovklima.sk\/hu\/\">Slovklima<\/a> tapasztalt szakembereihez, akik mindig sz\u00edvesenseg\u00edtenek. <\/p>","protected":false},"excerpt":{"rendered":"<p>A kl\u00edmaberendez\u00e9sb\u0151l ki\u00e1raml\u00f3 kellemetlen szag komoly probl\u00e9m\u00e1t jelenthet, amely rontja a komfort\u00e9rzetet \u00e9s a belt\u00e9ri leveg\u0151 min\u0151s\u00e9g\u00e9t. Ez a szag<\/p>\n","protected":false},"author":472,"featured_media":18347,"comment_status":"closed","ping_status":"closed","sticky":false,"template":"","format":"standard","meta":{"footnotes":""},"categories":[349],"tags":[],"table_tags":[],"class_list":["post-18433","post","type-post","status-publish","format-standard","has-post-thumbnail","hentry","category-legkondicionalas"],"yoast_head":"<!-- This site is optimized with the Yoast SEO plugin v24.3 - https:\/\/yoast.com\/wordpress\/plugins\/seo\/ -->\n<title>Szag a kl\u00edmaberendez\u00e9sb\u0151l | SLOVKLIMA DEIMOS group, s.r.o.<\/title>\n<meta name=\"description\" content=\"A szag a kl\u00edmaberendez\u00e9sb\u0151l kellemetlen \u00e9s eg\u00e9szs\u00e9gk\u00e1ros\u00edt\u00f3 lehet. Tudja meg, mi okozza, hogyan sz\u00fcntetheti meg, \u00e9s mik\u00e9nt el\u0151zheti meg!\" \/>\n<meta name=\"robots\" content=\"index, follow, max-snippet:-1, max-image-preview:large, max-video-preview:-1\" \/>\n<link rel=\"canonical\" href=\"https:\/\/www.slovklima.sk\/hu\/blog\/szag-a-klimaberendezesbol-miert-alakul-ki-es-hogyan-lehet-megszabadulni-tole\/\" \/>\n<meta property=\"og:locale\" content=\"hu_HU\" \/>\n<meta property=\"og:type\" content=\"article\" \/>\n<meta property=\"og:title\" content=\"Szag a kl\u00edmaberendez\u00e9sb\u0151l | SLOVKLIMA DEIMOS group, s.r.o.\" \/>\n<meta property=\"og:description\" content=\"A szag a kl\u00edmaberendez\u00e9sb\u0151l kellemetlen \u00e9s eg\u00e9szs\u00e9gk\u00e1ros\u00edt\u00f3 lehet. Tudja meg, mi okozza, hogyan sz\u00fcntetheti meg, \u00e9s mik\u00e9nt el\u0151zheti meg!\" \/>\n<meta property=\"og:url\" content=\"https:\/\/www.slovklima.sk\/hu\/blog\/szag-a-klimaberendezesbol-miert-alakul-ki-es-hogyan-lehet-megszabadulni-tole\/\" \/>\n<meta property=\"og:site_name\" content=\"SLOVKLIMA DEIMOS group, s.r.o.\" \/>\n<meta property=\"article:published_time\" content=\"2025-11-24T08:28:00+00:00\" \/>\n<meta property=\"article:modified_time\" content=\"2026-01-21T09:03:29+00:00\" \/>\n<meta property=\"og:image\" content=\"https:\/\/www.slovklima.sk\/wp-content\/uploads\/2025\/08\/Zapach-z-klimatizacie-1.jpg\" \/>\n\t<meta property=\"og:image:width\" content=\"1065\" \/>\n\t<meta property=\"og:image:height\" content=\"450\" \/>\n\t<meta property=\"og:image:type\" content=\"image\/jpeg\" \/>\n<meta name=\"author\" content=\"terlanda.peter\" \/>\n<meta name=\"twitter:card\" content=\"summary_large_image\" \/>\n<meta name=\"twitter:label1\" content=\"Szerz\u0151:\" \/>\n\t<meta name=\"twitter:data1\" content=\"terlanda.peter\" \/>\n\t<meta name=\"twitter:label2\" content=\"Becs\u00fclt olvas\u00e1si id\u0151\" \/>\n\t<meta name=\"twitter:data2\" content=\"5 perc\" \/>\n<script type=\"application\/ld+json\" class=\"yoast-schema-graph\">{\"@context\":\"https:\/\/schema.org\",\"@graph\":[{\"@type\":\"Article\",\"@id\":\"https:\/\/www.slovklima.sk\/hu\/blog\/szag-a-klimaberendezesbol-miert-alakul-ki-es-hogyan-lehet-megszabadulni-tole\/#article\",\"isPartOf\":{\"@id\":\"https:\/\/www.slovklima.sk\/hu\/blog\/szag-a-klimaberendezesbol-miert-alakul-ki-es-hogyan-lehet-megszabadulni-tole\/\"},\"author\":{\"name\":\"terlanda.peter\",\"@id\":\"https:\/\/www.slovklima.sk\/#\/schema\/person\/116018679a4b34af051bf066b527c539\"},\"headline\":\"Szag a kl\u00edmaberendez\u00e9sb\u0151l: Mi\u00e9rt alakul ki, \u00e9s hogyan lehet megszabadulni t\u0151le?\",\"datePublished\":\"2025-11-24T08:28:00+00:00\",\"dateModified\":\"2026-01-21T09:03:29+00:00\",\"mainEntityOfPage\":{\"@id\":\"https:\/\/www.slovklima.sk\/hu\/blog\/szag-a-klimaberendezesbol-miert-alakul-ki-es-hogyan-lehet-megszabadulni-tole\/\"},\"wordCount\":1280,\"publisher\":{\"@id\":\"https:\/\/www.slovklima.sk\/#organization\"},\"image\":{\"@id\":\"https:\/\/www.slovklima.sk\/hu\/blog\/szag-a-klimaberendezesbol-miert-alakul-ki-es-hogyan-lehet-megszabadulni-tole\/#primaryimage\"},\"thumbnailUrl\":\"https:\/\/www.slovklima.sk\/wp-content\/uploads\/2025\/08\/Zapach-z-klimatizacie-1.jpg\",\"articleSection\":[\"L\u00e9gkondicion\u00e1l\u00e1s\"],\"inLanguage\":\"hu\"},{\"@type\":\"WebPage\",\"@id\":\"https:\/\/www.slovklima.sk\/hu\/blog\/szag-a-klimaberendezesbol-miert-alakul-ki-es-hogyan-lehet-megszabadulni-tole\/\",\"url\":\"https:\/\/www.slovklima.sk\/hu\/blog\/szag-a-klimaberendezesbol-miert-alakul-ki-es-hogyan-lehet-megszabadulni-tole\/\",\"name\":\"Szag a kl\u00edmaberendez\u00e9sb\u0151l | SLOVKLIMA DEIMOS group, s.r.o.\",\"isPartOf\":{\"@id\":\"https:\/\/www.slovklima.sk\/#website\"},\"primaryImageOfPage\":{\"@id\":\"https:\/\/www.slovklima.sk\/hu\/blog\/szag-a-klimaberendezesbol-miert-alakul-ki-es-hogyan-lehet-megszabadulni-tole\/#primaryimage\"},\"image\":{\"@id\":\"https:\/\/www.slovklima.sk\/hu\/blog\/szag-a-klimaberendezesbol-miert-alakul-ki-es-hogyan-lehet-megszabadulni-tole\/#primaryimage\"},\"thumbnailUrl\":\"https:\/\/www.slovklima.sk\/wp-content\/uploads\/2025\/08\/Zapach-z-klimatizacie-1.jpg\",\"datePublished\":\"2025-11-24T08:28:00+00:00\",\"dateModified\":\"2026-01-21T09:03:29+00:00\",\"description\":\"A szag a kl\u00edmaberendez\u00e9sb\u0151l kellemetlen \u00e9s eg\u00e9szs\u00e9gk\u00e1ros\u00edt\u00f3 lehet. Tudja meg, mi okozza, hogyan sz\u00fcntetheti meg, \u00e9s mik\u00e9nt el\u0151zheti meg!\",\"breadcrumb\":{\"@id\":\"https:\/\/www.slovklima.sk\/hu\/blog\/szag-a-klimaberendezesbol-miert-alakul-ki-es-hogyan-lehet-megszabadulni-tole\/#breadcrumb\"},\"inLanguage\":\"hu\",\"potentialAction\":[{\"@type\":\"ReadAction\",\"target\":[\"https:\/\/www.slovklima.sk\/hu\/blog\/szag-a-klimaberendezesbol-miert-alakul-ki-es-hogyan-lehet-megszabadulni-tole\/\"]}]},{\"@type\":\"ImageObject\",\"inLanguage\":\"hu\",\"@id\":\"https:\/\/www.slovklima.sk\/hu\/blog\/szag-a-klimaberendezesbol-miert-alakul-ki-es-hogyan-lehet-megszabadulni-tole\/#primaryimage\",\"url\":\"https:\/\/www.slovklima.sk\/wp-content\/uploads\/2025\/08\/Zapach-z-klimatizacie-1.jpg\",\"contentUrl\":\"https:\/\/www.slovklima.sk\/wp-content\/uploads\/2025\/08\/Zapach-z-klimatizacie-1.jpg\",\"width\":1065,\"height\":450,\"caption\":\"Szag a kl\u00edmaberendez\u00e9sb\u0151l\"},{\"@type\":\"BreadcrumbList\",\"@id\":\"https:\/\/www.slovklima.sk\/hu\/blog\/szag-a-klimaberendezesbol-miert-alakul-ki-es-hogyan-lehet-megszabadulni-tole\/#breadcrumb\",\"itemListElement\":[{\"@type\":\"ListItem\",\"position\":1,\"name\":\"Domovsk\u00e1 str\u00e1nka\",\"item\":\"https:\/\/www.slovklima.sk\/hu\/\"},{\"@type\":\"ListItem\",\"position\":2,\"name\":\"Szag a kl\u00edmaberendez\u00e9sb\u0151l: Mi\u00e9rt alakul ki, \u00e9s hogyan lehet megszabadulni t\u0151le?\"}]},{\"@type\":\"WebSite\",\"@id\":\"https:\/\/www.slovklima.sk\/#website\",\"url\":\"https:\/\/www.slovklima.sk\/\",\"name\":\"SLOVKLIMA DEIMOS group, s.r.o.\",\"description\":\"\",\"publisher\":{\"@id\":\"https:\/\/www.slovklima.sk\/#organization\"},\"alternateName\":\"SLOVKLIMA\",\"potentialAction\":[{\"@type\":\"SearchAction\",\"target\":{\"@type\":\"EntryPoint\",\"urlTemplate\":\"https:\/\/www.slovklima.sk\/?s={search_term_string}\"},\"query-input\":{\"@type\":\"PropertyValueSpecification\",\"valueRequired\":true,\"valueName\":\"search_term_string\"}}],\"inLanguage\":\"hu\"},{\"@type\":\"Organization\",\"@id\":\"https:\/\/www.slovklima.sk\/#organization\",\"name\":\"SLOVKLIMA DEIMOS group, s.r.o.\",\"alternateName\":\"SLOVKLIMA\",\"url\":\"https:\/\/www.slovklima.sk\/\",\"logo\":{\"@type\":\"ImageObject\",\"inLanguage\":\"hu\",\"@id\":\"https:\/\/www.slovklima.sk\/#\/schema\/logo\/image\/\",\"url\":\"https:\/\/www.slovklima.sk\/wp-content\/uploads\/2022\/12\/slovklima-logo-black.svg\",\"contentUrl\":\"https:\/\/www.slovklima.sk\/wp-content\/uploads\/2022\/12\/slovklima-logo-black.svg\",\"width\":3218,\"height\":698,\"caption\":\"SLOVKLIMA DEIMOS group, s.r.o.\"},\"image\":{\"@id\":\"https:\/\/www.slovklima.sk\/#\/schema\/logo\/image\/\"}},{\"@type\":\"Person\",\"@id\":\"https:\/\/www.slovklima.sk\/#\/schema\/person\/116018679a4b34af051bf066b527c539\",\"name\":\"terlanda.peter\",\"image\":{\"@type\":\"ImageObject\",\"inLanguage\":\"hu\",\"@id\":\"https:\/\/www.slovklima.sk\/#\/schema\/person\/image\/\",\"url\":\"https:\/\/secure.gravatar.com\/avatar\/b022cc3ca0fc64964f410b12966d5772a852c461ebad9ff60247ddab8bafe8db?s=96&d=mm&r=g\",\"contentUrl\":\"https:\/\/secure.gravatar.com\/avatar\/b022cc3ca0fc64964f410b12966d5772a852c461ebad9ff60247ddab8bafe8db?s=96&d=mm&r=g\",\"caption\":\"terlanda.peter\"}}]}<\/script>\n<!-- \/ Yoast SEO plugin. -->","yoast_head_json":{"title":"Szag a kl\u00edmaberendez\u00e9sb\u0151l | SLOVKLIMA DEIMOS group, s.r.o.","description":"A szag a kl\u00edmaberendez\u00e9sb\u0151l kellemetlen \u00e9s eg\u00e9szs\u00e9gk\u00e1ros\u00edt\u00f3 lehet. Tudja meg, mi okozza, hogyan sz\u00fcntetheti meg, \u00e9s mik\u00e9nt el\u0151zheti meg!","robots":{"index":"index","follow":"follow","max-snippet":"max-snippet:-1","max-image-preview":"max-image-preview:large","max-video-preview":"max-video-preview:-1"},"canonical":"https:\/\/www.slovklima.sk\/hu\/blog\/szag-a-klimaberendezesbol-miert-alakul-ki-es-hogyan-lehet-megszabadulni-tole\/","og_locale":"hu_HU","og_type":"article","og_title":"Szag a kl\u00edmaberendez\u00e9sb\u0151l | SLOVKLIMA DEIMOS group, s.r.o.","og_description":"A szag a kl\u00edmaberendez\u00e9sb\u0151l kellemetlen \u00e9s eg\u00e9szs\u00e9gk\u00e1ros\u00edt\u00f3 lehet. Tudja meg, mi okozza, hogyan sz\u00fcntetheti meg, \u00e9s mik\u00e9nt el\u0151zheti meg!","og_url":"https:\/\/www.slovklima.sk\/hu\/blog\/szag-a-klimaberendezesbol-miert-alakul-ki-es-hogyan-lehet-megszabadulni-tole\/","og_site_name":"SLOVKLIMA DEIMOS group, s.r.o.","article_published_time":"2025-11-24T08:28:00+00:00","article_modified_time":"2026-01-21T09:03:29+00:00","og_image":[{"width":1065,"height":450,"url":"https:\/\/www.slovklima.sk\/wp-content\/uploads\/2025\/08\/Zapach-z-klimatizacie-1.jpg","type":"image\/jpeg"}],"author":"terlanda.peter","twitter_card":"summary_large_image","twitter_misc":{"Szerz\u0151:":"terlanda.peter","Becs\u00fclt olvas\u00e1si id\u0151":"5 perc"},"schema":{"@context":"https:\/\/schema.org","@graph":[{"@type":"Article","@id":"https:\/\/www.slovklima.sk\/hu\/blog\/szag-a-klimaberendezesbol-miert-alakul-ki-es-hogyan-lehet-megszabadulni-tole\/#article","isPartOf":{"@id":"https:\/\/www.slovklima.sk\/hu\/blog\/szag-a-klimaberendezesbol-miert-alakul-ki-es-hogyan-lehet-megszabadulni-tole\/"},"author":{"name":"terlanda.peter","@id":"https:\/\/www.slovklima.sk\/#\/schema\/person\/116018679a4b34af051bf066b527c539"},"headline":"Szag a kl\u00edmaberendez\u00e9sb\u0151l: Mi\u00e9rt alakul ki, \u00e9s hogyan lehet megszabadulni t\u0151le?","datePublished":"2025-11-24T08:28:00+00:00","dateModified":"2026-01-21T09:03:29+00:00","mainEntityOfPage":{"@id":"https:\/\/www.slovklima.sk\/hu\/blog\/szag-a-klimaberendezesbol-miert-alakul-ki-es-hogyan-lehet-megszabadulni-tole\/"},"wordCount":1280,"publisher":{"@id":"https:\/\/www.slovklima.sk\/#organization"},"image":{"@id":"https:\/\/www.slovklima.sk\/hu\/blog\/szag-a-klimaberendezesbol-miert-alakul-ki-es-hogyan-lehet-megszabadulni-tole\/#primaryimage"},"thumbnailUrl":"https:\/\/www.slovklima.sk\/wp-content\/uploads\/2025\/08\/Zapach-z-klimatizacie-1.jpg","articleSection":["L\u00e9gkondicion\u00e1l\u00e1s"],"inLanguage":"hu"},{"@type":"WebPage","@id":"https:\/\/www.slovklima.sk\/hu\/blog\/szag-a-klimaberendezesbol-miert-alakul-ki-es-hogyan-lehet-megszabadulni-tole\/","url":"https:\/\/www.slovklima.sk\/hu\/blog\/szag-a-klimaberendezesbol-miert-alakul-ki-es-hogyan-lehet-megszabadulni-tole\/","name":"Szag a kl\u00edmaberendez\u00e9sb\u0151l | SLOVKLIMA DEIMOS group, s.r.o.","isPartOf":{"@id":"https:\/\/www.slovklima.sk\/#website"},"primaryImageOfPage":{"@id":"https:\/\/www.slovklima.sk\/hu\/blog\/szag-a-klimaberendezesbol-miert-alakul-ki-es-hogyan-lehet-megszabadulni-tole\/#primaryimage"},"image":{"@id":"https:\/\/www.slovklima.sk\/hu\/blog\/szag-a-klimaberendezesbol-miert-alakul-ki-es-hogyan-lehet-megszabadulni-tole\/#primaryimage"},"thumbnailUrl":"https:\/\/www.slovklima.sk\/wp-content\/uploads\/2025\/08\/Zapach-z-klimatizacie-1.jpg","datePublished":"2025-11-24T08:28:00+00:00","dateModified":"2026-01-21T09:03:29+00:00","description":"A szag a kl\u00edmaberendez\u00e9sb\u0151l kellemetlen \u00e9s eg\u00e9szs\u00e9gk\u00e1ros\u00edt\u00f3 lehet. Tudja meg, mi okozza, hogyan sz\u00fcntetheti meg, \u00e9s mik\u00e9nt el\u0151zheti meg!","breadcrumb":{"@id":"https:\/\/www.slovklima.sk\/hu\/blog\/szag-a-klimaberendezesbol-miert-alakul-ki-es-hogyan-lehet-megszabadulni-tole\/#breadcrumb"},"inLanguage":"hu","potentialAction":[{"@type":"ReadAction","target":["https:\/\/www.slovklima.sk\/hu\/blog\/szag-a-klimaberendezesbol-miert-alakul-ki-es-hogyan-lehet-megszabadulni-tole\/"]}]},{"@type":"ImageObject","inLanguage":"hu","@id":"https:\/\/www.slovklima.sk\/hu\/blog\/szag-a-klimaberendezesbol-miert-alakul-ki-es-hogyan-lehet-megszabadulni-tole\/#primaryimage","url":"https:\/\/www.slovklima.sk\/wp-content\/uploads\/2025\/08\/Zapach-z-klimatizacie-1.jpg","contentUrl":"https:\/\/www.slovklima.sk\/wp-content\/uploads\/2025\/08\/Zapach-z-klimatizacie-1.jpg","width":1065,"height":450,"caption":"Szag a kl\u00edmaberendez\u00e9sb\u0151l"},{"@type":"BreadcrumbList","@id":"https:\/\/www.slovklima.sk\/hu\/blog\/szag-a-klimaberendezesbol-miert-alakul-ki-es-hogyan-lehet-megszabadulni-tole\/#breadcrumb","itemListElement":[{"@type":"ListItem","position":1,"name":"Domovsk\u00e1 str\u00e1nka","item":"https:\/\/www.slovklima.sk\/hu\/"},{"@type":"ListItem","position":2,"name":"Szag a kl\u00edmaberendez\u00e9sb\u0151l: Mi\u00e9rt alakul ki, \u00e9s hogyan lehet megszabadulni t\u0151le?"}]},{"@type":"WebSite","@id":"https:\/\/www.slovklima.sk\/#website","url":"https:\/\/www.slovklima.sk\/","name":"SLOVKLIMA DEIMOS group, s.r.o.","description":"","publisher":{"@id":"https:\/\/www.slovklima.sk\/#organization"},"alternateName":"SLOVKLIMA","potentialAction":[{"@type":"SearchAction","target":{"@type":"EntryPoint","urlTemplate":"https:\/\/www.slovklima.sk\/?s={search_term_string}"},"query-input":{"@type":"PropertyValueSpecification","valueRequired":true,"valueName":"search_term_string"}}],"inLanguage":"hu"},{"@type":"Organization","@id":"https:\/\/www.slovklima.sk\/#organization","name":"SLOVKLIMA DEIMOS group, s.r.o.","alternateName":"SLOVKLIMA","url":"https:\/\/www.slovklima.sk\/","logo":{"@type":"ImageObject","inLanguage":"hu","@id":"https:\/\/www.slovklima.sk\/#\/schema\/logo\/image\/","url":"https:\/\/www.slovklima.sk\/wp-content\/uploads\/2022\/12\/slovklima-logo-black.svg","contentUrl":"https:\/\/www.slovklima.sk\/wp-content\/uploads\/2022\/12\/slovklima-logo-black.svg","width":3218,"height":698,"caption":"SLOVKLIMA DEIMOS group, s.r.o."},"image":{"@id":"https:\/\/www.slovklima.sk\/#\/schema\/logo\/image\/"}},{"@type":"Person","@id":"https:\/\/www.slovklima.sk\/#\/schema\/person\/116018679a4b34af051bf066b527c539","name":"terlanda.peter","image":{"@type":"ImageObject","inLanguage":"hu","@id":"https:\/\/www.slovklima.sk\/#\/schema\/person\/image\/","url":"https:\/\/secure.gravatar.com\/avatar\/b022cc3ca0fc64964f410b12966d5772a852c461ebad9ff60247ddab8bafe8db?s=96&d=mm&r=g","contentUrl":"https:\/\/secure.gravatar.com\/avatar\/b022cc3ca0fc64964f410b12966d5772a852c461ebad9ff60247ddab8bafe8db?s=96&d=mm&r=g","caption":"terlanda.peter"}}]}},"_links":{"self":[{"href":"https:\/\/www.slovklima.sk\/hu\/wp-json\/wp\/v2\/posts\/18433","targetHints":{"allow":["GET"]}}],"collection":[{"href":"https:\/\/www.slovklima.sk\/hu\/wp-json\/wp\/v2\/posts"}],"about":[{"href":"https:\/\/www.slovklima.sk\/hu\/wp-json\/wp\/v2\/types\/post"}],"author":[{"embeddable":true,"href":"https:\/\/www.slovklima.sk\/hu\/wp-json\/wp\/v2\/users\/472"}],"replies":[{"embeddable":true,"href":"https:\/\/www.slovklima.sk\/hu\/wp-json\/wp\/v2\/comments?post=18433"}],"version-history":[{"count":2,"href":"https:\/\/www.slovklima.sk\/hu\/wp-json\/wp\/v2\/posts\/18433\/revisions"}],"predecessor-version":[{"id":19821,"href":"https:\/\/www.slovklima.sk\/hu\/wp-json\/wp\/v2\/posts\/18433\/revisions\/19821"}],"wp:featuredmedia":[{"embeddable":true,"href":"https:\/\/www.slovklima.sk\/hu\/wp-json\/wp\/v2\/media\/18347"}],"wp:attachment":[{"href":"https:\/\/www.slovklima.sk\/hu\/wp-json\/wp\/v2\/media?parent=18433"}],"wp:term":[{"taxonomy":"category","embeddable":true,"href":"https:\/\/www.slovklima.sk\/hu\/wp-json\/wp\/v2\/categories?post=18433"},{"taxonomy":"post_tag","embeddable":true,"href":"https:\/\/www.slovklima.sk\/hu\/wp-json\/wp\/v2\/tags?post=18433"},{"taxonomy":"table_tags","embeddable":true,"href":"https:\/\/www.slovklima.sk\/hu\/wp-json\/wp\/v2\/table_tags?post=18433"}],"curies":[{"name":"wp","href":"https:\/\/api.w.org\/{rel}","templated":true}]}}