{"id":18393,"date":"2025-08-13T15:12:07","date_gmt":"2025-08-13T13:12:07","guid":{"rendered":"https:\/\/www.slovklima.sk\/?p=18393"},"modified":"2026-01-21T10:03:31","modified_gmt":"2026-01-21T09:03:31","slug":"mennyezeti-klima-idealis-megoldas-korlatozott-hellyel-rendelkezo-terekbe","status":"publish","type":"post","link":"https:\/\/www.slovklima.sk\/hu\/blog\/mennyezeti-klima-idealis-megoldas-korlatozott-hellyel-rendelkezo-terekbe\/","title":{"rendered":"Mennyezeti kl\u00edma: Ide\u00e1lis megold\u00e1s korl\u00e1tozott hellyel rendelkez\u0151 terekbe"},"content":{"rendered":"<p><strong>A mennyezeti kl\u00edma praktikus megold\u00e1st k\u00edn\u00e1l olyan helyis\u00e9gekbe, ahol a hagyom\u00e1nyos fali vagy kazett\u00e1s egys\u00e9gek nem alkalmazhat\u00f3k. Kompakt kialak\u00edt\u00e1s\u00e1nak \u00e9s rugalmas szerel\u00e9si lehet\u0151s\u00e9geinek k\u00f6sz\u00f6nhet\u0151en hat\u00e9kony h\u0171t\u00e9st \u00e9sk\u00e9nyelmet biztos\u00edt ott is, ahol a hely korl\u00e1tozott.<\/strong> <\/p><p>A cikkben arra \u00f6sszpontos\u00edtunk, hogy mi\u00e9rt jelent ide\u00e1lis megold\u00e1st a mennyezeti kl\u00edma az ilyen kih\u00edv\u00e1st jelent\u0151 k\u00f6rnyezetekben. Megvizsg\u00e1ljuk annak m\u0171szaki jellemz\u0151it, a telep\u00edt\u00e9s m\u00f3djait \u00e9s azokat az el\u0151ny\u00f6ket, amelyek miatt k\u00fcl\u00f6nf\u00e9le bels\u0151 terekbe, legyen sz\u00f3 kereskedelmi helyis\u00e9gekr\u0151l vagy lak\u00f3egys\u00e9gekr\u0151l, kiv\u00e1l\u00f3 v\u00e1laszt\u00e1snak bizonyul. <\/p><h2 class=\"wp-block-heading\">Mi is az a mennyezeti kl\u00edma, \u00e9s hol haszn\u00e1lj\u00e1k a leggyakrabban? <\/h2><p>A mennyezeti kl\u00edma egy speci\u00e1lis t\u00edpus\u00fa berendez\u00e9s, amelyet k\u00f6zvetlen\u00fcl a mennyezetre vagy k\u00f6zvetlen\u00fcl az al\u00e1 szerelnek fel. Ez a kialak\u00edt\u00e1s lehet\u0151v\u00e9 teszi a rendelkez\u00e9sre \u00e1ll\u00f3 t\u00e9r maxim\u00e1lis kihaszn\u00e1l\u00e1s\u00e1t, mik\u00f6zben minim\u00e1lis beavatkoz\u00e1st ig\u00e9nyel a bels\u0151 t\u00e9rbe. Ezt k\u00fcl\u00f6n\u00f6sen nagyra \u00e9rt\u00e9kelik az alacsony belmagass\u00e1g\u00fa vagy korl\u00e1tozott elrendez\u00e9s\u0171 helyis\u00e9gek eset\u00e9ben. <\/p><p>Ezeket az egys\u00e9geket gyakran alkalmazz\u00e1k kisebb irod\u00e1kban, \u00fczletekben, \u00e9ttermekben, de csal\u00e1di h\u00e1zakban vagy lak\u00e1sokban is, ahol hat\u00e9kony \u00e9s egyenletes h\u0171t\u00e9sre van sz\u00fcks\u00e9g an\u00e9lk\u00fcl, hogy ez rontan\u00e1 a t\u00e9r eszt\u00e9tik\u00e1j\u00e1t vagy funkcionalit\u00e1s\u00e1t. Elhelyez\u00e9s\u00fck lehet\u0151v\u00e9 teszi a leveg\u0151 egyenletes eloszlat\u00e1s\u00e1t a helyis\u00e9g minden r\u00e9sz\u00e9be, ezzel n\u00f6velve a felhaszn\u00e1l\u00f3i komfort\u00e9rzetet. <\/p><h2 class=\"wp-block-heading\">A mennyezeti kl\u00edma el\u0151nyei m\u00e1s rendszerekkel szemben <\/h2><p>A mennyezeti kl\u00edmaberendez\u00e9sek sz\u00e1mos olyan el\u0151nyt k\u00edn\u00e1lnak, amelyek megk\u00fcl\u00f6nb\u00f6ztetik \u0151ket a hagyom\u00e1nyos fali vagy kazett\u00e1s rendszerekt\u0151l. Az egyik legnagyobb el\u0151ny\u00fck, hogy ott is felszerelhet\u0151k, ahol kev\u00e9s a hely vagy alacsony a belmagass\u00e1g, ami sok \u00e9p\u00fcletben gyakori probl\u00e9ma. <\/p><p>A standard mennyezeti telep\u00edt\u00e9sen t\u00fal bizonyos modellek padl\u00f3ra vagy parapetre is szerelhet\u0151k, \u00edgy maxim\u00e1lis rugalmass\u00e1got biztos\u00edtanak k\u00fcl\u00f6nf\u00e9le t\u00e9rbeli elrendez\u00e9sek eset\u00e9n. Ezek a v\u00e1ltozatok megk\u00f6nny\u00edtik a tervez\u00e9st \u00e9s jelent\u0151sen cs\u00f6kkentik a t\u00e9r \u00e1talak\u00edt\u00e1s\u00e1val j\u00e1r\u00f3 k\u00f6lts\u00e9geket. <\/p><p>A mennyezeti egys\u00e9gek emellett kiemelkednek magas energiahat\u00e9konys\u00e1gukkal \u00e9s csendes m\u0171k\u00f6d\u00e9s\u00fckkel. A fejlett technol\u00f3giai megold\u00e1sok cs\u00f6kkentik a zajszintet, mik\u00f6zben egyenletesen osztj\u00e1k el a h\u0171t\u00f6tt leveg\u0151t, \u00edgy kellemes k\u00f6rnyezetetteremtenek zavar\u00f3 hat\u00e1sok n\u00e9lk\u00fcl. <\/p><h2 class=\"wp-block-heading\">A mennyezeti kl\u00edma technikai \u00e9s gyakorlati szempontjai <\/h2><p>A mennyezeti kl\u00edmaberendez\u00e9seket \u00fagy tervezt\u00e9k, hogy megk\u00f6nny\u00edts\u00e9k a karbantart\u00e1st \u00e9s a szervizel\u00e9st, ami hozz\u00e1j\u00e1rul a hossz\u00fa \u00e9lettartamhoz \u00e9s a megb\u00edzhat\u00f3 m\u0171k\u00f6d\u00e9shez. Alacsony be\u00e9p\u00edt\u00e9si m\u00e9lys\u00e9g\u00fcknek \u00e9s kompakt kialak\u00edt\u00e1suknakk\u00f6sz\u00f6nhet\u0151en olyan sz\u0171k\u00f6s helyeken is felszerelhet\u0151k, ahol m\u00e1s rendszerek probl\u00e9m\u00e1t jelenten\u00e9nek. <\/p><p>A l\u00e9gbef\u00fav\u00e1s szab\u00e1lyoz\u00e1s\u00e1nak k\u00fcl\u00f6nf\u00e9le lehet\u0151s\u00e9gei, p\u00e9ld\u00e1ul az \u00e1ll\u00edthat\u00f3 lamell\u00e1k \u00e9s a t\u00f6bbl\u00e9pcs\u0151s ventil\u00e1torok lehet\u0151v\u00e9 teszik a teljes\u00edtm\u00e9ny pontos igaz\u00edt\u00e1s\u00e1t a helyis\u00e9g ig\u00e9nyeihez. Emellett ezek az egys\u00e9gek gyakran frissleveg\u0151-besz\u00edv\u00f3rendszerekkel is el vannak l\u00e1tva, ami tov\u00e1bb jav\u00edtja a belt\u00e9ri leveg\u0151 min\u0151s\u00e9g\u00e9t. <\/p><p>A mennyezeti kl\u00edm\u00e1k \u00edgy ide\u00e1lis kompromisszumot jelentenek teljes\u00edtm\u00e9ny, helytakar\u00e9koss\u00e1g \u00e9s k\u00e9nyelem k\u00f6z\u00f6tt, ami vonz\u00f3 megold\u00e1ss\u00e1 teszi \u0151ket a legk\u00fcl\u00f6nf\u00e9l\u00e9bb felhaszn\u00e1l\u00f3k sz\u00e1m\u00e1ra. <\/p><figure class=\"wp-block-image size-full is-resized\"><img decoding=\"async\" width=\"1065\" height=\"450\" src=\"https:\/\/www.slovklima.sk\/wp-content\/uploads\/2025\/08\/Podstropna-klimatizacia-2-1.jpg\" alt=\"Mennyezeti kl\u00edma\" class=\"wp-image-18314\" style=\"width:1270px;height:auto\" srcset=\"https:\/\/www.slovklima.sk\/wp-content\/uploads\/2025\/08\/Podstropna-klimatizacia-2-1.jpg 1065w, https:\/\/www.slovklima.sk\/wp-content\/uploads\/2025\/08\/Podstropna-klimatizacia-2-1-400x169.jpg 400w, https:\/\/www.slovklima.sk\/wp-content\/uploads\/2025\/08\/Podstropna-klimatizacia-2-1-768x325.jpg 768w, https:\/\/www.slovklima.sk\/wp-content\/uploads\/2025\/08\/Podstropna-klimatizacia-2-1-430x182.jpg 430w, https:\/\/www.slovklima.sk\/wp-content\/uploads\/2025\/08\/Podstropna-klimatizacia-2-1-700x296.jpg 700w, https:\/\/www.slovklima.sk\/wp-content\/uploads\/2025\/08\/Podstropna-klimatizacia-2-1-150x63.jpg 150w\" sizes=\"(max-width: 1065px) 100vw, 1065px\" \/><\/figure><h2 class=\"wp-block-heading\">A mennyezeti kl\u00edma telep\u00edt\u00e9s\u00e9nek tervez\u00e9se \u00e9s el\u0151k\u00e9sz\u00edt\u00e9se <\/h2><p>A mennyezeti kl\u00edma telep\u00edt\u00e9s\u00e9nek megtervez\u00e9sekor t\u00f6bb olyan t\u00e9nyez\u0151t is figyelembe kell venni, amelyek befoly\u00e1solj\u00e1k a rendszer hat\u00e9konys\u00e1g\u00e1t \u00e9s a haszn\u00e1lat k\u00e9nyelm\u00e9t. Mindenekel\u0151tt pontosan meg kell hat\u00e1rozni a helyis\u00e9g m\u00e9ret\u00e9t \u00e9s jelleg\u00e9t, hogy a teljes\u00edtm\u00e9ny szempontj\u00e1b\u00f3l megfelel\u0151 berendez\u00e9s ker\u00fclj\u00f6n kiv\u00e1laszt\u00e1sra. A nem megfelel\u0151 m\u00e9retez\u00e9s el\u00e9gtelen h\u0171t\u00e9shez vagy \u00e9ppen indokolatlanul magas \u00fczemeltet\u00e9si k\u00f6lts\u00e9gekhez vezethet. <\/p><p>A leveg\u0151kimenetek elrendez\u00e9s\u00e9t \u00fagy kell megtervezni, hogy a leh\u0171t\u00f6tt leveg\u0151 egyenletesen oszoljon el az eg\u00e9sz helyis\u00e9gben, huzat vagy h\u0151m\u00e9rs\u00e9kleti ingadoz\u00e1sok kialakul\u00e1sa n\u00e9lk\u00fcl. Az olyan t\u00e9rbeli \u00e9s \u00e9p\u00edt\u00e9szeti korl\u00e1tok, mint az alacsonymennyezetek vagy egyenetlen falak, speci\u00e1lis megold\u00e1sokat ig\u00e9nyelnek, amelyeket a mennyezeti kl\u00edma rugalmas telep\u00edt\u00e9si lehet\u0151s\u00e9geivel k\u00f6nnyen meg lehet oldani. <\/p><p>A kl\u00edmarendszerekre specializ\u00e1l\u00f3dott szakemberekkel val\u00f3 egy\u00fcttm\u0171k\u00f6d\u00e9s kulcsfontoss\u00e1g\u00fa a rendszer helyes megtervez\u00e9s\u00e9hez \u00e9s kivitelez\u00e9s\u00e9hez. A tapasztalt csapat nemcsak a megfelel\u0151 egys\u00e9g kiv\u00e1laszt\u00e1s\u00e1t \u00e9s elhelyez\u00e9s\u00e9t biztos\u00edtja, hanemannak optim\u00e1lis be\u00e1ll\u00edt\u00e1s\u00e1t is, ami hozz\u00e1j\u00e1rul a maxim\u00e1lis hat\u00e9konys\u00e1ghoz \u00e9s a felhaszn\u00e1l\u00f3k el\u00e9gedetts\u00e9g\u00e9hez. Ez a megk\u00f6zel\u00edt\u00e9s cs\u00f6kkenti a meghib\u00e1sod\u00e1s kock\u00e1zat\u00e1t, \u00e9s n\u00f6veli a berendez\u00e9s \u00e9lettartam\u00e1t. <\/p><h2 class=\"wp-block-heading\">Intelligens vez\u00e9rl\u00e9s a maxim\u00e1lis k\u00e9nyelem\u00e9rt \u00e9s energia-megtakar\u00edt\u00e1s\u00e9rt <\/h2><p>A modern mennyezeti kl\u00edmaberendez\u00e9sek gyakran intelligens vez\u00e9rl\u0151rendszerekkel vannak felszerelve, amelyek lehet\u0151v\u00e9 teszik a h\u0151m\u00e9rs\u00e9klet pontos be\u00e1ll\u00edt\u00e1s\u00e1t a felhaszn\u00e1l\u00f3k aktu\u00e1lis ig\u00e9nyei szerint. Az \u00e9rz\u00e9kel\u0151k seg\u00edts\u00e9g\u00e9vel a rendszerautomatikusan k\u00e9pes a teljes\u00edtm\u00e9ny szab\u00e1lyoz\u00e1s\u00e1ra \u00fagy, hogy minimaliz\u00e1lja az energiafogyaszt\u00e1st, mik\u00f6zben meg\u0151rzi az optim\u00e1lis k\u00e9nyelmet az eg\u00e9sz helyis\u00e9gben. <\/p><p>Az ilyen rendszerek lehet\u0151v\u00e9 teszik p\u00e9ld\u00e1ul az id\u0151z\u00edtett programok be\u00e1ll\u00edt\u00e1s\u00e1t, a t\u00e1voli vez\u00e9rl\u00e9st okostelefonon kereszt\u00fcl, valamint az intelligens otthoni vagy \u00e9p\u00fcletir\u00e1ny\u00edt\u00e1si rendszerekbe val\u00f3 integr\u00e1ci\u00f3t is. Az intelligens vez\u00e9rl\u00e9s k\u00e9pes reag\u00e1lni a k\u00fcls\u0151 k\u00f6r\u00fclm\u00e9nyek v\u00e1ltoz\u00e1saira, \u00e9s dinamikusan m\u00f3dos\u00edtani a kl\u00edma m\u0171k\u00f6d\u00e9s\u00e9t, aminek k\u00f6sz\u00f6nhet\u0151en jelent\u0151sen meghosszabbodik a berendez\u00e9s \u00e9lettartama \u00e9s cs\u00f6kkennek az \u00fczemeltet\u00e9si k\u00f6lts\u00e9gek. <\/p><h2 class=\"wp-block-heading\">\u00d6sszegz\u00e9s <\/h2><p>A mennyezeti kl\u00edma kiv\u00e1l\u00f3 v\u00e1laszt\u00e1s azokba a helyis\u00e9gekbe, ahol a rendelkez\u00e9sre \u00e1ll\u00f3 t\u00e9r hat\u00e9kony kihaszn\u00e1l\u00e1sa mellett a k\u00e9nyelemr\u0151l sem szeretn\u00e9nk lemondani. Kompakt kialak\u00edt\u00e1sa, rugalmas telep\u00edt\u00e9si lehet\u0151s\u00e9gei \u00e9s fejlett technol\u00f3gi\u00e1i r\u00e9v\u00e9n eza berendez\u00e9s ide\u00e1lis megold\u00e1st jelent nemcsak lak\u00e1sokba \u00e9s csal\u00e1di h\u00e1zakba, hanem irod\u00e1kba vagy kereskedelmi terekbe is. <\/p><p>Az intelligens vez\u00e9rl\u00e9snek \u00e9s a felhaszn\u00e1l\u00f3i ig\u00e9nyekhez val\u00f3 alkalmazkod\u00f3k\u00e9pess\u00e9gnek k\u00f6sz\u00f6nhet\u0151en a mennyezeti kl\u00edma kellemes belt\u00e9ri k\u00f6rnyezetet biztos\u00edt minim\u00e1lis energiafogyaszt\u00e1s mellett. Ha megb\u00edzhat\u00f3 \u00e9s praktikus h\u0171t\u00e9si vagy f\u0171t\u00e9sirendszert keres, mindenk\u00e9pp \u00e9rdemes sz\u00e1m\u00edt\u00e1sba venni. <\/p><p>A megfelel\u0151 kl\u00edmaberendez\u00e9s kiv\u00e1laszt\u00e1s\u00e1hoz \u00e9s szakszer\u0171 tan\u00e1csad\u00e1shoz forduljon hozz\u00e1nk, a <a href=\"https:\/\/www.slovklima.sk\/hu\/\">Slovklima<\/a> csapat\u00e1hoz. Seg\u00edt\u00fcnk megtal\u00e1lni az optim\u00e1lis megold\u00e1st az \u00d6n helyis\u00e9g\u00e9nek adotts\u00e1gaihoz \u00e9s ig\u00e9nyeihez igaz\u00edtva. <\/p>","protected":false},"excerpt":{"rendered":"<p>A mennyezeti kl\u00edma praktikus megold\u00e1st k\u00edn\u00e1l olyan helyis\u00e9gekbe, ahol a hagyom\u00e1nyos fali vagy kazett\u00e1s egys\u00e9gek nem alkalmazhat\u00f3k. Kompakt kialak\u00edt\u00e1s\u00e1nak \u00e9s<\/p>\n","protected":false},"author":472,"featured_media":18317,"comment_status":"closed","ping_status":"closed","sticky":false,"template":"","format":"standard","meta":{"footnotes":""},"categories":[349],"tags":[],"table_tags":[],"class_list":["post-18393","post","type-post","status-publish","format-standard","has-post-thumbnail","hentry","category-legkondicionalas"],"yoast_head":"<!-- This site is optimized with the Yoast SEO plugin v24.3 - https:\/\/yoast.com\/wordpress\/plugins\/seo\/ -->\n<title>Mennyezeti kl\u00edma | SLOVKLIMA DEIMOS group, s.r.o.<\/title>\n<meta name=\"description\" content=\"A mennyezeti kl\u00edma helytakar\u00e9kos \u00e9s hat\u00e9kony h\u0171t\u00e9st k\u00edn\u00e1l. Ide\u00e1lis megold\u00e1s sz\u0171k helyekre, kereskedelmi \u00e9s lak\u00f3terekbe egyar\u00e1nt.\" \/>\n<meta name=\"robots\" content=\"index, follow, max-snippet:-1, max-image-preview:large, max-video-preview:-1\" \/>\n<link rel=\"canonical\" href=\"https:\/\/www.slovklima.sk\/hu\/blog\/mennyezeti-klima-idealis-megoldas-korlatozott-hellyel-rendelkezo-terekbe\/\" \/>\n<meta property=\"og:locale\" content=\"hu_HU\" \/>\n<meta property=\"og:type\" content=\"article\" \/>\n<meta property=\"og:title\" content=\"Mennyezeti kl\u00edma | SLOVKLIMA DEIMOS group, s.r.o.\" \/>\n<meta property=\"og:description\" content=\"A mennyezeti kl\u00edma helytakar\u00e9kos \u00e9s hat\u00e9kony h\u0171t\u00e9st k\u00edn\u00e1l. Ide\u00e1lis megold\u00e1s sz\u0171k helyekre, kereskedelmi \u00e9s lak\u00f3terekbe egyar\u00e1nt.\" \/>\n<meta property=\"og:url\" content=\"https:\/\/www.slovklima.sk\/hu\/blog\/mennyezeti-klima-idealis-megoldas-korlatozott-hellyel-rendelkezo-terekbe\/\" \/>\n<meta property=\"og:site_name\" content=\"SLOVKLIMA DEIMOS group, s.r.o.\" \/>\n<meta property=\"article:published_time\" content=\"2025-08-13T13:12:07+00:00\" \/>\n<meta property=\"article:modified_time\" content=\"2026-01-21T09:03:31+00:00\" \/>\n<meta property=\"og:image\" content=\"https:\/\/www.slovklima.sk\/wp-content\/uploads\/2025\/08\/Podstropna-klimatizacia-1.jpg\" \/>\n\t<meta property=\"og:image:width\" content=\"1065\" \/>\n\t<meta property=\"og:image:height\" content=\"450\" \/>\n\t<meta property=\"og:image:type\" content=\"image\/jpeg\" \/>\n<meta name=\"author\" content=\"terlanda.peter\" \/>\n<meta name=\"twitter:card\" content=\"summary_large_image\" \/>\n<meta name=\"twitter:label1\" content=\"Szerz\u0151:\" \/>\n\t<meta name=\"twitter:data1\" content=\"terlanda.peter\" \/>\n\t<meta name=\"twitter:label2\" content=\"Becs\u00fclt olvas\u00e1si id\u0151\" \/>\n\t<meta name=\"twitter:data2\" content=\"5 perc\" \/>\n<script type=\"application\/ld+json\" class=\"yoast-schema-graph\">{\"@context\":\"https:\/\/schema.org\",\"@graph\":[{\"@type\":\"Article\",\"@id\":\"https:\/\/www.slovklima.sk\/hu\/blog\/mennyezeti-klima-idealis-megoldas-korlatozott-hellyel-rendelkezo-terekbe\/#article\",\"isPartOf\":{\"@id\":\"https:\/\/www.slovklima.sk\/hu\/blog\/mennyezeti-klima-idealis-megoldas-korlatozott-hellyel-rendelkezo-terekbe\/\"},\"author\":{\"name\":\"terlanda.peter\",\"@id\":\"https:\/\/www.slovklima.sk\/#\/schema\/person\/116018679a4b34af051bf066b527c539\"},\"headline\":\"Mennyezeti kl\u00edma: Ide\u00e1lis megold\u00e1s korl\u00e1tozott hellyel rendelkez\u0151 terekbe\",\"datePublished\":\"2025-08-13T13:12:07+00:00\",\"dateModified\":\"2026-01-21T09:03:31+00:00\",\"mainEntityOfPage\":{\"@id\":\"https:\/\/www.slovklima.sk\/hu\/blog\/mennyezeti-klima-idealis-megoldas-korlatozott-hellyel-rendelkezo-terekbe\/\"},\"wordCount\":1324,\"publisher\":{\"@id\":\"https:\/\/www.slovklima.sk\/#organization\"},\"image\":{\"@id\":\"https:\/\/www.slovklima.sk\/hu\/blog\/mennyezeti-klima-idealis-megoldas-korlatozott-hellyel-rendelkezo-terekbe\/#primaryimage\"},\"thumbnailUrl\":\"https:\/\/www.slovklima.sk\/wp-content\/uploads\/2025\/08\/Podstropna-klimatizacia-1.jpg\",\"articleSection\":[\"L\u00e9gkondicion\u00e1l\u00e1s\"],\"inLanguage\":\"hu\"},{\"@type\":\"WebPage\",\"@id\":\"https:\/\/www.slovklima.sk\/hu\/blog\/mennyezeti-klima-idealis-megoldas-korlatozott-hellyel-rendelkezo-terekbe\/\",\"url\":\"https:\/\/www.slovklima.sk\/hu\/blog\/mennyezeti-klima-idealis-megoldas-korlatozott-hellyel-rendelkezo-terekbe\/\",\"name\":\"Mennyezeti kl\u00edma | SLOVKLIMA DEIMOS group, s.r.o.\",\"isPartOf\":{\"@id\":\"https:\/\/www.slovklima.sk\/#website\"},\"primaryImageOfPage\":{\"@id\":\"https:\/\/www.slovklima.sk\/hu\/blog\/mennyezeti-klima-idealis-megoldas-korlatozott-hellyel-rendelkezo-terekbe\/#primaryimage\"},\"image\":{\"@id\":\"https:\/\/www.slovklima.sk\/hu\/blog\/mennyezeti-klima-idealis-megoldas-korlatozott-hellyel-rendelkezo-terekbe\/#primaryimage\"},\"thumbnailUrl\":\"https:\/\/www.slovklima.sk\/wp-content\/uploads\/2025\/08\/Podstropna-klimatizacia-1.jpg\",\"datePublished\":\"2025-08-13T13:12:07+00:00\",\"dateModified\":\"2026-01-21T09:03:31+00:00\",\"description\":\"A mennyezeti kl\u00edma helytakar\u00e9kos \u00e9s hat\u00e9kony h\u0171t\u00e9st k\u00edn\u00e1l. Ide\u00e1lis megold\u00e1s sz\u0171k helyekre, kereskedelmi \u00e9s lak\u00f3terekbe egyar\u00e1nt.\",\"breadcrumb\":{\"@id\":\"https:\/\/www.slovklima.sk\/hu\/blog\/mennyezeti-klima-idealis-megoldas-korlatozott-hellyel-rendelkezo-terekbe\/#breadcrumb\"},\"inLanguage\":\"hu\",\"potentialAction\":[{\"@type\":\"ReadAction\",\"target\":[\"https:\/\/www.slovklima.sk\/hu\/blog\/mennyezeti-klima-idealis-megoldas-korlatozott-hellyel-rendelkezo-terekbe\/\"]}]},{\"@type\":\"ImageObject\",\"inLanguage\":\"hu\",\"@id\":\"https:\/\/www.slovklima.sk\/hu\/blog\/mennyezeti-klima-idealis-megoldas-korlatozott-hellyel-rendelkezo-terekbe\/#primaryimage\",\"url\":\"https:\/\/www.slovklima.sk\/wp-content\/uploads\/2025\/08\/Podstropna-klimatizacia-1.jpg\",\"contentUrl\":\"https:\/\/www.slovklima.sk\/wp-content\/uploads\/2025\/08\/Podstropna-klimatizacia-1.jpg\",\"width\":1065,\"height\":450,\"caption\":\"Mennyezeti kl\u00edma\"},{\"@type\":\"BreadcrumbList\",\"@id\":\"https:\/\/www.slovklima.sk\/hu\/blog\/mennyezeti-klima-idealis-megoldas-korlatozott-hellyel-rendelkezo-terekbe\/#breadcrumb\",\"itemListElement\":[{\"@type\":\"ListItem\",\"position\":1,\"name\":\"Domovsk\u00e1 str\u00e1nka\",\"item\":\"https:\/\/www.slovklima.sk\/hu\/\"},{\"@type\":\"ListItem\",\"position\":2,\"name\":\"Mennyezeti kl\u00edma: Ide\u00e1lis megold\u00e1s korl\u00e1tozott hellyel rendelkez\u0151 terekbe\"}]},{\"@type\":\"WebSite\",\"@id\":\"https:\/\/www.slovklima.sk\/#website\",\"url\":\"https:\/\/www.slovklima.sk\/\",\"name\":\"SLOVKLIMA DEIMOS group, s.r.o.\",\"description\":\"\",\"publisher\":{\"@id\":\"https:\/\/www.slovklima.sk\/#organization\"},\"alternateName\":\"SLOVKLIMA\",\"potentialAction\":[{\"@type\":\"SearchAction\",\"target\":{\"@type\":\"EntryPoint\",\"urlTemplate\":\"https:\/\/www.slovklima.sk\/?s={search_term_string}\"},\"query-input\":{\"@type\":\"PropertyValueSpecification\",\"valueRequired\":true,\"valueName\":\"search_term_string\"}}],\"inLanguage\":\"hu\"},{\"@type\":\"Organization\",\"@id\":\"https:\/\/www.slovklima.sk\/#organization\",\"name\":\"SLOVKLIMA DEIMOS group, s.r.o.\",\"alternateName\":\"SLOVKLIMA\",\"url\":\"https:\/\/www.slovklima.sk\/\",\"logo\":{\"@type\":\"ImageObject\",\"inLanguage\":\"hu\",\"@id\":\"https:\/\/www.slovklima.sk\/#\/schema\/logo\/image\/\",\"url\":\"https:\/\/www.slovklima.sk\/wp-content\/uploads\/2022\/12\/slovklima-logo-black.svg\",\"contentUrl\":\"https:\/\/www.slovklima.sk\/wp-content\/uploads\/2022\/12\/slovklima-logo-black.svg\",\"width\":3218,\"height\":698,\"caption\":\"SLOVKLIMA DEIMOS group, s.r.o.\"},\"image\":{\"@id\":\"https:\/\/www.slovklima.sk\/#\/schema\/logo\/image\/\"}},{\"@type\":\"Person\",\"@id\":\"https:\/\/www.slovklima.sk\/#\/schema\/person\/116018679a4b34af051bf066b527c539\",\"name\":\"terlanda.peter\",\"image\":{\"@type\":\"ImageObject\",\"inLanguage\":\"hu\",\"@id\":\"https:\/\/www.slovklima.sk\/#\/schema\/person\/image\/\",\"url\":\"https:\/\/secure.gravatar.com\/avatar\/b022cc3ca0fc64964f410b12966d5772a852c461ebad9ff60247ddab8bafe8db?s=96&d=mm&r=g\",\"contentUrl\":\"https:\/\/secure.gravatar.com\/avatar\/b022cc3ca0fc64964f410b12966d5772a852c461ebad9ff60247ddab8bafe8db?s=96&d=mm&r=g\",\"caption\":\"terlanda.peter\"}}]}<\/script>\n<!-- \/ Yoast SEO plugin. -->","yoast_head_json":{"title":"Mennyezeti kl\u00edma | SLOVKLIMA DEIMOS group, s.r.o.","description":"A mennyezeti kl\u00edma helytakar\u00e9kos \u00e9s hat\u00e9kony h\u0171t\u00e9st k\u00edn\u00e1l. Ide\u00e1lis megold\u00e1s sz\u0171k helyekre, kereskedelmi \u00e9s lak\u00f3terekbe egyar\u00e1nt.","robots":{"index":"index","follow":"follow","max-snippet":"max-snippet:-1","max-image-preview":"max-image-preview:large","max-video-preview":"max-video-preview:-1"},"canonical":"https:\/\/www.slovklima.sk\/hu\/blog\/mennyezeti-klima-idealis-megoldas-korlatozott-hellyel-rendelkezo-terekbe\/","og_locale":"hu_HU","og_type":"article","og_title":"Mennyezeti kl\u00edma | SLOVKLIMA DEIMOS group, s.r.o.","og_description":"A mennyezeti kl\u00edma helytakar\u00e9kos \u00e9s hat\u00e9kony h\u0171t\u00e9st k\u00edn\u00e1l. Ide\u00e1lis megold\u00e1s sz\u0171k helyekre, kereskedelmi \u00e9s lak\u00f3terekbe egyar\u00e1nt.","og_url":"https:\/\/www.slovklima.sk\/hu\/blog\/mennyezeti-klima-idealis-megoldas-korlatozott-hellyel-rendelkezo-terekbe\/","og_site_name":"SLOVKLIMA DEIMOS group, s.r.o.","article_published_time":"2025-08-13T13:12:07+00:00","article_modified_time":"2026-01-21T09:03:31+00:00","og_image":[{"width":1065,"height":450,"url":"https:\/\/www.slovklima.sk\/wp-content\/uploads\/2025\/08\/Podstropna-klimatizacia-1.jpg","type":"image\/jpeg"}],"author":"terlanda.peter","twitter_card":"summary_large_image","twitter_misc":{"Szerz\u0151:":"terlanda.peter","Becs\u00fclt olvas\u00e1si id\u0151":"5 perc"},"schema":{"@context":"https:\/\/schema.org","@graph":[{"@type":"Article","@id":"https:\/\/www.slovklima.sk\/hu\/blog\/mennyezeti-klima-idealis-megoldas-korlatozott-hellyel-rendelkezo-terekbe\/#article","isPartOf":{"@id":"https:\/\/www.slovklima.sk\/hu\/blog\/mennyezeti-klima-idealis-megoldas-korlatozott-hellyel-rendelkezo-terekbe\/"},"author":{"name":"terlanda.peter","@id":"https:\/\/www.slovklima.sk\/#\/schema\/person\/116018679a4b34af051bf066b527c539"},"headline":"Mennyezeti kl\u00edma: Ide\u00e1lis megold\u00e1s korl\u00e1tozott hellyel rendelkez\u0151 terekbe","datePublished":"2025-08-13T13:12:07+00:00","dateModified":"2026-01-21T09:03:31+00:00","mainEntityOfPage":{"@id":"https:\/\/www.slovklima.sk\/hu\/blog\/mennyezeti-klima-idealis-megoldas-korlatozott-hellyel-rendelkezo-terekbe\/"},"wordCount":1324,"publisher":{"@id":"https:\/\/www.slovklima.sk\/#organization"},"image":{"@id":"https:\/\/www.slovklima.sk\/hu\/blog\/mennyezeti-klima-idealis-megoldas-korlatozott-hellyel-rendelkezo-terekbe\/#primaryimage"},"thumbnailUrl":"https:\/\/www.slovklima.sk\/wp-content\/uploads\/2025\/08\/Podstropna-klimatizacia-1.jpg","articleSection":["L\u00e9gkondicion\u00e1l\u00e1s"],"inLanguage":"hu"},{"@type":"WebPage","@id":"https:\/\/www.slovklima.sk\/hu\/blog\/mennyezeti-klima-idealis-megoldas-korlatozott-hellyel-rendelkezo-terekbe\/","url":"https:\/\/www.slovklima.sk\/hu\/blog\/mennyezeti-klima-idealis-megoldas-korlatozott-hellyel-rendelkezo-terekbe\/","name":"Mennyezeti kl\u00edma | SLOVKLIMA DEIMOS group, s.r.o.","isPartOf":{"@id":"https:\/\/www.slovklima.sk\/#website"},"primaryImageOfPage":{"@id":"https:\/\/www.slovklima.sk\/hu\/blog\/mennyezeti-klima-idealis-megoldas-korlatozott-hellyel-rendelkezo-terekbe\/#primaryimage"},"image":{"@id":"https:\/\/www.slovklima.sk\/hu\/blog\/mennyezeti-klima-idealis-megoldas-korlatozott-hellyel-rendelkezo-terekbe\/#primaryimage"},"thumbnailUrl":"https:\/\/www.slovklima.sk\/wp-content\/uploads\/2025\/08\/Podstropna-klimatizacia-1.jpg","datePublished":"2025-08-13T13:12:07+00:00","dateModified":"2026-01-21T09:03:31+00:00","description":"A mennyezeti kl\u00edma helytakar\u00e9kos \u00e9s hat\u00e9kony h\u0171t\u00e9st k\u00edn\u00e1l. Ide\u00e1lis megold\u00e1s sz\u0171k helyekre, kereskedelmi \u00e9s lak\u00f3terekbe egyar\u00e1nt.","breadcrumb":{"@id":"https:\/\/www.slovklima.sk\/hu\/blog\/mennyezeti-klima-idealis-megoldas-korlatozott-hellyel-rendelkezo-terekbe\/#breadcrumb"},"inLanguage":"hu","potentialAction":[{"@type":"ReadAction","target":["https:\/\/www.slovklima.sk\/hu\/blog\/mennyezeti-klima-idealis-megoldas-korlatozott-hellyel-rendelkezo-terekbe\/"]}]},{"@type":"ImageObject","inLanguage":"hu","@id":"https:\/\/www.slovklima.sk\/hu\/blog\/mennyezeti-klima-idealis-megoldas-korlatozott-hellyel-rendelkezo-terekbe\/#primaryimage","url":"https:\/\/www.slovklima.sk\/wp-content\/uploads\/2025\/08\/Podstropna-klimatizacia-1.jpg","contentUrl":"https:\/\/www.slovklima.sk\/wp-content\/uploads\/2025\/08\/Podstropna-klimatizacia-1.jpg","width":1065,"height":450,"caption":"Mennyezeti kl\u00edma"},{"@type":"BreadcrumbList","@id":"https:\/\/www.slovklima.sk\/hu\/blog\/mennyezeti-klima-idealis-megoldas-korlatozott-hellyel-rendelkezo-terekbe\/#breadcrumb","itemListElement":[{"@type":"ListItem","position":1,"name":"Domovsk\u00e1 str\u00e1nka","item":"https:\/\/www.slovklima.sk\/hu\/"},{"@type":"ListItem","position":2,"name":"Mennyezeti kl\u00edma: Ide\u00e1lis megold\u00e1s korl\u00e1tozott hellyel rendelkez\u0151 terekbe"}]},{"@type":"WebSite","@id":"https:\/\/www.slovklima.sk\/#website","url":"https:\/\/www.slovklima.sk\/","name":"SLOVKLIMA DEIMOS group, s.r.o.","description":"","publisher":{"@id":"https:\/\/www.slovklima.sk\/#organization"},"alternateName":"SLOVKLIMA","potentialAction":[{"@type":"SearchAction","target":{"@type":"EntryPoint","urlTemplate":"https:\/\/www.slovklima.sk\/?s={search_term_string}"},"query-input":{"@type":"PropertyValueSpecification","valueRequired":true,"valueName":"search_term_string"}}],"inLanguage":"hu"},{"@type":"Organization","@id":"https:\/\/www.slovklima.sk\/#organization","name":"SLOVKLIMA DEIMOS group, s.r.o.","alternateName":"SLOVKLIMA","url":"https:\/\/www.slovklima.sk\/","logo":{"@type":"ImageObject","inLanguage":"hu","@id":"https:\/\/www.slovklima.sk\/#\/schema\/logo\/image\/","url":"https:\/\/www.slovklima.sk\/wp-content\/uploads\/2022\/12\/slovklima-logo-black.svg","contentUrl":"https:\/\/www.slovklima.sk\/wp-content\/uploads\/2022\/12\/slovklima-logo-black.svg","width":3218,"height":698,"caption":"SLOVKLIMA DEIMOS group, s.r.o."},"image":{"@id":"https:\/\/www.slovklima.sk\/#\/schema\/logo\/image\/"}},{"@type":"Person","@id":"https:\/\/www.slovklima.sk\/#\/schema\/person\/116018679a4b34af051bf066b527c539","name":"terlanda.peter","image":{"@type":"ImageObject","inLanguage":"hu","@id":"https:\/\/www.slovklima.sk\/#\/schema\/person\/image\/","url":"https:\/\/secure.gravatar.com\/avatar\/b022cc3ca0fc64964f410b12966d5772a852c461ebad9ff60247ddab8bafe8db?s=96&d=mm&r=g","contentUrl":"https:\/\/secure.gravatar.com\/avatar\/b022cc3ca0fc64964f410b12966d5772a852c461ebad9ff60247ddab8bafe8db?s=96&d=mm&r=g","caption":"terlanda.peter"}}]}},"_links":{"self":[{"href":"https:\/\/www.slovklima.sk\/hu\/wp-json\/wp\/v2\/posts\/18393","targetHints":{"allow":["GET"]}}],"collection":[{"href":"https:\/\/www.slovklima.sk\/hu\/wp-json\/wp\/v2\/posts"}],"about":[{"href":"https:\/\/www.slovklima.sk\/hu\/wp-json\/wp\/v2\/types\/post"}],"author":[{"embeddable":true,"href":"https:\/\/www.slovklima.sk\/hu\/wp-json\/wp\/v2\/users\/472"}],"replies":[{"embeddable":true,"href":"https:\/\/www.slovklima.sk\/hu\/wp-json\/wp\/v2\/comments?post=18393"}],"version-history":[{"count":1,"href":"https:\/\/www.slovklima.sk\/hu\/wp-json\/wp\/v2\/posts\/18393\/revisions"}],"predecessor-version":[{"id":19832,"href":"https:\/\/www.slovklima.sk\/hu\/wp-json\/wp\/v2\/posts\/18393\/revisions\/19832"}],"wp:featuredmedia":[{"embeddable":true,"href":"https:\/\/www.slovklima.sk\/hu\/wp-json\/wp\/v2\/media\/18317"}],"wp:attachment":[{"href":"https:\/\/www.slovklima.sk\/hu\/wp-json\/wp\/v2\/media?parent=18393"}],"wp:term":[{"taxonomy":"category","embeddable":true,"href":"https:\/\/www.slovklima.sk\/hu\/wp-json\/wp\/v2\/categories?post=18393"},{"taxonomy":"post_tag","embeddable":true,"href":"https:\/\/www.slovklima.sk\/hu\/wp-json\/wp\/v2\/tags?post=18393"},{"taxonomy":"table_tags","embeddable":true,"href":"https:\/\/www.slovklima.sk\/hu\/wp-json\/wp\/v2\/table_tags?post=18393"}],"curies":[{"name":"wp","href":"https:\/\/api.w.org\/{rel}","templated":true}]}}