{"id":14411,"date":"2025-05-05T08:56:49","date_gmt":"2025-05-05T06:56:49","guid":{"rendered":"https:\/\/www.slovklima.sk\/?p=14411"},"modified":"2026-01-21T10:03:33","modified_gmt":"2026-01-21T09:03:33","slug":"mobilklima-gyors-megoldas-sok-hatrannyal-miert-jobb-a-fix-klima","status":"publish","type":"post","link":"https:\/\/www.slovklima.sk\/hu\/blog\/mobilklima-gyors-megoldas-sok-hatrannyal-miert-jobb-a-fix-klima\/","title":{"rendered":"Mobilkl\u00edma: Gyors megold\u00e1s sok h\u00e1tr\u00e1nnyal. Mi\u00e9rt jobb a fix kl\u00edma?"},"content":{"rendered":"<p><strong>Mobil kontra fix kl\u00edmaberendez\u00e9s \u2013 melyik a legjobb az \u00d6n otthon\u00e1ba? Amikor a megfelel\u0151 l\u00e9gkondicion\u00e1l\u00f3 rendszer kiv\u00e1laszt\u00e1s\u00e1r\u00f3l van sz\u00f3, a d\u00f6nt\u00e9s gyakran a mobil \u00e9s a fix kl\u00edma k\u00f6z\u00f6tti v\u00e1laszt\u00e1sra sz\u0171k\u00fcl. Mindk\u00e9t lehet\u0151s\u00e9gnek megvannak az el\u0151nyei, \u00e9s ha meg\u00e9rti a legfontosabb k\u00fcl\u00f6nbs\u00e9geket, k\u00f6nnyebben eld\u00f6ntheti, melyik megold\u00e1s felel meg legink\u00e1bb az \u00d6n ig\u00e9nyeinek. De vajon van olyan ter\u00fclet, ahol a fix kl\u00edma val\u00f3ban el\u0151nyt \u00e9lvez a mobil v\u00e1ltozattal szemben?<\/strong> <\/p><p>Hogy seg\u00edts\u00fcnk a helyes d\u00f6nt\u00e9s meghozatal\u00e1ban, \u00f6ssze\u00e1ll\u00edtottunk egy \u00fatmutat\u00f3t a mobil \u00e9s a fix kl\u00edm\u00e1k \u00f6sszehasonl\u00edt\u00e1s\u00e1r\u00f3l. Megvizsg\u00e1ljuk, hogyan m\u0171k\u00f6dnek ezek a rendszerek, mennyibe ker\u00fcl a beszerel\u00e9s\u00fck, \u00e9s \u00e9rt\u00e9kelj\u00fck mindk\u00e9t t\u00edpus el\u0151nyeit \u00e9s h\u00e1tr\u00e1nyait. De el\u0151sz\u00f6r is: hogyan is m\u0171k\u00f6dik egy kl\u00edmaberendez\u00e9s? <\/p><h2 class=\"wp-block-heading\">Hogyan m\u0171k\u00f6dik a kl\u00edmaberendez\u00e9s? <\/h2><p>A kl\u00edmaberendez\u00e9sek \u00fagy m\u0171k\u00f6dnek, hogy elt\u00e1vol\u00edtj\u00e1k az otthon\u00e1b\u00f3l a h\u0151t, \u00e9s azt kifel\u00e9 vezetik, mik\u00f6zben a leh\u0171t\u00f6tt leveg\u0151t visszajuttatj\u00e1k a helyis\u00e9gbe. Eg\u00e9szen pontosan a meleg leveg\u0151 a p\u00e1rologtat\u00f3 hideg cs\u00f6vein kereszt\u00fcl \u00e1ramlik be a rendszerbe, ahol leh\u0171l, mik\u00f6zben a p\u00e1ramentes\u00edt\u0151 elt\u00e1vol\u00edtja a lecsap\u00f3dott nedvess\u00e9get. <\/p><p>Az elv egyszer\u0171. A rendszerben kering\u0151 h\u0171t\u0151k\u00f6zeg elnyeli a h\u0151t, \u00e9s elp\u00e1rolog \u2013 \u00edgy a hideg folyad\u00e9kb\u00f3l meleg g\u00e1z lesz. A felmelegedett h\u0171t\u0151k\u00f6zeg \u00e1t\u00e1ramlik a kompresszoron \u00e9s a kondenz\u00e1toron, ahol ism\u00e9t folyad\u00e9kk\u00e1 alakul, majd g\u00e1z form\u00e1j\u00e1ban visszaker\u00fcl a helyis\u00e9gbe. Ennek hat\u00e1s\u00e1ra a leveg\u0151 leh\u0171l, \u00e9s a p\u00e1ratartalom cs\u00f6kken. <\/p><h2 class=\"wp-block-heading\">Mi az a mobilkl\u00edma? <\/h2><p>A mobilkl\u00edma egy hordozhat\u00f3 egys\u00e9g, amelyet egyes helyis\u00e9gek h\u0171t\u00e9s\u00e9re terveztek. A fix kl\u00edmaberendez\u00e9sekkel ellent\u00e9tben nem ig\u00e9nyel \u00e1lland\u00f3 beszerel\u00e9st. \u00c1ltal\u00e1ban kerekeken gurul, \u00edgy k\u00f6nnyed\u00e9n \u00e1thelyezhet\u0151 egyik szob\u00e1b\u00f3l a m\u00e1sikba, att\u00f3l f\u00fcgg\u0151en, hol van r\u00e1 \u00e9ppen sz\u00fcks\u00e9g. A k\u00e9sz\u00fcl\u00e9khez tartozik egy t\u00f6ml\u0151 is, amely a meleg leveg\u0151t kivezeti a helyis\u00e9gb\u0151l \u2013 ez a legt\u00f6bb esetben egy ablakon kereszt\u00fcl t\u00f6rt\u00e9nik. <\/p><figure class=\"wp-block-table\"><table class=\"has-fixed-layout\"><tbody><tr><td><strong>El\u0151ny\u00f6k<\/strong> <\/td><td><strong>H\u00e1tr\u00e1nyok<\/strong> <\/td><\/tr><tr><td>Alacsonyabb kezdeti k\u00f6lts\u00e9g <\/td><td>Magasabb zajszint  <\/td><\/tr><tr><td>Szinte semmilyen telep\u00edt\u00e9st nem ig\u00e9nyel  <\/td><td>Alacsonyabb teljes\u00edtm\u00e9ny a fix egys\u00e9gekhez k\u00e9pest <\/td><\/tr><tr><td>Magas fok\u00fa mobilit\u00e1s \u00e9s rugalmass\u00e1g <\/td><td>Jobban ki van t\u00e9ve az eszt\u00e9tikai s\u00e9r\u00fcl\u00e9seknek <\/td><\/tr><tr><td>Ide\u00e1lis b\u00e9rlem\u00e9nyekbe <\/td><td>T\u00f6bb helyet foglal a helyis\u00e9gben <\/td><\/tr><tr><td> <\/td><td>A k\u00f6zvetlen k\u00f6rnyezet\u00e9ben h\u0151t termel, mint a h\u0171t\u00e9si folyamat mell\u00e9khat\u00e1s\u00e1t <\/td><\/tr><\/tbody><\/table><\/figure><h2 class=\"wp-block-heading\">Mennyibe ker\u00fcl a mobilkl\u00edma \u00fczemeltet\u00e9se? <\/h2><p>A mobilkl\u00edm\u00e1k \u00fczemeltet\u00e9se \u00e1ltal\u00e1ban k\u00f6r\u00fclbel\u00fcl 50%-kal olcs\u00f3bb, mint a fix kl\u00edmaberendez\u00e9sek\u00e9 \u2013 legink\u00e1bb az\u00e9rt, mert j\u00f3val kisebb m\u00e9rt\u00e9kben haszn\u00e1lj\u00e1k \u0151ket. Azonban az \u00fczemeltet\u00e9si k\u00f6lts\u00e9gek \u00f3r\u00e1nk\u00e9nt v\u00e1ltozhatnak a k\u00e9sz\u00fcl\u00e9k m\u00e9ret\u00e9t\u0151l \u00e9s energiahat\u00e9konys\u00e1g\u00e1t\u00f3l f\u00fcgg\u0151en. <\/p><p>A mobilkl\u00edma m\u0171k\u00f6dtet\u00e9s\u00e9nek k\u00f6lts\u00e9geit t\u00f6bb t\u00e9nyez\u0151 befoly\u00e1solja: a k\u00e9sz\u00fcl\u00e9k energiafogyaszt\u00e1sa, az \u00fczemid\u0151 \u00e9s az aktu\u00e1lis villamosenergia-\u00e1rak. \u00d6sszehasonl\u00edt\u00e1sk\u00e9pp, a mobilkl\u00edm\u00e1k \u00e1ltal\u00e1ban kev\u00e9sb\u00e9 energiahat\u00e9konyak, mint a fix rendszerek, mivel ugyanannak a helyis\u00e9gnek a leh\u0171t\u00e9s\u00e9hez t\u00f6bb energi\u00e1t haszn\u00e1lnak fel. Egy mobilkl\u00edma \u00e1tlagos fogyaszt\u00e1sa 1,2 \u00e9s 2,5 kWh k\u00f6z\u00f6tt mozog \u00f3r\u00e1nk\u00e9nt, ami a villamosenergia \u00e1r\u00e1t\u00f3l f\u00fcgg\u0151en havi szinten 15\u201330 eur\u00f3s k\u00f6lts\u00e9get jelenthet norm\u00e1l haszn\u00e1lat mellett. <\/p><p>Ezzel szemben a fix kl\u00edm\u00e1k \u00e1ltal\u00e1ban hat\u00e9konyabbak, \u00edgy hossz\u00fa t\u00e1von cs\u00f6kkenthetik az \u00fczemeltet\u00e9si k\u00f6lts\u00e9geket \u2013 m\u00e9g ha a kezdeti beruh\u00e1z\u00e1s \u00e9s a beszerel\u00e9s k\u00f6lts\u00e9ge magasabb is. \u00d6sszess\u00e9g\u00e9ben teh\u00e1t a mobilkl\u00edma \u00fczemeltet\u00e9si k\u00f6lts\u00e9geit nagyban befoly\u00e1solja a haszn\u00e1lat intenzit\u00e1sa \u00e9s id\u0151tartama, m\u00edg a rendszeres karbantart\u00e1s hozz\u00e1j\u00e1rulhat a hossz\u00fa t\u00e1v\u00fa hat\u00e9konys\u00e1ghoz. <\/p><figure class=\"wp-block-image size-full is-resized\"><img decoding=\"async\" width=\"1065\" height=\"450\" src=\"https:\/\/www.slovklima.sk\/wp-content\/uploads\/2025\/04\/Mobilna-klimatizacia.jpg\" alt=\"mobilkl\u00edma\" class=\"wp-image-14360\" style=\"width:1270px;height:auto\" srcset=\"https:\/\/www.slovklima.sk\/wp-content\/uploads\/2025\/04\/Mobilna-klimatizacia.jpg 1065w, https:\/\/www.slovklima.sk\/wp-content\/uploads\/2025\/04\/Mobilna-klimatizacia-400x169.jpg 400w, https:\/\/www.slovklima.sk\/wp-content\/uploads\/2025\/04\/Mobilna-klimatizacia-768x325.jpg 768w, https:\/\/www.slovklima.sk\/wp-content\/uploads\/2025\/04\/Mobilna-klimatizacia-430x182.jpg 430w, https:\/\/www.slovklima.sk\/wp-content\/uploads\/2025\/04\/Mobilna-klimatizacia-700x296.jpg 700w, https:\/\/www.slovklima.sk\/wp-content\/uploads\/2025\/04\/Mobilna-klimatizacia-150x63.jpg 150w\" sizes=\"(max-width: 1065px) 100vw, 1065px\" \/><\/figure><h2 class=\"wp-block-heading\">Mennyire hat\u00e9kony a mobilkl\u00edma? <\/h2><p>A fix kl\u00edmaberendez\u00e9sekkel \u00f6sszehasonl\u00edtva a mobilkl\u00edm\u00e1k t\u00f6bb szempontb\u00f3l is kev\u00e9sb\u00e9 hat\u00e9konyak. A helyis\u00e9gek leh\u0171t\u00e9se j\u00f3val hosszabb id\u0151t vesz ig\u00e9nybe, \u00e9s r\u00e1ad\u00e1sul m\u0171k\u00f6d\u00e9s k\u00f6zben tov\u00e1bbi h\u0151t is termelnek. Ahogy kor\u00e1bban eml\u00edtett\u00fck, a mobilkl\u00edm\u00e1khoz kipufog\u00f3cs\u0151 tartozik \u2013 erre az\u00e9rt van sz\u00fcks\u00e9g, mert a h\u0171t\u00e9si folyamat sor\u00e1n h\u0151t bocs\u00e1tanak ki. <\/p><p>Az ablakhoz csatlakoztatott kipufog\u00f3cs\u0151 seg\u00edt elt\u00e1vol\u00edtani a kl\u00edmaberendez\u00e9s \u00e1ltal termelt h\u0151 egy r\u00e9sz\u00e9t, de nem az eg\u00e9szet. Ez\u00e9rt fontos, hogy a mobilkl\u00edm\u00e1t mindig az ajt\u00f3 vagy az ablak k\u00f6zel\u00e9ben helyezz\u00fck el, hogy a lehet\u0151 legt\u00f6bb h\u0151t kivezethess\u00fck a helyis\u00e9gb\u0151l. A h\u0151kibocs\u00e1t\u00e1son t\u00fal ezek az egys\u00e9gek meglehet\u0151sen zajosak is lehetnek, mivel a kompresszor \u2013 amely a fix rendszerekn\u00e9l jellemz\u0151en a lak\u00f3t\u00e9ren k\u00edv\u00fcl helyezkedik el \u2013 a mobilk\u00e9sz\u00fcl\u00e9kbe van be\u00e9p\u00edtve. <\/p><h2 class=\"wp-block-heading\">Mi az a fix kl\u00edma? <\/h2><p>A fix kl\u00edmaberendez\u00e9sek \u2013 gyakran \u201esplit kl\u00edmak\u00e9nt\u201d is emlegetik \u0151ket \u2013 tart\u00f3san be\u00e9p\u00edtett rendszerek. Ezek az egys\u00e9gek \u00e1ltal\u00e1ban er\u0151sebbek, mint a mobilkl\u00edm\u00e1k, \u00e9s nagyobb helyis\u00e9gek h\u0171t\u00e9s\u00e9re lettek tervezve. A fix kl\u00edm\u00e1k t\u00f6bbf\u00e9le t\u00edpusban \u00e9rhet\u0151k el, \u00e9s mindegyik rendszer rendelkezik saj\u00e1tos jellemz\u0151kkel \u00e9s technikai megold\u00e1sokkal. <\/p><figure class=\"wp-block-table\"><table class=\"has-fixed-layout\"><tbody><tr><td><strong>El\u0151ny\u00f6k<\/strong> <\/td><td><strong>H\u00e1tr\u00e1nyok<\/strong> <\/td><\/tr><tr><td>Er\u0151sebbek, mint a mobilkl\u00edm\u00e1k, \u00e9s gyorsabban k\u00e9pesek leh\u0171teni\/felf\u0171teni a helyis\u00e9get <\/td><td>Dr\u00e1g\u00e1bbak, mint a mobil egys\u00e9gek <\/td><\/tr><tr><td>Alkalmasak nagyobb terekbe <\/td><td>A beszerel\u00e9shez szakk\u00e9pzett technikus sz\u00fcks\u00e9ges F-g\u00e1zok miatt <\/td><\/tr><tr><td>Tart\u00f3sabbak, mint a mobilkl\u00edm\u00e1k <\/td><td>Kevesebb rugalmass\u00e1got k\u00edn\u00e1lnak <\/td><\/tr><tr><td>Nem foglalnak helyet a padl\u00f3n <\/td><td> <\/td><\/tr><tr><td>Csendesebbek <\/td><td> <\/td><\/tr><tr><td>Lak\u00f3terekbe \u00e9s irod\u00e1kba egyar\u00e1nt ide\u00e1lisak <\/td><td> <\/td><\/tr><\/tbody><\/table><\/figure><h2 class=\"wp-block-heading\">Mennyibe ker\u00fcl a fix kl\u00edma \u00fczemeltet\u00e9se? <\/h2><p>A fix kl\u00edmaberendez\u00e9sek \u00fczemeltet\u00e9se \u00e1ltal\u00e1ban olcs\u00f3bb, mint a mobil egys\u00e9gek\u00e9, mivel ezek a rendszerek energiahat\u00e9konyabbak, \u00e9s hat\u00e9konyabban k\u00e9pesek leh\u0171teni a nagyobb tereket. A fix kl\u00edm\u00e1k \u00e1tlagos energiafogyaszt\u00e1sa 1\u20132 kWh k\u00f6z\u00f6tt mozog \u00f3r\u00e1nk\u00e9nt, ami alacsonyabb villamosenergia-k\u00f6lts\u00e9geket jelent a mobil k\u00e9sz\u00fcl\u00e9kekhez k\u00e9pest. A helyis\u00e9g m\u00e9ret\u00e9t\u0151l \u00e9s a haszn\u00e1lat id\u0151tartam\u00e1t\u00f3l f\u00fcgg\u0151en a havi energiak\u00f6lts\u00e9g \u00e1ltal\u00e1ban 10\u201320 eur\u00f3 k\u00f6z\u00f6tt alakul. <\/p><p>Ehhez hozz\u00e1ad\u00f3dnak a rendszeres karbantart\u00e1si k\u00f6lts\u00e9gek is, mint p\u00e9ld\u00e1ul a sz\u0171r\u0151k tiszt\u00edt\u00e1sa vagy a h\u0171t\u0151rendszer ellen\u0151rz\u00e9se, amelyek szint\u00e9n befoly\u00e1solhatj\u00e1k a teljes \u00fczemeltet\u00e9si k\u00f6lts\u00e9get. Noha a fix kl\u00edm\u00e1k kezdeti beruh\u00e1z\u00e1sa magasabb, hossz\u00fa t\u00e1von az alacsonyabb \u00fczemeltet\u00e9si k\u00f6lts\u00e9gek miatt gazdas\u00e1gosabb v\u00e1laszt\u00e1snak bizonyulnak rendszeres haszn\u00e1lat eset\u00e9n. <\/p><h2 class=\"wp-block-heading\">Mennyire hat\u00e9kony a fix kl\u00edma? <\/h2><p>A fix kl\u00edmaberendez\u00e9seket \u00e1ltal\u00e1noss\u00e1gban az egyik legenergiahat\u00e9konyabb kl\u00edmat\u00edpusnak tartj\u00e1k. Tov\u00e1bbi el\u0151ny\u00fck, hogy t\u00e9len teljes \u00e9rt\u00e9k\u0171 f\u0171t\u00e9si alternat\u00edvak\u00e9nt is szolg\u00e1lhatnak. Ez lehet\u0151s\u00e9get ad arra, hogy cs\u00f6kkentse a k\u00f6zponti f\u0171t\u00e9si rendszer haszn\u00e1lat\u00e1t, ami hossz\u00fa t\u00e1von p\u00e9nz\u00fcgyi megtakar\u00edt\u00e1st is eredm\u00e9nyezhet. <\/p><h2 class=\"wp-block-heading\">Az energiahat\u00e9konys\u00e1g \u00f6sszehasonl\u00edt\u00e1sa <\/h2><p>Ahogy m\u00e1r eml\u00edtett\u00fck, a mobilkl\u00edm\u00e1k \u00e1ltal\u00e1ban t\u00f6bb energi\u00e1t fogyasztanak a h\u0171t\u00e9s mennyis\u00e9g\u00e9hez k\u00e9pest, k\u00fcl\u00f6n\u00f6sen a modern fix rendszerekhez viszony\u00edtva. A hordozhat\u00f3 kl\u00edm\u00e1k energiahat\u00e9konys\u00e1g\u00e1t gyakran az EER-rel (Energy Efficiency Ratio \u2013 energiahat\u00e9konys\u00e1gi ar\u00e1ny) m\u00e9rik. <\/p><p>A fix kl\u00edm\u00e1k, k\u00fcl\u00f6n\u00f6sen az osztott rendszerek (split kl\u00edm\u00e1k), j\u00f3l ismertek magas energiahat\u00e9konys\u00e1gukr\u00f3l. Sz\u00e1mos modern modell inverteres technol\u00f3gi\u00e1val van felszerelve, amely lehet\u0151v\u00e9 teszi a k\u00e9sz\u00fcl\u00e9k sz\u00e1m\u00e1ra, hogy a h\u0171t\u00e9si teljes\u00edtm\u00e9nyt az aktu\u00e1lis ig\u00e9nyekhez igaz\u00edtsa. Ennek eredm\u00e9nyek\u00e9nt cs\u00f6kken az energiafogyaszt\u00e1s, \u00e9s hossz\u00fa t\u00e1von alacsonyabb villanysz\u00e1ml\u00e1ra lehet sz\u00e1m\u00edtani. <\/p><h2 class=\"wp-block-heading\">Karbantart\u00e1s <\/h2><p>A mobilkl\u00edm\u00e1k karbantart\u00e1sa viszonylag egyszer\u0171. Rendszeresen tiszt\u00edtani kell a leveg\u0151sz\u0171r\u0151t, amely k\u00f6nnyen hozz\u00e1f\u00e9rhet\u0151 \u00e9s elt\u00e1vol\u00edthat\u00f3. \u00c1ltal\u00e1noss\u00e1gban ezek a k\u00e9sz\u00fcl\u00e9kek azonban kev\u00e9sb\u00e9 tart\u00f3sak, mint a fixen be\u00e9p\u00edtett rendszerek, \u00edgy nagy val\u00f3sz\u00edn\u0171s\u00e9ggel hamarabb sz\u00fcks\u00e9g lesz a cser\u00e9j\u00fckre. <\/p><p>Ezzel szemben a fix kl\u00edm\u00e1k alaposabb karbantart\u00e1st ig\u00e9nyelnek, bele\u00e9rtve a rendszeres szervizel\u00e9st szakember \u00e1ltal. A k\u00fclt\u00e9ri egys\u00e9get rendszeresen tiszt\u00edtani kell, \u00e9s a h\u0171t\u0151k\u00f6zeg \u00e1llapot\u00e1t is ellen\u0151rizni sz\u00fcks\u00e9ges. B\u00e1r ez a karbantart\u00e1s id\u0151- \u00e9s szak\u00e9rtelemig\u00e9nyesebb, biztos\u00edtja a rendszer hat\u00e9kony m\u0171k\u00f6d\u00e9s\u00e9t \u00e9s meghosszabb\u00edtja az \u00e9lettartam\u00e1t. <\/p><h2 class=\"wp-block-heading\">\u00d6sszegz\u00e9s: Melyik megold\u00e1s a legjobb az \u00d6n sz\u00e1m\u00e1ra? <\/h2><p>A mobil \u00e9s a fix kl\u00edmaberendez\u00e9sek egyar\u00e1nt rendelkeznek el\u0151ny\u00f6kkel \u00e9s h\u00e1tr\u00e1nyokkal, \u00e9s a legjobb v\u00e1laszt\u00e1s az \u00d6n egy\u00e9ni ig\u00e9nyeit\u0151l f\u00fcgg. Ha a rugalmass\u00e1g \u00e9s a kedvez\u0151 \u00e1r a legfontosabb szempontok, akkor a mobilkl\u00edma lehet a megfelel\u0151 megold\u00e1s. <\/p><p>Ha azonban hossz\u00fa t\u00e1v\u00fa \u00e9s hat\u00e9kony megold\u00e1st keres nagyobb terek h\u0171t\u00e9s\u00e9re, akkor a fix kl\u00edmaberendez\u00e9s val\u00f3sz\u00edn\u0171leg jobb befektet\u00e9s lesz. A d\u00f6nt\u00e9s el\u0151tt \u00e9rdemes alaposan \u00e1tgondolni a t\u00e9rbeli lehet\u0151s\u00e9geket, a k\u00f6lts\u00e9gvet\u00e9st \u00e9s a h\u0171t\u00e9si ig\u00e9nyeket. Ne habozzon felvenni a kapcsolatot a <a href=\"https:\/\/www.slovklima.sk\/hu\/\">Slovklima<\/a> szak\u00e9rt\u0151ivel, akik k\u00e9szs\u00e9ggel \u00e9s hozz\u00e1\u00e9rt\u00e9ssel seg\u00edtenek a megfelel\u0151 kl\u00edma kiv\u00e1laszt\u00e1s\u00e1ban. <\/p>","protected":false},"excerpt":{"rendered":"<p>Mobil kontra fix kl\u00edmaberendez\u00e9s \u2013 melyik a legjobb az \u00d6n otthon\u00e1ba? Amikor a megfelel\u0151 l\u00e9gkondicion\u00e1l\u00f3 rendszer kiv\u00e1laszt\u00e1s\u00e1r\u00f3l van sz\u00f3, a<\/p>\n","protected":false},"author":472,"featured_media":14357,"comment_status":"closed","ping_status":"open","sticky":false,"template":"","format":"standard","meta":{"footnotes":""},"categories":[349],"tags":[],"table_tags":[],"class_list":["post-14411","post","type-post","status-publish","format-standard","has-post-thumbnail","hentry","category-legkondicionalas"],"yoast_head":"<!-- This site is optimized with the Yoast SEO plugin v24.3 - https:\/\/yoast.com\/wordpress\/plugins\/seo\/ -->\n<title>Mobilkl\u00edma: Gyors megold\u00e1s sok h\u00e1tr\u00e1nnyal. Mi\u00e9rt jobb a fix kl\u00edma?  | SLOVKLIMA DEIMOS group, s.r.o.<\/title>\n<meta name=\"description\" content=\"Mobilkl\u00edma \u2013 Gyors seg\u00edts\u00e9g a h\u0151s\u00e9gben, de milyen h\u00e1tr\u00e1nyai vannak a haszn\u00e1lat\u00e1nak, \u00e9s mi\u00e9rt \u00e9ri meg ink\u00e1bb a fix kl\u00edma mellett d\u00f6nteni?\" \/>\n<meta name=\"robots\" content=\"index, follow, max-snippet:-1, max-image-preview:large, max-video-preview:-1\" \/>\n<link rel=\"canonical\" href=\"https:\/\/www.slovklima.sk\/hu\/blog\/mobilklima-gyors-megoldas-sok-hatrannyal-miert-jobb-a-fix-klima\/\" \/>\n<meta property=\"og:locale\" content=\"hu_HU\" \/>\n<meta property=\"og:type\" content=\"article\" \/>\n<meta property=\"og:title\" content=\"Mobilkl\u00edma: Gyors megold\u00e1s sok h\u00e1tr\u00e1nnyal. Mi\u00e9rt jobb a fix kl\u00edma?  | SLOVKLIMA DEIMOS group, s.r.o.\" \/>\n<meta property=\"og:description\" content=\"Mobilkl\u00edma \u2013 Gyors seg\u00edts\u00e9g a h\u0151s\u00e9gben, de milyen h\u00e1tr\u00e1nyai vannak a haszn\u00e1lat\u00e1nak, \u00e9s mi\u00e9rt \u00e9ri meg ink\u00e1bb a fix kl\u00edma mellett d\u00f6nteni?\" \/>\n<meta property=\"og:url\" content=\"https:\/\/www.slovklima.sk\/hu\/blog\/mobilklima-gyors-megoldas-sok-hatrannyal-miert-jobb-a-fix-klima\/\" \/>\n<meta property=\"og:site_name\" content=\"SLOVKLIMA DEIMOS group, s.r.o.\" \/>\n<meta property=\"article:published_time\" content=\"2025-05-05T06:56:49+00:00\" \/>\n<meta property=\"article:modified_time\" content=\"2026-01-21T09:03:33+00:00\" \/>\n<meta property=\"og:image\" content=\"https:\/\/www.slovklima.sk\/wp-content\/uploads\/2025\/04\/Mobilna-klimatizacia-2.jpg\" \/>\n\t<meta property=\"og:image:width\" content=\"1065\" \/>\n\t<meta property=\"og:image:height\" content=\"450\" \/>\n\t<meta property=\"og:image:type\" content=\"image\/jpeg\" \/>\n<meta name=\"author\" content=\"terlanda.peter\" \/>\n<meta name=\"twitter:card\" content=\"summary_large_image\" \/>\n<meta name=\"twitter:label1\" content=\"Szerz\u0151:\" \/>\n\t<meta name=\"twitter:data1\" content=\"terlanda.peter\" \/>\n\t<meta name=\"twitter:label2\" content=\"Becs\u00fclt olvas\u00e1si id\u0151\" \/>\n\t<meta name=\"twitter:data2\" content=\"7 perc\" \/>\n<script type=\"application\/ld+json\" class=\"yoast-schema-graph\">{\"@context\":\"https:\/\/schema.org\",\"@graph\":[{\"@type\":\"Article\",\"@id\":\"https:\/\/www.slovklima.sk\/hu\/blog\/mobilklima-gyors-megoldas-sok-hatrannyal-miert-jobb-a-fix-klima\/#article\",\"isPartOf\":{\"@id\":\"https:\/\/www.slovklima.sk\/hu\/blog\/mobilklima-gyors-megoldas-sok-hatrannyal-miert-jobb-a-fix-klima\/\"},\"author\":{\"name\":\"terlanda.peter\",\"@id\":\"https:\/\/www.slovklima.sk\/#\/schema\/person\/116018679a4b34af051bf066b527c539\"},\"headline\":\"Mobilkl\u00edma: Gyors megold\u00e1s sok h\u00e1tr\u00e1nnyal. Mi\u00e9rt jobb a fix kl\u00edma?\",\"datePublished\":\"2025-05-05T06:56:49+00:00\",\"dateModified\":\"2026-01-21T09:03:33+00:00\",\"mainEntityOfPage\":{\"@id\":\"https:\/\/www.slovklima.sk\/hu\/blog\/mobilklima-gyors-megoldas-sok-hatrannyal-miert-jobb-a-fix-klima\/\"},\"wordCount\":1810,\"publisher\":{\"@id\":\"https:\/\/www.slovklima.sk\/#organization\"},\"image\":{\"@id\":\"https:\/\/www.slovklima.sk\/hu\/blog\/mobilklima-gyors-megoldas-sok-hatrannyal-miert-jobb-a-fix-klima\/#primaryimage\"},\"thumbnailUrl\":\"https:\/\/www.slovklima.sk\/wp-content\/uploads\/2025\/04\/Mobilna-klimatizacia-2.jpg\",\"articleSection\":[\"L\u00e9gkondicion\u00e1l\u00e1s\"],\"inLanguage\":\"hu\"},{\"@type\":\"WebPage\",\"@id\":\"https:\/\/www.slovklima.sk\/hu\/blog\/mobilklima-gyors-megoldas-sok-hatrannyal-miert-jobb-a-fix-klima\/\",\"url\":\"https:\/\/www.slovklima.sk\/hu\/blog\/mobilklima-gyors-megoldas-sok-hatrannyal-miert-jobb-a-fix-klima\/\",\"name\":\"Mobilkl\u00edma: Gyors megold\u00e1s sok h\u00e1tr\u00e1nnyal. Mi\u00e9rt jobb a fix kl\u00edma? | SLOVKLIMA DEIMOS group, s.r.o.\",\"isPartOf\":{\"@id\":\"https:\/\/www.slovklima.sk\/#website\"},\"primaryImageOfPage\":{\"@id\":\"https:\/\/www.slovklima.sk\/hu\/blog\/mobilklima-gyors-megoldas-sok-hatrannyal-miert-jobb-a-fix-klima\/#primaryimage\"},\"image\":{\"@id\":\"https:\/\/www.slovklima.sk\/hu\/blog\/mobilklima-gyors-megoldas-sok-hatrannyal-miert-jobb-a-fix-klima\/#primaryimage\"},\"thumbnailUrl\":\"https:\/\/www.slovklima.sk\/wp-content\/uploads\/2025\/04\/Mobilna-klimatizacia-2.jpg\",\"datePublished\":\"2025-05-05T06:56:49+00:00\",\"dateModified\":\"2026-01-21T09:03:33+00:00\",\"description\":\"Mobilkl\u00edma \u2013 Gyors seg\u00edts\u00e9g a h\u0151s\u00e9gben, de milyen h\u00e1tr\u00e1nyai vannak a haszn\u00e1lat\u00e1nak, \u00e9s mi\u00e9rt \u00e9ri meg ink\u00e1bb a fix kl\u00edma mellett d\u00f6nteni?\",\"breadcrumb\":{\"@id\":\"https:\/\/www.slovklima.sk\/hu\/blog\/mobilklima-gyors-megoldas-sok-hatrannyal-miert-jobb-a-fix-klima\/#breadcrumb\"},\"inLanguage\":\"hu\",\"potentialAction\":[{\"@type\":\"ReadAction\",\"target\":[\"https:\/\/www.slovklima.sk\/hu\/blog\/mobilklima-gyors-megoldas-sok-hatrannyal-miert-jobb-a-fix-klima\/\"]}]},{\"@type\":\"ImageObject\",\"inLanguage\":\"hu\",\"@id\":\"https:\/\/www.slovklima.sk\/hu\/blog\/mobilklima-gyors-megoldas-sok-hatrannyal-miert-jobb-a-fix-klima\/#primaryimage\",\"url\":\"https:\/\/www.slovklima.sk\/wp-content\/uploads\/2025\/04\/Mobilna-klimatizacia-2.jpg\",\"contentUrl\":\"https:\/\/www.slovklima.sk\/wp-content\/uploads\/2025\/04\/Mobilna-klimatizacia-2.jpg\",\"width\":1065,\"height\":450,\"caption\":\"mobilkl\u00edma\"},{\"@type\":\"BreadcrumbList\",\"@id\":\"https:\/\/www.slovklima.sk\/hu\/blog\/mobilklima-gyors-megoldas-sok-hatrannyal-miert-jobb-a-fix-klima\/#breadcrumb\",\"itemListElement\":[{\"@type\":\"ListItem\",\"position\":1,\"name\":\"Domovsk\u00e1 str\u00e1nka\",\"item\":\"https:\/\/www.slovklima.sk\/hu\/\"},{\"@type\":\"ListItem\",\"position\":2,\"name\":\"Mobilkl\u00edma: Gyors megold\u00e1s sok h\u00e1tr\u00e1nnyal. Mi\u00e9rt jobb a fix kl\u00edma?\"}]},{\"@type\":\"WebSite\",\"@id\":\"https:\/\/www.slovklima.sk\/#website\",\"url\":\"https:\/\/www.slovklima.sk\/\",\"name\":\"SLOVKLIMA DEIMOS group, s.r.o.\",\"description\":\"\",\"publisher\":{\"@id\":\"https:\/\/www.slovklima.sk\/#organization\"},\"alternateName\":\"SLOVKLIMA\",\"potentialAction\":[{\"@type\":\"SearchAction\",\"target\":{\"@type\":\"EntryPoint\",\"urlTemplate\":\"https:\/\/www.slovklima.sk\/?s={search_term_string}\"},\"query-input\":{\"@type\":\"PropertyValueSpecification\",\"valueRequired\":true,\"valueName\":\"search_term_string\"}}],\"inLanguage\":\"hu\"},{\"@type\":\"Organization\",\"@id\":\"https:\/\/www.slovklima.sk\/#organization\",\"name\":\"SLOVKLIMA DEIMOS group, s.r.o.\",\"alternateName\":\"SLOVKLIMA\",\"url\":\"https:\/\/www.slovklima.sk\/\",\"logo\":{\"@type\":\"ImageObject\",\"inLanguage\":\"hu\",\"@id\":\"https:\/\/www.slovklima.sk\/#\/schema\/logo\/image\/\",\"url\":\"https:\/\/www.slovklima.sk\/wp-content\/uploads\/2022\/12\/slovklima-logo-black.svg\",\"contentUrl\":\"https:\/\/www.slovklima.sk\/wp-content\/uploads\/2022\/12\/slovklima-logo-black.svg\",\"width\":3218,\"height\":698,\"caption\":\"SLOVKLIMA DEIMOS group, s.r.o.\"},\"image\":{\"@id\":\"https:\/\/www.slovklima.sk\/#\/schema\/logo\/image\/\"}},{\"@type\":\"Person\",\"@id\":\"https:\/\/www.slovklima.sk\/#\/schema\/person\/116018679a4b34af051bf066b527c539\",\"name\":\"terlanda.peter\",\"image\":{\"@type\":\"ImageObject\",\"inLanguage\":\"hu\",\"@id\":\"https:\/\/www.slovklima.sk\/#\/schema\/person\/image\/\",\"url\":\"https:\/\/secure.gravatar.com\/avatar\/b022cc3ca0fc64964f410b12966d5772a852c461ebad9ff60247ddab8bafe8db?s=96&d=mm&r=g\",\"contentUrl\":\"https:\/\/secure.gravatar.com\/avatar\/b022cc3ca0fc64964f410b12966d5772a852c461ebad9ff60247ddab8bafe8db?s=96&d=mm&r=g\",\"caption\":\"terlanda.peter\"}}]}<\/script>\n<!-- \/ Yoast SEO plugin. -->","yoast_head_json":{"title":"Mobilkl\u00edma: Gyors megold\u00e1s sok h\u00e1tr\u00e1nnyal. Mi\u00e9rt jobb a fix kl\u00edma?  | SLOVKLIMA DEIMOS group, s.r.o.","description":"Mobilkl\u00edma \u2013 Gyors seg\u00edts\u00e9g a h\u0151s\u00e9gben, de milyen h\u00e1tr\u00e1nyai vannak a haszn\u00e1lat\u00e1nak, \u00e9s mi\u00e9rt \u00e9ri meg ink\u00e1bb a fix kl\u00edma mellett d\u00f6nteni?","robots":{"index":"index","follow":"follow","max-snippet":"max-snippet:-1","max-image-preview":"max-image-preview:large","max-video-preview":"max-video-preview:-1"},"canonical":"https:\/\/www.slovklima.sk\/hu\/blog\/mobilklima-gyors-megoldas-sok-hatrannyal-miert-jobb-a-fix-klima\/","og_locale":"hu_HU","og_type":"article","og_title":"Mobilkl\u00edma: Gyors megold\u00e1s sok h\u00e1tr\u00e1nnyal. Mi\u00e9rt jobb a fix kl\u00edma?  | SLOVKLIMA DEIMOS group, s.r.o.","og_description":"Mobilkl\u00edma \u2013 Gyors seg\u00edts\u00e9g a h\u0151s\u00e9gben, de milyen h\u00e1tr\u00e1nyai vannak a haszn\u00e1lat\u00e1nak, \u00e9s mi\u00e9rt \u00e9ri meg ink\u00e1bb a fix kl\u00edma mellett d\u00f6nteni?","og_url":"https:\/\/www.slovklima.sk\/hu\/blog\/mobilklima-gyors-megoldas-sok-hatrannyal-miert-jobb-a-fix-klima\/","og_site_name":"SLOVKLIMA DEIMOS group, s.r.o.","article_published_time":"2025-05-05T06:56:49+00:00","article_modified_time":"2026-01-21T09:03:33+00:00","og_image":[{"width":1065,"height":450,"url":"https:\/\/www.slovklima.sk\/wp-content\/uploads\/2025\/04\/Mobilna-klimatizacia-2.jpg","type":"image\/jpeg"}],"author":"terlanda.peter","twitter_card":"summary_large_image","twitter_misc":{"Szerz\u0151:":"terlanda.peter","Becs\u00fclt olvas\u00e1si id\u0151":"7 perc"},"schema":{"@context":"https:\/\/schema.org","@graph":[{"@type":"Article","@id":"https:\/\/www.slovklima.sk\/hu\/blog\/mobilklima-gyors-megoldas-sok-hatrannyal-miert-jobb-a-fix-klima\/#article","isPartOf":{"@id":"https:\/\/www.slovklima.sk\/hu\/blog\/mobilklima-gyors-megoldas-sok-hatrannyal-miert-jobb-a-fix-klima\/"},"author":{"name":"terlanda.peter","@id":"https:\/\/www.slovklima.sk\/#\/schema\/person\/116018679a4b34af051bf066b527c539"},"headline":"Mobilkl\u00edma: Gyors megold\u00e1s sok h\u00e1tr\u00e1nnyal. Mi\u00e9rt jobb a fix kl\u00edma?","datePublished":"2025-05-05T06:56:49+00:00","dateModified":"2026-01-21T09:03:33+00:00","mainEntityOfPage":{"@id":"https:\/\/www.slovklima.sk\/hu\/blog\/mobilklima-gyors-megoldas-sok-hatrannyal-miert-jobb-a-fix-klima\/"},"wordCount":1810,"publisher":{"@id":"https:\/\/www.slovklima.sk\/#organization"},"image":{"@id":"https:\/\/www.slovklima.sk\/hu\/blog\/mobilklima-gyors-megoldas-sok-hatrannyal-miert-jobb-a-fix-klima\/#primaryimage"},"thumbnailUrl":"https:\/\/www.slovklima.sk\/wp-content\/uploads\/2025\/04\/Mobilna-klimatizacia-2.jpg","articleSection":["L\u00e9gkondicion\u00e1l\u00e1s"],"inLanguage":"hu"},{"@type":"WebPage","@id":"https:\/\/www.slovklima.sk\/hu\/blog\/mobilklima-gyors-megoldas-sok-hatrannyal-miert-jobb-a-fix-klima\/","url":"https:\/\/www.slovklima.sk\/hu\/blog\/mobilklima-gyors-megoldas-sok-hatrannyal-miert-jobb-a-fix-klima\/","name":"Mobilkl\u00edma: Gyors megold\u00e1s sok h\u00e1tr\u00e1nnyal. Mi\u00e9rt jobb a fix kl\u00edma? | SLOVKLIMA DEIMOS group, s.r.o.","isPartOf":{"@id":"https:\/\/www.slovklima.sk\/#website"},"primaryImageOfPage":{"@id":"https:\/\/www.slovklima.sk\/hu\/blog\/mobilklima-gyors-megoldas-sok-hatrannyal-miert-jobb-a-fix-klima\/#primaryimage"},"image":{"@id":"https:\/\/www.slovklima.sk\/hu\/blog\/mobilklima-gyors-megoldas-sok-hatrannyal-miert-jobb-a-fix-klima\/#primaryimage"},"thumbnailUrl":"https:\/\/www.slovklima.sk\/wp-content\/uploads\/2025\/04\/Mobilna-klimatizacia-2.jpg","datePublished":"2025-05-05T06:56:49+00:00","dateModified":"2026-01-21T09:03:33+00:00","description":"Mobilkl\u00edma \u2013 Gyors seg\u00edts\u00e9g a h\u0151s\u00e9gben, de milyen h\u00e1tr\u00e1nyai vannak a haszn\u00e1lat\u00e1nak, \u00e9s mi\u00e9rt \u00e9ri meg ink\u00e1bb a fix kl\u00edma mellett d\u00f6nteni?","breadcrumb":{"@id":"https:\/\/www.slovklima.sk\/hu\/blog\/mobilklima-gyors-megoldas-sok-hatrannyal-miert-jobb-a-fix-klima\/#breadcrumb"},"inLanguage":"hu","potentialAction":[{"@type":"ReadAction","target":["https:\/\/www.slovklima.sk\/hu\/blog\/mobilklima-gyors-megoldas-sok-hatrannyal-miert-jobb-a-fix-klima\/"]}]},{"@type":"ImageObject","inLanguage":"hu","@id":"https:\/\/www.slovklima.sk\/hu\/blog\/mobilklima-gyors-megoldas-sok-hatrannyal-miert-jobb-a-fix-klima\/#primaryimage","url":"https:\/\/www.slovklima.sk\/wp-content\/uploads\/2025\/04\/Mobilna-klimatizacia-2.jpg","contentUrl":"https:\/\/www.slovklima.sk\/wp-content\/uploads\/2025\/04\/Mobilna-klimatizacia-2.jpg","width":1065,"height":450,"caption":"mobilkl\u00edma"},{"@type":"BreadcrumbList","@id":"https:\/\/www.slovklima.sk\/hu\/blog\/mobilklima-gyors-megoldas-sok-hatrannyal-miert-jobb-a-fix-klima\/#breadcrumb","itemListElement":[{"@type":"ListItem","position":1,"name":"Domovsk\u00e1 str\u00e1nka","item":"https:\/\/www.slovklima.sk\/hu\/"},{"@type":"ListItem","position":2,"name":"Mobilkl\u00edma: Gyors megold\u00e1s sok h\u00e1tr\u00e1nnyal. Mi\u00e9rt jobb a fix kl\u00edma?"}]},{"@type":"WebSite","@id":"https:\/\/www.slovklima.sk\/#website","url":"https:\/\/www.slovklima.sk\/","name":"SLOVKLIMA DEIMOS group, s.r.o.","description":"","publisher":{"@id":"https:\/\/www.slovklima.sk\/#organization"},"alternateName":"SLOVKLIMA","potentialAction":[{"@type":"SearchAction","target":{"@type":"EntryPoint","urlTemplate":"https:\/\/www.slovklima.sk\/?s={search_term_string}"},"query-input":{"@type":"PropertyValueSpecification","valueRequired":true,"valueName":"search_term_string"}}],"inLanguage":"hu"},{"@type":"Organization","@id":"https:\/\/www.slovklima.sk\/#organization","name":"SLOVKLIMA DEIMOS group, s.r.o.","alternateName":"SLOVKLIMA","url":"https:\/\/www.slovklima.sk\/","logo":{"@type":"ImageObject","inLanguage":"hu","@id":"https:\/\/www.slovklima.sk\/#\/schema\/logo\/image\/","url":"https:\/\/www.slovklima.sk\/wp-content\/uploads\/2022\/12\/slovklima-logo-black.svg","contentUrl":"https:\/\/www.slovklima.sk\/wp-content\/uploads\/2022\/12\/slovklima-logo-black.svg","width":3218,"height":698,"caption":"SLOVKLIMA DEIMOS group, s.r.o."},"image":{"@id":"https:\/\/www.slovklima.sk\/#\/schema\/logo\/image\/"}},{"@type":"Person","@id":"https:\/\/www.slovklima.sk\/#\/schema\/person\/116018679a4b34af051bf066b527c539","name":"terlanda.peter","image":{"@type":"ImageObject","inLanguage":"hu","@id":"https:\/\/www.slovklima.sk\/#\/schema\/person\/image\/","url":"https:\/\/secure.gravatar.com\/avatar\/b022cc3ca0fc64964f410b12966d5772a852c461ebad9ff60247ddab8bafe8db?s=96&d=mm&r=g","contentUrl":"https:\/\/secure.gravatar.com\/avatar\/b022cc3ca0fc64964f410b12966d5772a852c461ebad9ff60247ddab8bafe8db?s=96&d=mm&r=g","caption":"terlanda.peter"}}]}},"_links":{"self":[{"href":"https:\/\/www.slovklima.sk\/hu\/wp-json\/wp\/v2\/posts\/14411","targetHints":{"allow":["GET"]}}],"collection":[{"href":"https:\/\/www.slovklima.sk\/hu\/wp-json\/wp\/v2\/posts"}],"about":[{"href":"https:\/\/www.slovklima.sk\/hu\/wp-json\/wp\/v2\/types\/post"}],"author":[{"embeddable":true,"href":"https:\/\/www.slovklima.sk\/hu\/wp-json\/wp\/v2\/users\/472"}],"replies":[{"embeddable":true,"href":"https:\/\/www.slovklima.sk\/hu\/wp-json\/wp\/v2\/comments?post=14411"}],"version-history":[{"count":1,"href":"https:\/\/www.slovklima.sk\/hu\/wp-json\/wp\/v2\/posts\/14411\/revisions"}],"predecessor-version":[{"id":19851,"href":"https:\/\/www.slovklima.sk\/hu\/wp-json\/wp\/v2\/posts\/14411\/revisions\/19851"}],"wp:featuredmedia":[{"embeddable":true,"href":"https:\/\/www.slovklima.sk\/hu\/wp-json\/wp\/v2\/media\/14357"}],"wp:attachment":[{"href":"https:\/\/www.slovklima.sk\/hu\/wp-json\/wp\/v2\/media?parent=14411"}],"wp:term":[{"taxonomy":"category","embeddable":true,"href":"https:\/\/www.slovklima.sk\/hu\/wp-json\/wp\/v2\/categories?post=14411"},{"taxonomy":"post_tag","embeddable":true,"href":"https:\/\/www.slovklima.sk\/hu\/wp-json\/wp\/v2\/tags?post=14411"},{"taxonomy":"table_tags","embeddable":true,"href":"https:\/\/www.slovklima.sk\/hu\/wp-json\/wp\/v2\/table_tags?post=14411"}],"curies":[{"name":"wp","href":"https:\/\/api.w.org\/{rel}","templated":true}]}}