{"id":14408,"date":"2025-05-09T08:48:53","date_gmt":"2025-05-09T06:48:53","guid":{"rendered":"https:\/\/www.slovklima.sk\/?p=14408"},"modified":"2026-01-21T10:03:33","modified_gmt":"2026-01-21T09:03:33","slug":"vakuumszivattyuk-miert-elengedhetetlenek-a-hutorendszerek-beszerelesekor","status":"publish","type":"post","link":"https:\/\/www.slovklima.sk\/hu\/blog\/vakuumszivattyuk-miert-elengedhetetlenek-a-hutorendszerek-beszerelesekor\/","title":{"rendered":"V\u00e1kuumszivatty\u00fak: Mi\u00e9rt elengedhetetlenek a h\u0171t\u0151rendszerek beszerel\u00e9sekor?"},"content":{"rendered":"<p><strong>A kl\u00edmarendszer v\u00e1kuumoz\u00e1sa vitathatatlanul kulcsfontoss\u00e1g\u00fa l\u00e9p\u00e9s a telep\u00edt\u00e9si folyamat sor\u00e1n. Biztos\u00edtja, hogy a rendszer maxim\u00e1lis hat\u00e9konys\u00e1ggal m\u0171k\u00f6dj\u00f6n, megel\u0151zi a hossz\u00fa t\u00e1v\u00fa k\u00e1rosod\u00e1st, \u00e9s maximaliz\u00e1lja az \u00e9lettartam\u00e1t. A v\u00e1kuumszivatty\u00fak \u00edgy fontos szerepet t\u00f6ltenek be a kl\u00edmarendszer eg\u00e9szs\u00e9g\u00e9nek \u00e9s teljes\u00edtm\u00e9ny\u00e9nek meg\u0151rz\u00e9s\u00e9ben.<\/strong> <\/p><p>A h\u0171t\u0151rendszerek \u2013 p\u00e9ld\u00e1ul a kl\u00edmaberendez\u00e9sek \u2013 telep\u00edt\u00e9se sor\u00e1n elengedhetetlen a rendszer megfelel\u0151 m\u0171k\u00f6d\u00e9s\u00e9nek biztos\u00edt\u00e1sa. A folyamat egyik l\u00e9nyeges l\u00e9p\u00e9se a v\u00e1kuumszivatty\u00fa haszn\u00e1lata, amely a leveg\u0151 \u00e9s a nedvess\u00e9g elt\u00e1vol\u00edt\u00e1s\u00e1ra szolg\u00e1l a rendszerb\u0151l. Ezt a m\u0171veletet m\u00e9g a h\u0171t\u0151k\u00f6r h\u0171t\u0151k\u00f6zeggel val\u00f3 felt\u00f6lt\u00e9se el\u0151tt kell elv\u00e9gezni, \u00e9s alapvet\u0151 a hat\u00e9kony \u00e9s biztons\u00e1gos h\u0171t\u00e9s szempontj\u00e1b\u00f3l. A leveg\u0151 \u00e9s v\u00edz alapos kisz\u00edv\u00e1sa n\u00e9lk\u00fcl a rendszer alkatr\u00e9szei k\u00e1rosodhatnak, cs\u00f6kkenhet a hat\u00e9konys\u00e1guk, vagy ak\u00e1r teljes meghib\u00e1sod\u00e1s is bek\u00f6vetkezhet. N\u00e9zz\u00fck meg, mi\u00e9rt is sz\u00e1m\u00edt a v\u00e1kuumszivatty\u00fa a h\u0171t\u0151rendszerek szerel\u00e9s\u00e9nek n\u00e9lk\u00fcl\u00f6zhetetlen elem\u00e9nek, \u00e9s hogyan biztos\u00edtja azok optim\u00e1lis teljes\u00edtm\u00e9ny\u00e9t. <\/p><h2 class=\"wp-block-heading\">A v\u00e1kuumszivatty\u00fak szerepe <\/h2><p>A v\u00e1kuumszivatty\u00fa \u2013 m\u00e1s n\u00e9ven v\u00e1kuumoz\u00f3 k\u00e9sz\u00fcl\u00e9k \u2013 elengedhetetlen a h\u0171t\u0151rendszerek telep\u00edt\u00e9se sor\u00e1n, mivel a h\u0171t\u0151k\u00f6zeg reakci\u00f3ba l\u00e9phet a rendszerben maradt v\u00edzg\u0151zzel \u00e9s leveg\u0151vel, ami savk\u00e9pz\u0151d\u00e9shez vezethet. Ez a sav korr\u00f3zi\u00f3t id\u00e9zhet el\u0151 a rendszer alkatr\u00e9szeiben. <\/p><p>A kl\u00edmaberendez\u00e9sek jav\u00edt\u00e1sa sor\u00e1n az els\u0151 l\u00e9p\u00e9s gyakran a h\u0171t\u0151k\u00f6zeg p\u00f3tl\u00e1sa. Ezt k\u00f6vet\u0151en lehet tov\u00e1bbl\u00e9pni m\u00e1s jav\u00edt\u00e1sokra, p\u00e9ld\u00e1ul az egyes t\u00f6m\u00edt\u00e9sek ellen\u0151rz\u00e9s\u00e9re, illetve egy\u00e9b rendszeres karbantart\u00e1si feladatokra. Miel\u0151tt azonban a kl\u00edmarendszert felt\u00f6ltik h\u0171t\u0151k\u00f6zeggel, a v\u00e1kuumszivatty\u00fa seg\u00edts\u00e9g\u00e9vel v\u00e1kuumot hoznak l\u00e9tre, hogy elt\u00e1vol\u00edts\u00e1k a rendszerben felhalmoz\u00f3dott leveg\u0151t \u00e9s nedvess\u00e9get. A v\u00e1kuumoz\u00e1s folyamata ezenfel\u00fcl seg\u00edt elt\u00e1vol\u00edtani az esetlegesen jelen l\u00e9v\u0151 szennyez\u0151d\u00e9seket is. <\/p><p>Amint kor\u00e1bban eml\u00edtett\u00fck, a v\u00e1kuumszivatty\u00fak kulcsfontoss\u00e1g\u00fa szerepet j\u00e1tszanak a h\u0171t\u0151rendszerek telep\u00edt\u00e9s\u00e9ben, mivel f\u0151 feladatuk, hogy z\u00e1rt k\u00f6rben v\u00e1kuumot hozzanak l\u00e9tre, elt\u00e1vol\u00edtva ezzel a leveg\u0151t \u00e9s a nedvess\u00e9get. Ez a l\u00e9p\u00e9s elengedhetetlen a rendszer h\u0171t\u0151k\u00f6zeggel val\u00f3 felt\u00f6lt\u00e9se el\u0151tt, hiszen ha a k\u00f6rben maradna leveg\u0151 vagy nedvess\u00e9g, az s\u00falyos probl\u00e9m\u00e1khoz vezethetne \u2013 p\u00e9ld\u00e1ul cs\u00f6kkent h\u0171t\u00e9si hat\u00e9konys\u00e1ghoz, j\u00e9gk\u00e9pz\u0151d\u00e9shez az expanzi\u00f3s szelepekben, vagy a m\u00e1r eml\u00edtett korr\u00f3zi\u00f3hoz az alkatr\u00e9szekben. A v\u00e1kuumszivatty\u00fa teh\u00e1t biztos\u00edtja, hogy a h\u0171t\u0151rendszer optim\u00e1lisan m\u0171k\u00f6dj\u00f6n \u00e9s hosszabb \u00e9lettartammal rendelkezzen. <\/p><h2 class=\"wp-block-heading\">A v\u00e1kuumoz\u00e1s sz\u00fcks\u00e9gess\u00e9ge <\/h2><p>A h\u0171t\u0151rendszerekben \u2013 mint p\u00e9ld\u00e1ul a kl\u00edmaberendez\u00e9sekben \u2013 kiz\u00e1r\u00f3lag olajnak \u00e9s h\u0171t\u0151k\u00f6zegnek szabad keringenie. A szervizel\u00e9s sor\u00e1n vagy sok \u00e9v haszn\u00e1lat ut\u00e1n azonban leveg\u0151 juthat a rendszerbe, ami komoly probl\u00e9m\u00e1kat okozhat. <\/p><p>A rendszerbe jut\u00f3 l\u00e9gk\u00f6ri leveg\u0151 oxig\u00e9nt, nitrog\u00e9nt \u00e9s nedvess\u00e9get tartalmaz, amelyek tov\u00e1bbi meghib\u00e1sod\u00e1sokat id\u00e9zhetnek el\u0151. Ezek hat\u00e1s\u00e1ra megn\u0151 a kompresszor nyom\u00e1si h\u0151m\u00e9rs\u00e9klete \u00e9s nyom\u00e1sviszonya, ami cs\u00f6kkenti a rendszer hat\u00e9konys\u00e1g\u00e1t. Emellett k\u00e9miai reakci\u00f3k is v\u00e9gbemehetnek, amelyek galvanikus bevonatot \u00e9s a motor szigetel\u00e9s\u00e9nek k\u00e1rosod\u00e1s\u00e1t eredm\u00e9nyezhetik. Ha a kompresszormotor szigetel\u00e9se megs\u00e9r\u00fcl, r\u00f6vidz\u00e1rlat keletkezhet, ami t\u00f6nkreteszi a kompresszort. A kompresszor pedig az egyik legdr\u00e1g\u00e1bb alkatr\u00e9sz a rendszerben, \u00edgy ilyen esetben gyakran gazdas\u00e1gosabb egy teljesen \u00faj h\u0171t\u0151rendszert v\u00e1s\u00e1rolni. <\/p><h2 class=\"wp-block-heading\">N\u00f6velje a h\u0171t\u0151berendez\u00e9sek hat\u00e9konys\u00e1g\u00e1t <\/h2><p>A h\u0171t\u0151rendszerekben megrekedt leveg\u0151 \u00e9s nedvess\u00e9g jelent\u0151sen befoly\u00e1solhatja azok hat\u00e9konys\u00e1g\u00e1t. Az olyan nem kondenz\u00e1l\u00f3d\u00f3 g\u00e1zok, mint a leveg\u0151, nem k\u00e9pesek a h\u0171t\u0151k\u00f6zeghez hasonl\u00f3an kondenz\u00e1l\u00f3dni, \u00e9s hajlamosak felhalmoz\u00f3dni a nagynyom\u00e1s\u00fa ter\u00fcleteken, p\u00e9ld\u00e1ul a kondenz\u00e1tor tekercseiben. Ez a felhalmoz\u00f3d\u00e1s megzavarja a h\u0151cser\u00e9l\u00e9si folyamatot, mivel megakad\u00e1lyozza, hogy a h\u0171t\u0151k\u00f6zeg teljes m\u00e9rt\u00e9kben \u00e9rintkezzen a kondenz\u00e1tor bels\u0151 fel\u00fclet\u00e9vel. Ennek k\u00f6vetkezt\u00e9ben cs\u00f6kken a h\u0171t\u00e9s hat\u00e9konys\u00e1ga, mik\u00f6zben n\u0151 az energiafogyaszt\u00e1s. <\/p><p>A leg\u00fajabb kutat\u00e1sok szerint m\u00e1r a leveg\u0151 mind\u00f6ssze 0,2%-os t\u00e9rfogatar\u00e1ny\u00fa szennyez\u0151d\u00e9se is ak\u00e1r 10%-kal cs\u00f6kkentheti a h\u0171t\u00e9si kapacit\u00e1st. Ez a hat\u00e9konys\u00e1gvesztes\u00e9g nemcsak a villanysz\u00e1ml\u00e1t n\u00f6veli, hanem feleslegesen meg is terheli a rendszert. A v\u00e1kuumoz\u00e1s elt\u00e1vol\u00edtja a leveg\u0151t \u00e9s a nedvess\u00e9get, \u00edgy biztos\u00edtva, hogy a h\u0171t\u0151k\u00f6zeg megfelel\u0151en m\u0171k\u00f6dj\u00f6n \u00e9s fenntartsa az optim\u00e1lis hat\u00e9konys\u00e1got. <\/p><figure class=\"wp-block-image size-full is-resized\"><img decoding=\"async\" width=\"1065\" height=\"450\" src=\"https:\/\/www.slovklima.sk\/wp-content\/uploads\/2025\/04\/Vakuovacky-2.jpg\" alt=\"V\u00e1kuumszivatty\u00fak\" class=\"wp-image-14369\" style=\"width:1270px;height:auto\" srcset=\"https:\/\/www.slovklima.sk\/wp-content\/uploads\/2025\/04\/Vakuovacky-2.jpg 1065w, https:\/\/www.slovklima.sk\/wp-content\/uploads\/2025\/04\/Vakuovacky-2-400x169.jpg 400w, https:\/\/www.slovklima.sk\/wp-content\/uploads\/2025\/04\/Vakuovacky-2-768x325.jpg 768w, https:\/\/www.slovklima.sk\/wp-content\/uploads\/2025\/04\/Vakuovacky-2-430x182.jpg 430w, https:\/\/www.slovklima.sk\/wp-content\/uploads\/2025\/04\/Vakuovacky-2-700x296.jpg 700w, https:\/\/www.slovklima.sk\/wp-content\/uploads\/2025\/04\/Vakuovacky-2-150x63.jpg 150w\" sizes=\"(max-width: 1065px) 100vw, 1065px\" \/><\/figure><h2 class=\"wp-block-heading\">A h\u0171t\u0151rendszer v\u00e1kuumoz\u00e1s\u00e1nak elmulaszt\u00e1s\u00e1val j\u00e1r\u00f3 kock\u00e1zatok: Lefagy\u00e1s \u00e9s elz\u00e1r\u00f3d\u00e1s <\/h2><p>A h\u0171t\u0151rendszerekben a nedvess\u00e9g egy csendes ellens\u00e9g. Ha jelen van, alacsony nyom\u00e1son megfagyhat az elp\u00e1rologtat\u00f3 tekercsekben, ami a r\u00e9zcs\u00f6vek \u00e9s sz\u0171r\u0151k eldugul\u00e1s\u00e1hoz vezethet. Ezek az elz\u00e1r\u00f3d\u00e1sok megzavarj\u00e1k a l\u00e9g\u00e1raml\u00e1st \u00e9s a h\u0171t\u0151k\u00f6zeg kering\u00e9s\u00e9t, \u00edgy a rendszernek kem\u00e9nyebben kell dolgoznia, ami id\u0151 el\u0151tti meghib\u00e1sod\u00e1shoz vezethet. <\/p><p>A rendszer alapos v\u00e1kuumoz\u00e1sa elt\u00e1vol\u00edtja a nedvess\u00e9get, biztos\u00edtva ezzel a zavartalan m\u0171k\u00f6d\u00e9st, \u00e9s cs\u00f6kkenti a k\u00f6lts\u00e9ges jav\u00edt\u00e1sok kock\u00e1zat\u00e1t. <\/p><h2 class=\"wp-block-heading\">A korr\u00f3zi\u00f3 megel\u0151z\u00e9se <\/h2><p>A h\u0171t\u0151rendszerek fontos r\u00e9sz\u00e9t k\u00e9pezi az olaj, amely a mozg\u00f3 alkatr\u00e9szek ken\u00e9s\u00e9t szolg\u00e1lja. Sok rendszerben poli-vinil-\u00e9ter (PVE) olajat haszn\u00e1lnak, amely rendk\u00edv\u00fcl hat\u00e9kony, ugyanakkor higroszk\u00f3pos \u2013 vagyis k\u00f6nnyen mag\u00e1ba sz\u00edvja a nedvess\u00e9get. Amikor a nedvess\u00e9g keveredik a PVE olajjal, az savass\u00e1 v\u00e1lik, ami gyakran a rendszer fontos alkatr\u00e9szeinek korr\u00f3zi\u00f3j\u00e1hoz vezet. <\/p><p>A korr\u00f3zi\u00f3 k\u00fcl\u00f6n\u00f6sen a r\u00e9z alkatr\u00e9szeket k\u00e1ros\u00edtja, \u00e9s gyakran ahhoz a jelens\u00e9ghez vezet, hogy a r\u00e9zcs\u00f6vekben apr\u00f3 lyukak keletkeznek. Ez id\u0151vel h\u0171t\u0151k\u00f6zeg-sziv\u00e1rg\u00e1st \u00e9s a rendszer meghib\u00e1sod\u00e1s\u00e1t okozhatja. A v\u00e1kuumoz\u00e1s elt\u00e1vol\u00edtja a nedvess\u00e9get, megv\u00e9di a rendszert a korr\u00f3zi\u00f3t\u00f3l, \u00e9s meghosszabb\u00edtja az \u00e9lettartam\u00e1t. <\/p><h2 class=\"wp-block-heading\">\u00d6sszegz\u00e9s <\/h2><p>A h\u0171t\u0151rendszerek megfelel\u0151 karbantart\u00e1sa kulcsfontoss\u00e1g\u00fa ahhoz, hogy hat\u00e9konyan m\u0171k\u00f6djenek, energiatakar\u00e9kosak legyenek \u00e9s hossz\u00fa \u00e9lettartamot biztos\u00edtsanak. Ennek a karbantart\u00e1snak az egyik legkritikusabb eleme a v\u00e1kuumszivatty\u00fa helyes haszn\u00e1lata. Ez az eszk\u00f6z elt\u00e1vol\u00edtja a rendszerb\u0151l a nem k\u00edv\u00e1nt leveg\u0151t \u00e9s nedvess\u00e9get, megakad\u00e1lyozva ezzel a savk\u00e9pz\u0151d\u00e9st, a korr\u00f3zi\u00f3t \u00e9s az egy\u00e9b szennyez\u0151d\u00e9sek okozta k\u00e1rokat. A m\u00e9ly v\u00e1kuum el\u00e9r\u00e9se lehet\u0151v\u00e9 teszi a h\u0171t\u0151k\u00f6zeg \u00e9s az olaj szabad kering\u00e9s\u00e9t, ami elengedhetetlen a rendszer hat\u00e9kony \u00e9s biztons\u00e1gos m\u0171k\u00f6d\u00e9s\u00e9hez. <\/p><p>A v\u00e1kuumoz\u00e1s elhanyagol\u00e1sa nemcsak a h\u0171t\u00e9s hat\u00e9konys\u00e1g\u00e1t cs\u00f6kkenti, hanem s\u00falyos meghib\u00e1sod\u00e1sokhoz \u2013 p\u00e9ld\u00e1ul lefagy\u00e1shoz vagy elz\u00e1r\u00f3d\u00e1shoz \u2013 is vezethet. Ez\u00e9rt rendk\u00edv\u00fcl fontos, hogy a telep\u00edt\u00e9s sor\u00e1n min\u0151s\u00e9gi v\u00e1kuumszivatty\u00fat alkalmazzunk. Amennyiben professzion\u00e1lis v\u00e1kuumoz\u00f3 eszk\u00f6z\u00f6ket \u00e9s m\u00e1s, a h\u0171t\u0151rendszerek szerel\u00e9s\u00e9hez sz\u00fcks\u00e9ges felszerel\u00e9st keres, l\u00e1togasson el a <a href=\"https:\/\/www.slovklima.sk\/hu\/\">Slovklima<\/a> weboldal\u00e1ra, ahol sz\u00e9les v\u00e1laszt\u00e9kban tal\u00e1l kiv\u00e1l\u00f3 min\u0151s\u00e9g\u0171 term\u00e9keket, amelyek megk\u00f6nny\u00edtik a munk\u00e1j\u00e1t, \u00e9s biztos\u00edtj\u00e1k berendez\u00e9sei zavartalan m\u0171k\u00f6d\u00e9s\u00e9t. <\/p>","protected":false},"excerpt":{"rendered":"<p>A kl\u00edmarendszer v\u00e1kuumoz\u00e1sa vitathatatlanul kulcsfontoss\u00e1g\u00fa l\u00e9p\u00e9s a telep\u00edt\u00e9si folyamat sor\u00e1n. Biztos\u00edtja, hogy a rendszer maxim\u00e1lis hat\u00e9konys\u00e1ggal m\u0171k\u00f6dj\u00f6n, megel\u0151zi a hossz\u00fa<\/p>\n","protected":false},"author":472,"featured_media":14374,"comment_status":"closed","ping_status":"open","sticky":false,"template":"","format":"standard","meta":{"footnotes":""},"categories":[348],"tags":[],"table_tags":[],"class_list":["post-14408","post","type-post","status-publish","format-standard","has-post-thumbnail","hentry","category-hutes"],"yoast_head":"<!-- This site is optimized with the Yoast SEO plugin v24.3 - https:\/\/yoast.com\/wordpress\/plugins\/seo\/ -->\n<title>V\u00e1kuumszivatty\u00fak | SLOVKLIMA DEIMOS group, s.r.o.<\/title>\n<meta name=\"description\" content=\"V\u00e1kuumszivatty\u00fak \u2013 Mi\u00e9rt van r\u00e1juk sz\u00fcks\u00e9g a h\u0171t\u0151rendszerek telep\u00edt\u00e9sekor, \u00e9s hogyan biztos\u00edtj\u00e1k a rendszer hat\u00e9kony m\u0171k\u00f6d\u00e9s\u00e9t?\" \/>\n<meta name=\"robots\" content=\"index, follow, max-snippet:-1, max-image-preview:large, max-video-preview:-1\" \/>\n<link rel=\"canonical\" href=\"https:\/\/www.slovklima.sk\/hu\/blog\/vakuumszivattyuk-miert-elengedhetetlenek-a-hutorendszerek-beszerelesekor\/\" \/>\n<meta property=\"og:locale\" content=\"hu_HU\" \/>\n<meta property=\"og:type\" content=\"article\" \/>\n<meta property=\"og:title\" content=\"V\u00e1kuumszivatty\u00fak | SLOVKLIMA DEIMOS group, s.r.o.\" \/>\n<meta property=\"og:description\" content=\"V\u00e1kuumszivatty\u00fak \u2013 Mi\u00e9rt van r\u00e1juk sz\u00fcks\u00e9g a h\u0171t\u0151rendszerek telep\u00edt\u00e9sekor, \u00e9s hogyan biztos\u00edtj\u00e1k a rendszer hat\u00e9kony m\u0171k\u00f6d\u00e9s\u00e9t?\" \/>\n<meta property=\"og:url\" content=\"https:\/\/www.slovklima.sk\/hu\/blog\/vakuumszivattyuk-miert-elengedhetetlenek-a-hutorendszerek-beszerelesekor\/\" \/>\n<meta property=\"og:site_name\" content=\"SLOVKLIMA DEIMOS group, s.r.o.\" \/>\n<meta property=\"article:published_time\" content=\"2025-05-09T06:48:53+00:00\" \/>\n<meta property=\"article:modified_time\" content=\"2026-01-21T09:03:33+00:00\" \/>\n<meta property=\"og:image\" content=\"https:\/\/www.slovklima.sk\/wp-content\/uploads\/2025\/04\/Vakuovacky.jpg\" \/>\n\t<meta property=\"og:image:width\" content=\"1065\" \/>\n\t<meta property=\"og:image:height\" content=\"450\" \/>\n\t<meta property=\"og:image:type\" content=\"image\/jpeg\" \/>\n<meta name=\"author\" content=\"terlanda.peter\" \/>\n<meta name=\"twitter:card\" content=\"summary_large_image\" \/>\n<meta name=\"twitter:label1\" content=\"Szerz\u0151:\" \/>\n\t<meta name=\"twitter:data1\" content=\"terlanda.peter\" \/>\n\t<meta name=\"twitter:label2\" content=\"Becs\u00fclt olvas\u00e1si id\u0151\" \/>\n\t<meta name=\"twitter:data2\" content=\"5 perc\" \/>\n<script type=\"application\/ld+json\" class=\"yoast-schema-graph\">{\"@context\":\"https:\/\/schema.org\",\"@graph\":[{\"@type\":\"Article\",\"@id\":\"https:\/\/www.slovklima.sk\/hu\/blog\/vakuumszivattyuk-miert-elengedhetetlenek-a-hutorendszerek-beszerelesekor\/#article\",\"isPartOf\":{\"@id\":\"https:\/\/www.slovklima.sk\/hu\/blog\/vakuumszivattyuk-miert-elengedhetetlenek-a-hutorendszerek-beszerelesekor\/\"},\"author\":{\"name\":\"terlanda.peter\",\"@id\":\"https:\/\/www.slovklima.sk\/#\/schema\/person\/116018679a4b34af051bf066b527c539\"},\"headline\":\"V\u00e1kuumszivatty\u00fak: Mi\u00e9rt elengedhetetlenek a h\u0171t\u0151rendszerek beszerel\u00e9sekor?\",\"datePublished\":\"2025-05-09T06:48:53+00:00\",\"dateModified\":\"2026-01-21T09:03:33+00:00\",\"mainEntityOfPage\":{\"@id\":\"https:\/\/www.slovklima.sk\/hu\/blog\/vakuumszivattyuk-miert-elengedhetetlenek-a-hutorendszerek-beszerelesekor\/\"},\"wordCount\":1468,\"publisher\":{\"@id\":\"https:\/\/www.slovklima.sk\/#organization\"},\"image\":{\"@id\":\"https:\/\/www.slovklima.sk\/hu\/blog\/vakuumszivattyuk-miert-elengedhetetlenek-a-hutorendszerek-beszerelesekor\/#primaryimage\"},\"thumbnailUrl\":\"https:\/\/www.slovklima.sk\/wp-content\/uploads\/2025\/04\/Vakuovacky.jpg\",\"articleSection\":[\"H\u0171t\u00e9s\"],\"inLanguage\":\"hu\"},{\"@type\":\"WebPage\",\"@id\":\"https:\/\/www.slovklima.sk\/hu\/blog\/vakuumszivattyuk-miert-elengedhetetlenek-a-hutorendszerek-beszerelesekor\/\",\"url\":\"https:\/\/www.slovklima.sk\/hu\/blog\/vakuumszivattyuk-miert-elengedhetetlenek-a-hutorendszerek-beszerelesekor\/\",\"name\":\"V\u00e1kuumszivatty\u00fak | SLOVKLIMA DEIMOS group, s.r.o.\",\"isPartOf\":{\"@id\":\"https:\/\/www.slovklima.sk\/#website\"},\"primaryImageOfPage\":{\"@id\":\"https:\/\/www.slovklima.sk\/hu\/blog\/vakuumszivattyuk-miert-elengedhetetlenek-a-hutorendszerek-beszerelesekor\/#primaryimage\"},\"image\":{\"@id\":\"https:\/\/www.slovklima.sk\/hu\/blog\/vakuumszivattyuk-miert-elengedhetetlenek-a-hutorendszerek-beszerelesekor\/#primaryimage\"},\"thumbnailUrl\":\"https:\/\/www.slovklima.sk\/wp-content\/uploads\/2025\/04\/Vakuovacky.jpg\",\"datePublished\":\"2025-05-09T06:48:53+00:00\",\"dateModified\":\"2026-01-21T09:03:33+00:00\",\"description\":\"V\u00e1kuumszivatty\u00fak \u2013 Mi\u00e9rt van r\u00e1juk sz\u00fcks\u00e9g a h\u0171t\u0151rendszerek telep\u00edt\u00e9sekor, \u00e9s hogyan biztos\u00edtj\u00e1k a rendszer hat\u00e9kony m\u0171k\u00f6d\u00e9s\u00e9t?\",\"breadcrumb\":{\"@id\":\"https:\/\/www.slovklima.sk\/hu\/blog\/vakuumszivattyuk-miert-elengedhetetlenek-a-hutorendszerek-beszerelesekor\/#breadcrumb\"},\"inLanguage\":\"hu\",\"potentialAction\":[{\"@type\":\"ReadAction\",\"target\":[\"https:\/\/www.slovklima.sk\/hu\/blog\/vakuumszivattyuk-miert-elengedhetetlenek-a-hutorendszerek-beszerelesekor\/\"]}]},{\"@type\":\"ImageObject\",\"inLanguage\":\"hu\",\"@id\":\"https:\/\/www.slovklima.sk\/hu\/blog\/vakuumszivattyuk-miert-elengedhetetlenek-a-hutorendszerek-beszerelesekor\/#primaryimage\",\"url\":\"https:\/\/www.slovklima.sk\/wp-content\/uploads\/2025\/04\/Vakuovacky.jpg\",\"contentUrl\":\"https:\/\/www.slovklima.sk\/wp-content\/uploads\/2025\/04\/Vakuovacky.jpg\",\"width\":1065,\"height\":450,\"caption\":\"V\u00e1kuumszivatty\u00fak\"},{\"@type\":\"BreadcrumbList\",\"@id\":\"https:\/\/www.slovklima.sk\/hu\/blog\/vakuumszivattyuk-miert-elengedhetetlenek-a-hutorendszerek-beszerelesekor\/#breadcrumb\",\"itemListElement\":[{\"@type\":\"ListItem\",\"position\":1,\"name\":\"Domovsk\u00e1 str\u00e1nka\",\"item\":\"https:\/\/www.slovklima.sk\/hu\/\"},{\"@type\":\"ListItem\",\"position\":2,\"name\":\"V\u00e1kuumszivatty\u00fak: Mi\u00e9rt elengedhetetlenek a h\u0171t\u0151rendszerek beszerel\u00e9sekor?\"}]},{\"@type\":\"WebSite\",\"@id\":\"https:\/\/www.slovklima.sk\/#website\",\"url\":\"https:\/\/www.slovklima.sk\/\",\"name\":\"SLOVKLIMA DEIMOS group, s.r.o.\",\"description\":\"\",\"publisher\":{\"@id\":\"https:\/\/www.slovklima.sk\/#organization\"},\"alternateName\":\"SLOVKLIMA\",\"potentialAction\":[{\"@type\":\"SearchAction\",\"target\":{\"@type\":\"EntryPoint\",\"urlTemplate\":\"https:\/\/www.slovklima.sk\/?s={search_term_string}\"},\"query-input\":{\"@type\":\"PropertyValueSpecification\",\"valueRequired\":true,\"valueName\":\"search_term_string\"}}],\"inLanguage\":\"hu\"},{\"@type\":\"Organization\",\"@id\":\"https:\/\/www.slovklima.sk\/#organization\",\"name\":\"SLOVKLIMA DEIMOS group, s.r.o.\",\"alternateName\":\"SLOVKLIMA\",\"url\":\"https:\/\/www.slovklima.sk\/\",\"logo\":{\"@type\":\"ImageObject\",\"inLanguage\":\"hu\",\"@id\":\"https:\/\/www.slovklima.sk\/#\/schema\/logo\/image\/\",\"url\":\"https:\/\/www.slovklima.sk\/wp-content\/uploads\/2022\/12\/slovklima-logo-black.svg\",\"contentUrl\":\"https:\/\/www.slovklima.sk\/wp-content\/uploads\/2022\/12\/slovklima-logo-black.svg\",\"width\":3218,\"height\":698,\"caption\":\"SLOVKLIMA DEIMOS group, s.r.o.\"},\"image\":{\"@id\":\"https:\/\/www.slovklima.sk\/#\/schema\/logo\/image\/\"}},{\"@type\":\"Person\",\"@id\":\"https:\/\/www.slovklima.sk\/#\/schema\/person\/116018679a4b34af051bf066b527c539\",\"name\":\"terlanda.peter\",\"image\":{\"@type\":\"ImageObject\",\"inLanguage\":\"hu\",\"@id\":\"https:\/\/www.slovklima.sk\/#\/schema\/person\/image\/\",\"url\":\"https:\/\/secure.gravatar.com\/avatar\/b022cc3ca0fc64964f410b12966d5772a852c461ebad9ff60247ddab8bafe8db?s=96&d=mm&r=g\",\"contentUrl\":\"https:\/\/secure.gravatar.com\/avatar\/b022cc3ca0fc64964f410b12966d5772a852c461ebad9ff60247ddab8bafe8db?s=96&d=mm&r=g\",\"caption\":\"terlanda.peter\"}}]}<\/script>\n<!-- \/ Yoast SEO plugin. -->","yoast_head_json":{"title":"V\u00e1kuumszivatty\u00fak | SLOVKLIMA DEIMOS group, s.r.o.","description":"V\u00e1kuumszivatty\u00fak \u2013 Mi\u00e9rt van r\u00e1juk sz\u00fcks\u00e9g a h\u0171t\u0151rendszerek telep\u00edt\u00e9sekor, \u00e9s hogyan biztos\u00edtj\u00e1k a rendszer hat\u00e9kony m\u0171k\u00f6d\u00e9s\u00e9t?","robots":{"index":"index","follow":"follow","max-snippet":"max-snippet:-1","max-image-preview":"max-image-preview:large","max-video-preview":"max-video-preview:-1"},"canonical":"https:\/\/www.slovklima.sk\/hu\/blog\/vakuumszivattyuk-miert-elengedhetetlenek-a-hutorendszerek-beszerelesekor\/","og_locale":"hu_HU","og_type":"article","og_title":"V\u00e1kuumszivatty\u00fak | SLOVKLIMA DEIMOS group, s.r.o.","og_description":"V\u00e1kuumszivatty\u00fak \u2013 Mi\u00e9rt van r\u00e1juk sz\u00fcks\u00e9g a h\u0171t\u0151rendszerek telep\u00edt\u00e9sekor, \u00e9s hogyan biztos\u00edtj\u00e1k a rendszer hat\u00e9kony m\u0171k\u00f6d\u00e9s\u00e9t?","og_url":"https:\/\/www.slovklima.sk\/hu\/blog\/vakuumszivattyuk-miert-elengedhetetlenek-a-hutorendszerek-beszerelesekor\/","og_site_name":"SLOVKLIMA DEIMOS group, s.r.o.","article_published_time":"2025-05-09T06:48:53+00:00","article_modified_time":"2026-01-21T09:03:33+00:00","og_image":[{"width":1065,"height":450,"url":"https:\/\/www.slovklima.sk\/wp-content\/uploads\/2025\/04\/Vakuovacky.jpg","type":"image\/jpeg"}],"author":"terlanda.peter","twitter_card":"summary_large_image","twitter_misc":{"Szerz\u0151:":"terlanda.peter","Becs\u00fclt olvas\u00e1si id\u0151":"5 perc"},"schema":{"@context":"https:\/\/schema.org","@graph":[{"@type":"Article","@id":"https:\/\/www.slovklima.sk\/hu\/blog\/vakuumszivattyuk-miert-elengedhetetlenek-a-hutorendszerek-beszerelesekor\/#article","isPartOf":{"@id":"https:\/\/www.slovklima.sk\/hu\/blog\/vakuumszivattyuk-miert-elengedhetetlenek-a-hutorendszerek-beszerelesekor\/"},"author":{"name":"terlanda.peter","@id":"https:\/\/www.slovklima.sk\/#\/schema\/person\/116018679a4b34af051bf066b527c539"},"headline":"V\u00e1kuumszivatty\u00fak: Mi\u00e9rt elengedhetetlenek a h\u0171t\u0151rendszerek beszerel\u00e9sekor?","datePublished":"2025-05-09T06:48:53+00:00","dateModified":"2026-01-21T09:03:33+00:00","mainEntityOfPage":{"@id":"https:\/\/www.slovklima.sk\/hu\/blog\/vakuumszivattyuk-miert-elengedhetetlenek-a-hutorendszerek-beszerelesekor\/"},"wordCount":1468,"publisher":{"@id":"https:\/\/www.slovklima.sk\/#organization"},"image":{"@id":"https:\/\/www.slovklima.sk\/hu\/blog\/vakuumszivattyuk-miert-elengedhetetlenek-a-hutorendszerek-beszerelesekor\/#primaryimage"},"thumbnailUrl":"https:\/\/www.slovklima.sk\/wp-content\/uploads\/2025\/04\/Vakuovacky.jpg","articleSection":["H\u0171t\u00e9s"],"inLanguage":"hu"},{"@type":"WebPage","@id":"https:\/\/www.slovklima.sk\/hu\/blog\/vakuumszivattyuk-miert-elengedhetetlenek-a-hutorendszerek-beszerelesekor\/","url":"https:\/\/www.slovklima.sk\/hu\/blog\/vakuumszivattyuk-miert-elengedhetetlenek-a-hutorendszerek-beszerelesekor\/","name":"V\u00e1kuumszivatty\u00fak | SLOVKLIMA DEIMOS group, s.r.o.","isPartOf":{"@id":"https:\/\/www.slovklima.sk\/#website"},"primaryImageOfPage":{"@id":"https:\/\/www.slovklima.sk\/hu\/blog\/vakuumszivattyuk-miert-elengedhetetlenek-a-hutorendszerek-beszerelesekor\/#primaryimage"},"image":{"@id":"https:\/\/www.slovklima.sk\/hu\/blog\/vakuumszivattyuk-miert-elengedhetetlenek-a-hutorendszerek-beszerelesekor\/#primaryimage"},"thumbnailUrl":"https:\/\/www.slovklima.sk\/wp-content\/uploads\/2025\/04\/Vakuovacky.jpg","datePublished":"2025-05-09T06:48:53+00:00","dateModified":"2026-01-21T09:03:33+00:00","description":"V\u00e1kuumszivatty\u00fak \u2013 Mi\u00e9rt van r\u00e1juk sz\u00fcks\u00e9g a h\u0171t\u0151rendszerek telep\u00edt\u00e9sekor, \u00e9s hogyan biztos\u00edtj\u00e1k a rendszer hat\u00e9kony m\u0171k\u00f6d\u00e9s\u00e9t?","breadcrumb":{"@id":"https:\/\/www.slovklima.sk\/hu\/blog\/vakuumszivattyuk-miert-elengedhetetlenek-a-hutorendszerek-beszerelesekor\/#breadcrumb"},"inLanguage":"hu","potentialAction":[{"@type":"ReadAction","target":["https:\/\/www.slovklima.sk\/hu\/blog\/vakuumszivattyuk-miert-elengedhetetlenek-a-hutorendszerek-beszerelesekor\/"]}]},{"@type":"ImageObject","inLanguage":"hu","@id":"https:\/\/www.slovklima.sk\/hu\/blog\/vakuumszivattyuk-miert-elengedhetetlenek-a-hutorendszerek-beszerelesekor\/#primaryimage","url":"https:\/\/www.slovklima.sk\/wp-content\/uploads\/2025\/04\/Vakuovacky.jpg","contentUrl":"https:\/\/www.slovklima.sk\/wp-content\/uploads\/2025\/04\/Vakuovacky.jpg","width":1065,"height":450,"caption":"V\u00e1kuumszivatty\u00fak"},{"@type":"BreadcrumbList","@id":"https:\/\/www.slovklima.sk\/hu\/blog\/vakuumszivattyuk-miert-elengedhetetlenek-a-hutorendszerek-beszerelesekor\/#breadcrumb","itemListElement":[{"@type":"ListItem","position":1,"name":"Domovsk\u00e1 str\u00e1nka","item":"https:\/\/www.slovklima.sk\/hu\/"},{"@type":"ListItem","position":2,"name":"V\u00e1kuumszivatty\u00fak: Mi\u00e9rt elengedhetetlenek a h\u0171t\u0151rendszerek beszerel\u00e9sekor?"}]},{"@type":"WebSite","@id":"https:\/\/www.slovklima.sk\/#website","url":"https:\/\/www.slovklima.sk\/","name":"SLOVKLIMA DEIMOS group, s.r.o.","description":"","publisher":{"@id":"https:\/\/www.slovklima.sk\/#organization"},"alternateName":"SLOVKLIMA","potentialAction":[{"@type":"SearchAction","target":{"@type":"EntryPoint","urlTemplate":"https:\/\/www.slovklima.sk\/?s={search_term_string}"},"query-input":{"@type":"PropertyValueSpecification","valueRequired":true,"valueName":"search_term_string"}}],"inLanguage":"hu"},{"@type":"Organization","@id":"https:\/\/www.slovklima.sk\/#organization","name":"SLOVKLIMA DEIMOS group, s.r.o.","alternateName":"SLOVKLIMA","url":"https:\/\/www.slovklima.sk\/","logo":{"@type":"ImageObject","inLanguage":"hu","@id":"https:\/\/www.slovklima.sk\/#\/schema\/logo\/image\/","url":"https:\/\/www.slovklima.sk\/wp-content\/uploads\/2022\/12\/slovklima-logo-black.svg","contentUrl":"https:\/\/www.slovklima.sk\/wp-content\/uploads\/2022\/12\/slovklima-logo-black.svg","width":3218,"height":698,"caption":"SLOVKLIMA DEIMOS group, s.r.o."},"image":{"@id":"https:\/\/www.slovklima.sk\/#\/schema\/logo\/image\/"}},{"@type":"Person","@id":"https:\/\/www.slovklima.sk\/#\/schema\/person\/116018679a4b34af051bf066b527c539","name":"terlanda.peter","image":{"@type":"ImageObject","inLanguage":"hu","@id":"https:\/\/www.slovklima.sk\/#\/schema\/person\/image\/","url":"https:\/\/secure.gravatar.com\/avatar\/b022cc3ca0fc64964f410b12966d5772a852c461ebad9ff60247ddab8bafe8db?s=96&d=mm&r=g","contentUrl":"https:\/\/secure.gravatar.com\/avatar\/b022cc3ca0fc64964f410b12966d5772a852c461ebad9ff60247ddab8bafe8db?s=96&d=mm&r=g","caption":"terlanda.peter"}}]}},"_links":{"self":[{"href":"https:\/\/www.slovklima.sk\/hu\/wp-json\/wp\/v2\/posts\/14408","targetHints":{"allow":["GET"]}}],"collection":[{"href":"https:\/\/www.slovklima.sk\/hu\/wp-json\/wp\/v2\/posts"}],"about":[{"href":"https:\/\/www.slovklima.sk\/hu\/wp-json\/wp\/v2\/types\/post"}],"author":[{"embeddable":true,"href":"https:\/\/www.slovklima.sk\/hu\/wp-json\/wp\/v2\/users\/472"}],"replies":[{"embeddable":true,"href":"https:\/\/www.slovklima.sk\/hu\/wp-json\/wp\/v2\/comments?post=14408"}],"version-history":[{"count":1,"href":"https:\/\/www.slovklima.sk\/hu\/wp-json\/wp\/v2\/posts\/14408\/revisions"}],"predecessor-version":[{"id":19850,"href":"https:\/\/www.slovklima.sk\/hu\/wp-json\/wp\/v2\/posts\/14408\/revisions\/19850"}],"wp:featuredmedia":[{"embeddable":true,"href":"https:\/\/www.slovklima.sk\/hu\/wp-json\/wp\/v2\/media\/14374"}],"wp:attachment":[{"href":"https:\/\/www.slovklima.sk\/hu\/wp-json\/wp\/v2\/media?parent=14408"}],"wp:term":[{"taxonomy":"category","embeddable":true,"href":"https:\/\/www.slovklima.sk\/hu\/wp-json\/wp\/v2\/categories?post=14408"},{"taxonomy":"post_tag","embeddable":true,"href":"https:\/\/www.slovklima.sk\/hu\/wp-json\/wp\/v2\/tags?post=14408"},{"taxonomy":"table_tags","embeddable":true,"href":"https:\/\/www.slovklima.sk\/hu\/wp-json\/wp\/v2\/table_tags?post=14408"}],"curies":[{"name":"wp","href":"https:\/\/api.w.org\/{rel}","templated":true}]}}