{"id":14406,"date":"2025-05-14T08:40:43","date_gmt":"2025-05-14T06:40:43","guid":{"rendered":"https:\/\/www.slovklima.sk\/?p=14406"},"modified":"2026-01-21T10:03:33","modified_gmt":"2026-01-21T09:03:33","slug":"bitzer-kompresszor-a-megbizhatosag-garanciaja-a-modern-hutorendszerekhez","status":"publish","type":"post","link":"https:\/\/www.slovklima.sk\/hu\/blog\/bitzer-kompresszor-a-megbizhatosag-garanciaja-a-modern-hutorendszerekhez\/","title":{"rendered":"Bitzer kompresszor: A megb\u00edzhat\u00f3s\u00e1g garanci\u00e1ja a modern h\u0171t\u0151rendszerekhez"},"content":{"rendered":"<p><strong>Az ipari h\u0171t\u0151rendszerek kulcsszerepet j\u00e1tszanak olyan \u00e1gazatokban, mint p\u00e9ld\u00e1ul az \u00e9lelmiszer-feldolgoz\u00e1s. Ezeknek a rendszereknek a k\u00f6z\u00e9ppontj\u00e1ban egy l\u00e9tfontoss\u00e1g\u00fa alkatr\u00e9sz \u00e1ll \u2013 a h\u0171t\u0151kompresszor. A Bitzer, a h\u0171t\u0151ipar egyik vezet\u0151 m\u00e1rk\u00e1ja, rendk\u00edv\u00fcl megb\u00edzhat\u00f3 \u00e9s hat\u00e9kony ipari h\u0171t\u0151kompresszorokat k\u00edn\u00e1l, amelyek vil\u00e1gszerte h\u00edresek min\u0151s\u00e9g\u00fckr\u0151l. Vizsg\u00e1ljuk meg k\u00f6zelebbr\u0151l a technol\u00f3gi\u00e1jukat, el\u0151nyeiket, \u00e9s n\u00e9zz\u00fck meg, mi\u00e9rt jelentenek kiv\u00e1l\u00f3 v\u00e1laszt\u00e1st az ipari h\u0171t\u00e9si megold\u00e1sokhoz.<\/strong> <\/p><p>A Bitzer h\u0171t\u0151kompresszorok magas hat\u00e1sfokukr\u00f3l, tart\u00f3ss\u00e1gukr\u00f3l \u00e9s k\u00f6rnyezetbar\u00e1t megold\u00e1saikr\u00f3l ismertek, \u00edgy ide\u00e1lis v\u00e1laszt\u00e1st jelentenek azoknak a v\u00e1llalkoz\u00e1soknak, amelyek optimaliz\u00e1lni szeretn\u00e9k h\u0171t\u0151rendszereiket. N\u00e9zz\u00fck meg k\u00f6zelebbr\u0151l azokat a kulcsfontoss\u00e1g\u00fa jellemz\u0151ket, amelyek r\u00e9v\u00e9n a Bitzer kompresszorok kiemelkednek ezen a ter\u00fcleten. <\/p><h2 class=\"wp-block-heading\">Cs\u00facstechnol\u00f3gia \u00e9s sokoldal\u00fa felhaszn\u00e1lhat\u00f3s\u00e1g <\/h2><p>A Bitzer olyan kompresszorokat k\u00edn\u00e1l, amelyeket \u00fagy terveztek, hogy megfeleljenek a legk\u00fcl\u00f6nf\u00e9l\u00e9bb ipari alkalmaz\u00e1soknak. Legyen sz\u00f3 kis h\u0171t\u0151rendszerr\u0151l vagy nagy ipari h\u0171t\u00e9sr\u0151l, a Bitzer kompresszorok rendk\u00edv\u00fcl j\u00f3l testreszabhat\u00f3k \u00e9s kombin\u00e1lhat\u00f3k. A kompresszorok sz\u00e9les v\u00e1laszt\u00e9ka lehet\u0151v\u00e9 teszi, hogy a v\u00e1llalkoz\u00e1sok pontosan olyan megold\u00e1st v\u00e1lasszanak, amely t\u00f6k\u00e9letesen illeszkedik egyedi ig\u00e9nyeikhez, \u00e9s optim\u00e1lis teljes\u00edtm\u00e9nyt biztos\u00edt az adott berendez\u00e9sek sz\u00e1m\u00e1ra. <\/p><p>A Bitzer k\u00edn\u00e1lat\u00e1ban megtal\u00e1lhat\u00f3k dugatty\u00fas, csavarors\u00f3s kompresszorok, valamint nyitott hajt\u00e1s\u00fa egys\u00e9gek is. Ezek a kompresszorok kiv\u00e1l\u00f3an alkalmasak \u00e9lelmiszergy\u00e1rt\u00e1sban, logisztik\u00e1ban, szupermarketek h\u0171t\u00e9s\u00e9ben, l\u00e9gkondicion\u00e1l\u00e1sban \u00e9s sz\u00e1mos egy\u00e9b ter\u00fcleten t\u00f6rt\u00e9n\u0151 felhaszn\u00e1l\u00e1sra. <\/p><h2 class=\"wp-block-heading\">Magas fok\u00fa hat\u00e9konys\u00e1g <\/h2><p>Az energiahat\u00e9konys\u00e1g a modern h\u0171t\u0151rendszerek egyik legfontosabb szempontja. A v\u00e1llalatokra nehezed\u0151 egyre nagyobb nyom\u00e1s miatt \u2013 miszerint cs\u00f6kkenteni\u00fck kell az energiafogyaszt\u00e1st \u00e9s a k\u00f6lts\u00e9geket \u2013 a Bitzer kompresszorok kiemelked\u0151 hat\u00e9konys\u00e1got ny\u00fajtanak an\u00e9lk\u00fcl, hogy ez a teljes\u00edtm\u00e9ny rov\u00e1s\u00e1ra menne. <\/p><p>Ezeket a kompresszorokat \u00fagy tervezt\u00e9k, hogy fejlett technol\u00f3gi\u00e1juk r\u00e9v\u00e9n minimaliz\u00e1lj\u00e1k az energiafogyaszt\u00e1st. Ez term\u00e9szetesen cs\u00f6kkenti az \u00fczemeltet\u00e9si k\u00f6lts\u00e9geket, emellett pedig hozz\u00e1j\u00e1rul a sz\u00e9n-dioxid-kibocs\u00e1t\u00e1s m\u00e9rs\u00e9kl\u00e9s\u00e9hez is. A Bitzer kompresszorok \u00edgy fenntarthat\u00f3bb h\u0171t\u00e9si megold\u00e1sokat k\u00edn\u00e1lnak. <\/p><h2 class=\"wp-block-heading\">Tart\u00f3s kialak\u00edt\u00e1sra tervezve <\/h2><p>A megb\u00edzhat\u00f3s\u00e1g \u00e9s a hossz\u00fa \u00e9lettartam kulcsfontoss\u00e1g\u00fa t\u00e9nyez\u0151k az ipari h\u0171t\u0151rendszerek eset\u00e9ben, hiszen a meghib\u00e1sod\u00e1sok k\u00f6lts\u00e9ges le\u00e1ll\u00e1sokat \u00e9s t\u00f6nkrement term\u00e9keket eredm\u00e9nyezhetnek. A Bitzer kompresszorokat \u00fagy tervezt\u00e9k, hogy ellen\u00e1lljanak a megterhel\u0151 k\u00f6rnyezeti hat\u00e1soknak \u00e9s a folyamatos m\u0171k\u00f6d\u00e9snek, ez\u00e1ltal biztos\u00edtva a h\u0171t\u0151rendszer zavartalan, hossz\u00fa t\u00e1v\u00fa m\u0171k\u00f6d\u00e9s\u00e9t. <\/p><p>A kiv\u00e1l\u00f3 min\u0151s\u00e9g\u0171 anyagoknak \u00e9s a massz\u00edv kialak\u00edt\u00e1snak k\u00f6sz\u00f6nhet\u0151en ezek a kompresszorok m\u00e9g extr\u00e9m k\u00f6r\u00fclm\u00e9nyek k\u00f6z\u00f6tt is hat\u00e9konyan m\u0171k\u00f6dnek, mik\u00f6zben cs\u00f6kkentik a gyakori karbantart\u00e1s sz\u00fcks\u00e9gess\u00e9g\u00e9t. <\/p><figure class=\"wp-block-image size-full is-resized\"><img decoding=\"async\" width=\"1065\" height=\"450\" src=\"https:\/\/www.slovklima.sk\/wp-content\/uploads\/2025\/04\/Bitzer-kompresor.jpg\" alt=\"Bitzer kompresszor\" class=\"wp-image-14351\" style=\"width:1270px;height:auto\" srcset=\"https:\/\/www.slovklima.sk\/wp-content\/uploads\/2025\/04\/Bitzer-kompresor.jpg 1065w, https:\/\/www.slovklima.sk\/wp-content\/uploads\/2025\/04\/Bitzer-kompresor-400x169.jpg 400w, https:\/\/www.slovklima.sk\/wp-content\/uploads\/2025\/04\/Bitzer-kompresor-768x325.jpg 768w, https:\/\/www.slovklima.sk\/wp-content\/uploads\/2025\/04\/Bitzer-kompresor-430x182.jpg 430w, https:\/\/www.slovklima.sk\/wp-content\/uploads\/2025\/04\/Bitzer-kompresor-700x296.jpg 700w, https:\/\/www.slovklima.sk\/wp-content\/uploads\/2025\/04\/Bitzer-kompresor-150x63.jpg 150w\" sizes=\"(max-width: 1065px) 100vw, 1065px\" \/><\/figure><h2 class=\"wp-block-heading\">Els\u0151 a k\u00f6rnyezetv\u00e9delem <\/h2><p>A h\u0171t\u00e9stechnika ter\u00fclet\u00e9n az ut\u00f3bbi \u00e9vekben egyre nagyobb hangs\u00falyt kap a fenntarthat\u00f3s\u00e1g. A Bitzer kompresszorok ezen a t\u00e9ren is kiemelkednek: nagy hangs\u00falyt fektetnek a min\u0151s\u00e9gi \u00e9s k\u00f6rnyezetbar\u00e1t kialak\u00edt\u00e1sra. A v\u00e1llalat el\u0151nyben r\u00e9szes\u00edti az olyan h\u0171t\u0151k\u00f6zegek haszn\u00e1lat\u00e1t, amelyek \u00e1ltal\u00e1noss\u00e1gban kev\u00e9sb\u00e9 k\u00e1rosak. Ezek a h\u0171t\u0151k\u00f6zegek sokkal biztons\u00e1gosabbak a k\u00f6rnyezetre n\u00e9zve, mint a hagyom\u00e1nyos h\u0171t\u0151k\u00f6zegek, amelyeket a r\u00e9gebbi rendszerek haszn\u00e1lnak. <\/p><p>A k\u00f6rnyezetbar\u00e1t h\u0171t\u0151k\u00f6zegek alkalmaz\u00e1sa r\u00e9v\u00e9n a Bitzer kompresszorok hozz\u00e1j\u00e1rulnak az \u00fcvegh\u00e1zhat\u00e1s\u00fa g\u00e1zok kibocs\u00e1t\u00e1s\u00e1nak glob\u00e1lis cs\u00f6kkent\u00e9s\u00e9hez, \u00edgy kiv\u00e1l\u00f3 v\u00e1laszt\u00e1st jelentenek azoknak a v\u00e1llalkoz\u00e1soknak, amelyek fenntarthat\u00f3bb m\u0171k\u00f6d\u00e9sre t\u00f6rekszenek. A Bitzer kompresszorokat r\u00e1ad\u00e1sul \u00fagy tervezt\u00e9k, hogy t\u00f6bbf\u00e9le h\u0171t\u0151k\u00f6zeggel is kompatibilisek legyenek, lehet\u0151v\u00e9 t\u00e9ve a v\u00e1llalkoz\u00e1sok sz\u00e1m\u00e1ra, hogy kiv\u00e1lassz\u00e1k a sz\u00e1mukra legmegfelel\u0151bb megold\u00e1st, mik\u00f6zben megfelelnek a k\u00f6rnyezetv\u00e9delmi el\u0151\u00edr\u00e1soknak. <\/p><p>Ezen fel\u00fcl a Bitzer folyamatosan inveszt\u00e1l a kutat\u00e1s-fejleszt\u00e9sbe. Ez azt jelenti, hogy a v\u00e1llalat folyamatosan dolgozik azon, hogy kompresszorai m\u00e9g hat\u00e9konyabban, megb\u00edzhat\u00f3bban \u00e9s k\u00f6rnyezetk\u00edm\u00e9l\u0151bben m\u0171k\u00f6djenek. A m\u00e9rn\u00f6ki csapat f\u00e1radhatatlanul dolgozik azon, hogy \u00faj rendszereket fejlesszen, alkatr\u00e9szeket t\u00f6k\u00e9letes\u00edtsen \u00e9s a vez\u00e9rl\u00e9st m\u00e9g fejlettebb\u00e9 tegye. <\/p><h2 class=\"wp-block-heading\">H\u00e1rom ok, ami\u00e9rt \u00e9rdemes megfontolni a Bitzer kompresszorokat <\/h2><p>Az els\u0151 ok az, hogy a Bitzer kompresszorok rendk\u00edv\u00fcl egyszer\u0171en kezelhet\u0151k \u00e9s karbantart\u00e1suk is k\u00f6nny\u0171. Csup\u00e1n az alapvet\u0151 karbantart\u00e1si rutin betart\u00e1sa sz\u00fcks\u00e9ges. Ha probl\u00e9ma mer\u00fcl fel, azt \u00e1ltal\u00e1ban k\u00f6nny\u0171 beazonos\u00edtani \u00e9s egyszer\u0171en orvosolni. <\/p><p>A m\u00e1sodik ok az egyes alkatr\u00e9szek kiemelked\u0151 \u00e9lettartama. A kiv\u00e1l\u00f3 min\u0151s\u00e9g\u0171 bels\u0151 alkatr\u00e9szeknek k\u00f6sz\u00f6nhet\u0151en a Bitzer kompresszorok nagyon ritk\u00e1n hib\u00e1sodnak meg. Ha m\u00e9gis el\u0151fordul egy v\u00e1ratlan helyzet, p\u00e9ld\u00e1ul egy alkatr\u00e9sz meghib\u00e1sodik vagy megs\u00e9r\u00fcl, a Bitzer rendszerek akkor is hat\u00e9konyan k\u00e9pesek m\u0171k\u00f6dni kev\u00e9sb\u00e9 ide\u00e1lis k\u00f6r\u00fclm\u00e9nyek k\u00f6z\u00f6tt is. <\/p><p>Az utols\u00f3 ok a megb\u00edzhat\u00f3s\u00e1g. A Bitzer kompresszorok az els\u0151k k\u00f6z\u00f6tt voltak, amelyek fejlett szoftverrel lettek felszerelve. Sz\u00e1mos modell\u00fck intelligens \u00f6ndiagnosztikai rendszerrel rendelkezik, amely tov\u00e1bb n\u00f6veli a m\u0171k\u00f6d\u00e9s biztons\u00e1g\u00e1t \u00e9s hat\u00e9konys\u00e1g\u00e1t. <\/p><h2 class=\"wp-block-heading\">Bitzer kompresszorok a gyakorlatban <\/h2><p>A Bitzer h\u0171t\u0151kompresszorok alapvet\u0151 alkatr\u00e9szei sz\u00e1mos ipari h\u0171t\u0151rendszernek. Leggyakrabban az \u00e9lelmiszeriparban haszn\u00e1lj\u00e1k \u0151ket, ahol kiemelten fontos a megfelel\u0151 h\u0151m\u00e9rs\u00e9klet biztos\u00edt\u00e1sa a term\u00e9kek min\u0151s\u00e9g\u00e9nek \u00e9s frissess\u00e9g\u00e9nek meg\u0151rz\u00e9s\u00e9hez. A Bitzer kompresszorok megb\u00edzhat\u00f3s\u00e1ga \u00e9s hat\u00e9konys\u00e1ga seg\u00edti az \u00e9lelmiszergy\u00e1rt\u00f3kat \u00e9s forgalmaz\u00f3kat abban, hogy kiv\u00e1l\u00f3 min\u0151s\u00e9g\u0171 term\u00e9keket \u00e1ll\u00edtsanak el\u0151 \u00e9s szigor\u00fa higi\u00e9niai, valamint biztons\u00e1gi el\u0151\u00edr\u00e1soknak is megfeleljenek. Ezeket a kompresszorokat \u00fagy tervezt\u00e9k, hogy nagy rendszerekben is \u00e1lland\u00f3 h\u0151m\u00e9rs\u00e9kletet tartsanak fenn, \u00edgy ide\u00e1lisak \u00e9lelmiszer-feldolgoz\u00f3 \u00fczemekbe, h\u0171t\u0151rakt\u00e1rakba \u00e9s h\u0171t\u00f6tt sz\u00e1ll\u00edt\u00e1sra is. <\/p><p>Ezen t\u00falmen\u0151en a kompresszorokat gyakran alkalmazz\u00e1k kl\u00edmaberendez\u00e9sekben, szupermarketek h\u0171t\u0151rendszereiben, s\u0151t az aut\u00f3iparban is. Felhaszn\u00e1l\u00e1si lehet\u0151s\u00e9geik teh\u00e1t rendk\u00edv\u00fcl sokr\u00e9t\u0171ek. <\/p><h2 class=\"wp-block-heading\">\u00d6sszegz\u00e9s <\/h2><p>A Bitzer h\u0171t\u0151kompresszorok m\u00e9lt\u00e1n v\u00e1ltak az ipari h\u0171t\u00e9s egyik legmegb\u00edzhat\u00f3bb nev\u00e9v\u00e9. Az energiahat\u00e9konys\u00e1g, a k\u00f6rnyezeti fenntarthat\u00f3s\u00e1g \u00e9s a fejlett technol\u00f3gi\u00e1k ir\u00e1nti elk\u00f6telezetts\u00e9g r\u00e9v\u00e9n a Bitzer tov\u00e1bbra is meghat\u00e1roz\u00f3 szerepl\u0151 a h\u0171t\u00e9stechnikai \u00e1gazatban. <\/p><p>Ak\u00e1r az \u00e9lelmiszeriparban dolgozik, nagy kapacit\u00e1s\u00fa h\u0171t\u0151rakt\u00e1rakat kezel, vagy az aut\u00f3iparban tev\u00e9kenykedik, a Bitzer kompresszorok megb\u00edzhat\u00f3, hat\u00e9kony \u00e9s k\u00f6rnyezetbar\u00e1t megold\u00e1sokat k\u00edn\u00e1lnak. A folyamatos innov\u00e1ci\u00f3 \u00e9s fejleszt\u00e9s lehet\u0151v\u00e9 teszi, hogy a Bitzer rugalmasan alkalmazkodjon az ipar\u00e1g v\u00e1ltoz\u00f3 elv\u00e1r\u00e1saihoz, \u00edgy ide\u00e1lis v\u00e1laszt\u00e1s mindazok sz\u00e1m\u00e1ra, akik hossz\u00fa t\u00e1v\u00fa, professzion\u00e1lis h\u0171t\u00e9si megold\u00e1st keresnek. <br>Tov\u00e1bbi inform\u00e1ci\u00f3\u00e9rt \u00e9s a min\u0151s\u00e9gi kompresszorok v\u00e1s\u00e1rl\u00e1s\u00e1hoz l\u00e1togassa meg a <strong><a href=\"https:\/\/www.slovklima.sk\/hu\/\">Slovklima<\/a><\/strong> weboldalt. <\/p>","protected":false},"excerpt":{"rendered":"<p>Az ipari h\u0171t\u0151rendszerek kulcsszerepet j\u00e1tszanak olyan \u00e1gazatokban, mint p\u00e9ld\u00e1ul az \u00e9lelmiszer-feldolgoz\u00e1s. Ezeknek a rendszereknek a k\u00f6z\u00e9ppontj\u00e1ban egy l\u00e9tfontoss\u00e1g\u00fa alkatr\u00e9sz \u00e1ll<\/p>\n","protected":false},"author":472,"featured_media":14354,"comment_status":"closed","ping_status":"open","sticky":false,"template":"","format":"standard","meta":{"footnotes":""},"categories":[348],"tags":[],"table_tags":[],"class_list":["post-14406","post","type-post","status-publish","format-standard","has-post-thumbnail","hentry","category-hutes"],"yoast_head":"<!-- This site is optimized with the Yoast SEO plugin v24.3 - https:\/\/yoast.com\/wordpress\/plugins\/seo\/ -->\n<title>Bitzer kompresszor | SLOVKLIMA DEIMOS group, s.r.o.<\/title>\n<meta name=\"description\" content=\"Bitzer kompresszor \u2013 Fedezze fel, mi\u00e9rt sz\u00e1m\u00edt a Bitzer kompresszor a megb\u00edzhat\u00f3s\u00e1g szinonim\u00e1j\u00e1nak a korszer\u0171 h\u0171t\u0151rendszerek vil\u00e1g\u00e1ban.\" \/>\n<meta name=\"robots\" content=\"index, follow, max-snippet:-1, max-image-preview:large, max-video-preview:-1\" \/>\n<link rel=\"canonical\" href=\"https:\/\/www.slovklima.sk\/hu\/blog\/bitzer-kompresszor-a-megbizhatosag-garanciaja-a-modern-hutorendszerekhez\/\" \/>\n<meta property=\"og:locale\" content=\"hu_HU\" \/>\n<meta property=\"og:type\" content=\"article\" \/>\n<meta property=\"og:title\" content=\"Bitzer kompresszor | SLOVKLIMA DEIMOS group, s.r.o.\" \/>\n<meta property=\"og:description\" content=\"Bitzer kompresszor \u2013 Fedezze fel, mi\u00e9rt sz\u00e1m\u00edt a Bitzer kompresszor a megb\u00edzhat\u00f3s\u00e1g szinonim\u00e1j\u00e1nak a korszer\u0171 h\u0171t\u0151rendszerek vil\u00e1g\u00e1ban.\" \/>\n<meta property=\"og:url\" content=\"https:\/\/www.slovklima.sk\/hu\/blog\/bitzer-kompresszor-a-megbizhatosag-garanciaja-a-modern-hutorendszerekhez\/\" \/>\n<meta property=\"og:site_name\" content=\"SLOVKLIMA DEIMOS group, s.r.o.\" \/>\n<meta property=\"article:published_time\" content=\"2025-05-14T06:40:43+00:00\" \/>\n<meta property=\"article:modified_time\" content=\"2026-01-21T09:03:33+00:00\" \/>\n<meta property=\"og:image\" content=\"https:\/\/www.slovklima.sk\/wp-content\/uploads\/2025\/04\/Blitzer-kompresor.jpg\" \/>\n\t<meta property=\"og:image:width\" content=\"1065\" \/>\n\t<meta property=\"og:image:height\" content=\"450\" \/>\n\t<meta property=\"og:image:type\" content=\"image\/jpeg\" \/>\n<meta name=\"author\" content=\"terlanda.peter\" \/>\n<meta name=\"twitter:card\" content=\"summary_large_image\" \/>\n<meta name=\"twitter:label1\" content=\"Szerz\u0151:\" \/>\n\t<meta name=\"twitter:data1\" content=\"terlanda.peter\" \/>\n\t<meta name=\"twitter:label2\" content=\"Becs\u00fclt olvas\u00e1si id\u0151\" \/>\n\t<meta name=\"twitter:data2\" content=\"5 perc\" \/>\n<script type=\"application\/ld+json\" class=\"yoast-schema-graph\">{\"@context\":\"https:\/\/schema.org\",\"@graph\":[{\"@type\":\"Article\",\"@id\":\"https:\/\/www.slovklima.sk\/hu\/blog\/bitzer-kompresszor-a-megbizhatosag-garanciaja-a-modern-hutorendszerekhez\/#article\",\"isPartOf\":{\"@id\":\"https:\/\/www.slovklima.sk\/hu\/blog\/bitzer-kompresszor-a-megbizhatosag-garanciaja-a-modern-hutorendszerekhez\/\"},\"author\":{\"name\":\"terlanda.peter\",\"@id\":\"https:\/\/www.slovklima.sk\/#\/schema\/person\/116018679a4b34af051bf066b527c539\"},\"headline\":\"Bitzer kompresszor: A megb\u00edzhat\u00f3s\u00e1g garanci\u00e1ja a modern h\u0171t\u0151rendszerekhez\",\"datePublished\":\"2025-05-14T06:40:43+00:00\",\"dateModified\":\"2026-01-21T09:03:33+00:00\",\"mainEntityOfPage\":{\"@id\":\"https:\/\/www.slovklima.sk\/hu\/blog\/bitzer-kompresszor-a-megbizhatosag-garanciaja-a-modern-hutorendszerekhez\/\"},\"wordCount\":1392,\"publisher\":{\"@id\":\"https:\/\/www.slovklima.sk\/#organization\"},\"image\":{\"@id\":\"https:\/\/www.slovklima.sk\/hu\/blog\/bitzer-kompresszor-a-megbizhatosag-garanciaja-a-modern-hutorendszerekhez\/#primaryimage\"},\"thumbnailUrl\":\"https:\/\/www.slovklima.sk\/wp-content\/uploads\/2025\/04\/Blitzer-kompresor.jpg\",\"articleSection\":[\"H\u0171t\u00e9s\"],\"inLanguage\":\"hu\"},{\"@type\":\"WebPage\",\"@id\":\"https:\/\/www.slovklima.sk\/hu\/blog\/bitzer-kompresszor-a-megbizhatosag-garanciaja-a-modern-hutorendszerekhez\/\",\"url\":\"https:\/\/www.slovklima.sk\/hu\/blog\/bitzer-kompresszor-a-megbizhatosag-garanciaja-a-modern-hutorendszerekhez\/\",\"name\":\"Bitzer kompresszor | SLOVKLIMA DEIMOS group, s.r.o.\",\"isPartOf\":{\"@id\":\"https:\/\/www.slovklima.sk\/#website\"},\"primaryImageOfPage\":{\"@id\":\"https:\/\/www.slovklima.sk\/hu\/blog\/bitzer-kompresszor-a-megbizhatosag-garanciaja-a-modern-hutorendszerekhez\/#primaryimage\"},\"image\":{\"@id\":\"https:\/\/www.slovklima.sk\/hu\/blog\/bitzer-kompresszor-a-megbizhatosag-garanciaja-a-modern-hutorendszerekhez\/#primaryimage\"},\"thumbnailUrl\":\"https:\/\/www.slovklima.sk\/wp-content\/uploads\/2025\/04\/Blitzer-kompresor.jpg\",\"datePublished\":\"2025-05-14T06:40:43+00:00\",\"dateModified\":\"2026-01-21T09:03:33+00:00\",\"description\":\"Bitzer kompresszor \u2013 Fedezze fel, mi\u00e9rt sz\u00e1m\u00edt a Bitzer kompresszor a megb\u00edzhat\u00f3s\u00e1g szinonim\u00e1j\u00e1nak a korszer\u0171 h\u0171t\u0151rendszerek vil\u00e1g\u00e1ban.\",\"breadcrumb\":{\"@id\":\"https:\/\/www.slovklima.sk\/hu\/blog\/bitzer-kompresszor-a-megbizhatosag-garanciaja-a-modern-hutorendszerekhez\/#breadcrumb\"},\"inLanguage\":\"hu\",\"potentialAction\":[{\"@type\":\"ReadAction\",\"target\":[\"https:\/\/www.slovklima.sk\/hu\/blog\/bitzer-kompresszor-a-megbizhatosag-garanciaja-a-modern-hutorendszerekhez\/\"]}]},{\"@type\":\"ImageObject\",\"inLanguage\":\"hu\",\"@id\":\"https:\/\/www.slovklima.sk\/hu\/blog\/bitzer-kompresszor-a-megbizhatosag-garanciaja-a-modern-hutorendszerekhez\/#primaryimage\",\"url\":\"https:\/\/www.slovklima.sk\/wp-content\/uploads\/2025\/04\/Blitzer-kompresor.jpg\",\"contentUrl\":\"https:\/\/www.slovklima.sk\/wp-content\/uploads\/2025\/04\/Blitzer-kompresor.jpg\",\"width\":1065,\"height\":450,\"caption\":\"Bitzer kompresszor\"},{\"@type\":\"BreadcrumbList\",\"@id\":\"https:\/\/www.slovklima.sk\/hu\/blog\/bitzer-kompresszor-a-megbizhatosag-garanciaja-a-modern-hutorendszerekhez\/#breadcrumb\",\"itemListElement\":[{\"@type\":\"ListItem\",\"position\":1,\"name\":\"Domovsk\u00e1 str\u00e1nka\",\"item\":\"https:\/\/www.slovklima.sk\/hu\/\"},{\"@type\":\"ListItem\",\"position\":2,\"name\":\"Bitzer kompresszor: A megb\u00edzhat\u00f3s\u00e1g garanci\u00e1ja a modern h\u0171t\u0151rendszerekhez\"}]},{\"@type\":\"WebSite\",\"@id\":\"https:\/\/www.slovklima.sk\/#website\",\"url\":\"https:\/\/www.slovklima.sk\/\",\"name\":\"SLOVKLIMA DEIMOS group, s.r.o.\",\"description\":\"\",\"publisher\":{\"@id\":\"https:\/\/www.slovklima.sk\/#organization\"},\"alternateName\":\"SLOVKLIMA\",\"potentialAction\":[{\"@type\":\"SearchAction\",\"target\":{\"@type\":\"EntryPoint\",\"urlTemplate\":\"https:\/\/www.slovklima.sk\/?s={search_term_string}\"},\"query-input\":{\"@type\":\"PropertyValueSpecification\",\"valueRequired\":true,\"valueName\":\"search_term_string\"}}],\"inLanguage\":\"hu\"},{\"@type\":\"Organization\",\"@id\":\"https:\/\/www.slovklima.sk\/#organization\",\"name\":\"SLOVKLIMA DEIMOS group, s.r.o.\",\"alternateName\":\"SLOVKLIMA\",\"url\":\"https:\/\/www.slovklima.sk\/\",\"logo\":{\"@type\":\"ImageObject\",\"inLanguage\":\"hu\",\"@id\":\"https:\/\/www.slovklima.sk\/#\/schema\/logo\/image\/\",\"url\":\"https:\/\/www.slovklima.sk\/wp-content\/uploads\/2022\/12\/slovklima-logo-black.svg\",\"contentUrl\":\"https:\/\/www.slovklima.sk\/wp-content\/uploads\/2022\/12\/slovklima-logo-black.svg\",\"width\":3218,\"height\":698,\"caption\":\"SLOVKLIMA DEIMOS group, s.r.o.\"},\"image\":{\"@id\":\"https:\/\/www.slovklima.sk\/#\/schema\/logo\/image\/\"}},{\"@type\":\"Person\",\"@id\":\"https:\/\/www.slovklima.sk\/#\/schema\/person\/116018679a4b34af051bf066b527c539\",\"name\":\"terlanda.peter\",\"image\":{\"@type\":\"ImageObject\",\"inLanguage\":\"hu\",\"@id\":\"https:\/\/www.slovklima.sk\/#\/schema\/person\/image\/\",\"url\":\"https:\/\/secure.gravatar.com\/avatar\/b022cc3ca0fc64964f410b12966d5772a852c461ebad9ff60247ddab8bafe8db?s=96&d=mm&r=g\",\"contentUrl\":\"https:\/\/secure.gravatar.com\/avatar\/b022cc3ca0fc64964f410b12966d5772a852c461ebad9ff60247ddab8bafe8db?s=96&d=mm&r=g\",\"caption\":\"terlanda.peter\"}}]}<\/script>\n<!-- \/ Yoast SEO plugin. -->","yoast_head_json":{"title":"Bitzer kompresszor | SLOVKLIMA DEIMOS group, s.r.o.","description":"Bitzer kompresszor \u2013 Fedezze fel, mi\u00e9rt sz\u00e1m\u00edt a Bitzer kompresszor a megb\u00edzhat\u00f3s\u00e1g szinonim\u00e1j\u00e1nak a korszer\u0171 h\u0171t\u0151rendszerek vil\u00e1g\u00e1ban.","robots":{"index":"index","follow":"follow","max-snippet":"max-snippet:-1","max-image-preview":"max-image-preview:large","max-video-preview":"max-video-preview:-1"},"canonical":"https:\/\/www.slovklima.sk\/hu\/blog\/bitzer-kompresszor-a-megbizhatosag-garanciaja-a-modern-hutorendszerekhez\/","og_locale":"hu_HU","og_type":"article","og_title":"Bitzer kompresszor | SLOVKLIMA DEIMOS group, s.r.o.","og_description":"Bitzer kompresszor \u2013 Fedezze fel, mi\u00e9rt sz\u00e1m\u00edt a Bitzer kompresszor a megb\u00edzhat\u00f3s\u00e1g szinonim\u00e1j\u00e1nak a korszer\u0171 h\u0171t\u0151rendszerek vil\u00e1g\u00e1ban.","og_url":"https:\/\/www.slovklima.sk\/hu\/blog\/bitzer-kompresszor-a-megbizhatosag-garanciaja-a-modern-hutorendszerekhez\/","og_site_name":"SLOVKLIMA DEIMOS group, s.r.o.","article_published_time":"2025-05-14T06:40:43+00:00","article_modified_time":"2026-01-21T09:03:33+00:00","og_image":[{"width":1065,"height":450,"url":"https:\/\/www.slovklima.sk\/wp-content\/uploads\/2025\/04\/Blitzer-kompresor.jpg","type":"image\/jpeg"}],"author":"terlanda.peter","twitter_card":"summary_large_image","twitter_misc":{"Szerz\u0151:":"terlanda.peter","Becs\u00fclt olvas\u00e1si id\u0151":"5 perc"},"schema":{"@context":"https:\/\/schema.org","@graph":[{"@type":"Article","@id":"https:\/\/www.slovklima.sk\/hu\/blog\/bitzer-kompresszor-a-megbizhatosag-garanciaja-a-modern-hutorendszerekhez\/#article","isPartOf":{"@id":"https:\/\/www.slovklima.sk\/hu\/blog\/bitzer-kompresszor-a-megbizhatosag-garanciaja-a-modern-hutorendszerekhez\/"},"author":{"name":"terlanda.peter","@id":"https:\/\/www.slovklima.sk\/#\/schema\/person\/116018679a4b34af051bf066b527c539"},"headline":"Bitzer kompresszor: A megb\u00edzhat\u00f3s\u00e1g garanci\u00e1ja a modern h\u0171t\u0151rendszerekhez","datePublished":"2025-05-14T06:40:43+00:00","dateModified":"2026-01-21T09:03:33+00:00","mainEntityOfPage":{"@id":"https:\/\/www.slovklima.sk\/hu\/blog\/bitzer-kompresszor-a-megbizhatosag-garanciaja-a-modern-hutorendszerekhez\/"},"wordCount":1392,"publisher":{"@id":"https:\/\/www.slovklima.sk\/#organization"},"image":{"@id":"https:\/\/www.slovklima.sk\/hu\/blog\/bitzer-kompresszor-a-megbizhatosag-garanciaja-a-modern-hutorendszerekhez\/#primaryimage"},"thumbnailUrl":"https:\/\/www.slovklima.sk\/wp-content\/uploads\/2025\/04\/Blitzer-kompresor.jpg","articleSection":["H\u0171t\u00e9s"],"inLanguage":"hu"},{"@type":"WebPage","@id":"https:\/\/www.slovklima.sk\/hu\/blog\/bitzer-kompresszor-a-megbizhatosag-garanciaja-a-modern-hutorendszerekhez\/","url":"https:\/\/www.slovklima.sk\/hu\/blog\/bitzer-kompresszor-a-megbizhatosag-garanciaja-a-modern-hutorendszerekhez\/","name":"Bitzer kompresszor | SLOVKLIMA DEIMOS group, s.r.o.","isPartOf":{"@id":"https:\/\/www.slovklima.sk\/#website"},"primaryImageOfPage":{"@id":"https:\/\/www.slovklima.sk\/hu\/blog\/bitzer-kompresszor-a-megbizhatosag-garanciaja-a-modern-hutorendszerekhez\/#primaryimage"},"image":{"@id":"https:\/\/www.slovklima.sk\/hu\/blog\/bitzer-kompresszor-a-megbizhatosag-garanciaja-a-modern-hutorendszerekhez\/#primaryimage"},"thumbnailUrl":"https:\/\/www.slovklima.sk\/wp-content\/uploads\/2025\/04\/Blitzer-kompresor.jpg","datePublished":"2025-05-14T06:40:43+00:00","dateModified":"2026-01-21T09:03:33+00:00","description":"Bitzer kompresszor \u2013 Fedezze fel, mi\u00e9rt sz\u00e1m\u00edt a Bitzer kompresszor a megb\u00edzhat\u00f3s\u00e1g szinonim\u00e1j\u00e1nak a korszer\u0171 h\u0171t\u0151rendszerek vil\u00e1g\u00e1ban.","breadcrumb":{"@id":"https:\/\/www.slovklima.sk\/hu\/blog\/bitzer-kompresszor-a-megbizhatosag-garanciaja-a-modern-hutorendszerekhez\/#breadcrumb"},"inLanguage":"hu","potentialAction":[{"@type":"ReadAction","target":["https:\/\/www.slovklima.sk\/hu\/blog\/bitzer-kompresszor-a-megbizhatosag-garanciaja-a-modern-hutorendszerekhez\/"]}]},{"@type":"ImageObject","inLanguage":"hu","@id":"https:\/\/www.slovklima.sk\/hu\/blog\/bitzer-kompresszor-a-megbizhatosag-garanciaja-a-modern-hutorendszerekhez\/#primaryimage","url":"https:\/\/www.slovklima.sk\/wp-content\/uploads\/2025\/04\/Blitzer-kompresor.jpg","contentUrl":"https:\/\/www.slovklima.sk\/wp-content\/uploads\/2025\/04\/Blitzer-kompresor.jpg","width":1065,"height":450,"caption":"Bitzer kompresszor"},{"@type":"BreadcrumbList","@id":"https:\/\/www.slovklima.sk\/hu\/blog\/bitzer-kompresszor-a-megbizhatosag-garanciaja-a-modern-hutorendszerekhez\/#breadcrumb","itemListElement":[{"@type":"ListItem","position":1,"name":"Domovsk\u00e1 str\u00e1nka","item":"https:\/\/www.slovklima.sk\/hu\/"},{"@type":"ListItem","position":2,"name":"Bitzer kompresszor: A megb\u00edzhat\u00f3s\u00e1g garanci\u00e1ja a modern h\u0171t\u0151rendszerekhez"}]},{"@type":"WebSite","@id":"https:\/\/www.slovklima.sk\/#website","url":"https:\/\/www.slovklima.sk\/","name":"SLOVKLIMA DEIMOS group, s.r.o.","description":"","publisher":{"@id":"https:\/\/www.slovklima.sk\/#organization"},"alternateName":"SLOVKLIMA","potentialAction":[{"@type":"SearchAction","target":{"@type":"EntryPoint","urlTemplate":"https:\/\/www.slovklima.sk\/?s={search_term_string}"},"query-input":{"@type":"PropertyValueSpecification","valueRequired":true,"valueName":"search_term_string"}}],"inLanguage":"hu"},{"@type":"Organization","@id":"https:\/\/www.slovklima.sk\/#organization","name":"SLOVKLIMA DEIMOS group, s.r.o.","alternateName":"SLOVKLIMA","url":"https:\/\/www.slovklima.sk\/","logo":{"@type":"ImageObject","inLanguage":"hu","@id":"https:\/\/www.slovklima.sk\/#\/schema\/logo\/image\/","url":"https:\/\/www.slovklima.sk\/wp-content\/uploads\/2022\/12\/slovklima-logo-black.svg","contentUrl":"https:\/\/www.slovklima.sk\/wp-content\/uploads\/2022\/12\/slovklima-logo-black.svg","width":3218,"height":698,"caption":"SLOVKLIMA DEIMOS group, s.r.o."},"image":{"@id":"https:\/\/www.slovklima.sk\/#\/schema\/logo\/image\/"}},{"@type":"Person","@id":"https:\/\/www.slovklima.sk\/#\/schema\/person\/116018679a4b34af051bf066b527c539","name":"terlanda.peter","image":{"@type":"ImageObject","inLanguage":"hu","@id":"https:\/\/www.slovklima.sk\/#\/schema\/person\/image\/","url":"https:\/\/secure.gravatar.com\/avatar\/b022cc3ca0fc64964f410b12966d5772a852c461ebad9ff60247ddab8bafe8db?s=96&d=mm&r=g","contentUrl":"https:\/\/secure.gravatar.com\/avatar\/b022cc3ca0fc64964f410b12966d5772a852c461ebad9ff60247ddab8bafe8db?s=96&d=mm&r=g","caption":"terlanda.peter"}}]}},"_links":{"self":[{"href":"https:\/\/www.slovklima.sk\/hu\/wp-json\/wp\/v2\/posts\/14406","targetHints":{"allow":["GET"]}}],"collection":[{"href":"https:\/\/www.slovklima.sk\/hu\/wp-json\/wp\/v2\/posts"}],"about":[{"href":"https:\/\/www.slovklima.sk\/hu\/wp-json\/wp\/v2\/types\/post"}],"author":[{"embeddable":true,"href":"https:\/\/www.slovklima.sk\/hu\/wp-json\/wp\/v2\/users\/472"}],"replies":[{"embeddable":true,"href":"https:\/\/www.slovklima.sk\/hu\/wp-json\/wp\/v2\/comments?post=14406"}],"version-history":[{"count":1,"href":"https:\/\/www.slovklima.sk\/hu\/wp-json\/wp\/v2\/posts\/14406\/revisions"}],"predecessor-version":[{"id":19849,"href":"https:\/\/www.slovklima.sk\/hu\/wp-json\/wp\/v2\/posts\/14406\/revisions\/19849"}],"wp:featuredmedia":[{"embeddable":true,"href":"https:\/\/www.slovklima.sk\/hu\/wp-json\/wp\/v2\/media\/14354"}],"wp:attachment":[{"href":"https:\/\/www.slovklima.sk\/hu\/wp-json\/wp\/v2\/media?parent=14406"}],"wp:term":[{"taxonomy":"category","embeddable":true,"href":"https:\/\/www.slovklima.sk\/hu\/wp-json\/wp\/v2\/categories?post=14406"},{"taxonomy":"post_tag","embeddable":true,"href":"https:\/\/www.slovklima.sk\/hu\/wp-json\/wp\/v2\/tags?post=14406"},{"taxonomy":"table_tags","embeddable":true,"href":"https:\/\/www.slovklima.sk\/hu\/wp-json\/wp\/v2\/table_tags?post=14406"}],"curies":[{"name":"wp","href":"https:\/\/api.w.org\/{rel}","templated":true}]}}