{"id":14403,"date":"2025-05-19T08:36:45","date_gmt":"2025-05-19T06:36:45","guid":{"rendered":"https:\/\/www.slovklima.sk\/?p=14403"},"modified":"2026-01-21T10:03:33","modified_gmt":"2026-01-21T09:03:33","slug":"aux-hoszivattyu-energiatakarekos-futes-es-hutes-egyben","status":"publish","type":"post","link":"https:\/\/www.slovklima.sk\/hu\/blog\/aux-hoszivattyu-energiatakarekos-futes-es-hutes-egyben\/","title":{"rendered":"AUX h\u0151szivatty\u00fa: Energiatakar\u00e9kos f\u0171t\u00e9s \u00e9s h\u0171t\u00e9s egyben"},"content":{"rendered":"<p><strong>Napjainkban egyre nagyobb hangs\u00falyt kap az energiahat\u00e9konys\u00e1g \u00e9s a k\u00f6rnyezetv\u00e9delem. A megfelel\u0151 f\u0171t\u00e9si \u00e9s h\u0171t\u00e9si rendszer kiv\u00e1laszt\u00e1sa nemcsak a k\u00e9nyelm\u00fcnket szolg\u00e1lja, hanem az energiasz\u00e1ml\u00e1k cs\u00f6kkent\u00e9s\u00e9ben is kulcsszerepet j\u00e1tszik. Az AUX h\u0151szivatty\u00fa ide\u00e1lis v\u00e1laszt\u00e1s mindazok sz\u00e1m\u00e1ra, akik hat\u00e9kony \u00e9s k\u00f6rnyezetbar\u00e1t megold\u00e1st keresnek. Ez a rendszer nemcsak a t\u00e9li h\u00f3napokban ny\u00fajt f\u0171t\u00e9st, hanem ny\u00e1ron is kellemes h\u0171t\u00e9st biztos\u00edt. N\u00e9zz\u00fck meg k\u00f6zelebbr\u0151l, milyen el\u0151ny\u00f6ket \u00e9s funkci\u00f3kat k\u00edn\u00e1l az AUX h\u0151szivatty\u00fa, \u00e9s mi\u00e9rt lehet ez a t\u00f6k\u00e9letes megold\u00e1s otthona sz\u00e1m\u00e1ra.<\/strong> <\/p><p>Az AUX h\u0151szivatty\u00fa rendk\u00edv\u00fcl sokoldal\u00fa berendez\u00e9s, amelyet \u00fagy terveztek, hogy hat\u00e9konyan m\u0171k\u00f6dj\u00f6n egy\u00fctt k\u00fcl\u00f6nf\u00e9le h\u0151lead\u00f3 rendszerekkel. F\u00fcggetlen\u00fcl att\u00f3l, hogy milyen t\u00edpus\u00fa f\u0171t\u00e9si vagy h\u0171t\u00e9si rendszer van m\u00e1r telep\u00edtve az otthon\u00e1ban, az AUX h\u0151szivatty\u00fa k\u00e9pes hozz\u00e1igazodni \u00e9s optimaliz\u00e1lni annak teljes\u00edtm\u00e9ny\u00e9t. K\u00e9pes egy\u00fcttm\u0171k\u00f6dni padl\u00f3f\u0171t\u00e9ssel, amely egyenletes \u00e9s kellemes meleget biztos\u00edt az eg\u00e9sz t\u00e9rben, valamint hagyom\u00e1nyos radi\u00e1torokkal is, amelyek gyakoriak a h\u00e1ztart\u00e1sokban. Emellett kompatibilis fan-coil egys\u00e9gekkel is, amelyek gyors h\u0151m\u00e9rs\u00e9klet-v\u00e1ltoztat\u00e1si k\u00e9pess\u00e9g\u00fckr\u0151l ismertek, \u00edgy eg\u00e9sz \u00e9vben k\u00e9nyelmet ny\u00fajtanak. Ez a rugalmass\u00e1g teszi az AUX h\u0151szivatty\u00fat ide\u00e1liss\u00e1 k\u00fcl\u00f6nf\u00e9le ingatlant\u00edpusokhoz \u2013 a csal\u00e1di h\u00e1zakt\u00f3l kezdve az irodai \u00e9p\u00fcletekig \u2013, lehet\u0151v\u00e9 t\u00e9ve a felhaszn\u00e1l\u00f3k sz\u00e1m\u00e1ra, hogy a f\u0171t\u00e9si \u00e9s h\u0171t\u00e9si rendszert saj\u00e1t ig\u00e9nyeikhez \u00e9s preferenci\u00e1ikhoz igaz\u00edts\u00e1k. <\/p><h2 class=\"wp-block-heading\">Leveg\u0151-v\u00edz h\u0151szivatty\u00fa: Egyszer\u0171 mechanizmus, nagy hat\u00e9konys\u00e1g <\/h2><p>A legt\u00f6bb leveg\u0151-v\u00edz h\u0151szivatty\u00fat meg\u00fajul\u00f3 energiaforr\u00e1sk\u00e9nt tartj\u00e1k sz\u00e1mon, \u00e9s napjainkban az egyik leghat\u00e9konyabb megold\u00e1sk\u00e9nt szolg\u00e1lnak f\u0171t\u00e9sre \u00e9s h\u0171t\u00e9sre. A leveg\u0151-v\u00edz h\u0151szivatty\u00fa a k\u00fclt\u00e9ri leveg\u0151b\u0151l nyeri a h\u0151t, amelyet a helyis\u00e9gek f\u0171t\u00e9s\u00e9re, haszn\u00e1lati melegv\u00edz el\u0151\u00e1ll\u00edt\u00e1s\u00e1ra \u00e9s h\u0171t\u00e9sre haszn\u00e1l. Annak ellen\u00e9re, hogy fejlett technol\u00f3gi\u00e1r\u00f3l van sz\u00f3, a m\u0171k\u00f6d\u00e9s\u00e9nek elve viszonylag egyszer\u0171, \u00e9s ugyanazon az alapelven nyugszik, mint p\u00e9ld\u00e1ul a h\u0171t\u0151szekr\u00e9nyek\u00e9. A h\u0151szivatty\u00fa kulcsfontoss\u00e1g\u00fa elemei k\u00f6z\u00e9 tartozik a kompresszor, az expanzi\u00f3s szelep, a kondenz\u00e1tor \u00e9s az elp\u00e1rologtat\u00f3. <\/p><p>A teljes folyamat egy z\u00e1rt k\u00f6rben zajlik, amelyben egy speci\u00e1lis fizikai tulajdons\u00e1gokkal rendelkez\u0151 h\u0171t\u0151k\u00f6zeg kering. A h\u0171t\u0151k\u00f6zeg alacsony h\u0151m\u00e9rs\u00e9klet\u0171 \u00e9s nyom\u00e1s\u00fa, \u00edgy k\u00e9pes h\u0151t felvenni a k\u00f6rnyezet\u00e9b\u0151l. Amikor \u00e1thalad a kompresszoron, a rendszer nyom\u00e1sa \u00e9s h\u0151m\u00e9rs\u00e9klete megn\u0151. Ez a felmelegedett g\u00e1z a kondenz\u00e1torba ker\u00fcl, ahol leadja a h\u0151t a f\u0171t\u00e9si rendszernek. Ennek sor\u00e1n leh\u0171l, \u00e9s ism\u00e9t folyad\u00e9kk\u00e1 v\u00e1lik. Ezut\u00e1n \u00e1thalad az expanzi\u00f3s szelepen, amely cs\u00f6kkenti a nyom\u00e1st \u00e9s a h\u0151m\u00e9rs\u00e9kletet a rendszerben. Ez a ciklus ism\u00e9tl\u0151dik, biztos\u00edtva a folyamatos h\u0151kinyer\u00e9st a k\u00fcls\u0151 k\u00f6rnyezetb\u0151l. <\/p><p>Amennyiben a h\u0151szivatty\u00fa h\u0171t\u00e9si \u00fczemm\u00f3dban m\u0171k\u00f6dik, a folyamat megfordul. A h\u0171t\u0151k\u00f6zeg a bels\u0151 t\u00e9rb\u0151l nyeli el a h\u0151t, majd kivezeti azt a szabadba, \u00edgy h\u0171ti le a helyis\u00e9geket. Ezen az elven m\u0171k\u00f6dnek az AUX h\u0151szivatty\u00fak is. <\/p><h2 class=\"wp-block-heading\">Innov\u00e1ci\u00f3 \u00e9s fenntarthat\u00f3s\u00e1g az AUX technol\u00f3giai megold\u00e1sainak k\u00f6z\u00e9ppontj\u00e1ban <\/h2><p>Az AUX csoport, mint a kl\u00edmatechnol\u00f3gi\u00e1k \u00e9s h\u0151szivatty\u00fak egyik vezet\u0151 szerepl\u0151je, kiemelt felel\u0151ss\u00e9ggel viszonyul a fenntarthat\u00f3 fejl\u0151d\u00e9shez. A k\u00f6rnyezetv\u00e9delem a m\u00e1rka egyik alappill\u00e9re, amely messze t\u00falmutat a v\u00e1llalati c\u00e9lokon, \u00e9s szerves r\u00e9sz\u00e9v\u00e9 v\u00e1lt a v\u00e1llalati filoz\u00f3fi\u00e1nak. Az AUX a term\u00e9szeti er\u0151forr\u00e1sok hat\u00e9kony felhaszn\u00e1l\u00e1s\u00e1ra \u00e9s az energiatakar\u00e9kos megold\u00e1sok alkalmaz\u00e1s\u00e1ra \u00f6sszpontos\u00edt, amelyek nemcsak cs\u00f6kkentik az \u00f6kol\u00f3giai l\u00e1bnyomot, hanem hozz\u00e1j\u00e1rulnak egy fenntarthat\u00f3 j\u00f6v\u0151 ki\u00e9p\u00edt\u00e9s\u00e9hez is. <\/p><p>A v\u00e1llalat politik\u00e1j\u00e1t az az alapelv vez\u00e9rli, hogy a term\u00e9szet v\u00e9delme elengedhetetlen a jelenlegi \u00e9s a j\u00f6v\u0151 gener\u00e1ci\u00f3k \u00e9letmin\u0151s\u00e9g\u00e9nek biztos\u00edt\u00e1s\u00e1hoz. Ez az elk\u00f6telezetts\u00e9g a fenntarthat\u00f3 fejl\u0151d\u00e9s ir\u00e1nt nemcsak az energiafelhaszn\u00e1l\u00e1s optimaliz\u00e1l\u00e1s\u00e1ban nyilv\u00e1nul meg, hanem abban is, hogy folyamatosan \u00faj, k\u00f6rnyezetbar\u00e1t \u00e9s innovat\u00edv technol\u00f3gi\u00e1kat keresnek, amelyek k\u00edm\u00e9lik bolyg\u00f3nkat. Az AUX kutat\u00e1si \u00e9s fejleszt\u00e9si csapatai vil\u00e1gszerte m\u0171k\u00f6dnek, \u00e9s azon dolgoznak, hogy \u00faj, energiahat\u00e9kony \u00e9s k\u00f6rnyezetbar\u00e1t megold\u00e1sokat fejlesszenek ki. Ezeket a megold\u00e1sokat azt\u00e1n be\u00e9p\u00edtik a gy\u00e1rt\u00e1si folyamatokba \u00e9s a term\u00e9kekbe, amelyeket \u00fagy terveznek, hogy ne csup\u00e1n megfeleljenek a modern k\u00f6rnyezeti \u00e9s energetikai elv\u00e1r\u00e1soknak, hanem t\u00fal is sz\u00e1rnyalj\u00e1k azokat. <\/p><p>A technol\u00f3giai innov\u00e1ci\u00f3kon t\u00fal az AUX a felhaszn\u00e1l\u00f3k \u00e9letmin\u0151s\u00e9g\u00e9nek jav\u00edt\u00e1s\u00e1ra is t\u00f6rekszik. Term\u00e9keiket \u00fagy tervezik, hogy energiatakar\u00e9kos m\u0171k\u00f6d\u00e9s mellett friss \u00e9s tiszta leveg\u0151t biztos\u00edtsanak, ezzel eg\u00e9szs\u00e9gesebb \u00e9s kellemesebb k\u00f6rnyezetet teremtve. Az AUX csoport c\u00e9lja, hogy technol\u00f3gi\u00e1ik ne csup\u00e1n hat\u00e9kony eszk\u00f6zk\u00e9nt szolg\u00e1ljanak, hanem val\u00f3di hozz\u00e1j\u00e1rul\u00e1st jelentsenek bolyg\u00f3nk j\u00f6v\u0151j\u00e9hez \u2013 t\u00e1mogatva ezzel a glob\u00e1lis fenntarthat\u00f3s\u00e1gi t\u00f6rekv\u00e9seket \u00e9s a felel\u0151s v\u00e1llalatir\u00e1ny\u00edt\u00e1st. <\/p><figure class=\"wp-block-image size-full is-resized\"><img decoding=\"async\" width=\"1065\" height=\"450\" src=\"https:\/\/www.slovklima.sk\/wp-content\/uploads\/2025\/04\/Tepelne-cerpadlo-AUX-2.jpg\" alt=\"AUX h\u0151szivatty\u00fa\" class=\"wp-image-14365\" style=\"width:1270px;height:auto\" srcset=\"https:\/\/www.slovklima.sk\/wp-content\/uploads\/2025\/04\/Tepelne-cerpadlo-AUX-2.jpg 1065w, https:\/\/www.slovklima.sk\/wp-content\/uploads\/2025\/04\/Tepelne-cerpadlo-AUX-2-400x169.jpg 400w, https:\/\/www.slovklima.sk\/wp-content\/uploads\/2025\/04\/Tepelne-cerpadlo-AUX-2-768x325.jpg 768w, https:\/\/www.slovklima.sk\/wp-content\/uploads\/2025\/04\/Tepelne-cerpadlo-AUX-2-430x182.jpg 430w, https:\/\/www.slovklima.sk\/wp-content\/uploads\/2025\/04\/Tepelne-cerpadlo-AUX-2-700x296.jpg 700w, https:\/\/www.slovklima.sk\/wp-content\/uploads\/2025\/04\/Tepelne-cerpadlo-AUX-2-150x63.jpg 150w\" sizes=\"(max-width: 1065px) 100vw, 1065px\" \/><\/figure><h2 class=\"wp-block-heading\">Energiamegtakar\u00edt\u00e1s \u00e9s k\u00f6rnyezetbar\u00e1t f\u0171t\u00e9s <\/h2><p>Az AUX h\u0151szivatty\u00fa az energi\u00e1j\u00e1nak \u00e1tlagosan ak\u00e1r 75%-\u00e1t a szabadon el\u00e9rhet\u0151 leveg\u0151b\u0151l nyeri, m\u00edg csup\u00e1n 25%-\u00e1t az elektromos h\u00e1l\u00f3zatb\u00f3l. Az eszk\u00f6z teh\u00e1t a leveg\u0151 h\u0151j\u00e9t hasznos\u00edtja, \u00e9s azt hat\u00e9konyan juttatja el az \u00e9p\u00fcletbe, mik\u00f6zben ehhez csup\u00e1n kis mennyis\u00e9g\u0171 villamos energi\u00e1t haszn\u00e1l fel. A rendszer energiahat\u00e9konys\u00e1g\u00e1t a teljes\u00edtm\u00e9nyt\u00e9nyez\u0151 (COP) mutat\u00f3 fejezi ki, amely azt az ar\u00e1nyt jel\u00f6li, hogy mennyi h\u0151energi\u00e1t ad le a rendszer az elfogyasztott elektromos energi\u00e1hoz k\u00e9pest. Min\u00e9l magasabb a COP \u00e9rt\u00e9k, ann\u00e1l hat\u00e9konyabb a rendszer m\u0171k\u00f6d\u00e9se, ami jobb teljes\u00edtm\u00e9nyt \u00e9s nagyobb megtakar\u00edt\u00e1st eredm\u00e9nyez. Az AUX h\u0151szivatty\u00fa az egyik legenergiatakar\u00e9kosabb \u00e9s legk\u00f6rnyezetbar\u00e1tabb f\u0171t\u00e9si megold\u00e1s, amely nemcsak az energiafogyaszt\u00e1st cs\u00f6kkenti, hanem a k\u00f6rnyezetre gyakorolt hat\u00e1st is minimaliz\u00e1lja. <\/p><h2 class=\"wp-block-heading\">Mi\u00e9rt v\u00e1lassza az AUX h\u0151szivatty\u00fat? <\/h2><p>A h\u0151szivatty\u00fa kiv\u00e1laszt\u00e1sa kulcsfontoss\u00e1g\u00fa d\u00f6nt\u00e9s mindazok sz\u00e1m\u00e1ra, akik hat\u00e9kony, k\u00f6rnyezetbar\u00e1t \u00e9s energiatakar\u00e9kos f\u0171t\u00e9si-h\u0171t\u00e9si megold\u00e1st keresnek. Az AUX h\u0151szivatty\u00fa ide\u00e1lis v\u00e1laszt\u00e1s, mivel a magas energiahat\u00e9konys\u00e1got korszer\u0171 technol\u00f3gi\u00e1kkal \u00f6tv\u00f6zi, amelyek nemcsak a p\u00e9nzt\u00e1rc\u00e1t, hanem a k\u00f6rnyezetet is k\u00edm\u00e9lik. Az ak\u00e1r 75%-ban leveg\u0151b\u0151l nyert szabad energi\u00e1t \u00e9s csup\u00e1n 25%-os elektromos \u00e1ramfelhaszn\u00e1l\u00e1st kombin\u00e1l\u00f3 rendszer az egyik leggazdas\u00e1gosabb \u00e9s legink\u00e1bb k\u00f6rnyezetbar\u00e1t megold\u00e1s a piacon. <\/p><p>Innovat\u00edv kialak\u00edt\u00e1s\u00e1nak \u00e9s fejlett funkci\u00f3inak k\u00f6sz\u00f6nhet\u0151en az AUX h\u0151szivatty\u00fa kellemes f\u0171t\u00e9st \u00e9s h\u0171t\u00e9st biztos\u00edt otthon\u00e1ban, alacsony \u00fczemeltet\u00e9si k\u00f6lts\u00e9gek mellett. Az egyszer\u0171, de rendk\u00edv\u00fcl hat\u00e9kony m\u0171k\u00f6d\u00e9si mechanizmus \u2013 amely a h\u0171t\u0151k\u00f6zeg fizikai tulajdons\u00e1gait haszn\u00e1lja ki \u2013 hossz\u00fa t\u00e1v\u00fa megb\u00edzhat\u00f3s\u00e1got \u00e9s minim\u00e1lis karbantart\u00e1si ig\u00e9nyt garant\u00e1l. <\/p><p>R\u00e1ad\u00e1sul, az AUX elk\u00f6telezetts\u00e9ge a fenntarthat\u00f3 fejl\u0151d\u00e9s \u00e9s a k\u00f6rnyezetv\u00e9delem ir\u00e1nt lehet\u0151v\u00e9 teszi, hogy \u00d6n is cs\u00f6kkentse \u00f6kol\u00f3giai l\u00e1bnyom\u00e1t, \u00e9s akt\u00edvan hozz\u00e1j\u00e1ruljon a term\u00e9szet v\u00e9delm\u00e9hez \u2013 ami ma m\u00e1r minden felel\u0151ss\u00e9gteljes fogyaszt\u00f3 sz\u00e1m\u00e1ra fontos szempont. <\/p><p>A piacon term\u00e9szetesen t\u00f6bbf\u00e9le AUX h\u0151szivatty\u00fa is el\u00e9rhet\u0151, amelyek k\u00f6z\u00fcl a legkeresettebb \u00e9s legbev\u00e1ltabb modellek: a monoblokk R32, a split-hydrobox R32 \u00e9s a monoblokk R290. <\/p><h2 class=\"wp-block-heading\">\u00d6sszegz\u00e9s <\/h2><p>Az AUX h\u0151szivatty\u00fak korszer\u0171, megb\u00edzhat\u00f3 \u00e9s fenntarthat\u00f3 megold\u00e1st k\u00edn\u00e1lnak mindazok sz\u00e1m\u00e1ra, akik hossz\u00fa t\u00e1von szeretn\u00e9nek energiatakar\u00e9kos \u00e9s k\u00f6rnyezetk\u00edm\u00e9l\u0151 f\u0171t\u00e9si-h\u0171t\u00e9si rendszert otthonukba vagy v\u00e1llalkoz\u00e1sukba. A modern technol\u00f3gia, a magas COP \u00e9rt\u00e9k \u00e9s az alacsony \u00fczemeltet\u00e9si k\u00f6lts\u00e9gek r\u00e9v\u00e9n nemcsak a k\u00e9nyelmet n\u00f6velik, hanem jelent\u0151sen cs\u00f6kkentik az energiafelhaszn\u00e1l\u00e1st is. Az AUX h\u0151szivatty\u00fakkal nem csup\u00e1n egy k\u00e9sz\u00fcl\u00e9ket kap, hanem egy j\u00f6v\u0151be mutat\u00f3 megold\u00e1st, amely hozz\u00e1j\u00e1rul a k\u00f6rnyezet v\u00e9delm\u00e9hez \u00e9s a fenntarthat\u00f3bb \u00e9letm\u00f3dhoz.  <\/p><p>Ha \u00d6n is szeretn\u00e9 kihaszn\u00e1lni az AUX rendszerek el\u0151nyeit, keresse fel a <strong><a href=\"https:\/\/www.slovklima.sk\/hu\/\">Slovklima<\/a><\/strong> oldalt, ahol sz\u00e9les term\u00e9kk\u00edn\u00e1lat \u00e9s szak\u00e9rt\u0151i seg\u00edts\u00e9g \u00e1ll rendelkez\u00e9s\u00e9re a legjobb d\u00f6nt\u00e9s meghozatal\u00e1hoz. <\/p>","protected":false},"excerpt":{"rendered":"<p>Napjainkban egyre nagyobb hangs\u00falyt kap az energiahat\u00e9konys\u00e1g \u00e9s a k\u00f6rnyezetv\u00e9delem. A megfelel\u0151 f\u0171t\u00e9si \u00e9s h\u0171t\u00e9si rendszer kiv\u00e1laszt\u00e1sa nemcsak a k\u00e9nyelm\u00fcnket<\/p>\n","protected":false},"author":472,"featured_media":14368,"comment_status":"closed","ping_status":"open","sticky":false,"template":"","format":"standard","meta":{"footnotes":""},"categories":[350],"tags":[],"table_tags":[],"class_list":["post-14403","post","type-post","status-publish","format-standard","has-post-thumbnail","hentry","category-futes"],"yoast_head":"<!-- This site is optimized with the Yoast SEO plugin v24.3 - https:\/\/yoast.com\/wordpress\/plugins\/seo\/ -->\n<title>AUX h\u0151szivatty\u00fa: Energiatakar\u00e9kos f\u0171t\u00e9s \u00e9s h\u0171t\u00e9s egyben  | SLOVKLIMA DEIMOS group, s.r.o.<\/title>\n<meta name=\"description\" content=\"AUX h\u0151szivatty\u00fa \u2013 Energiatakar\u00e9kos megold\u00e1s f\u0171t\u00e9sre \u00e9s h\u0171t\u00e9sre egyetlen k\u00e9sz\u00fcl\u00e9kben. Ismerje meg az AUX technol\u00f3gia el\u0151nyeit \u00e9s m\u0171k\u00f6d\u00e9s\u00e9t!\" \/>\n<meta name=\"robots\" content=\"index, follow, max-snippet:-1, max-image-preview:large, max-video-preview:-1\" \/>\n<link rel=\"canonical\" href=\"https:\/\/www.slovklima.sk\/hu\/blog\/aux-hoszivattyu-energiatakarekos-futes-es-hutes-egyben\/\" \/>\n<meta property=\"og:locale\" content=\"hu_HU\" \/>\n<meta property=\"og:type\" content=\"article\" \/>\n<meta property=\"og:title\" content=\"AUX h\u0151szivatty\u00fa: Energiatakar\u00e9kos f\u0171t\u00e9s \u00e9s h\u0171t\u00e9s egyben  | SLOVKLIMA DEIMOS group, s.r.o.\" \/>\n<meta property=\"og:description\" content=\"AUX h\u0151szivatty\u00fa \u2013 Energiatakar\u00e9kos megold\u00e1s f\u0171t\u00e9sre \u00e9s h\u0171t\u00e9sre egyetlen k\u00e9sz\u00fcl\u00e9kben. Ismerje meg az AUX technol\u00f3gia el\u0151nyeit \u00e9s m\u0171k\u00f6d\u00e9s\u00e9t!\" \/>\n<meta property=\"og:url\" content=\"https:\/\/www.slovklima.sk\/hu\/blog\/aux-hoszivattyu-energiatakarekos-futes-es-hutes-egyben\/\" \/>\n<meta property=\"og:site_name\" content=\"SLOVKLIMA DEIMOS group, s.r.o.\" \/>\n<meta property=\"article:published_time\" content=\"2025-05-19T06:36:45+00:00\" \/>\n<meta property=\"article:modified_time\" content=\"2026-01-21T09:03:33+00:00\" \/>\n<meta property=\"og:image\" content=\"https:\/\/www.slovklima.sk\/wp-content\/uploads\/2025\/04\/Tepelne-cerpadlo-AUX.jpg\" \/>\n\t<meta property=\"og:image:width\" content=\"1065\" \/>\n\t<meta property=\"og:image:height\" content=\"450\" \/>\n\t<meta property=\"og:image:type\" content=\"image\/jpeg\" \/>\n<meta name=\"author\" content=\"terlanda.peter\" \/>\n<meta name=\"twitter:card\" content=\"summary_large_image\" \/>\n<meta name=\"twitter:label1\" content=\"Szerz\u0151:\" \/>\n\t<meta name=\"twitter:data1\" content=\"terlanda.peter\" \/>\n\t<meta name=\"twitter:label2\" content=\"Becs\u00fclt olvas\u00e1si id\u0151\" \/>\n\t<meta name=\"twitter:data2\" content=\"6 perc\" \/>\n<script type=\"application\/ld+json\" class=\"yoast-schema-graph\">{\"@context\":\"https:\/\/schema.org\",\"@graph\":[{\"@type\":\"Article\",\"@id\":\"https:\/\/www.slovklima.sk\/hu\/blog\/aux-hoszivattyu-energiatakarekos-futes-es-hutes-egyben\/#article\",\"isPartOf\":{\"@id\":\"https:\/\/www.slovklima.sk\/hu\/blog\/aux-hoszivattyu-energiatakarekos-futes-es-hutes-egyben\/\"},\"author\":{\"name\":\"terlanda.peter\",\"@id\":\"https:\/\/www.slovklima.sk\/#\/schema\/person\/116018679a4b34af051bf066b527c539\"},\"headline\":\"AUX h\u0151szivatty\u00fa: Energiatakar\u00e9kos f\u0171t\u00e9s \u00e9s h\u0171t\u00e9s egyben\",\"datePublished\":\"2025-05-19T06:36:45+00:00\",\"dateModified\":\"2026-01-21T09:03:33+00:00\",\"mainEntityOfPage\":{\"@id\":\"https:\/\/www.slovklima.sk\/hu\/blog\/aux-hoszivattyu-energiatakarekos-futes-es-hutes-egyben\/\"},\"wordCount\":1669,\"publisher\":{\"@id\":\"https:\/\/www.slovklima.sk\/#organization\"},\"image\":{\"@id\":\"https:\/\/www.slovklima.sk\/hu\/blog\/aux-hoszivattyu-energiatakarekos-futes-es-hutes-egyben\/#primaryimage\"},\"thumbnailUrl\":\"https:\/\/www.slovklima.sk\/wp-content\/uploads\/2025\/04\/Tepelne-cerpadlo-AUX.jpg\",\"articleSection\":[\"F\u0171t\u00e9s\"],\"inLanguage\":\"hu\"},{\"@type\":\"WebPage\",\"@id\":\"https:\/\/www.slovklima.sk\/hu\/blog\/aux-hoszivattyu-energiatakarekos-futes-es-hutes-egyben\/\",\"url\":\"https:\/\/www.slovklima.sk\/hu\/blog\/aux-hoszivattyu-energiatakarekos-futes-es-hutes-egyben\/\",\"name\":\"AUX h\u0151szivatty\u00fa: Energiatakar\u00e9kos f\u0171t\u00e9s \u00e9s h\u0171t\u00e9s egyben | SLOVKLIMA DEIMOS group, s.r.o.\",\"isPartOf\":{\"@id\":\"https:\/\/www.slovklima.sk\/#website\"},\"primaryImageOfPage\":{\"@id\":\"https:\/\/www.slovklima.sk\/hu\/blog\/aux-hoszivattyu-energiatakarekos-futes-es-hutes-egyben\/#primaryimage\"},\"image\":{\"@id\":\"https:\/\/www.slovklima.sk\/hu\/blog\/aux-hoszivattyu-energiatakarekos-futes-es-hutes-egyben\/#primaryimage\"},\"thumbnailUrl\":\"https:\/\/www.slovklima.sk\/wp-content\/uploads\/2025\/04\/Tepelne-cerpadlo-AUX.jpg\",\"datePublished\":\"2025-05-19T06:36:45+00:00\",\"dateModified\":\"2026-01-21T09:03:33+00:00\",\"description\":\"AUX h\u0151szivatty\u00fa \u2013 Energiatakar\u00e9kos megold\u00e1s f\u0171t\u00e9sre \u00e9s h\u0171t\u00e9sre egyetlen k\u00e9sz\u00fcl\u00e9kben. Ismerje meg az AUX technol\u00f3gia el\u0151nyeit \u00e9s m\u0171k\u00f6d\u00e9s\u00e9t!\",\"breadcrumb\":{\"@id\":\"https:\/\/www.slovklima.sk\/hu\/blog\/aux-hoszivattyu-energiatakarekos-futes-es-hutes-egyben\/#breadcrumb\"},\"inLanguage\":\"hu\",\"potentialAction\":[{\"@type\":\"ReadAction\",\"target\":[\"https:\/\/www.slovklima.sk\/hu\/blog\/aux-hoszivattyu-energiatakarekos-futes-es-hutes-egyben\/\"]}]},{\"@type\":\"ImageObject\",\"inLanguage\":\"hu\",\"@id\":\"https:\/\/www.slovklima.sk\/hu\/blog\/aux-hoszivattyu-energiatakarekos-futes-es-hutes-egyben\/#primaryimage\",\"url\":\"https:\/\/www.slovklima.sk\/wp-content\/uploads\/2025\/04\/Tepelne-cerpadlo-AUX.jpg\",\"contentUrl\":\"https:\/\/www.slovklima.sk\/wp-content\/uploads\/2025\/04\/Tepelne-cerpadlo-AUX.jpg\",\"width\":1065,\"height\":450,\"caption\":\"AUX h\u0151szivatty\u00fa\"},{\"@type\":\"BreadcrumbList\",\"@id\":\"https:\/\/www.slovklima.sk\/hu\/blog\/aux-hoszivattyu-energiatakarekos-futes-es-hutes-egyben\/#breadcrumb\",\"itemListElement\":[{\"@type\":\"ListItem\",\"position\":1,\"name\":\"Domovsk\u00e1 str\u00e1nka\",\"item\":\"https:\/\/www.slovklima.sk\/hu\/\"},{\"@type\":\"ListItem\",\"position\":2,\"name\":\"AUX h\u0151szivatty\u00fa: Energiatakar\u00e9kos f\u0171t\u00e9s \u00e9s h\u0171t\u00e9s egyben\"}]},{\"@type\":\"WebSite\",\"@id\":\"https:\/\/www.slovklima.sk\/#website\",\"url\":\"https:\/\/www.slovklima.sk\/\",\"name\":\"SLOVKLIMA DEIMOS group, s.r.o.\",\"description\":\"\",\"publisher\":{\"@id\":\"https:\/\/www.slovklima.sk\/#organization\"},\"alternateName\":\"SLOVKLIMA\",\"potentialAction\":[{\"@type\":\"SearchAction\",\"target\":{\"@type\":\"EntryPoint\",\"urlTemplate\":\"https:\/\/www.slovklima.sk\/?s={search_term_string}\"},\"query-input\":{\"@type\":\"PropertyValueSpecification\",\"valueRequired\":true,\"valueName\":\"search_term_string\"}}],\"inLanguage\":\"hu\"},{\"@type\":\"Organization\",\"@id\":\"https:\/\/www.slovklima.sk\/#organization\",\"name\":\"SLOVKLIMA DEIMOS group, s.r.o.\",\"alternateName\":\"SLOVKLIMA\",\"url\":\"https:\/\/www.slovklima.sk\/\",\"logo\":{\"@type\":\"ImageObject\",\"inLanguage\":\"hu\",\"@id\":\"https:\/\/www.slovklima.sk\/#\/schema\/logo\/image\/\",\"url\":\"https:\/\/www.slovklima.sk\/wp-content\/uploads\/2022\/12\/slovklima-logo-black.svg\",\"contentUrl\":\"https:\/\/www.slovklima.sk\/wp-content\/uploads\/2022\/12\/slovklima-logo-black.svg\",\"width\":3218,\"height\":698,\"caption\":\"SLOVKLIMA DEIMOS group, s.r.o.\"},\"image\":{\"@id\":\"https:\/\/www.slovklima.sk\/#\/schema\/logo\/image\/\"}},{\"@type\":\"Person\",\"@id\":\"https:\/\/www.slovklima.sk\/#\/schema\/person\/116018679a4b34af051bf066b527c539\",\"name\":\"terlanda.peter\",\"image\":{\"@type\":\"ImageObject\",\"inLanguage\":\"hu\",\"@id\":\"https:\/\/www.slovklima.sk\/#\/schema\/person\/image\/\",\"url\":\"https:\/\/secure.gravatar.com\/avatar\/b022cc3ca0fc64964f410b12966d5772a852c461ebad9ff60247ddab8bafe8db?s=96&d=mm&r=g\",\"contentUrl\":\"https:\/\/secure.gravatar.com\/avatar\/b022cc3ca0fc64964f410b12966d5772a852c461ebad9ff60247ddab8bafe8db?s=96&d=mm&r=g\",\"caption\":\"terlanda.peter\"}}]}<\/script>\n<!-- \/ Yoast SEO plugin. -->","yoast_head_json":{"title":"AUX h\u0151szivatty\u00fa: Energiatakar\u00e9kos f\u0171t\u00e9s \u00e9s h\u0171t\u00e9s egyben  | SLOVKLIMA DEIMOS group, s.r.o.","description":"AUX h\u0151szivatty\u00fa \u2013 Energiatakar\u00e9kos megold\u00e1s f\u0171t\u00e9sre \u00e9s h\u0171t\u00e9sre egyetlen k\u00e9sz\u00fcl\u00e9kben. Ismerje meg az AUX technol\u00f3gia el\u0151nyeit \u00e9s m\u0171k\u00f6d\u00e9s\u00e9t!","robots":{"index":"index","follow":"follow","max-snippet":"max-snippet:-1","max-image-preview":"max-image-preview:large","max-video-preview":"max-video-preview:-1"},"canonical":"https:\/\/www.slovklima.sk\/hu\/blog\/aux-hoszivattyu-energiatakarekos-futes-es-hutes-egyben\/","og_locale":"hu_HU","og_type":"article","og_title":"AUX h\u0151szivatty\u00fa: Energiatakar\u00e9kos f\u0171t\u00e9s \u00e9s h\u0171t\u00e9s egyben  | SLOVKLIMA DEIMOS group, s.r.o.","og_description":"AUX h\u0151szivatty\u00fa \u2013 Energiatakar\u00e9kos megold\u00e1s f\u0171t\u00e9sre \u00e9s h\u0171t\u00e9sre egyetlen k\u00e9sz\u00fcl\u00e9kben. Ismerje meg az AUX technol\u00f3gia el\u0151nyeit \u00e9s m\u0171k\u00f6d\u00e9s\u00e9t!","og_url":"https:\/\/www.slovklima.sk\/hu\/blog\/aux-hoszivattyu-energiatakarekos-futes-es-hutes-egyben\/","og_site_name":"SLOVKLIMA DEIMOS group, s.r.o.","article_published_time":"2025-05-19T06:36:45+00:00","article_modified_time":"2026-01-21T09:03:33+00:00","og_image":[{"width":1065,"height":450,"url":"https:\/\/www.slovklima.sk\/wp-content\/uploads\/2025\/04\/Tepelne-cerpadlo-AUX.jpg","type":"image\/jpeg"}],"author":"terlanda.peter","twitter_card":"summary_large_image","twitter_misc":{"Szerz\u0151:":"terlanda.peter","Becs\u00fclt olvas\u00e1si id\u0151":"6 perc"},"schema":{"@context":"https:\/\/schema.org","@graph":[{"@type":"Article","@id":"https:\/\/www.slovklima.sk\/hu\/blog\/aux-hoszivattyu-energiatakarekos-futes-es-hutes-egyben\/#article","isPartOf":{"@id":"https:\/\/www.slovklima.sk\/hu\/blog\/aux-hoszivattyu-energiatakarekos-futes-es-hutes-egyben\/"},"author":{"name":"terlanda.peter","@id":"https:\/\/www.slovklima.sk\/#\/schema\/person\/116018679a4b34af051bf066b527c539"},"headline":"AUX h\u0151szivatty\u00fa: Energiatakar\u00e9kos f\u0171t\u00e9s \u00e9s h\u0171t\u00e9s egyben","datePublished":"2025-05-19T06:36:45+00:00","dateModified":"2026-01-21T09:03:33+00:00","mainEntityOfPage":{"@id":"https:\/\/www.slovklima.sk\/hu\/blog\/aux-hoszivattyu-energiatakarekos-futes-es-hutes-egyben\/"},"wordCount":1669,"publisher":{"@id":"https:\/\/www.slovklima.sk\/#organization"},"image":{"@id":"https:\/\/www.slovklima.sk\/hu\/blog\/aux-hoszivattyu-energiatakarekos-futes-es-hutes-egyben\/#primaryimage"},"thumbnailUrl":"https:\/\/www.slovklima.sk\/wp-content\/uploads\/2025\/04\/Tepelne-cerpadlo-AUX.jpg","articleSection":["F\u0171t\u00e9s"],"inLanguage":"hu"},{"@type":"WebPage","@id":"https:\/\/www.slovklima.sk\/hu\/blog\/aux-hoszivattyu-energiatakarekos-futes-es-hutes-egyben\/","url":"https:\/\/www.slovklima.sk\/hu\/blog\/aux-hoszivattyu-energiatakarekos-futes-es-hutes-egyben\/","name":"AUX h\u0151szivatty\u00fa: Energiatakar\u00e9kos f\u0171t\u00e9s \u00e9s h\u0171t\u00e9s egyben | SLOVKLIMA DEIMOS group, s.r.o.","isPartOf":{"@id":"https:\/\/www.slovklima.sk\/#website"},"primaryImageOfPage":{"@id":"https:\/\/www.slovklima.sk\/hu\/blog\/aux-hoszivattyu-energiatakarekos-futes-es-hutes-egyben\/#primaryimage"},"image":{"@id":"https:\/\/www.slovklima.sk\/hu\/blog\/aux-hoszivattyu-energiatakarekos-futes-es-hutes-egyben\/#primaryimage"},"thumbnailUrl":"https:\/\/www.slovklima.sk\/wp-content\/uploads\/2025\/04\/Tepelne-cerpadlo-AUX.jpg","datePublished":"2025-05-19T06:36:45+00:00","dateModified":"2026-01-21T09:03:33+00:00","description":"AUX h\u0151szivatty\u00fa \u2013 Energiatakar\u00e9kos megold\u00e1s f\u0171t\u00e9sre \u00e9s h\u0171t\u00e9sre egyetlen k\u00e9sz\u00fcl\u00e9kben. Ismerje meg az AUX technol\u00f3gia el\u0151nyeit \u00e9s m\u0171k\u00f6d\u00e9s\u00e9t!","breadcrumb":{"@id":"https:\/\/www.slovklima.sk\/hu\/blog\/aux-hoszivattyu-energiatakarekos-futes-es-hutes-egyben\/#breadcrumb"},"inLanguage":"hu","potentialAction":[{"@type":"ReadAction","target":["https:\/\/www.slovklima.sk\/hu\/blog\/aux-hoszivattyu-energiatakarekos-futes-es-hutes-egyben\/"]}]},{"@type":"ImageObject","inLanguage":"hu","@id":"https:\/\/www.slovklima.sk\/hu\/blog\/aux-hoszivattyu-energiatakarekos-futes-es-hutes-egyben\/#primaryimage","url":"https:\/\/www.slovklima.sk\/wp-content\/uploads\/2025\/04\/Tepelne-cerpadlo-AUX.jpg","contentUrl":"https:\/\/www.slovklima.sk\/wp-content\/uploads\/2025\/04\/Tepelne-cerpadlo-AUX.jpg","width":1065,"height":450,"caption":"AUX h\u0151szivatty\u00fa"},{"@type":"BreadcrumbList","@id":"https:\/\/www.slovklima.sk\/hu\/blog\/aux-hoszivattyu-energiatakarekos-futes-es-hutes-egyben\/#breadcrumb","itemListElement":[{"@type":"ListItem","position":1,"name":"Domovsk\u00e1 str\u00e1nka","item":"https:\/\/www.slovklima.sk\/hu\/"},{"@type":"ListItem","position":2,"name":"AUX h\u0151szivatty\u00fa: Energiatakar\u00e9kos f\u0171t\u00e9s \u00e9s h\u0171t\u00e9s egyben"}]},{"@type":"WebSite","@id":"https:\/\/www.slovklima.sk\/#website","url":"https:\/\/www.slovklima.sk\/","name":"SLOVKLIMA DEIMOS group, s.r.o.","description":"","publisher":{"@id":"https:\/\/www.slovklima.sk\/#organization"},"alternateName":"SLOVKLIMA","potentialAction":[{"@type":"SearchAction","target":{"@type":"EntryPoint","urlTemplate":"https:\/\/www.slovklima.sk\/?s={search_term_string}"},"query-input":{"@type":"PropertyValueSpecification","valueRequired":true,"valueName":"search_term_string"}}],"inLanguage":"hu"},{"@type":"Organization","@id":"https:\/\/www.slovklima.sk\/#organization","name":"SLOVKLIMA DEIMOS group, s.r.o.","alternateName":"SLOVKLIMA","url":"https:\/\/www.slovklima.sk\/","logo":{"@type":"ImageObject","inLanguage":"hu","@id":"https:\/\/www.slovklima.sk\/#\/schema\/logo\/image\/","url":"https:\/\/www.slovklima.sk\/wp-content\/uploads\/2022\/12\/slovklima-logo-black.svg","contentUrl":"https:\/\/www.slovklima.sk\/wp-content\/uploads\/2022\/12\/slovklima-logo-black.svg","width":3218,"height":698,"caption":"SLOVKLIMA DEIMOS group, s.r.o."},"image":{"@id":"https:\/\/www.slovklima.sk\/#\/schema\/logo\/image\/"}},{"@type":"Person","@id":"https:\/\/www.slovklima.sk\/#\/schema\/person\/116018679a4b34af051bf066b527c539","name":"terlanda.peter","image":{"@type":"ImageObject","inLanguage":"hu","@id":"https:\/\/www.slovklima.sk\/#\/schema\/person\/image\/","url":"https:\/\/secure.gravatar.com\/avatar\/b022cc3ca0fc64964f410b12966d5772a852c461ebad9ff60247ddab8bafe8db?s=96&d=mm&r=g","contentUrl":"https:\/\/secure.gravatar.com\/avatar\/b022cc3ca0fc64964f410b12966d5772a852c461ebad9ff60247ddab8bafe8db?s=96&d=mm&r=g","caption":"terlanda.peter"}}]}},"_links":{"self":[{"href":"https:\/\/www.slovklima.sk\/hu\/wp-json\/wp\/v2\/posts\/14403","targetHints":{"allow":["GET"]}}],"collection":[{"href":"https:\/\/www.slovklima.sk\/hu\/wp-json\/wp\/v2\/posts"}],"about":[{"href":"https:\/\/www.slovklima.sk\/hu\/wp-json\/wp\/v2\/types\/post"}],"author":[{"embeddable":true,"href":"https:\/\/www.slovklima.sk\/hu\/wp-json\/wp\/v2\/users\/472"}],"replies":[{"embeddable":true,"href":"https:\/\/www.slovklima.sk\/hu\/wp-json\/wp\/v2\/comments?post=14403"}],"version-history":[{"count":1,"href":"https:\/\/www.slovklima.sk\/hu\/wp-json\/wp\/v2\/posts\/14403\/revisions"}],"predecessor-version":[{"id":19848,"href":"https:\/\/www.slovklima.sk\/hu\/wp-json\/wp\/v2\/posts\/14403\/revisions\/19848"}],"wp:featuredmedia":[{"embeddable":true,"href":"https:\/\/www.slovklima.sk\/hu\/wp-json\/wp\/v2\/media\/14368"}],"wp:attachment":[{"href":"https:\/\/www.slovklima.sk\/hu\/wp-json\/wp\/v2\/media?parent=14403"}],"wp:term":[{"taxonomy":"category","embeddable":true,"href":"https:\/\/www.slovklima.sk\/hu\/wp-json\/wp\/v2\/categories?post=14403"},{"taxonomy":"post_tag","embeddable":true,"href":"https:\/\/www.slovklima.sk\/hu\/wp-json\/wp\/v2\/tags?post=14403"},{"taxonomy":"table_tags","embeddable":true,"href":"https:\/\/www.slovklima.sk\/hu\/wp-json\/wp\/v2\/table_tags?post=14403"}],"curies":[{"name":"wp","href":"https:\/\/api.w.org\/{rel}","templated":true}]}}