{"id":14223,"date":"2025-04-17T17:04:29","date_gmt":"2025-04-17T15:04:29","guid":{"rendered":"https:\/\/www.slovklima.sk\/?p=14223"},"modified":"2026-01-21T10:03:34","modified_gmt":"2026-01-21T09:03:34","slug":"hogyan-valasszuk-ki-a-megfelelo-legtisztitot","status":"publish","type":"post","link":"https:\/\/www.slovklima.sk\/hu\/blog\/hogyan-valasszuk-ki-a-megfelelo-legtisztitot\/","title":{"rendered":"Hogyan v\u00e1lasszuk ki a megfelel\u0151 l\u00e9gtiszt\u00edt\u00f3t?"},"content":{"rendered":"<p><strong>A tiszta leveg\u0151 az \u00e9let egyik alapvet\u0151 eleme. Jelent\u0151s hat\u00e1ssal van a t\u00fcd\u0151nkre, a v\u00e9rkering\u00e9s\u00fcnkre, a sz\u00edv\u00fcnkre \u00e9s \u00e1ltal\u00e1noss\u00e1gban a fizikai eg\u00e9szs\u00e9g\u00fcnkre. Azonban az otthonunk leveg\u0151je nem felt\u00e9tlen\u00fcl olyan tiszta, mint gondoln\u00e1nk. Egyes tanulm\u00e1nyok szerint a belt\u00e9ri leveg\u0151 ak\u00e1r k\u00e9tszer-\u00f6tsz\u00f6r t\u00f6bb szennyez\u0151 anyagot tartalmazhat, mint a k\u00fcls\u0151 k\u00f6rnyezetben. Hogyan jav\u00edthatjuk teh\u00e1t a lak\u00e1sunk leveg\u0151min\u0151s\u00e9g\u00e9t?<\/strong> <\/p><p>A legjobb m\u00f3dszer a belt\u00e9ri leveg\u0151 min\u0151s\u00e9g\u00e9nek jav\u00edt\u00e1s\u00e1ra a szennyez\u0151 forr\u00e1sok megsz\u00fcntet\u00e9se. P\u00e9ld\u00e1ul \u00e9rdemes ker\u00fclni a doh\u00e1nyz\u00e1st a lak\u00e1sban vagy korl\u00e1tozni a h\u00e1zi\u00e1llatok bejut\u00e1s\u00e1t. Emellett a rendszeres szell\u0151ztet\u00e9s is seg\u00edthet. Ha azonban ezek ellen\u00e9re is kellemetlennek \u00e9rzi a leveg\u0151t otthon\u00e1ban, \u00e9rdemes elgondolkodni egy l\u00e9gtiszt\u00edt\u00f3 beszerz\u00e9s\u00e9n. De hogyan v\u00e1lasszunk l\u00e9gtiszt\u00edt\u00f3t? <\/p><h2 class=\"wp-block-heading\">Mi az a l\u00e9gtiszt\u00edt\u00f3? <\/h2><p>A l\u00e9gtiszt\u00edt\u00f3 egy viszonylag egyszer\u0171 eszk\u00f6z, amely besz\u00edvja a szennyezett leveg\u0151t, majd k\u00fcl\u00f6nb\u00f6z\u0151 sz\u0171r\u0151k \u00e9s modern technol\u00f3gi\u00e1k seg\u00edts\u00e9g\u00e9vel megtiszt\u00edtja \u00e9s visszajuttatja a helyis\u00e9gbe. Nem minden l\u00e9gtiszt\u00edt\u00f3 k\u00e9pes kisz\u0171rni az \u00f6sszes szennyez\u0151 anyagot. N\u00e9h\u00e1ny t\u00edpus kiz\u00e1r\u00f3lag biol\u00f3giai szennyez\u0151d\u00e9sekre, p\u00e9ld\u00e1ul allerg\u00e9nekre, porra vagy h\u00e1zi\u00e1llatok sz\u0151r\u00e9re specializ\u00e1l\u00f3dik. Ez\u00e9rt fontos, hogy v\u00e1s\u00e1rl\u00e1s el\u0151tt meg\u00e9rts\u00fck a leveg\u0151szennyez\u00e9s k\u00fcl\u00f6nb\u00f6z\u0151 t\u00edpusait. <\/p><p>A leveg\u0151 finom r\u00e9szecsk\u00e9kkel val\u00f3 szennyez\u0151d\u00e9se k\u00fcl\u00f6n\u00f6sen vesz\u00e9lyes, mert szabad szemmel nem l\u00e1that\u00f3. \u00cdgy eg\u00e9sz nap bel\u00e9legezz\u00fck an\u00e9lk\u00fcl, hogy \u00e9szrevenn\u00e9nk. Ezek a r\u00e9szecsk\u00e9k f\u00fcstb\u0151l, koromb\u00f3l, pollenb\u0151l vagy m\u00e1s allerg\u00e9nekb\u0151l sz\u00e1rmaznak, de h\u00e9tk\u00f6znapi tev\u00e9kenys\u00e9gek sor\u00e1n is keletkezhetnek, p\u00e9ld\u00e1ul f\u0151z\u00e9s, takar\u00edt\u00e1s vagy gyertyagy\u00fajt\u00e1s k\u00f6zben. A legnagyobb mennyis\u00e9gben azonban fat\u00fczel\u00e9s \u00e9s fosszilis t\u00fczel\u0151anyagok \u00e9g\u00e9se, k\u00fcl\u00f6n\u00f6sen kipufog\u00f3g\u00e1zok kibocs\u00e1t\u00e1sa r\u00e9v\u00e9n ker\u00fclnek a leveg\u0151be. <\/p><p>A k\u00e9miai l\u00e9gszennyez\u00e9s els\u0151sorban z\u00e1rt terekben fordul el\u0151. Ezeket az anyagokat gyakran \u201en\u00e9ma gyilkosokk\u00e9nt\u201d emlegetik, mert sz\u00edntelenek \u00e9s szagtalanok. K\u00fcl\u00f6n\u00f6sen fontos odafigyelni az olyan vegyi anyagokra, amelyek sz\u00e9n-monoxidot tartalmazhatnak. Az utols\u00f3 f\u0151 l\u00e9gszennyez\u0151 kateg\u00f3ria a biol\u00f3giai eredet\u0171 szennyez\u0151d\u00e9sek\u00e9. Ide tartoznak a n\u00f6v\u00e9nyekb\u0151l, \u00e1llatokb\u00f3l vagy pen\u00e9szgomb\u00e1kb\u00f3l sz\u00e1rmaz\u00f3 szennyez\u0151 anyagok. <\/p><p>F\u00fcggetlen\u00fcl att\u00f3l, hogy milyen t\u00edpus\u00fa szennyez\u0151d\u00e9s van jelen a leveg\u0151ben, fontos tudni, hogy a l\u00e9gtiszt\u00edt\u00f3 nem p\u00e1r\u00e1s\u00edt\u00f3 vagy l\u00e9gkondicion\u00e1l\u00f3 berendez\u00e9s. B\u00e1r egyes gy\u00e1rt\u00f3k k\u00edn\u00e1lnak 2 az 1-ben vagy 3 az 1-ben k\u00e9sz\u00fcl\u00e9keket, a nedvess\u00e9g jelenl\u00e9te a l\u00e9gtiszt\u00edt\u00f3ban k\u00e1rosan befoly\u00e1solhatja a sz\u0171r\u0151k teljes\u00edtm\u00e9ny\u00e9t. <\/p><h2 class=\"wp-block-heading\">L\u00e9gtiszt\u00edt\u00f3k t\u00edpusai <\/h2><p>A k\u00fcl\u00f6nb\u00f6z\u0151 l\u00e9gtiszt\u00edt\u00f3k elt\u00e9r\u0151 technol\u00f3gi\u00e1kat alkalmaznak. Egyesek hat\u00e9konyak, m\u00edg m\u00e1sok kev\u00e9sb\u00e9 eredm\u00e9nyesek, s\u0151t, ak\u00e1r k\u00e1rosak is lehetnek az eg\u00e9szs\u00e9gre. Hogyan v\u00e1lasszuk ki teh\u00e1t a megfelel\u0151 l\u00e9gtiszt\u00edt\u00f3t? <\/p><h2 class=\"wp-block-heading\">Mechanikus sz\u0171r\u0151vel ell\u00e1tott l\u00e9gtiszt\u00edt\u00f3k <\/h2><p>Ezek a l\u00e9gtiszt\u00edt\u00f3k ventil\u00e1torok seg\u00edts\u00e9g\u00e9vel \u00e1ramoltatj\u00e1k a leveg\u0151t egy s\u0171r\u0171 sz\u00f6v\u00e9s\u0171, finom rostokb\u00f3l \u00e1ll\u00f3 sz\u0171r\u0151n kereszt\u00fcl, amely felfogja a r\u00e9szecsk\u00e9ket. Az egyik legfinomabb sz\u00f6v\u00e9s\u0171 sz\u0171r\u0151t\u00edpus a HEPA sz\u0171r\u0151. A mechanikus sz\u0171r\u0151k azonban nem k\u00e9pesek elt\u00e1vol\u00edtani a g\u00e1zokat \u00e9s a szagokat. Karbantart\u00e1suk k\u00f6lts\u00e9ges lehet, mivel a sz\u0171r\u0151ket 6\u201312 havonta cser\u00e9lni kell. <\/p><p>A HEPA-min\u0151s\u00edt\u00e9ssel rendelkez\u0151 sz\u0171r\u0151k a leveg\u0151ben tal\u00e1lhat\u00f3 r\u00e9szecsk\u00e9k 99,97%-\u00e1t k\u00e9pesek kisz\u0171rni. Ha szeretn\u00e9 meg\u00f3vni a t\u00fcdej\u00e9t az allerg\u00e9nekt\u0151l, bakt\u00e9riumokt\u00f3l, pen\u00e9szgomb\u00e1kt\u00f3l, f\u00fcstt\u0151l, ill\u00e9kony szerves vegy\u00fcletekt\u0151l \u00e9s egy\u00e9b k\u00e1ros anyagokt\u00f3l, \u00e9rdemes HEPA-min\u0151s\u00edt\u00e9s\u0171 sz\u0171r\u0151t v\u00e1lasztani. V\u00e1s\u00e1rl\u00e1s el\u0151tt fontos ut\u00e1nan\u00e9zni a k\u00fcl\u00f6nb\u00f6z\u0151 HEPA sz\u0171r\u0151t\u00edpusoknak, mivel a piacon t\u00f6bbf\u00e9le v\u00e1ltozat \u00e9rhet\u0151 el, \u00e9s nem mindegyik teljes\u00edt egyform\u00e1n j\u00f3l. A sz\u0171r\u0151 kiv\u00e1laszt\u00e1sakor ne csak a tan\u00fas\u00edtv\u00e1nyt n\u00e9zze, hanem azt is, hogyan teljes\u00edtettek a k\u00fcl\u00f6nb\u00f6z\u0151 teszteken. Min\u00e9l t\u00f6bbet tud meg a sz\u0171r\u0151r\u0151l, ann\u00e1l jobban fog tudni d\u00f6nteni a megfelel\u0151 l\u00e9gtiszt\u00edt\u00f3 kiv\u00e1laszt\u00e1sakor. <\/p><h2 class=\"wp-block-heading\">Akt\u00edvszenes sz\u0171r\u0151vel ell\u00e1tott l\u00e9gtiszt\u00edt\u00f3k <\/h2><p>Az akt\u00edv sz\u00e9n az egyik leggyakrabban alkalmazott sz\u0171r\u0151anyag az ipari vil\u00e1gban, amelyet sz\u00e9les k\u00f6rben haszn\u00e1lnak mind leveg\u0151-, mind v\u00edzsz\u0171r\u0151kben a szennyez\u0151d\u00e9sek elt\u00e1vol\u00edt\u00e1s\u00e1ra. K\u00fcl\u00f6n\u00f6sen hat\u00e9kony a k\u00e9miai szennyez\u0151 anyagok kisz\u0171r\u00e9s\u00e9ben. Ezek a sz\u0171r\u0151k legink\u00e1bb arr\u00f3l ismertek, hogy kiv\u00e1l\u00f3an k\u00e9pesek semleges\u00edteni a kellemetlen szagokat, \u00edgy k\u00fcl\u00f6n\u00f6sen hasznosak azok sz\u00e1m\u00e1ra, akik cigarettaf\u00fcsttel vagy m\u00e1s kellemetlen szagokkal k\u00fczdenek otthonukban vagy munkahely\u00fck\u00f6n. <\/p><p>Az akt\u00edvszenes l\u00e9gtiszt\u00edt\u00f3k azonban kev\u00e9sb\u00e9 hat\u00e9konyak olyan vegyi anyagok, mint a formaldehid, amm\u00f3nia vagy nitrog\u00e9n-oxidok kisz\u0171r\u00e9s\u00e9ben. Nem t\u00e1vol\u00edtj\u00e1k el a szil\u00e1rd r\u00e9szecsk\u00e9ket, ez\u00e9rt ezeket a l\u00e9gtiszt\u00edt\u00f3kat gyakran mechanikus sz\u0171r\u0151kkel kombin\u00e1lj\u00e1k. Az akt\u00edvszenes sz\u0171r\u0151k gyorsabban tel\u00edt\u0151dnek, mint a mechanikus sz\u0171r\u0151k, \u00edgy \u00e1tlagosan h\u00e1romhavonta cser\u00e9re szorulnak. <\/p><h2 class=\"wp-block-heading\">\u00d3zonos l\u00e9gtiszt\u00edt\u00f3k <\/h2><p>Ezek a k\u00e9sz\u00fcl\u00e9kek \u00f3zont termelnek, egy olyan molekul\u00e1t, amely bizonyos szennyez\u0151 anyagokkal reakci\u00f3ba l\u00e9pve megv\u00e1ltoztathatja azok k\u00e9miai \u00f6sszet\u00e9tel\u00e9t. Ez azonban egy nagyon kock\u00e1zatos megold\u00e1s, mivel az \u00f3zonos l\u00e9gtiszt\u00edt\u00f3k vesz\u00e9lyes belt\u00e9ri leveg\u0151min\u0151s\u00e9get eredm\u00e9nyezhetnek. Az \u00f3zongener\u00e1torok gy\u00e1rt\u00f3i gyakran \u00e1ll\u00edtj\u00e1k, hogy ezek a k\u00e9sz\u00fcl\u00e9kek biztons\u00e1gos mennyis\u00e9g\u0171 \u00f3zont bocs\u00e1tanak ki, azonban sz\u00e1mos teszt kimutatta, hogy m\u00e9g alacsony be\u00e1ll\u00edt\u00e1sok mellett is sok eszk\u00f6z gyorsan t\u00fall\u00e9pi a megengedett biztons\u00e1gi hat\u00e1r\u00e9rt\u00e9ket. R\u00e1ad\u00e1sul a kutat\u00e1sok szerint az alacsony \u00f3zonszint \u2013 amely a szmog egyik f\u0151 \u00f6sszetev\u0151je \u2013 nem k\u00e9pes hat\u00e9konyan elt\u00e1vol\u00edtani a belt\u00e9ri szennyez\u0151d\u00e9seket. Ez\u00e9rt az \u00f3zonos l\u00e9gtiszt\u00edt\u00f3k haszn\u00e1lata nem aj\u00e1nlott, k\u00fcl\u00f6n\u00f6sen z\u00e1rt t\u00e9rben. <\/p><h2 class=\"wp-block-heading\">Ioniz\u00e1torok <\/h2><p>Egyes l\u00e9gtiszt\u00edt\u00f3k ioniz\u00e1ci\u00f3s technol\u00f3gi\u00e1t alkalmaznak. Az ioniz\u00e1ci\u00f3 hat\u00e9kony m\u00f3dszer a leveg\u0151szennyez\u00e9s ellen, mivel a negat\u00edv t\u00f6lt\u00e9s\u0171 ionok elt\u00e1vol\u00edtj\u00e1k a finom r\u00e9szecsk\u00e9ket a leveg\u0151b\u0151l. Az ioniz\u00e1torok m\u0171k\u00f6d\u00e9si elve az, hogy negat\u00edv t\u00f6lt\u00e9s\u0171 ionokat (ani\u00f3nokat) bocs\u00e1tanak ki a t\u00e9rbe, amelyek az elektrosztatikus vonz\u00e1s elv\u00e9n kapcsol\u00f3dnak a pozit\u00edv t\u00f6lt\u00e9s\u0171 vagy semleges szennyez\u0151 r\u00e9szecsk\u00e9khez. Miut\u00e1n ezek az ionok a r\u00e9szecsk\u00e9khez kapcsol\u00f3dnak, azok megv\u00e1ltoztatj\u00e1k szerkezet\u00fcket \u00e9s lebomlanak. Ez\u00e1ltal cs\u00f6kken a bel\u00e9legzett k\u00e1ros r\u00e9szecsk\u00e9k mennyis\u00e9ge, ami hozz\u00e1j\u00e1rulhat a t\u00fcd\u0151 \u00e9s az \u00e1ltal\u00e1nos eg\u00e9szs\u00e9g v\u00e9delm\u00e9hez. <\/p><h2 class=\"wp-block-heading\">Fotokatal\u00edzis elv\u00e9n m\u0171k\u00f6d\u0151 l\u00e9gtiszt\u00edt\u00f3k <\/h2><p>Egyes l\u00e9gtiszt\u00edt\u00f3k fotokatal\u00edzis technol\u00f3gi\u00e1t alkalmaznak a leveg\u0151 tiszt\u00edt\u00e1s\u00e1ra. A fotokatal\u00edzis sz\u00e1mos tudom\u00e1nyos ter\u00fcleten megtal\u00e1lhat\u00f3, bele\u00e9rtve a leveg\u0151- \u00e9s v\u00edztiszt\u00edt\u00e1st is. <\/p><p>Ez a folyamat, amelyet fotokatalitikus lebont\u00e1snak is neveznek, egy f\u00e9nnyel felgyors\u00edtott k\u00e9miai reakci\u00f3, amely lebontja a szennyez\u0151 anyagokat. Azonban a reakci\u00f3 a szennyez\u0151d\u00e9s t\u00edpus\u00e1t\u00f3l f\u00fcgg\u0151en olyan k\u00e1ros mell\u00e9kterm\u00e9keket hozhat l\u00e9tre, mint p\u00e9ld\u00e1ul \u00f3zon, formaldehid, nitrog\u00e9n-dioxid \u00e9s sz\u00e9n-monoxid. Ez\u00e9rt a fotokatal\u00edzis elv\u00e9n m\u0171k\u00f6d\u0151 l\u00e9gtiszt\u00edt\u00f3k haszn\u00e1lata nem mindig biztons\u00e1gos, \u00e9s alkalmaz\u00e1sukn\u00e1l k\u00f6r\u00fcltekint\u0151en kell elj\u00e1rni. <\/p><h2 class=\"wp-block-heading\">Hogyan v\u00e1lasszunk l\u00e9gtiszt\u00edt\u00f3t? <\/h2><p>A megfelel\u0151 l\u00e9gtiszt\u00edt\u00f3 kiv\u00e1laszt\u00e1sakor t\u00f6bb t\u00e9nyez\u0151t is figyelembe kell venni. Az egyik legfontosabb szempont a sz\u0171r\u0151k cser\u00e9j\u00e9nek k\u00f6lts\u00e9ge, amely jelent\u0151sen elt\u00e9rhet a k\u00fcl\u00f6nb\u00f6z\u0151 t\u00edpusok eset\u00e9ben. <\/p><p>Egy m\u00e1sik fontos t\u00e9nyez\u0151 a tiszta leveg\u0151 sz\u00e1ll\u00edt\u00e1si sebess\u00e9ge (CADR &#8211; Clean Air Delivery Rate), amely azt mutatja meg, hogy az adott k\u00e9sz\u00fcl\u00e9k mekkora ter\u00fclet hat\u00e9kony tiszt\u00edt\u00e1s\u00e1ra k\u00e9pes. Sok tan\u00fas\u00edtv\u00e1nnyal rendelkez\u0151 l\u00e9gtiszt\u00edt\u00f3 ezt az \u00e9rt\u00e9ket felt\u00fcnteti a specifik\u00e1ci\u00f3kban. Min\u00e9l magasabb ez az \u00e9rt\u00e9k, ann\u00e1l gyorsabban \u00e9s hat\u00e9konyabban m\u0171k\u00f6dik a l\u00e9gtiszt\u00edt\u00f3. <\/p><p>A l\u00e9gtiszt\u00edt\u00f3t nemcsak hat\u00e9konys\u00e1ga alapj\u00e1n kell kiv\u00e1lasztani, hanem azt is figyelembe kell venni, mennyire komfortos a mindennapi haszn\u00e1lata. Mivel ezeket az eszk\u00f6z\u00f6ket folyamatosan m\u0171k\u00f6dtetni kell, ide\u00e1lis esetben csendes \u00fczem\u0171 k\u00e9sz\u00fcl\u00e9ket \u00e9rdemes v\u00e1lasztani, hogy ne zavarja a mindennapi \u00e9letet. <\/p><figure class=\"wp-block-image size-full is-resized\"><img decoding=\"async\" width=\"1065\" height=\"450\" src=\"https:\/\/www.slovklima.sk\/wp-content\/uploads\/2025\/03\/image-49.jpeg\" alt=\"Hogyan v\u00e1lasszuk ki a l\u00e9gtiszt\u00edt\u00f3t\" class=\"wp-image-14227\" style=\"width:1270px;height:auto\" srcset=\"https:\/\/www.slovklima.sk\/wp-content\/uploads\/2025\/03\/image-49.jpeg 1065w, https:\/\/www.slovklima.sk\/wp-content\/uploads\/2025\/03\/image-49-400x169.jpeg 400w, https:\/\/www.slovklima.sk\/wp-content\/uploads\/2025\/03\/image-49-768x325.jpeg 768w, https:\/\/www.slovklima.sk\/wp-content\/uploads\/2025\/03\/image-49-430x182.jpeg 430w, https:\/\/www.slovklima.sk\/wp-content\/uploads\/2025\/03\/image-49-700x296.jpeg 700w, https:\/\/www.slovklima.sk\/wp-content\/uploads\/2025\/03\/image-49-150x63.jpeg 150w\" sizes=\"(max-width: 1065px) 100vw, 1065px\" \/><\/figure><h2 class=\"wp-block-heading\">Energiahat\u00e9konys\u00e1g <\/h2><p>Egy m\u00e1sik fontos t\u00e9nyez\u0151, amelyet \u00e9rdemes figyelembe venni v\u00e1s\u00e1rl\u00e1s el\u0151tt, az energiafogyaszt\u00e1s. Ez modell- \u00e9s m\u00e9retf\u00fcgg\u0151en jelent\u0151sen elt\u00e9rhet. A kisebb helyis\u00e9gekre tervezett l\u00e9gtiszt\u00edt\u00f3k kevesebb energi\u00e1t fogyasztanak, m\u00edg a nagyobb terekre m\u00e9retezett k\u00e9sz\u00fcl\u00e9kek \u00e9rtelemszer\u0171en t\u00f6bb energi\u00e1t ig\u00e9nyelnek. Mivel a l\u00e9gtiszt\u00edt\u00f3k folyamatos m\u0171k\u00f6d\u00e9s mellett a leghat\u00e9konyabbak, jelent\u0151s energiafogyaszt\u00e1ssal j\u00e1rhatnak, k\u00fcl\u00f6n\u00f6sen magasabb teljes\u00edtm\u00e9nyszinteken. Ez\u00e9rt a l\u00e9gtiszt\u00edt\u00f3 kiv\u00e1laszt\u00e1s\u00e1n\u00e1l nemcsak a tiszt\u00edt\u00e1si teljes\u00edtm\u00e9nyt, hanem az \u00fczemeltet\u00e9si k\u00f6lts\u00e9geket is \u00e9rdemes m\u00e9rlegelni. <\/p><h2 class=\"wp-block-heading\">Extra funkci\u00f3k <\/h2><p>Egyes l\u00e9gtiszt\u00edt\u00f3 modellek tov\u00e1bbi funkci\u00f3kkal is rendelkeznek, mint p\u00e9ld\u00e1ul WiFi-kapcsolat, mobilalkalmaz\u00e1s-integr\u00e1ci\u00f3, t\u00e1vir\u00e1ny\u00edt\u00f3, sz\u0171r\u0151csere-jelz\u0151, kijelz\u0151 f\u00e9nyerej\u00e9nek szab\u00e1lyoz\u00e1sa vagy kikapcsol\u00e1sa, \u00e9s sok m\u00e1s k\u00e9nyelmi megold\u00e1s. Hogy ezek k\u00f6z\u00fcl melyik funkci\u00f3kra van val\u00f3ban sz\u00fcks\u00e9g, az egy\u00e9ni ig\u00e9nyekt\u0151l f\u00fcgg. Egyes extr\u00e1k elengedhetetlenek lehetnek a mindennapi haszn\u00e1lathoz, m\u00edg m\u00e1sok ink\u00e1bb csak k\u00e9nyelmi pluszt jelentenek, de val\u00f3j\u00e1ban ritk\u00e1n lesznek kihaszn\u00e1lva. <\/p><h2 class=\"wp-block-heading\">\u00d6sszegz\u00e9s <\/h2><p>A tiszta leveg\u0151 nemcsak a k\u00e9nyelem, hanem az eg\u00e9szs\u00e9g k\u00e9rd\u00e9se is. Egy min\u0151s\u00e9gi l\u00e9gtiszt\u00edt\u00f3ba val\u00f3 befektet\u00e9s jelent\u0151sen jav\u00edthatja az \u00e9letmin\u0151s\u00e9get \u00e9s hozz\u00e1j\u00e1rulhat a k\u00f6nnyebb l\u00e9gz\u00e9shez. Ha megb\u00edzhat\u00f3 megold\u00e1st keres a leveg\u0151ben l\u00e9v\u0151 szennyez\u0151d\u00e9sek ellen, l\u00e1togasson el a <a href=\"https:\/\/www.slovklima.sk\/hu\/\">Slovklima<\/a> weboldal\u00e1ra, ahol sz\u00e9les v\u00e1laszt\u00e9kban tal\u00e1l l\u00e9gtiszt\u00edt\u00f3kat, amelyek megfelelnek a legszigor\u00fabb elv\u00e1r\u00e1soknak. Ne feledje: a tiszta leveg\u0151 az eg\u00e9szs\u00e9g \u00e9s a j\u00f3 k\u00f6z\u00e9rzet alapja \u2013 ne halogassa a d\u00f6nt\u00e9st, \u00e9s fektessen be egy min\u0151s\u00e9gi l\u00e9gtiszt\u00edt\u00f3ba m\u00e9g ma! <\/p>","protected":false},"excerpt":{"rendered":"<p>A tiszta leveg\u0151 az \u00e9let egyik alapvet\u0151 eleme. Jelent\u0151s hat\u00e1ssal van a t\u00fcd\u0151nkre, a v\u00e9rkering\u00e9s\u00fcnkre, a sz\u00edv\u00fcnkre \u00e9s \u00e1ltal\u00e1noss\u00e1gban a<\/p>\n","protected":false},"author":472,"featured_media":14224,"comment_status":"closed","ping_status":"open","sticky":false,"template":"","format":"standard","meta":{"footnotes":""},"categories":[481],"tags":[],"table_tags":[],"class_list":["post-14223","post","type-post","status-publish","format-standard","has-post-thumbnail","hentry","category-levegokezeles"],"yoast_head":"<!-- This site is optimized with the Yoast SEO plugin v24.3 - https:\/\/yoast.com\/wordpress\/plugins\/seo\/ -->\n<title>Hogyan v\u00e1lasszuk ki a l\u00e9gtiszt\u00edt\u00f3t | SLOVKLIMA DEIMOS group, s.r.o.<\/title>\n<meta name=\"description\" content=\"Hogyan v\u00e1lasszuk ki a l\u00e9gtiszt\u00edt\u00f3t \u2013 fontos szempontok a sz\u0171r\u0151rendszer, a helyis\u00e9g m\u00e9rete \u00e9s a zajszint alapj\u00e1n.\" \/>\n<meta name=\"robots\" content=\"index, follow, max-snippet:-1, max-image-preview:large, max-video-preview:-1\" \/>\n<link rel=\"canonical\" href=\"https:\/\/www.slovklima.sk\/hu\/blog\/hogyan-valasszuk-ki-a-megfelelo-legtisztitot\/\" \/>\n<meta property=\"og:locale\" content=\"hu_HU\" \/>\n<meta property=\"og:type\" content=\"article\" \/>\n<meta property=\"og:title\" content=\"Hogyan v\u00e1lasszuk ki a l\u00e9gtiszt\u00edt\u00f3t | SLOVKLIMA DEIMOS group, s.r.o.\" \/>\n<meta property=\"og:description\" content=\"Hogyan v\u00e1lasszuk ki a l\u00e9gtiszt\u00edt\u00f3t \u2013 fontos szempontok a sz\u0171r\u0151rendszer, a helyis\u00e9g m\u00e9rete \u00e9s a zajszint alapj\u00e1n.\" \/>\n<meta property=\"og:url\" content=\"https:\/\/www.slovklima.sk\/hu\/blog\/hogyan-valasszuk-ki-a-megfelelo-legtisztitot\/\" \/>\n<meta property=\"og:site_name\" content=\"SLOVKLIMA DEIMOS group, s.r.o.\" \/>\n<meta property=\"article:published_time\" content=\"2025-04-17T15:04:29+00:00\" \/>\n<meta property=\"article:modified_time\" content=\"2026-01-21T09:03:34+00:00\" \/>\n<meta property=\"og:image\" content=\"https:\/\/www.slovklima.sk\/wp-content\/uploads\/2025\/03\/image-48.jpeg\" \/>\n\t<meta property=\"og:image:width\" content=\"1065\" \/>\n\t<meta property=\"og:image:height\" content=\"450\" \/>\n\t<meta property=\"og:image:type\" content=\"image\/jpeg\" \/>\n<meta name=\"author\" content=\"terlanda.peter\" \/>\n<meta name=\"twitter:card\" content=\"summary_large_image\" \/>\n<meta name=\"twitter:label1\" content=\"Szerz\u0151:\" \/>\n\t<meta name=\"twitter:data1\" content=\"terlanda.peter\" \/>\n\t<meta name=\"twitter:label2\" content=\"Becs\u00fclt olvas\u00e1si id\u0151\" \/>\n\t<meta name=\"twitter:data2\" content=\"7 perc\" \/>\n<script type=\"application\/ld+json\" class=\"yoast-schema-graph\">{\"@context\":\"https:\/\/schema.org\",\"@graph\":[{\"@type\":\"Article\",\"@id\":\"https:\/\/www.slovklima.sk\/hu\/blog\/hogyan-valasszuk-ki-a-megfelelo-legtisztitot\/#article\",\"isPartOf\":{\"@id\":\"https:\/\/www.slovklima.sk\/hu\/blog\/hogyan-valasszuk-ki-a-megfelelo-legtisztitot\/\"},\"author\":{\"name\":\"terlanda.peter\",\"@id\":\"https:\/\/www.slovklima.sk\/#\/schema\/person\/116018679a4b34af051bf066b527c539\"},\"headline\":\"Hogyan v\u00e1lasszuk ki a megfelel\u0151 l\u00e9gtiszt\u00edt\u00f3t?\",\"datePublished\":\"2025-04-17T15:04:29+00:00\",\"dateModified\":\"2026-01-21T09:03:34+00:00\",\"mainEntityOfPage\":{\"@id\":\"https:\/\/www.slovklima.sk\/hu\/blog\/hogyan-valasszuk-ki-a-megfelelo-legtisztitot\/\"},\"wordCount\":2037,\"publisher\":{\"@id\":\"https:\/\/www.slovklima.sk\/#organization\"},\"image\":{\"@id\":\"https:\/\/www.slovklima.sk\/hu\/blog\/hogyan-valasszuk-ki-a-megfelelo-legtisztitot\/#primaryimage\"},\"thumbnailUrl\":\"https:\/\/www.slovklima.sk\/wp-content\/uploads\/2025\/03\/image-48.jpeg\",\"articleSection\":[\"Leveg\u0151kezel\u00e9s\"],\"inLanguage\":\"hu\"},{\"@type\":\"WebPage\",\"@id\":\"https:\/\/www.slovklima.sk\/hu\/blog\/hogyan-valasszuk-ki-a-megfelelo-legtisztitot\/\",\"url\":\"https:\/\/www.slovklima.sk\/hu\/blog\/hogyan-valasszuk-ki-a-megfelelo-legtisztitot\/\",\"name\":\"Hogyan v\u00e1lasszuk ki a l\u00e9gtiszt\u00edt\u00f3t | SLOVKLIMA DEIMOS group, s.r.o.\",\"isPartOf\":{\"@id\":\"https:\/\/www.slovklima.sk\/#website\"},\"primaryImageOfPage\":{\"@id\":\"https:\/\/www.slovklima.sk\/hu\/blog\/hogyan-valasszuk-ki-a-megfelelo-legtisztitot\/#primaryimage\"},\"image\":{\"@id\":\"https:\/\/www.slovklima.sk\/hu\/blog\/hogyan-valasszuk-ki-a-megfelelo-legtisztitot\/#primaryimage\"},\"thumbnailUrl\":\"https:\/\/www.slovklima.sk\/wp-content\/uploads\/2025\/03\/image-48.jpeg\",\"datePublished\":\"2025-04-17T15:04:29+00:00\",\"dateModified\":\"2026-01-21T09:03:34+00:00\",\"description\":\"Hogyan v\u00e1lasszuk ki a l\u00e9gtiszt\u00edt\u00f3t \u2013 fontos szempontok a sz\u0171r\u0151rendszer, a helyis\u00e9g m\u00e9rete \u00e9s a zajszint alapj\u00e1n.\",\"breadcrumb\":{\"@id\":\"https:\/\/www.slovklima.sk\/hu\/blog\/hogyan-valasszuk-ki-a-megfelelo-legtisztitot\/#breadcrumb\"},\"inLanguage\":\"hu\",\"potentialAction\":[{\"@type\":\"ReadAction\",\"target\":[\"https:\/\/www.slovklima.sk\/hu\/blog\/hogyan-valasszuk-ki-a-megfelelo-legtisztitot\/\"]}]},{\"@type\":\"ImageObject\",\"inLanguage\":\"hu\",\"@id\":\"https:\/\/www.slovklima.sk\/hu\/blog\/hogyan-valasszuk-ki-a-megfelelo-legtisztitot\/#primaryimage\",\"url\":\"https:\/\/www.slovklima.sk\/wp-content\/uploads\/2025\/03\/image-48.jpeg\",\"contentUrl\":\"https:\/\/www.slovklima.sk\/wp-content\/uploads\/2025\/03\/image-48.jpeg\",\"width\":1065,\"height\":450,\"caption\":\"Hogyan v\u00e1lasszuk ki a l\u00e9gtiszt\u00edt\u00f3t\"},{\"@type\":\"BreadcrumbList\",\"@id\":\"https:\/\/www.slovklima.sk\/hu\/blog\/hogyan-valasszuk-ki-a-megfelelo-legtisztitot\/#breadcrumb\",\"itemListElement\":[{\"@type\":\"ListItem\",\"position\":1,\"name\":\"Domovsk\u00e1 str\u00e1nka\",\"item\":\"https:\/\/www.slovklima.sk\/hu\/\"},{\"@type\":\"ListItem\",\"position\":2,\"name\":\"Hogyan v\u00e1lasszuk ki a megfelel\u0151 l\u00e9gtiszt\u00edt\u00f3t?\"}]},{\"@type\":\"WebSite\",\"@id\":\"https:\/\/www.slovklima.sk\/#website\",\"url\":\"https:\/\/www.slovklima.sk\/\",\"name\":\"SLOVKLIMA DEIMOS group, s.r.o.\",\"description\":\"\",\"publisher\":{\"@id\":\"https:\/\/www.slovklima.sk\/#organization\"},\"alternateName\":\"SLOVKLIMA\",\"potentialAction\":[{\"@type\":\"SearchAction\",\"target\":{\"@type\":\"EntryPoint\",\"urlTemplate\":\"https:\/\/www.slovklima.sk\/?s={search_term_string}\"},\"query-input\":{\"@type\":\"PropertyValueSpecification\",\"valueRequired\":true,\"valueName\":\"search_term_string\"}}],\"inLanguage\":\"hu\"},{\"@type\":\"Organization\",\"@id\":\"https:\/\/www.slovklima.sk\/#organization\",\"name\":\"SLOVKLIMA DEIMOS group, s.r.o.\",\"alternateName\":\"SLOVKLIMA\",\"url\":\"https:\/\/www.slovklima.sk\/\",\"logo\":{\"@type\":\"ImageObject\",\"inLanguage\":\"hu\",\"@id\":\"https:\/\/www.slovklima.sk\/#\/schema\/logo\/image\/\",\"url\":\"https:\/\/www.slovklima.sk\/wp-content\/uploads\/2022\/12\/slovklima-logo-black.svg\",\"contentUrl\":\"https:\/\/www.slovklima.sk\/wp-content\/uploads\/2022\/12\/slovklima-logo-black.svg\",\"width\":3218,\"height\":698,\"caption\":\"SLOVKLIMA DEIMOS group, s.r.o.\"},\"image\":{\"@id\":\"https:\/\/www.slovklima.sk\/#\/schema\/logo\/image\/\"}},{\"@type\":\"Person\",\"@id\":\"https:\/\/www.slovklima.sk\/#\/schema\/person\/116018679a4b34af051bf066b527c539\",\"name\":\"terlanda.peter\",\"image\":{\"@type\":\"ImageObject\",\"inLanguage\":\"hu\",\"@id\":\"https:\/\/www.slovklima.sk\/#\/schema\/person\/image\/\",\"url\":\"https:\/\/secure.gravatar.com\/avatar\/b022cc3ca0fc64964f410b12966d5772a852c461ebad9ff60247ddab8bafe8db?s=96&d=mm&r=g\",\"contentUrl\":\"https:\/\/secure.gravatar.com\/avatar\/b022cc3ca0fc64964f410b12966d5772a852c461ebad9ff60247ddab8bafe8db?s=96&d=mm&r=g\",\"caption\":\"terlanda.peter\"}}]}<\/script>\n<!-- \/ Yoast SEO plugin. -->","yoast_head_json":{"title":"Hogyan v\u00e1lasszuk ki a l\u00e9gtiszt\u00edt\u00f3t | SLOVKLIMA DEIMOS group, s.r.o.","description":"Hogyan v\u00e1lasszuk ki a l\u00e9gtiszt\u00edt\u00f3t \u2013 fontos szempontok a sz\u0171r\u0151rendszer, a helyis\u00e9g m\u00e9rete \u00e9s a zajszint alapj\u00e1n.","robots":{"index":"index","follow":"follow","max-snippet":"max-snippet:-1","max-image-preview":"max-image-preview:large","max-video-preview":"max-video-preview:-1"},"canonical":"https:\/\/www.slovklima.sk\/hu\/blog\/hogyan-valasszuk-ki-a-megfelelo-legtisztitot\/","og_locale":"hu_HU","og_type":"article","og_title":"Hogyan v\u00e1lasszuk ki a l\u00e9gtiszt\u00edt\u00f3t | SLOVKLIMA DEIMOS group, s.r.o.","og_description":"Hogyan v\u00e1lasszuk ki a l\u00e9gtiszt\u00edt\u00f3t \u2013 fontos szempontok a sz\u0171r\u0151rendszer, a helyis\u00e9g m\u00e9rete \u00e9s a zajszint alapj\u00e1n.","og_url":"https:\/\/www.slovklima.sk\/hu\/blog\/hogyan-valasszuk-ki-a-megfelelo-legtisztitot\/","og_site_name":"SLOVKLIMA DEIMOS group, s.r.o.","article_published_time":"2025-04-17T15:04:29+00:00","article_modified_time":"2026-01-21T09:03:34+00:00","og_image":[{"width":1065,"height":450,"url":"https:\/\/www.slovklima.sk\/wp-content\/uploads\/2025\/03\/image-48.jpeg","type":"image\/jpeg"}],"author":"terlanda.peter","twitter_card":"summary_large_image","twitter_misc":{"Szerz\u0151:":"terlanda.peter","Becs\u00fclt olvas\u00e1si id\u0151":"7 perc"},"schema":{"@context":"https:\/\/schema.org","@graph":[{"@type":"Article","@id":"https:\/\/www.slovklima.sk\/hu\/blog\/hogyan-valasszuk-ki-a-megfelelo-legtisztitot\/#article","isPartOf":{"@id":"https:\/\/www.slovklima.sk\/hu\/blog\/hogyan-valasszuk-ki-a-megfelelo-legtisztitot\/"},"author":{"name":"terlanda.peter","@id":"https:\/\/www.slovklima.sk\/#\/schema\/person\/116018679a4b34af051bf066b527c539"},"headline":"Hogyan v\u00e1lasszuk ki a megfelel\u0151 l\u00e9gtiszt\u00edt\u00f3t?","datePublished":"2025-04-17T15:04:29+00:00","dateModified":"2026-01-21T09:03:34+00:00","mainEntityOfPage":{"@id":"https:\/\/www.slovklima.sk\/hu\/blog\/hogyan-valasszuk-ki-a-megfelelo-legtisztitot\/"},"wordCount":2037,"publisher":{"@id":"https:\/\/www.slovklima.sk\/#organization"},"image":{"@id":"https:\/\/www.slovklima.sk\/hu\/blog\/hogyan-valasszuk-ki-a-megfelelo-legtisztitot\/#primaryimage"},"thumbnailUrl":"https:\/\/www.slovklima.sk\/wp-content\/uploads\/2025\/03\/image-48.jpeg","articleSection":["Leveg\u0151kezel\u00e9s"],"inLanguage":"hu"},{"@type":"WebPage","@id":"https:\/\/www.slovklima.sk\/hu\/blog\/hogyan-valasszuk-ki-a-megfelelo-legtisztitot\/","url":"https:\/\/www.slovklima.sk\/hu\/blog\/hogyan-valasszuk-ki-a-megfelelo-legtisztitot\/","name":"Hogyan v\u00e1lasszuk ki a l\u00e9gtiszt\u00edt\u00f3t | SLOVKLIMA DEIMOS group, s.r.o.","isPartOf":{"@id":"https:\/\/www.slovklima.sk\/#website"},"primaryImageOfPage":{"@id":"https:\/\/www.slovklima.sk\/hu\/blog\/hogyan-valasszuk-ki-a-megfelelo-legtisztitot\/#primaryimage"},"image":{"@id":"https:\/\/www.slovklima.sk\/hu\/blog\/hogyan-valasszuk-ki-a-megfelelo-legtisztitot\/#primaryimage"},"thumbnailUrl":"https:\/\/www.slovklima.sk\/wp-content\/uploads\/2025\/03\/image-48.jpeg","datePublished":"2025-04-17T15:04:29+00:00","dateModified":"2026-01-21T09:03:34+00:00","description":"Hogyan v\u00e1lasszuk ki a l\u00e9gtiszt\u00edt\u00f3t \u2013 fontos szempontok a sz\u0171r\u0151rendszer, a helyis\u00e9g m\u00e9rete \u00e9s a zajszint alapj\u00e1n.","breadcrumb":{"@id":"https:\/\/www.slovklima.sk\/hu\/blog\/hogyan-valasszuk-ki-a-megfelelo-legtisztitot\/#breadcrumb"},"inLanguage":"hu","potentialAction":[{"@type":"ReadAction","target":["https:\/\/www.slovklima.sk\/hu\/blog\/hogyan-valasszuk-ki-a-megfelelo-legtisztitot\/"]}]},{"@type":"ImageObject","inLanguage":"hu","@id":"https:\/\/www.slovklima.sk\/hu\/blog\/hogyan-valasszuk-ki-a-megfelelo-legtisztitot\/#primaryimage","url":"https:\/\/www.slovklima.sk\/wp-content\/uploads\/2025\/03\/image-48.jpeg","contentUrl":"https:\/\/www.slovklima.sk\/wp-content\/uploads\/2025\/03\/image-48.jpeg","width":1065,"height":450,"caption":"Hogyan v\u00e1lasszuk ki a l\u00e9gtiszt\u00edt\u00f3t"},{"@type":"BreadcrumbList","@id":"https:\/\/www.slovklima.sk\/hu\/blog\/hogyan-valasszuk-ki-a-megfelelo-legtisztitot\/#breadcrumb","itemListElement":[{"@type":"ListItem","position":1,"name":"Domovsk\u00e1 str\u00e1nka","item":"https:\/\/www.slovklima.sk\/hu\/"},{"@type":"ListItem","position":2,"name":"Hogyan v\u00e1lasszuk ki a megfelel\u0151 l\u00e9gtiszt\u00edt\u00f3t?"}]},{"@type":"WebSite","@id":"https:\/\/www.slovklima.sk\/#website","url":"https:\/\/www.slovklima.sk\/","name":"SLOVKLIMA DEIMOS group, s.r.o.","description":"","publisher":{"@id":"https:\/\/www.slovklima.sk\/#organization"},"alternateName":"SLOVKLIMA","potentialAction":[{"@type":"SearchAction","target":{"@type":"EntryPoint","urlTemplate":"https:\/\/www.slovklima.sk\/?s={search_term_string}"},"query-input":{"@type":"PropertyValueSpecification","valueRequired":true,"valueName":"search_term_string"}}],"inLanguage":"hu"},{"@type":"Organization","@id":"https:\/\/www.slovklima.sk\/#organization","name":"SLOVKLIMA DEIMOS group, s.r.o.","alternateName":"SLOVKLIMA","url":"https:\/\/www.slovklima.sk\/","logo":{"@type":"ImageObject","inLanguage":"hu","@id":"https:\/\/www.slovklima.sk\/#\/schema\/logo\/image\/","url":"https:\/\/www.slovklima.sk\/wp-content\/uploads\/2022\/12\/slovklima-logo-black.svg","contentUrl":"https:\/\/www.slovklima.sk\/wp-content\/uploads\/2022\/12\/slovklima-logo-black.svg","width":3218,"height":698,"caption":"SLOVKLIMA DEIMOS group, s.r.o."},"image":{"@id":"https:\/\/www.slovklima.sk\/#\/schema\/logo\/image\/"}},{"@type":"Person","@id":"https:\/\/www.slovklima.sk\/#\/schema\/person\/116018679a4b34af051bf066b527c539","name":"terlanda.peter","image":{"@type":"ImageObject","inLanguage":"hu","@id":"https:\/\/www.slovklima.sk\/#\/schema\/person\/image\/","url":"https:\/\/secure.gravatar.com\/avatar\/b022cc3ca0fc64964f410b12966d5772a852c461ebad9ff60247ddab8bafe8db?s=96&d=mm&r=g","contentUrl":"https:\/\/secure.gravatar.com\/avatar\/b022cc3ca0fc64964f410b12966d5772a852c461ebad9ff60247ddab8bafe8db?s=96&d=mm&r=g","caption":"terlanda.peter"}}]}},"_links":{"self":[{"href":"https:\/\/www.slovklima.sk\/hu\/wp-json\/wp\/v2\/posts\/14223","targetHints":{"allow":["GET"]}}],"collection":[{"href":"https:\/\/www.slovklima.sk\/hu\/wp-json\/wp\/v2\/posts"}],"about":[{"href":"https:\/\/www.slovklima.sk\/hu\/wp-json\/wp\/v2\/types\/post"}],"author":[{"embeddable":true,"href":"https:\/\/www.slovklima.sk\/hu\/wp-json\/wp\/v2\/users\/472"}],"replies":[{"embeddable":true,"href":"https:\/\/www.slovklima.sk\/hu\/wp-json\/wp\/v2\/comments?post=14223"}],"version-history":[{"count":1,"href":"https:\/\/www.slovklima.sk\/hu\/wp-json\/wp\/v2\/posts\/14223\/revisions"}],"predecessor-version":[{"id":19855,"href":"https:\/\/www.slovklima.sk\/hu\/wp-json\/wp\/v2\/posts\/14223\/revisions\/19855"}],"wp:featuredmedia":[{"embeddable":true,"href":"https:\/\/www.slovklima.sk\/hu\/wp-json\/wp\/v2\/media\/14224"}],"wp:attachment":[{"href":"https:\/\/www.slovklima.sk\/hu\/wp-json\/wp\/v2\/media?parent=14223"}],"wp:term":[{"taxonomy":"category","embeddable":true,"href":"https:\/\/www.slovklima.sk\/hu\/wp-json\/wp\/v2\/categories?post=14223"},{"taxonomy":"post_tag","embeddable":true,"href":"https:\/\/www.slovklima.sk\/hu\/wp-json\/wp\/v2\/tags?post=14223"},{"taxonomy":"table_tags","embeddable":true,"href":"https:\/\/www.slovklima.sk\/hu\/wp-json\/wp\/v2\/table_tags?post=14223"}],"curies":[{"name":"wp","href":"https:\/\/api.w.org\/{rel}","templated":true}]}}