{"id":14177,"date":"2025-03-24T16:46:35","date_gmt":"2025-03-24T15:46:35","guid":{"rendered":"https:\/\/www.slovklima.sk\/?p=14177"},"modified":"2026-01-21T10:03:35","modified_gmt":"2026-01-21T09:03:35","slug":"hoszivattyu-monoblokk-egyszeru-megoldas-a-hatekony-futeshez","status":"publish","type":"post","link":"https:\/\/www.slovklima.sk\/hu\/blog\/hoszivattyu-monoblokk-egyszeru-megoldas-a-hatekony-futeshez\/","title":{"rendered":"H\u0151szivatty\u00fa \u2013 monoblokk: Egyszer\u0171 megold\u00e1s a hat\u00e9kony f\u0171t\u00e9shez"},"content":{"rendered":"<p><strong>K\u00e9ts\u00e9gtelen, hogy a h\u0151szivatty\u00fa hat\u00e9kony \u00e9s k\u00f6rnyezetbar\u00e1t alternat\u00edv\u00e1t k\u00edn\u00e1l a hagyom\u00e1nyos f\u0171t\u00e9si \u00e9s h\u0171t\u00e9si rendszerekkel szemben. Az ide\u00e1lis h\u0151szivatty\u00fas rendszer kiv\u00e1laszt\u00e1sakor t\u00f6bb lehet\u0151s\u00e9g is sz\u00f3ba j\u00f6het, amelyek konfigur\u00e1ci\u00f3jukban, el\u0151nyeikben \u00e9s telep\u00edt\u00e9si k\u00f6vetelm\u00e9nyeikben elt\u00e9rnek egym\u00e1st\u00f3l. N\u00e9zz\u00fck meg k\u00f6zelebbr\u0151l a monoblokk t\u00edpus\u00fa h\u0151szivatty\u00fak el\u0151nyeit \u00e9s m\u0171szaki jellemz\u0151it. Mi\u00e9rt lehet ez a lehet\u0151s\u00e9g az \u00d6n sz\u00e1m\u00e1ra a legmegfelel\u0151bb?<\/strong> <\/p><p>A megfelel\u0151 rendszer kiv\u00e1laszt\u00e1sa az adott t\u00e9r saj\u00e1toss\u00e1gainak figyelembev\u00e9tel\u00e9vel kulcsfontoss\u00e1g\u00fa. A monoblokk h\u0151szivatty\u00fak egyre n\u00e9pszer\u0171bb megold\u00e1st jelentenek a lak\u00f3- \u00e9s kereskedelmi ingatlanok hat\u00e9kony f\u0171t\u00e9s\u00e9re. Ez a t\u00edpus\u00fa h\u0151szivatty\u00fa minden sz\u00fcks\u00e9ges komponenst egyetlen kompakt egys\u00e9gben egyes\u00edt, ami megk\u00f6nny\u00edti a telep\u00edt\u00e9st \u00e9s a karbantart\u00e1st. De vajon val\u00f3ban ennyire hat\u00e9kony? <\/p><h2 class=\"wp-block-heading\">Mi a monoblokk h\u0151szivatty\u00fa? <\/h2><p>A monoblokk h\u0151szivatty\u00fa egy kompakt egys\u00e9g, amely mindent egyben k\u00edn\u00e1l. Minden olyan komponenst tartalmaz, amely a f\u0171t\u00e9shez \u00e9s h\u0171t\u00e9shez sz\u00fcks\u00e9ges, bele\u00e9rtve a kompresszort, az elp\u00e1rologtat\u00f3t, a kondenz\u00e1tort \u00e9s az expanzi\u00f3s szelepet \u2013 mindezt egyetlen k\u00fclt\u00e9ri egys\u00e9gben. Ez a t\u00edpus\u00fa h\u0151szivatty\u00fa \u00fagy lett megtervezve, hogy f\u0171t\u00e9st \u00e9s h\u0171t\u00e9st biztos\u00edtson tov\u00e1bbi belt\u00e9ri egys\u00e9g vagy bonyolult telep\u00edt\u00e9si folyamat n\u00e9lk\u00fcl. <\/p><p>Ezek a h\u0151szivatty\u00fak m\u00e1r gy\u00e1rilag teljes egys\u00e9gk\u00e9nt k\u00e9sz\u00fclnek \u00e9s szerel\u00e9sre k\u00e9szen \u00e9rkeznek. Ahogy m\u00e1r eml\u00edtett\u00fck, kiz\u00e1r\u00f3lag egy k\u00fclt\u00e9ri egys\u00e9gb\u0151l \u00e1llnak, amely tartalmazza az \u00f6sszes sz\u00fcks\u00e9ges alkatr\u00e9szt. Ide\u00e1lis megold\u00e1st jelentenek olyan helyekre, ahol a rendelkez\u00e9sre \u00e1ll\u00f3 t\u00e9r korl\u00e1tozott. K\u00fcl\u00f6n\u00f6sen alkalmasak otthonok \u00e9s v\u00e1llalkoz\u00e1sok sz\u00e1m\u00e1ra, amelyek helytakar\u00e9kos megold\u00e1sokat ig\u00e9nyelnek, vagy ahol a belt\u00e9ri egys\u00e9g telep\u00edt\u00e9se bonyolult lenne. <\/p><h2 class=\"wp-block-heading\">Hova telep\u00edthet\u0151 a monoblokk h\u0151szivatty\u00fa? <\/h2><p>A monoblokk h\u0151szivatty\u00fa minden alkatr\u00e9sze egyetlen egys\u00e9gbe van integr\u00e1lva, amely egy z\u00e1rt h\u00e1zban tal\u00e1lhat\u00f3. Maga a kialak\u00edt\u00e1s lehet\u0151v\u00e9 teszi a f\u0171t\u0151- (vagy h\u0171t\u0151-) v\u00edz k\u00f6zvetlen keringet\u00e9s\u00e9t egy szorosan z\u00e1rt rendszerben. A m\u0171k\u00f6d\u00e9si elv nem t\u00e9r el a split h\u0151szivatty\u00fak\u00e9t\u00f3l, a k\u00fcl\u00f6nbs\u00e9g az egys\u00e9gek sz\u00e1m\u00e1ban van. A monoblokk h\u0151szivatty\u00fa az \u00e9p\u00fcleten k\u00edv\u00fcl ker\u00fcl telep\u00edt\u00e9sre, \u00e9s a leveg\u0151cser\u00e9t speci\u00e1lis csatorn\u00e1kon kereszt\u00fcl v\u00e9gzi. <\/p><p>A h\u0151szivatty\u00fa telep\u00edt\u00e9s\u00e9nek megtervez\u00e9sekor \u00e9rdemes alaposan \u00e1tgondolni, hogy az adott helyzetben melyik megold\u00e1s m\u0171k\u00f6dik a legjobban. A monoblokk h\u0151szivatty\u00fa csal\u00e1di h\u00e1zakban, kereskedelmi \u00e9p\u00fcletekben \u00e9s ipari l\u00e9tes\u00edtm\u00e9nyekben egyar\u00e1nt alkalmazhat\u00f3. Otthoni k\u00f6rnyezetben els\u0151sorban helyis\u00e9gek f\u0171t\u00e9s\u00e9re \u00e9s haszn\u00e1lati melegv\u00edz el\u0151\u00e1ll\u00edt\u00e1s\u00e1ra haszn\u00e1lj\u00e1k. Ipari l\u00e9tes\u00edtm\u00e9nyekben szint\u00e9n f\u0151k\u00e9nt f\u0171t\u00e9si c\u00e9lokra alkalmazz\u00e1k, m\u00edg a melegv\u00edz-el\u0151\u00e1ll\u00edt\u00e1s gyakran az ipari folyamatok r\u00e9szek\u00e9nt t\u00f6rt\u00e9nik. <\/p><figure class=\"wp-block-image size-full is-resized\"><img decoding=\"async\" width=\"1065\" height=\"450\" src=\"https:\/\/www.slovklima.sk\/wp-content\/uploads\/2025\/03\/image-38.jpeg\" alt=\" monoblokk h\u0151szivatty\u00fa\" class=\"wp-image-14178\" style=\"width:1270px;height:auto\" srcset=\"https:\/\/www.slovklima.sk\/wp-content\/uploads\/2025\/03\/image-38.jpeg 1065w, https:\/\/www.slovklima.sk\/wp-content\/uploads\/2025\/03\/image-38-400x169.jpeg 400w, https:\/\/www.slovklima.sk\/wp-content\/uploads\/2025\/03\/image-38-768x325.jpeg 768w, https:\/\/www.slovklima.sk\/wp-content\/uploads\/2025\/03\/image-38-430x182.jpeg 430w, https:\/\/www.slovklima.sk\/wp-content\/uploads\/2025\/03\/image-38-700x296.jpeg 700w, https:\/\/www.slovklima.sk\/wp-content\/uploads\/2025\/03\/image-38-150x63.jpeg 150w\" sizes=\"(max-width: 1065px) 100vw, 1065px\" \/><\/figure><h2 class=\"wp-block-heading\">A monoblokk h\u0151szivatty\u00fa el\u0151nyei <\/h2><p>A monoblokk h\u0151szivatty\u00fa egyik legnagyobb el\u0151nye, hogy nemcsak \u00faj \u00e9p\u00edt\u00e9s\u0171 ingatlanokban, hanem fel\u00faj\u00edt\u00e1sok \u00e9s korszer\u0171s\u00edt\u00e9sek sor\u00e1n is alkalmazhat\u00f3. A megfelel\u0151 technikai param\u00e9terekkel rendelkez\u0151 megold\u00e1s kiv\u00e1laszt\u00e1sa az adott telep\u00edt\u00e9si hely saj\u00e1toss\u00e1gaihoz igazodik. <\/p><p>Nem sz\u00fcks\u00e9ges k\u00fcl\u00f6n kiemelni, hogy a monoblokk h\u0151szivatty\u00fak egyszer\u0171 telep\u00edt\u00e9s\u00fckr\u0151l ismertek. R\u00e1ad\u00e1sul a telep\u00edt\u00e9si folyamat \u00e1ltal\u00e1ban gyorsabb is. A leveg\u0151-v\u00edz h\u0151szivatty\u00fak rendk\u00edv\u00fcl hat\u00e9kony berendez\u00e9sek, amelyek meg\u00fajul\u00f3 energiaforr\u00e1sk\u00e9nt jelent\u0151sen cs\u00f6kkenthetik a f\u0171t\u00e9si, haszn\u00e1lati melegv\u00edz-el\u0151\u00e1ll\u00edt\u00e1si \u00e9s ak\u00e1r h\u0171t\u00e9si k\u00f6lts\u00e9geket. Az eszk\u00f6z megb\u00edzhat\u00f3 \u00e9s strapab\u00edr\u00f3, ennek k\u00f6sz\u00f6nhet\u0151en minim\u00e1lis karbantart\u00e1st ig\u00e9nyel. <\/p><p>A monoblokk h\u0151szivatty\u00fa telep\u00edt\u00e9se kevesebb helyet ig\u00e9nyel, \u00edgy rendk\u00edv\u00fcl kompakt \u00e9s hat\u00e9kony megold\u00e1s. Alacsony zajszinttel m\u0171k\u00f6dik, \u00e9s a folyamatos technol\u00f3giai fejl\u0151d\u00e9snek k\u00f6sz\u00f6nhet\u0151en ez a szegmens is egyre modernebb\u00e9 v\u00e1lik. A leg\u00fajabb modellek kompatibilisek az intelligens vez\u00e9rl\u0151rendszerekkel, \u00edgy t\u00e1voli ir\u00e1ny\u00edt\u00e1st is lehet\u0151v\u00e9 tesznek. <\/p><h2 class=\"wp-block-heading\">A monoblokk h\u0151szivatty\u00fa h\u00e1tr\u00e1nyai <\/h2><p>A sz\u00e1mos el\u0151nye ellen\u00e9re a monoblokk h\u0151szivatty\u00fanak is van n\u00e9h\u00e1ny h\u00e1tr\u00e1nya. Az egyik legnagyobb h\u00e1tr\u00e1ny a magasabb kezdeti beruh\u00e1z\u00e1si k\u00f6lts\u00e9g, ami azonban \u00e1ltal\u00e1nosan jellemz\u0151 a h\u0151szivatty\u00fas rendszerekre. Tov\u00e1bbi h\u00e1tr\u00e1ny, amely a leveg\u0151-v\u00edz h\u0151szivatty\u00fak saj\u00e1toss\u00e1g\u00e1b\u00f3l ad\u00f3dik, hogy alacsony k\u00fcls\u0151 h\u0151m\u00e9rs\u00e9klet eset\u00e9n cs\u00f6kken a hat\u00e9konys\u00e1guk. <\/p><h2 class=\"wp-block-heading\">\u00d6sszegz\u00e9s <\/h2><p>A megfelel\u0151 h\u0151szivatty\u00fa modell kiv\u00e1laszt\u00e1sa alapos m\u00e9rlegel\u00e9st \u00e9s \u00e9rt\u00e9kel\u00e9st ig\u00e9nyl\u0151 d\u00f6nt\u00e9s. A monoblokk h\u0151szivatty\u00fak sz\u00e1mos el\u0151nnyel rendelkeznek, de bizonyos korl\u00e1toz\u00e1sokkal is j\u00e1rnak. Ez\u00e9rt minden esetben egyedi megk\u00f6zel\u00edt\u00e9sre van sz\u00fcks\u00e9g, figyelembe v\u00e9ve az adott helysz\u00edn \u00e9s az \u00e9p\u00fclet specifikus ig\u00e9nyeit. A monoblokk h\u0151szivatty\u00fa hat\u00e9kony \u00e9s k\u00f6rnyezetbar\u00e1t megold\u00e1st k\u00edn\u00e1l a f\u0171t\u00e9shez \u00e9s h\u0171t\u00e9shez. K\u00fcl\u00f6n\u00f6sen kisebb terekben kiv\u00e1l\u00f3 v\u00e1laszt\u00e1s, hiszen egyszer\u0171 \u00e9s gyors telep\u00edt\u00e9se az egyik legnagyobb el\u0151nye. A d\u00f6nt\u00e9s sor\u00e1n azonban nem szabad csup\u00e1n a k\u00f6nny\u0171 telep\u00edt\u00e9sre \u00f6sszpontos\u00edtani \u2013 a m\u0171szaki jellemz\u0151k \u00e9s az adott rendszer teljes\u00edtm\u00e9nye kulcsfontoss\u00e1g\u00fa t\u00e9nyez\u0151k b\u00e1rmely h\u0151szivatty\u00fa t\u00edpus eset\u00e9ben. <\/p><p>Fedezze fel a legmodernebb h\u0151szivatty\u00fas megold\u00e1sokat, \u00e9s tal\u00e1lja meg az ide\u00e1lis rendszert a <a href=\"https:\/\/www.slovklima.sk\/hu\/\">Slovklima<\/a> oldalon m\u00e9g ma! Szak\u00e9rt\u0151ink k\u00e9szen \u00e1llnak arra, hogy seg\u00edtsenek \u00d6nnek a legjobb megold\u00e1s kiv\u00e1laszt\u00e1s\u00e1ban, amely optimaliz\u00e1lja az energiafogyaszt\u00e1st \u00e9s biztos\u00edtja a maxim\u00e1lis k\u00e9nyelmet. <\/p><p><\/p>","protected":false},"excerpt":{"rendered":"<p>K\u00e9ts\u00e9gtelen, hogy a h\u0151szivatty\u00fa hat\u00e9kony \u00e9s k\u00f6rnyezetbar\u00e1t alternat\u00edv\u00e1t k\u00edn\u00e1l a hagyom\u00e1nyos f\u0171t\u00e9si \u00e9s h\u0171t\u00e9si rendszerekkel szemben. Az ide\u00e1lis h\u0151szivatty\u00fas rendszer<\/p>\n","protected":false},"author":472,"featured_media":14184,"comment_status":"closed","ping_status":"open","sticky":false,"template":"","format":"standard","meta":{"footnotes":""},"categories":[350],"tags":[],"table_tags":[],"class_list":["post-14177","post","type-post","status-publish","format-standard","has-post-thumbnail","hentry","category-futes"],"yoast_head":"<!-- This site is optimized with the Yoast SEO plugin v24.3 - https:\/\/yoast.com\/wordpress\/plugins\/seo\/ -->\n<title>H\u0151szivatty\u00fa \u2013 monoblokk: Egyszer\u0171 megold\u00e1s a hat\u00e9kony f\u0171t\u00e9shez  | SLOVKLIMA DEIMOS group, s.r.o.<\/title>\n<meta name=\"description\" content=\"Monoblokk h\u0151szivatty\u00fa \u2013 hat\u00e9kony f\u0171t\u00e9si \u00e9s h\u0171t\u00e9si megold\u00e1s. Egyszer\u0171 telep\u00edt\u00e9s, energiatakar\u00e9kos m\u0171k\u00f6d\u00e9s \u00e9s hossz\u00fa \u00e9lettartam.\" \/>\n<meta name=\"robots\" content=\"index, follow, max-snippet:-1, max-image-preview:large, max-video-preview:-1\" \/>\n<link rel=\"canonical\" href=\"https:\/\/www.slovklima.sk\/hu\/blog\/hoszivattyu-monoblokk-egyszeru-megoldas-a-hatekony-futeshez\/\" \/>\n<meta property=\"og:locale\" content=\"hu_HU\" \/>\n<meta property=\"og:type\" content=\"article\" \/>\n<meta property=\"og:title\" content=\"H\u0151szivatty\u00fa \u2013 monoblokk: Egyszer\u0171 megold\u00e1s a hat\u00e9kony f\u0171t\u00e9shez  | SLOVKLIMA DEIMOS group, s.r.o.\" \/>\n<meta property=\"og:description\" content=\"Monoblokk h\u0151szivatty\u00fa \u2013 hat\u00e9kony f\u0171t\u00e9si \u00e9s h\u0171t\u00e9si megold\u00e1s. Egyszer\u0171 telep\u00edt\u00e9s, energiatakar\u00e9kos m\u0171k\u00f6d\u00e9s \u00e9s hossz\u00fa \u00e9lettartam.\" \/>\n<meta property=\"og:url\" content=\"https:\/\/www.slovklima.sk\/hu\/blog\/hoszivattyu-monoblokk-egyszeru-megoldas-a-hatekony-futeshez\/\" \/>\n<meta property=\"og:site_name\" content=\"SLOVKLIMA DEIMOS group, s.r.o.\" \/>\n<meta property=\"article:published_time\" content=\"2025-03-24T15:46:35+00:00\" \/>\n<meta property=\"article:modified_time\" content=\"2026-01-21T09:03:35+00:00\" \/>\n<meta property=\"og:image\" content=\"https:\/\/www.slovklima.sk\/wp-content\/uploads\/2025\/03\/image-14-2.jpeg\" \/>\n\t<meta property=\"og:image:width\" content=\"1065\" \/>\n\t<meta property=\"og:image:height\" content=\"450\" \/>\n\t<meta property=\"og:image:type\" content=\"image\/jpeg\" \/>\n<meta name=\"author\" content=\"terlanda.peter\" \/>\n<meta name=\"twitter:card\" content=\"summary_large_image\" \/>\n<meta name=\"twitter:label1\" content=\"Szerz\u0151:\" \/>\n\t<meta name=\"twitter:data1\" content=\"terlanda.peter\" \/>\n\t<meta name=\"twitter:label2\" content=\"Becs\u00fclt olvas\u00e1si id\u0151\" \/>\n\t<meta name=\"twitter:data2\" content=\"4 perc\" \/>\n<script type=\"application\/ld+json\" class=\"yoast-schema-graph\">{\"@context\":\"https:\/\/schema.org\",\"@graph\":[{\"@type\":\"Article\",\"@id\":\"https:\/\/www.slovklima.sk\/hu\/blog\/hoszivattyu-monoblokk-egyszeru-megoldas-a-hatekony-futeshez\/#article\",\"isPartOf\":{\"@id\":\"https:\/\/www.slovklima.sk\/hu\/blog\/hoszivattyu-monoblokk-egyszeru-megoldas-a-hatekony-futeshez\/\"},\"author\":{\"name\":\"terlanda.peter\",\"@id\":\"https:\/\/www.slovklima.sk\/#\/schema\/person\/116018679a4b34af051bf066b527c539\"},\"headline\":\"H\u0151szivatty\u00fa \u2013 monoblokk: Egyszer\u0171 megold\u00e1s a hat\u00e9kony f\u0171t\u00e9shez\",\"datePublished\":\"2025-03-24T15:46:35+00:00\",\"dateModified\":\"2026-01-21T09:03:35+00:00\",\"mainEntityOfPage\":{\"@id\":\"https:\/\/www.slovklima.sk\/hu\/blog\/hoszivattyu-monoblokk-egyszeru-megoldas-a-hatekony-futeshez\/\"},\"wordCount\":1121,\"publisher\":{\"@id\":\"https:\/\/www.slovklima.sk\/#organization\"},\"image\":{\"@id\":\"https:\/\/www.slovklima.sk\/hu\/blog\/hoszivattyu-monoblokk-egyszeru-megoldas-a-hatekony-futeshez\/#primaryimage\"},\"thumbnailUrl\":\"https:\/\/www.slovklima.sk\/wp-content\/uploads\/2025\/03\/image-14-2.jpeg\",\"articleSection\":[\"F\u0171t\u00e9s\"],\"inLanguage\":\"hu\"},{\"@type\":\"WebPage\",\"@id\":\"https:\/\/www.slovklima.sk\/hu\/blog\/hoszivattyu-monoblokk-egyszeru-megoldas-a-hatekony-futeshez\/\",\"url\":\"https:\/\/www.slovklima.sk\/hu\/blog\/hoszivattyu-monoblokk-egyszeru-megoldas-a-hatekony-futeshez\/\",\"name\":\"H\u0151szivatty\u00fa \u2013 monoblokk: Egyszer\u0171 megold\u00e1s a hat\u00e9kony f\u0171t\u00e9shez | SLOVKLIMA DEIMOS group, s.r.o.\",\"isPartOf\":{\"@id\":\"https:\/\/www.slovklima.sk\/#website\"},\"primaryImageOfPage\":{\"@id\":\"https:\/\/www.slovklima.sk\/hu\/blog\/hoszivattyu-monoblokk-egyszeru-megoldas-a-hatekony-futeshez\/#primaryimage\"},\"image\":{\"@id\":\"https:\/\/www.slovklima.sk\/hu\/blog\/hoszivattyu-monoblokk-egyszeru-megoldas-a-hatekony-futeshez\/#primaryimage\"},\"thumbnailUrl\":\"https:\/\/www.slovklima.sk\/wp-content\/uploads\/2025\/03\/image-14-2.jpeg\",\"datePublished\":\"2025-03-24T15:46:35+00:00\",\"dateModified\":\"2026-01-21T09:03:35+00:00\",\"description\":\"Monoblokk h\u0151szivatty\u00fa \u2013 hat\u00e9kony f\u0171t\u00e9si \u00e9s h\u0171t\u00e9si megold\u00e1s. Egyszer\u0171 telep\u00edt\u00e9s, energiatakar\u00e9kos m\u0171k\u00f6d\u00e9s \u00e9s hossz\u00fa \u00e9lettartam.\",\"breadcrumb\":{\"@id\":\"https:\/\/www.slovklima.sk\/hu\/blog\/hoszivattyu-monoblokk-egyszeru-megoldas-a-hatekony-futeshez\/#breadcrumb\"},\"inLanguage\":\"hu\",\"potentialAction\":[{\"@type\":\"ReadAction\",\"target\":[\"https:\/\/www.slovklima.sk\/hu\/blog\/hoszivattyu-monoblokk-egyszeru-megoldas-a-hatekony-futeshez\/\"]}]},{\"@type\":\"ImageObject\",\"inLanguage\":\"hu\",\"@id\":\"https:\/\/www.slovklima.sk\/hu\/blog\/hoszivattyu-monoblokk-egyszeru-megoldas-a-hatekony-futeshez\/#primaryimage\",\"url\":\"https:\/\/www.slovklima.sk\/wp-content\/uploads\/2025\/03\/image-14-2.jpeg\",\"contentUrl\":\"https:\/\/www.slovklima.sk\/wp-content\/uploads\/2025\/03\/image-14-2.jpeg\",\"width\":1065,\"height\":450,\"caption\":\"monoblokk h\u0151szivatty\u00fa\"},{\"@type\":\"BreadcrumbList\",\"@id\":\"https:\/\/www.slovklima.sk\/hu\/blog\/hoszivattyu-monoblokk-egyszeru-megoldas-a-hatekony-futeshez\/#breadcrumb\",\"itemListElement\":[{\"@type\":\"ListItem\",\"position\":1,\"name\":\"Domovsk\u00e1 str\u00e1nka\",\"item\":\"https:\/\/www.slovklima.sk\/hu\/\"},{\"@type\":\"ListItem\",\"position\":2,\"name\":\"H\u0151szivatty\u00fa \u2013 monoblokk: Egyszer\u0171 megold\u00e1s a hat\u00e9kony f\u0171t\u00e9shez\"}]},{\"@type\":\"WebSite\",\"@id\":\"https:\/\/www.slovklima.sk\/#website\",\"url\":\"https:\/\/www.slovklima.sk\/\",\"name\":\"SLOVKLIMA DEIMOS group, s.r.o.\",\"description\":\"\",\"publisher\":{\"@id\":\"https:\/\/www.slovklima.sk\/#organization\"},\"alternateName\":\"SLOVKLIMA\",\"potentialAction\":[{\"@type\":\"SearchAction\",\"target\":{\"@type\":\"EntryPoint\",\"urlTemplate\":\"https:\/\/www.slovklima.sk\/?s={search_term_string}\"},\"query-input\":{\"@type\":\"PropertyValueSpecification\",\"valueRequired\":true,\"valueName\":\"search_term_string\"}}],\"inLanguage\":\"hu\"},{\"@type\":\"Organization\",\"@id\":\"https:\/\/www.slovklima.sk\/#organization\",\"name\":\"SLOVKLIMA DEIMOS group, s.r.o.\",\"alternateName\":\"SLOVKLIMA\",\"url\":\"https:\/\/www.slovklima.sk\/\",\"logo\":{\"@type\":\"ImageObject\",\"inLanguage\":\"hu\",\"@id\":\"https:\/\/www.slovklima.sk\/#\/schema\/logo\/image\/\",\"url\":\"https:\/\/www.slovklima.sk\/wp-content\/uploads\/2022\/12\/slovklima-logo-black.svg\",\"contentUrl\":\"https:\/\/www.slovklima.sk\/wp-content\/uploads\/2022\/12\/slovklima-logo-black.svg\",\"width\":3218,\"height\":698,\"caption\":\"SLOVKLIMA DEIMOS group, s.r.o.\"},\"image\":{\"@id\":\"https:\/\/www.slovklima.sk\/#\/schema\/logo\/image\/\"}},{\"@type\":\"Person\",\"@id\":\"https:\/\/www.slovklima.sk\/#\/schema\/person\/116018679a4b34af051bf066b527c539\",\"name\":\"terlanda.peter\",\"image\":{\"@type\":\"ImageObject\",\"inLanguage\":\"hu\",\"@id\":\"https:\/\/www.slovklima.sk\/#\/schema\/person\/image\/\",\"url\":\"https:\/\/secure.gravatar.com\/avatar\/b022cc3ca0fc64964f410b12966d5772a852c461ebad9ff60247ddab8bafe8db?s=96&d=mm&r=g\",\"contentUrl\":\"https:\/\/secure.gravatar.com\/avatar\/b022cc3ca0fc64964f410b12966d5772a852c461ebad9ff60247ddab8bafe8db?s=96&d=mm&r=g\",\"caption\":\"terlanda.peter\"}}]}<\/script>\n<!-- \/ Yoast SEO plugin. -->","yoast_head_json":{"title":"H\u0151szivatty\u00fa \u2013 monoblokk: Egyszer\u0171 megold\u00e1s a hat\u00e9kony f\u0171t\u00e9shez  | SLOVKLIMA DEIMOS group, s.r.o.","description":"Monoblokk h\u0151szivatty\u00fa \u2013 hat\u00e9kony f\u0171t\u00e9si \u00e9s h\u0171t\u00e9si megold\u00e1s. Egyszer\u0171 telep\u00edt\u00e9s, energiatakar\u00e9kos m\u0171k\u00f6d\u00e9s \u00e9s hossz\u00fa \u00e9lettartam.","robots":{"index":"index","follow":"follow","max-snippet":"max-snippet:-1","max-image-preview":"max-image-preview:large","max-video-preview":"max-video-preview:-1"},"canonical":"https:\/\/www.slovklima.sk\/hu\/blog\/hoszivattyu-monoblokk-egyszeru-megoldas-a-hatekony-futeshez\/","og_locale":"hu_HU","og_type":"article","og_title":"H\u0151szivatty\u00fa \u2013 monoblokk: Egyszer\u0171 megold\u00e1s a hat\u00e9kony f\u0171t\u00e9shez  | SLOVKLIMA DEIMOS group, s.r.o.","og_description":"Monoblokk h\u0151szivatty\u00fa \u2013 hat\u00e9kony f\u0171t\u00e9si \u00e9s h\u0171t\u00e9si megold\u00e1s. Egyszer\u0171 telep\u00edt\u00e9s, energiatakar\u00e9kos m\u0171k\u00f6d\u00e9s \u00e9s hossz\u00fa \u00e9lettartam.","og_url":"https:\/\/www.slovklima.sk\/hu\/blog\/hoszivattyu-monoblokk-egyszeru-megoldas-a-hatekony-futeshez\/","og_site_name":"SLOVKLIMA DEIMOS group, s.r.o.","article_published_time":"2025-03-24T15:46:35+00:00","article_modified_time":"2026-01-21T09:03:35+00:00","og_image":[{"width":1065,"height":450,"url":"https:\/\/www.slovklima.sk\/wp-content\/uploads\/2025\/03\/image-14-2.jpeg","type":"image\/jpeg"}],"author":"terlanda.peter","twitter_card":"summary_large_image","twitter_misc":{"Szerz\u0151:":"terlanda.peter","Becs\u00fclt olvas\u00e1si id\u0151":"4 perc"},"schema":{"@context":"https:\/\/schema.org","@graph":[{"@type":"Article","@id":"https:\/\/www.slovklima.sk\/hu\/blog\/hoszivattyu-monoblokk-egyszeru-megoldas-a-hatekony-futeshez\/#article","isPartOf":{"@id":"https:\/\/www.slovklima.sk\/hu\/blog\/hoszivattyu-monoblokk-egyszeru-megoldas-a-hatekony-futeshez\/"},"author":{"name":"terlanda.peter","@id":"https:\/\/www.slovklima.sk\/#\/schema\/person\/116018679a4b34af051bf066b527c539"},"headline":"H\u0151szivatty\u00fa \u2013 monoblokk: Egyszer\u0171 megold\u00e1s a hat\u00e9kony f\u0171t\u00e9shez","datePublished":"2025-03-24T15:46:35+00:00","dateModified":"2026-01-21T09:03:35+00:00","mainEntityOfPage":{"@id":"https:\/\/www.slovklima.sk\/hu\/blog\/hoszivattyu-monoblokk-egyszeru-megoldas-a-hatekony-futeshez\/"},"wordCount":1121,"publisher":{"@id":"https:\/\/www.slovklima.sk\/#organization"},"image":{"@id":"https:\/\/www.slovklima.sk\/hu\/blog\/hoszivattyu-monoblokk-egyszeru-megoldas-a-hatekony-futeshez\/#primaryimage"},"thumbnailUrl":"https:\/\/www.slovklima.sk\/wp-content\/uploads\/2025\/03\/image-14-2.jpeg","articleSection":["F\u0171t\u00e9s"],"inLanguage":"hu"},{"@type":"WebPage","@id":"https:\/\/www.slovklima.sk\/hu\/blog\/hoszivattyu-monoblokk-egyszeru-megoldas-a-hatekony-futeshez\/","url":"https:\/\/www.slovklima.sk\/hu\/blog\/hoszivattyu-monoblokk-egyszeru-megoldas-a-hatekony-futeshez\/","name":"H\u0151szivatty\u00fa \u2013 monoblokk: Egyszer\u0171 megold\u00e1s a hat\u00e9kony f\u0171t\u00e9shez | SLOVKLIMA DEIMOS group, s.r.o.","isPartOf":{"@id":"https:\/\/www.slovklima.sk\/#website"},"primaryImageOfPage":{"@id":"https:\/\/www.slovklima.sk\/hu\/blog\/hoszivattyu-monoblokk-egyszeru-megoldas-a-hatekony-futeshez\/#primaryimage"},"image":{"@id":"https:\/\/www.slovklima.sk\/hu\/blog\/hoszivattyu-monoblokk-egyszeru-megoldas-a-hatekony-futeshez\/#primaryimage"},"thumbnailUrl":"https:\/\/www.slovklima.sk\/wp-content\/uploads\/2025\/03\/image-14-2.jpeg","datePublished":"2025-03-24T15:46:35+00:00","dateModified":"2026-01-21T09:03:35+00:00","description":"Monoblokk h\u0151szivatty\u00fa \u2013 hat\u00e9kony f\u0171t\u00e9si \u00e9s h\u0171t\u00e9si megold\u00e1s. Egyszer\u0171 telep\u00edt\u00e9s, energiatakar\u00e9kos m\u0171k\u00f6d\u00e9s \u00e9s hossz\u00fa \u00e9lettartam.","breadcrumb":{"@id":"https:\/\/www.slovklima.sk\/hu\/blog\/hoszivattyu-monoblokk-egyszeru-megoldas-a-hatekony-futeshez\/#breadcrumb"},"inLanguage":"hu","potentialAction":[{"@type":"ReadAction","target":["https:\/\/www.slovklima.sk\/hu\/blog\/hoszivattyu-monoblokk-egyszeru-megoldas-a-hatekony-futeshez\/"]}]},{"@type":"ImageObject","inLanguage":"hu","@id":"https:\/\/www.slovklima.sk\/hu\/blog\/hoszivattyu-monoblokk-egyszeru-megoldas-a-hatekony-futeshez\/#primaryimage","url":"https:\/\/www.slovklima.sk\/wp-content\/uploads\/2025\/03\/image-14-2.jpeg","contentUrl":"https:\/\/www.slovklima.sk\/wp-content\/uploads\/2025\/03\/image-14-2.jpeg","width":1065,"height":450,"caption":"monoblokk h\u0151szivatty\u00fa"},{"@type":"BreadcrumbList","@id":"https:\/\/www.slovklima.sk\/hu\/blog\/hoszivattyu-monoblokk-egyszeru-megoldas-a-hatekony-futeshez\/#breadcrumb","itemListElement":[{"@type":"ListItem","position":1,"name":"Domovsk\u00e1 str\u00e1nka","item":"https:\/\/www.slovklima.sk\/hu\/"},{"@type":"ListItem","position":2,"name":"H\u0151szivatty\u00fa \u2013 monoblokk: Egyszer\u0171 megold\u00e1s a hat\u00e9kony f\u0171t\u00e9shez"}]},{"@type":"WebSite","@id":"https:\/\/www.slovklima.sk\/#website","url":"https:\/\/www.slovklima.sk\/","name":"SLOVKLIMA DEIMOS group, s.r.o.","description":"","publisher":{"@id":"https:\/\/www.slovklima.sk\/#organization"},"alternateName":"SLOVKLIMA","potentialAction":[{"@type":"SearchAction","target":{"@type":"EntryPoint","urlTemplate":"https:\/\/www.slovklima.sk\/?s={search_term_string}"},"query-input":{"@type":"PropertyValueSpecification","valueRequired":true,"valueName":"search_term_string"}}],"inLanguage":"hu"},{"@type":"Organization","@id":"https:\/\/www.slovklima.sk\/#organization","name":"SLOVKLIMA DEIMOS group, s.r.o.","alternateName":"SLOVKLIMA","url":"https:\/\/www.slovklima.sk\/","logo":{"@type":"ImageObject","inLanguage":"hu","@id":"https:\/\/www.slovklima.sk\/#\/schema\/logo\/image\/","url":"https:\/\/www.slovklima.sk\/wp-content\/uploads\/2022\/12\/slovklima-logo-black.svg","contentUrl":"https:\/\/www.slovklima.sk\/wp-content\/uploads\/2022\/12\/slovklima-logo-black.svg","width":3218,"height":698,"caption":"SLOVKLIMA DEIMOS group, s.r.o."},"image":{"@id":"https:\/\/www.slovklima.sk\/#\/schema\/logo\/image\/"}},{"@type":"Person","@id":"https:\/\/www.slovklima.sk\/#\/schema\/person\/116018679a4b34af051bf066b527c539","name":"terlanda.peter","image":{"@type":"ImageObject","inLanguage":"hu","@id":"https:\/\/www.slovklima.sk\/#\/schema\/person\/image\/","url":"https:\/\/secure.gravatar.com\/avatar\/b022cc3ca0fc64964f410b12966d5772a852c461ebad9ff60247ddab8bafe8db?s=96&d=mm&r=g","contentUrl":"https:\/\/secure.gravatar.com\/avatar\/b022cc3ca0fc64964f410b12966d5772a852c461ebad9ff60247ddab8bafe8db?s=96&d=mm&r=g","caption":"terlanda.peter"}}]}},"_links":{"self":[{"href":"https:\/\/www.slovklima.sk\/hu\/wp-json\/wp\/v2\/posts\/14177","targetHints":{"allow":["GET"]}}],"collection":[{"href":"https:\/\/www.slovklima.sk\/hu\/wp-json\/wp\/v2\/posts"}],"about":[{"href":"https:\/\/www.slovklima.sk\/hu\/wp-json\/wp\/v2\/types\/post"}],"author":[{"embeddable":true,"href":"https:\/\/www.slovklima.sk\/hu\/wp-json\/wp\/v2\/users\/472"}],"replies":[{"embeddable":true,"href":"https:\/\/www.slovklima.sk\/hu\/wp-json\/wp\/v2\/comments?post=14177"}],"version-history":[{"count":1,"href":"https:\/\/www.slovklima.sk\/hu\/wp-json\/wp\/v2\/posts\/14177\/revisions"}],"predecessor-version":[{"id":19862,"href":"https:\/\/www.slovklima.sk\/hu\/wp-json\/wp\/v2\/posts\/14177\/revisions\/19862"}],"wp:featuredmedia":[{"embeddable":true,"href":"https:\/\/www.slovklima.sk\/hu\/wp-json\/wp\/v2\/media\/14184"}],"wp:attachment":[{"href":"https:\/\/www.slovklima.sk\/hu\/wp-json\/wp\/v2\/media?parent=14177"}],"wp:term":[{"taxonomy":"category","embeddable":true,"href":"https:\/\/www.slovklima.sk\/hu\/wp-json\/wp\/v2\/categories?post=14177"},{"taxonomy":"post_tag","embeddable":true,"href":"https:\/\/www.slovklima.sk\/hu\/wp-json\/wp\/v2\/tags?post=14177"},{"taxonomy":"table_tags","embeddable":true,"href":"https:\/\/www.slovklima.sk\/hu\/wp-json\/wp\/v2\/table_tags?post=14177"}],"curies":[{"name":"wp","href":"https:\/\/api.w.org\/{rel}","templated":true}]}}