{"id":13504,"date":"2025-02-18T14:59:46","date_gmt":"2025-02-18T13:59:46","guid":{"rendered":"https:\/\/www.slovklima.sk\/?p=13504"},"modified":"2026-01-21T10:03:37","modified_gmt":"2026-01-21T09:03:37","slug":"erdemes-radiatoros-hoszivattyut-hasznalni","status":"publish","type":"post","link":"https:\/\/www.slovklima.sk\/hu\/blog\/erdemes-radiatoros-hoszivattyut-hasznalni\/","title":{"rendered":"\u00c9rdemes radi\u00e1toros h\u0151szivatty\u00fat haszn\u00e1lni?"},"content":{"rendered":"<p><strong>A radi\u00e1toros f\u0171t\u00e9s \u00e9s a h\u0151szivatty\u00fa egyar\u00e1nt kulcsszerepet j\u00e1tszik az otthonok f\u0171t\u00e9si rendszer\u00e9ben. M\u00edg a radi\u00e1toros f\u0171t\u00e9s \u00e9vtizedek \u00f3ta hagyom\u00e1nyos v\u00e1laszt\u00e1s, addig a h\u0151szivatty\u00fak rendk\u00edv\u00fcl hat\u00e9kony \u00e9s k\u00f6rnyezetbar\u00e1t alternat\u00edvak\u00e9nt bizonyultak. N\u00e9zz\u00fck meg, mit takarnak ezek a f\u0171t\u00e9si form\u00e1k, mik a k\u00fcl\u00f6nbs\u00e9gek k\u00f6zt\u00fck, \u00e9s melyik v\u00e1ltozatot mikor \u00e9rdemes v\u00e1lasztani.<\/strong> <\/p><p>A radi\u00e1toros f\u0171t\u00e9s n\u00e9pszer\u0171 m\u00f3dja a lak\u00f3terek melegen tart\u00e1s\u00e1nak. M\u0171k\u00f6d\u00e9se sor\u00e1n a vizet egy k\u00f6zponti h\u0151forr\u00e1s meleg\u00edti fel, amelyet ezut\u00e1n a h\u00e1z k\u00fcl\u00f6nb\u00f6z\u0151 helyis\u00e9geiben vagy z\u00f3n\u00e1iban elhelyezett radi\u00e1torokon kereszt\u00fcl oszt el. A radi\u00e1torok h\u0151t bocs\u00e1tanak ki, amely felmeleg\u00edti a k\u00f6rnyez\u0151 teret. A radi\u00e1toros f\u0171t\u00e9si rendszereket \u00e1ltal\u00e1ban f\u00e1val, f\u00f6ldg\u00e1zzal vagy elektromos energi\u00e1val m\u0171k\u00f6dtetik. <\/p><h2 class=\"wp-block-heading\">Energiahat\u00e9konys\u00e1g <\/h2><p>Az egyik legnagyobb el\u0151nye a h\u0151szivatty\u00faknak a hagyom\u00e1nyos h\u0151forr\u00e1sokkal szemben az energiahat\u00e9konys\u00e1guk. A h\u0151szivatty\u00fak a h\u0171t\u00e9si ciklus seg\u00edts\u00e9g\u00e9vel m\u0171k\u00f6dnek, amely h\u0151t nyer ki a leveg\u0151b\u0151l, a talajb\u00f3l vagy a v\u00edzb\u0151l. Ahelyett, hogy h\u0151t \u00e1ll\u00edtan\u00e1nak el\u0151 \u00fczemanyag el\u00e9get\u00e9s\u00e9vel, a h\u0151szivatty\u00fak megl\u00e9v\u0151 h\u0151t sz\u00e1ll\u00edtanak, ami alacsonyabb energiafogyaszt\u00e1shoz vezet. A hagyom\u00e1nyos h\u0151forr\u00e1sok energiahat\u00e9konys\u00e1g\u00e1val \u00f6sszehasonl\u00edtva a h\u0151szivatty\u00fak ak\u00e1r h\u00e1romszor hat\u00e9konyabbak lehetnek. <\/p><p>Ez term\u00e9szetesen akkor igaz, ha a h\u0151lead\u00f3 rendszer is megfelel\u0151en van kialak\u00edtva. A h\u0151szivatty\u00fa radi\u00e1torokkal is m\u0171k\u00f6dhet, de alacsony h\u0151m\u00e9rs\u00e9klet\u0171 padl\u00f3f\u0171t\u00e9ssel kombin\u00e1lva az energiahat\u00e9konys\u00e1g jelent\u0151sen magasabb. <\/p><p>A h\u0151szivatty\u00fak el\u0151nye, hogy nemcsak f\u0171t\u00e9sre, hanem melegv\u00edz-el\u0151\u00e1ll\u00edt\u00e1sra \u00e9s h\u0171t\u00e9sre is haszn\u00e1lhat\u00f3k, hogy az ide\u00e1lis belt\u00e9ri h\u0151m\u00e9rs\u00e9kletet el\u00e9rj\u00e9k. Kombin\u00e1lhat\u00f3k padl\u00f3f\u0171t\u00e9ssel \u00e9s hagyom\u00e1nyos radi\u00e1torokkal is. Azonban felmer\u00fcl a k\u00e9rd\u00e9s, hogy meg\u00e9ri-e radi\u00e1toros h\u0151szivatty\u00fat alkalmazni. <\/p><p>A h\u0151szivatty\u00fak sokoldal\u00fa megold\u00e1sokat k\u00edn\u00e1lnak az eg\u00e9sz \u00e9ves k\u00e9nyelem \u00e9rdek\u00e9ben. Nemcsak f\u0171t\u00e9sre, hanem h\u0171t\u00e9sre is k\u00e9pesek, amit a radi\u00e1toros f\u0171t\u00e9si rendszerek \u00e1ltal\u00e1ban nem ny\u00fajtanak. \u00cdgy a h\u0151szivatty\u00fak sokoldal\u00fabb opci\u00f3t jelentenek az egyes helyis\u00e9gek k\u00e9nyelm\u00e9nek fenntart\u00e1s\u00e1ra az \u00e9v minden szak\u00e1ban. <\/p><p>Ahogy m\u00e1r eml\u00edtett\u00fck, hat\u00e9konys\u00e1g szempontj\u00e1b\u00f3l a h\u0151szivatty\u00fak \u00e1ltal\u00e1ban hat\u00e9konyabbak. A hagyom\u00e1nyos h\u0151forr\u00e1sokkal szemben ez teh\u00e1t 1:0 a h\u0151szivatty\u00fak jav\u00e1ra. Ugyanakkor figyelembe kell venni, hogy a h\u0151szivatty\u00fa m\u0171k\u00f6d\u00e9s\u00e9hez elektromos energi\u00e1ra van sz\u00fcks\u00e9g. \u00c1ltal\u00e1noss\u00e1gban t\u00f6bb \u00e1ramot fogyaszt, mint egy g\u00e1zkaz\u00e1n, de \u00f6sszess\u00e9g\u00e9ben sokkal kevesebb energi\u00e1t haszn\u00e1l fel. <\/p><h2 class=\"wp-block-heading\">K\u00f6rnyezetre gyakorolt hat\u00e1s <\/h2><p>A h\u0151szivatty\u00fak k\u00f6rnyezetbar\u00e1t f\u0171t\u00e9si lehet\u0151s\u00e9get k\u00edn\u00e1lnak. Nem \u00e9getnek k\u00f6zvetlen\u00fcl fosszilis t\u00fczel\u0151anyagokat, ami alacsonyabb sz\u00e9n-dioxid-kibocs\u00e1t\u00e1st \u00e9s kisebb \u00f6kol\u00f3giai l\u00e1bnyomot eredm\u00e9nyez. A h\u0151forr\u00e1sok, k\u00fcl\u00f6n\u00f6sen a f\u00f6ldg\u00e1z \u00e9s a fa, jelent\u0151s m\u00e9rt\u00e9kben hozz\u00e1j\u00e1rulnak a l\u00e9gszennyez\u00e9shez \u00e9s az \u00fcvegh\u00e1zhat\u00e1s\u00fa g\u00e1zok kibocs\u00e1t\u00e1s\u00e1hoz. A h\u0151szivatty\u00fa v\u00e1laszt\u00e1s\u00e1val akt\u00edvan hozz\u00e1j\u00e1rulhat egy tiszt\u00e1bb k\u00f6rnyezethez, \u00e9s seg\u00edthet az \u00e9ghajlatv\u00e1ltoz\u00e1s elleni k\u00fczdelemben. <\/p><h2 class=\"wp-block-heading\">Konzisztens k\u00e9nyelem <\/h2><figure class=\"wp-block-image size-full\"><img decoding=\"async\" width=\"1065\" height=\"450\" src=\"https:\/\/www.slovklima.sk\/wp-content\/uploads\/2025\/02\/image-5.jpeg\" alt=\"radi\u00e1toros h\u0151szivatty\u00fa\" class=\"wp-image-13505\" srcset=\"https:\/\/www.slovklima.sk\/wp-content\/uploads\/2025\/02\/image-5.jpeg 1065w, https:\/\/www.slovklima.sk\/wp-content\/uploads\/2025\/02\/image-5-400x169.jpeg 400w, https:\/\/www.slovklima.sk\/wp-content\/uploads\/2025\/02\/image-5-768x325.jpeg 768w, https:\/\/www.slovklima.sk\/wp-content\/uploads\/2025\/02\/image-5-430x182.jpeg 430w, https:\/\/www.slovklima.sk\/wp-content\/uploads\/2025\/02\/image-5-700x296.jpeg 700w, https:\/\/www.slovklima.sk\/wp-content\/uploads\/2025\/02\/image-5-150x63.jpeg 150w\" sizes=\"(max-width: 1065px) 100vw, 1065px\" \/><\/figure><p>A h\u0151szivatty\u00fak, amelyek leggyakrabban padl\u00f3- vagy falf\u0171t\u00e9ssel kombin\u00e1lva m\u0171k\u00f6dnek, egyenletesen osztj\u00e1k el a h\u0151t az eg\u00e9sz lak\u00f3t\u00e9rben, ez\u00e1ltal \u00e1lland\u00f3 k\u00e9nyelmet biztos\u00edtanak. Ezzel szemben a radi\u00e1toros f\u0171t\u00e9s eset\u00e9ben a h\u0151eloszt\u00e1s a radi\u00e1tor m\u00e9ret\u00e9t\u0151l, elhelyezked\u00e9s\u00e9t\u0151l \u00e9s a h\u0151\u00e1tad\u00e1st\u00f3l f\u00fcgg\u0151en egyenetlen lehet. A helyis\u00e9g egyes r\u00e9szei l\u00e9nyegesen melegebbek vagy h\u0171v\u00f6sebbek lehetnek, ami k\u00e9nyelmetlens\u00e9get okozhat, vagy tov\u00e1bbi f\u0171t\u00e9si forr\u00e1sokat tehet sz\u00fcks\u00e9gess\u00e9. De vajon meg\u00e9ri-e radi\u00e1toros h\u0151szivatty\u00fat haszn\u00e1lni, \u00e9s ezzel kombin\u00e1lni a k\u00e9t f\u0171t\u00e9si lehet\u0151s\u00e9get? <\/p><p>H\u0151szivatty\u00fa telep\u00edt\u00e9sekor nem kell teljesen lemondani a radi\u00e1torokr\u00f3l. Lehet\u0151s\u00e9g van azok alacsony h\u0151m\u00e9rs\u00e9klet\u0171 radi\u00e1torokkal val\u00f3 kombin\u00e1l\u00e1s\u00e1ra. Ezek is elegend\u0151 meleget biztos\u00edtanak ahhoz, hogy otthon\u00e1ban kellemes h\u0151m\u00e9rs\u00e9kletet \u00e9rjen el. Ebben az esetben azonban \u00f3vatosnak kell lenni, mivel nem minden radi\u00e1tor alkalmas ilyen t\u00edpus\u00fa f\u0171t\u00e9sre. Szerencs\u00e9re erre a l\u00e1tsz\u00f3lagos probl\u00e9m\u00e1ra l\u00e9tezik egy viszonylag egyszer\u0171 megold\u00e1s, m\u00e9gpedig a puffer tart\u00e1lyok haszn\u00e1lata. Ezek lehet\u0151v\u00e9 teszik k\u00e9t melegv\u00edz-k\u00f6r szab\u00e1lyoz\u00e1s\u00e1t: az egyik alacsony, a m\u00e1sik pedig magas h\u0151m\u00e9rs\u00e9klet\u0171. E k\u00e9t f\u0171t\u00e9si rendszer kombin\u00e1l\u00e1sa teh\u00e1t nemcsak lehets\u00e9ges, hanem a gyakorlatban is elterjedt megold\u00e1s, amely mindk\u00e9t technol\u00f3gia el\u0151nyeit kihaszn\u00e1lva biztos\u00edtja a k\u00e9nyelmes \u00e9s hat\u00e9kony f\u0171t\u00e9st. <\/p><h2 class=\"wp-block-heading\">Ir\u00e1ny\u00edt\u00e1s \u00e9s automatiz\u00e1l\u00e1s <\/h2><p>A h\u0151szivatty\u00fak gyakran fejlett vez\u00e9rl\u0151rendszerekkel \u00e9s programozhat\u00f3 funkci\u00f3kkal \u00e9rkeznek, amelyek lehet\u0151v\u00e9 teszik a h\u0151m\u00e9rs\u00e9klet pontos szab\u00e1lyoz\u00e1s\u00e1t \u00e9s az automatiz\u00e1l\u00e1st. Lehet\u0151s\u00e9g van h\u0151m\u00e9rs\u00e9kleti \u00fctemtervek be\u00e1ll\u00edt\u00e1s\u00e1ra, a be\u00e1ll\u00edt\u00e1sok t\u00e1voli m\u00f3dos\u00edt\u00e1s\u00e1ra, valamint a h\u0151szivatty\u00fak okosotthon-rendszerekkel val\u00f3 integr\u00e1l\u00e1s\u00e1ra. <\/p><p>A modern kivitel\u0171 hagyom\u00e1nyos h\u0151forr\u00e1sok szint\u00e9n k\u00edn\u00e1lnak hasonl\u00f3 funkci\u00f3kat. Ezek a funkci\u00f3k n\u00f6velik a k\u00e9nyelmet, komfortot \u00e9s az energiahat\u00e9konys\u00e1got. Ugyanakkor a radi\u00e1torok \u00e1ltal ny\u00fajtott h\u0151\u00e9rzet alacsonyabb komfortot biztos\u00edt, mint p\u00e9ld\u00e1ul a padl\u00f3f\u0171t\u00e9s. <\/p><h2 class=\"wp-block-heading\">Mi\u00e9rt v\u00e1lasszon h\u0151szivatty\u00fat? <\/h2><p>Azt, hogy a h\u0151szivatty\u00fa k\u00e9pes energi\u00e1t megtakar\u00edtani, m\u00e1r nem sz\u00fcks\u00e9ges k\u00fcl\u00f6n\u00f6sebben r\u00e9szletezni. Az a k\u00e9pess\u00e9ge, hogy a h\u0151t kinyerje \u00e9s tov\u00e1bb\u00edtsa, ahelyett hogy el\u0151\u00e1ll\u00edtan\u00e1, rendk\u00edv\u00fcl hat\u00e9konny\u00e1 teszi. Igaz, hogy a h\u0151szivatty\u00fa kezdeti k\u00f6lts\u00e9gei magasabbak lehetnek, de a hossz\u00fa t\u00e1v\u00fa megtakar\u00edt\u00e1sok az energiasz\u00e1ml\u00e1kon gyakran gazdas\u00e1gos v\u00e1laszt\u00e1ss\u00e1 teszik az id\u0151 m\u00fal\u00e1s\u00e1val. <\/p><p>Tov\u00e1bbi el\u0151nye a h\u0151szivatty\u00fanak, hogy hozz\u00e1j\u00e1rul a tiszt\u00e1bb k\u00f6rnyezethez \u00e9s egy sokkal fenntarthat\u00f3bb j\u00f6v\u0151h\u00f6z, mivel cs\u00f6kkenti a fosszilis t\u00fczel\u0151anyagokt\u00f3l val\u00f3 f\u00fcgg\u0151s\u00e9get \u00e9s minimaliz\u00e1lja az \u00fcvegh\u00e1zhat\u00e1s\u00fa g\u00e1zok kibocs\u00e1t\u00e1s\u00e1t. Egy m\u00e1sik el\u0151nye, amely szint\u00e9n eml\u00edt\u00e9sre ker\u00fclt, az eg\u00e9sz \u00e9vben biztos\u00edtott egyenletes f\u0171t\u00e9s \u00e9s h\u0171t\u00e9s. <\/p><h2 class=\"wp-block-heading\">K\u00f6lts\u00e9g-\u00f6sszehasonl\u00edt\u00e1s: elektromos f\u0171t\u00e9s vs. h\u0151szivatty\u00fa <\/h2><p>A k\u00f6lts\u00e9gek mindig kulcsfontoss\u00e1g\u00fa t\u00e9nyez\u0151k a megfelel\u0151 f\u0171t\u00e9si rendszer kiv\u00e1laszt\u00e1sakor. Nemcsak a h\u0151szivatty\u00fa \u00e1r\u00e1t kell figyelembe venni, hanem a telep\u00edt\u00e9s kezdeti k\u00f6lts\u00e9geit, valamint az energiafogyaszt\u00e1s \u00e9s karbantart\u00e1s folyamatos k\u00f6lts\u00e9geit is. A teljes k\u00f6lts\u00e9geket sz\u00e1mos t\u00e9nyez\u0151 befoly\u00e1solja, bele\u00e9rtve a telep\u00edtett h\u0151szivatty\u00fa t\u00edpus\u00e1t \u00e9s az ingatlanon elv\u00e9gzend\u0151 munk\u00e1k m\u00e9rt\u00e9k\u00e9t. <\/p><p>A h\u0151szivatty\u00fa m\u0171k\u00f6d\u00e9si elv\u00e9nek k\u00f6sz\u00f6nhet\u0151en ide\u00e1lis k\u00f6r\u00fclm\u00e9nyek k\u00f6z\u00f6tt ugyanannyi elektromos energi\u00e1b\u00f3l 3-5-sz\u00f6r t\u00f6bb h\u0151energi\u00e1t lehet el\u0151\u00e1ll\u00edtani, mint az elektromos k\u00f6zvetlen f\u0171t\u0151testek eset\u00e9ben. Mindk\u00e9t megold\u00e1s haszn\u00e1lhatja a napelemek \u00e1ltal termelt meg\u00fajul\u00f3 energi\u00e1t, ami az energia legoptim\u00e1lisabb felhaszn\u00e1l\u00e1si m\u00f3dja. Azonban a napelemek energi\u00e1j\u00e1nak felhaszn\u00e1l\u00e1sa a h\u0151szivatty\u00faban egy l\u00e9p\u00e9ssel hat\u00e9konyabb, mint az egyszer\u0171 elektromos f\u0171t\u00e9s. <\/p><p>Ha m\u00e1r telep\u00edtve van napelemes rendszer, vagy a k\u00f6zelj\u00f6v\u0151ben tervezi annak ki\u00e9p\u00edt\u00e9s\u00e9t, \u00e9rdemes megfontolni egy puffer tart\u00e1ly be\u00e9p\u00edt\u00e9s\u00e9t a f\u0171t\u00e9si rendszerbe. B\u00e1r t\u00f6bb helyet foglal, lehet\u0151v\u00e9 teszi, hogy a h\u0151szivatty\u00fa az \u00f6sszes napelemek \u00e1ltal termelt energi\u00e1t felhaszn\u00e1lja, \u00e9s azt h\u0151 form\u00e1j\u00e1ban elt\u00e1rolja az esti vagy \u00e9jszakai \u00f3r\u00e1kra, amikor arra sz\u00fcks\u00e9g lesz. <\/p><p>V\u00e9gezet\u00fcl t\u00e9rj\u00fcnk r\u00e1 arra a k\u00e9rd\u00e9sre, hogy meg\u00e9ri-e a h\u0151szivatty\u00fat radi\u00e1torokkal kombin\u00e1lni. Ha megl\u00e9v\u0151 radi\u00e1toros f\u0171t\u00e9si rendszer\u00e9t szeretn\u00e9 h\u0151szivatty\u00faval korszer\u0171s\u00edteni, term\u00e9szetesen megteheti. A piacon sz\u00e1mos magas h\u0151m\u00e9rs\u00e9klet\u0171 h\u0151szivatty\u00fa-modell \u00e9rhet\u0151 el. Azonban ne sz\u00e1m\u00edtson arra a hat\u00e9konys\u00e1gra, amelyet a h\u0151szivatty\u00fa alacsony h\u0151m\u00e9rs\u00e9klet\u0171 rendszerekkel \u00e9rhet el. Az arany k\u00f6z\u00e9p\u00fat az lehet, ha lehets\u00e9ges, hogy a radi\u00e1torokat nagyobb f\u0171t\u0151fel\u00fclet\u0171 modellekre cser\u00e9li, amelyekkel ugyanolyan h\u0151komfortot \u00e9rhet el alacsonyabb f\u0171t\u0151v\u00edzh\u0151m\u00e9rs\u00e9klettel \u00e9s nagyobb h\u0151szivatty\u00fa-hat\u00e9konys\u00e1ggal. <\/p><h2 class=\"wp-block-heading\">Ellen\u00e1ll\u00f3s\u00e1g \u00e9s alacsony karbantart\u00e1s <\/h2><p>A h\u0151szivatty\u00fat rendszeresen szervizelni kell, hogy meg\u0151rizze teljes funkcionalit\u00e1s\u00e1t \u00e9s meghosszabb\u00edtsa \u00e9lettartam\u00e1t. <\/p><p>A szok\u00e1sos karbantart\u00e1s mag\u00e1ban foglalja a sz\u0171r\u0151k tiszt\u00edt\u00e1s\u00e1t vagy cser\u00e9j\u00e9t, illetve a gy\u00e1rt\u00f3 utas\u00edt\u00e1sai szerinti diagnosztik\u00e1t. Ezeket a feladatokat a legjobb szakemberekre b\u00edzni, akik pontosan tudj\u00e1k, mit kell tenni. B\u00e1r a rendszeres szerviz bizonyos k\u00f6lts\u00e9ggel j\u00e1r, a hosszabb \u00e9lettartam mindenk\u00e9ppen meg\u00e9ri. <\/p><h2 class=\"wp-block-heading\">\u00d6sszegz\u00e9s <\/h2><p>A radi\u00e1toros f\u0171t\u00e9s \u00e9vtizedek \u00f3ta megb\u00edzhat\u00f3 megold\u00e1s, \u00e9s Szlov\u00e1ki\u00e1ban teljesen megszokott. Fel\u00faj\u00edt\u00e1skor nagyon fontos m\u00e9rlegelni, hogy tov\u00e1bbra is a megszokott m\u00f3don szeretn\u00e9nk m\u0171k\u00f6dni, vagy hat\u00e9konyabb \u00e9s k\u00f6rnyezetbar\u00e1tabb utat v\u00e1lasztunk. A h\u0151szivatty\u00fa ak\u00e1r az \u00d6n sz\u00e1m\u00e1ra is megfelel\u0151 v\u00e1laszt\u00e1s lehet. Ha m\u00e9g mindig bizonytalan, hogy ez a megold\u00e1s megfelel\u0151-e \u00d6nnek, forduljon bizalommal a <a href=\"https:\/\/www.slovklima.sk\/hu\/\">Slovklima.sk<\/a> szak\u00e9rt\u0151ihez! <\/p>","protected":false},"excerpt":{"rendered":"<p>A radi\u00e1toros f\u0171t\u00e9s \u00e9s a h\u0151szivatty\u00fa egyar\u00e1nt kulcsszerepet j\u00e1tszik az otthonok f\u0171t\u00e9si rendszer\u00e9ben. M\u00edg a radi\u00e1toros f\u0171t\u00e9s \u00e9vtizedek \u00f3ta hagyom\u00e1nyos<\/p>\n","protected":false},"author":472,"featured_media":13508,"comment_status":"closed","ping_status":"open","sticky":false,"template":"","format":"standard","meta":{"footnotes":""},"categories":[350],"tags":[],"table_tags":[],"class_list":["post-13504","post","type-post","status-publish","format-standard","has-post-thumbnail","hentry","category-futes"],"yoast_head":"<!-- This site is optimized with the Yoast SEO plugin v24.3 - https:\/\/yoast.com\/wordpress\/plugins\/seo\/ -->\n<title>Radi\u00e1toros h\u0151szivatty\u00fa | SLOVKLIMA DEIMOS group, s.r.o.<\/title>\n<meta name=\"description\" content=\"Radi\u00e1toros h\u0151szivatty\u00fa: Meg\u00e9ri ezt a f\u0171t\u00e9si megold\u00e1st v\u00e1lasztani? Ismerd meg el\u0151nyeit, hat\u00e9konys\u00e1g\u00e1t \u00e9s a legfontosabb szempontokat!\" \/>\n<meta name=\"robots\" content=\"index, follow, max-snippet:-1, max-image-preview:large, max-video-preview:-1\" \/>\n<link rel=\"canonical\" href=\"https:\/\/www.slovklima.sk\/hu\/blog\/erdemes-radiatoros-hoszivattyut-hasznalni\/\" \/>\n<meta property=\"og:locale\" content=\"hu_HU\" \/>\n<meta property=\"og:type\" content=\"article\" \/>\n<meta property=\"og:title\" content=\"Radi\u00e1toros h\u0151szivatty\u00fa | SLOVKLIMA DEIMOS group, s.r.o.\" \/>\n<meta property=\"og:description\" content=\"Radi\u00e1toros h\u0151szivatty\u00fa: Meg\u00e9ri ezt a f\u0171t\u00e9si megold\u00e1st v\u00e1lasztani? Ismerd meg el\u0151nyeit, hat\u00e9konys\u00e1g\u00e1t \u00e9s a legfontosabb szempontokat!\" \/>\n<meta property=\"og:url\" content=\"https:\/\/www.slovklima.sk\/hu\/blog\/erdemes-radiatoros-hoszivattyut-hasznalni\/\" \/>\n<meta property=\"og:site_name\" content=\"SLOVKLIMA DEIMOS group, s.r.o.\" \/>\n<meta property=\"article:published_time\" content=\"2025-02-18T13:59:46+00:00\" \/>\n<meta property=\"article:modified_time\" content=\"2026-01-21T09:03:37+00:00\" \/>\n<meta property=\"og:image\" content=\"https:\/\/www.slovklima.sk\/wp-content\/uploads\/2025\/02\/HLAVNA-7.jpg\" \/>\n\t<meta property=\"og:image:width\" content=\"1065\" \/>\n\t<meta property=\"og:image:height\" content=\"450\" \/>\n\t<meta property=\"og:image:type\" content=\"image\/jpeg\" \/>\n<meta name=\"author\" content=\"terlanda.peter\" \/>\n<meta name=\"twitter:card\" content=\"summary_large_image\" \/>\n<meta name=\"twitter:label1\" content=\"Szerz\u0151:\" \/>\n\t<meta name=\"twitter:data1\" content=\"terlanda.peter\" \/>\n\t<meta name=\"twitter:label2\" content=\"Becs\u00fclt olvas\u00e1si id\u0151\" \/>\n\t<meta name=\"twitter:data2\" content=\"6 perc\" \/>\n<script type=\"application\/ld+json\" class=\"yoast-schema-graph\">{\"@context\":\"https:\/\/schema.org\",\"@graph\":[{\"@type\":\"Article\",\"@id\":\"https:\/\/www.slovklima.sk\/hu\/blog\/erdemes-radiatoros-hoszivattyut-hasznalni\/#article\",\"isPartOf\":{\"@id\":\"https:\/\/www.slovklima.sk\/hu\/blog\/erdemes-radiatoros-hoszivattyut-hasznalni\/\"},\"author\":{\"name\":\"terlanda.peter\",\"@id\":\"https:\/\/www.slovklima.sk\/#\/schema\/person\/116018679a4b34af051bf066b527c539\"},\"headline\":\"\u00c9rdemes radi\u00e1toros h\u0151szivatty\u00fat haszn\u00e1lni?\",\"datePublished\":\"2025-02-18T13:59:46+00:00\",\"dateModified\":\"2026-01-21T09:03:37+00:00\",\"mainEntityOfPage\":{\"@id\":\"https:\/\/www.slovklima.sk\/hu\/blog\/erdemes-radiatoros-hoszivattyut-hasznalni\/\"},\"wordCount\":1824,\"publisher\":{\"@id\":\"https:\/\/www.slovklima.sk\/#organization\"},\"image\":{\"@id\":\"https:\/\/www.slovklima.sk\/hu\/blog\/erdemes-radiatoros-hoszivattyut-hasznalni\/#primaryimage\"},\"thumbnailUrl\":\"https:\/\/www.slovklima.sk\/wp-content\/uploads\/2025\/02\/HLAVNA-7.jpg\",\"articleSection\":[\"F\u0171t\u00e9s\"],\"inLanguage\":\"hu\"},{\"@type\":\"WebPage\",\"@id\":\"https:\/\/www.slovklima.sk\/hu\/blog\/erdemes-radiatoros-hoszivattyut-hasznalni\/\",\"url\":\"https:\/\/www.slovklima.sk\/hu\/blog\/erdemes-radiatoros-hoszivattyut-hasznalni\/\",\"name\":\"Radi\u00e1toros h\u0151szivatty\u00fa | SLOVKLIMA DEIMOS group, s.r.o.\",\"isPartOf\":{\"@id\":\"https:\/\/www.slovklima.sk\/#website\"},\"primaryImageOfPage\":{\"@id\":\"https:\/\/www.slovklima.sk\/hu\/blog\/erdemes-radiatoros-hoszivattyut-hasznalni\/#primaryimage\"},\"image\":{\"@id\":\"https:\/\/www.slovklima.sk\/hu\/blog\/erdemes-radiatoros-hoszivattyut-hasznalni\/#primaryimage\"},\"thumbnailUrl\":\"https:\/\/www.slovklima.sk\/wp-content\/uploads\/2025\/02\/HLAVNA-7.jpg\",\"datePublished\":\"2025-02-18T13:59:46+00:00\",\"dateModified\":\"2026-01-21T09:03:37+00:00\",\"description\":\"Radi\u00e1toros h\u0151szivatty\u00fa: Meg\u00e9ri ezt a f\u0171t\u00e9si megold\u00e1st v\u00e1lasztani? Ismerd meg el\u0151nyeit, hat\u00e9konys\u00e1g\u00e1t \u00e9s a legfontosabb szempontokat!\",\"breadcrumb\":{\"@id\":\"https:\/\/www.slovklima.sk\/hu\/blog\/erdemes-radiatoros-hoszivattyut-hasznalni\/#breadcrumb\"},\"inLanguage\":\"hu\",\"potentialAction\":[{\"@type\":\"ReadAction\",\"target\":[\"https:\/\/www.slovklima.sk\/hu\/blog\/erdemes-radiatoros-hoszivattyut-hasznalni\/\"]}]},{\"@type\":\"ImageObject\",\"inLanguage\":\"hu\",\"@id\":\"https:\/\/www.slovklima.sk\/hu\/blog\/erdemes-radiatoros-hoszivattyut-hasznalni\/#primaryimage\",\"url\":\"https:\/\/www.slovklima.sk\/wp-content\/uploads\/2025\/02\/HLAVNA-7.jpg\",\"contentUrl\":\"https:\/\/www.slovklima.sk\/wp-content\/uploads\/2025\/02\/HLAVNA-7.jpg\",\"width\":1065,\"height\":450,\"caption\":\"radi\u00e1toros h\u0151szivatty\u00fa\"},{\"@type\":\"BreadcrumbList\",\"@id\":\"https:\/\/www.slovklima.sk\/hu\/blog\/erdemes-radiatoros-hoszivattyut-hasznalni\/#breadcrumb\",\"itemListElement\":[{\"@type\":\"ListItem\",\"position\":1,\"name\":\"Domovsk\u00e1 str\u00e1nka\",\"item\":\"https:\/\/www.slovklima.sk\/hu\/\"},{\"@type\":\"ListItem\",\"position\":2,\"name\":\"\u00c9rdemes radi\u00e1toros h\u0151szivatty\u00fat haszn\u00e1lni?\"}]},{\"@type\":\"WebSite\",\"@id\":\"https:\/\/www.slovklima.sk\/#website\",\"url\":\"https:\/\/www.slovklima.sk\/\",\"name\":\"SLOVKLIMA DEIMOS group, s.r.o.\",\"description\":\"\",\"publisher\":{\"@id\":\"https:\/\/www.slovklima.sk\/#organization\"},\"alternateName\":\"SLOVKLIMA\",\"potentialAction\":[{\"@type\":\"SearchAction\",\"target\":{\"@type\":\"EntryPoint\",\"urlTemplate\":\"https:\/\/www.slovklima.sk\/?s={search_term_string}\"},\"query-input\":{\"@type\":\"PropertyValueSpecification\",\"valueRequired\":true,\"valueName\":\"search_term_string\"}}],\"inLanguage\":\"hu\"},{\"@type\":\"Organization\",\"@id\":\"https:\/\/www.slovklima.sk\/#organization\",\"name\":\"SLOVKLIMA DEIMOS group, s.r.o.\",\"alternateName\":\"SLOVKLIMA\",\"url\":\"https:\/\/www.slovklima.sk\/\",\"logo\":{\"@type\":\"ImageObject\",\"inLanguage\":\"hu\",\"@id\":\"https:\/\/www.slovklima.sk\/#\/schema\/logo\/image\/\",\"url\":\"https:\/\/www.slovklima.sk\/wp-content\/uploads\/2022\/12\/slovklima-logo-black.svg\",\"contentUrl\":\"https:\/\/www.slovklima.sk\/wp-content\/uploads\/2022\/12\/slovklima-logo-black.svg\",\"width\":3218,\"height\":698,\"caption\":\"SLOVKLIMA DEIMOS group, s.r.o.\"},\"image\":{\"@id\":\"https:\/\/www.slovklima.sk\/#\/schema\/logo\/image\/\"}},{\"@type\":\"Person\",\"@id\":\"https:\/\/www.slovklima.sk\/#\/schema\/person\/116018679a4b34af051bf066b527c539\",\"name\":\"terlanda.peter\",\"image\":{\"@type\":\"ImageObject\",\"inLanguage\":\"hu\",\"@id\":\"https:\/\/www.slovklima.sk\/#\/schema\/person\/image\/\",\"url\":\"https:\/\/secure.gravatar.com\/avatar\/b022cc3ca0fc64964f410b12966d5772a852c461ebad9ff60247ddab8bafe8db?s=96&d=mm&r=g\",\"contentUrl\":\"https:\/\/secure.gravatar.com\/avatar\/b022cc3ca0fc64964f410b12966d5772a852c461ebad9ff60247ddab8bafe8db?s=96&d=mm&r=g\",\"caption\":\"terlanda.peter\"}}]}<\/script>\n<!-- \/ Yoast SEO plugin. -->","yoast_head_json":{"title":"Radi\u00e1toros h\u0151szivatty\u00fa | SLOVKLIMA DEIMOS group, s.r.o.","description":"Radi\u00e1toros h\u0151szivatty\u00fa: Meg\u00e9ri ezt a f\u0171t\u00e9si megold\u00e1st v\u00e1lasztani? Ismerd meg el\u0151nyeit, hat\u00e9konys\u00e1g\u00e1t \u00e9s a legfontosabb szempontokat!","robots":{"index":"index","follow":"follow","max-snippet":"max-snippet:-1","max-image-preview":"max-image-preview:large","max-video-preview":"max-video-preview:-1"},"canonical":"https:\/\/www.slovklima.sk\/hu\/blog\/erdemes-radiatoros-hoszivattyut-hasznalni\/","og_locale":"hu_HU","og_type":"article","og_title":"Radi\u00e1toros h\u0151szivatty\u00fa | SLOVKLIMA DEIMOS group, s.r.o.","og_description":"Radi\u00e1toros h\u0151szivatty\u00fa: Meg\u00e9ri ezt a f\u0171t\u00e9si megold\u00e1st v\u00e1lasztani? Ismerd meg el\u0151nyeit, hat\u00e9konys\u00e1g\u00e1t \u00e9s a legfontosabb szempontokat!","og_url":"https:\/\/www.slovklima.sk\/hu\/blog\/erdemes-radiatoros-hoszivattyut-hasznalni\/","og_site_name":"SLOVKLIMA DEIMOS group, s.r.o.","article_published_time":"2025-02-18T13:59:46+00:00","article_modified_time":"2026-01-21T09:03:37+00:00","og_image":[{"width":1065,"height":450,"url":"https:\/\/www.slovklima.sk\/wp-content\/uploads\/2025\/02\/HLAVNA-7.jpg","type":"image\/jpeg"}],"author":"terlanda.peter","twitter_card":"summary_large_image","twitter_misc":{"Szerz\u0151:":"terlanda.peter","Becs\u00fclt olvas\u00e1si id\u0151":"6 perc"},"schema":{"@context":"https:\/\/schema.org","@graph":[{"@type":"Article","@id":"https:\/\/www.slovklima.sk\/hu\/blog\/erdemes-radiatoros-hoszivattyut-hasznalni\/#article","isPartOf":{"@id":"https:\/\/www.slovklima.sk\/hu\/blog\/erdemes-radiatoros-hoszivattyut-hasznalni\/"},"author":{"name":"terlanda.peter","@id":"https:\/\/www.slovklima.sk\/#\/schema\/person\/116018679a4b34af051bf066b527c539"},"headline":"\u00c9rdemes radi\u00e1toros h\u0151szivatty\u00fat haszn\u00e1lni?","datePublished":"2025-02-18T13:59:46+00:00","dateModified":"2026-01-21T09:03:37+00:00","mainEntityOfPage":{"@id":"https:\/\/www.slovklima.sk\/hu\/blog\/erdemes-radiatoros-hoszivattyut-hasznalni\/"},"wordCount":1824,"publisher":{"@id":"https:\/\/www.slovklima.sk\/#organization"},"image":{"@id":"https:\/\/www.slovklima.sk\/hu\/blog\/erdemes-radiatoros-hoszivattyut-hasznalni\/#primaryimage"},"thumbnailUrl":"https:\/\/www.slovklima.sk\/wp-content\/uploads\/2025\/02\/HLAVNA-7.jpg","articleSection":["F\u0171t\u00e9s"],"inLanguage":"hu"},{"@type":"WebPage","@id":"https:\/\/www.slovklima.sk\/hu\/blog\/erdemes-radiatoros-hoszivattyut-hasznalni\/","url":"https:\/\/www.slovklima.sk\/hu\/blog\/erdemes-radiatoros-hoszivattyut-hasznalni\/","name":"Radi\u00e1toros h\u0151szivatty\u00fa | SLOVKLIMA DEIMOS group, s.r.o.","isPartOf":{"@id":"https:\/\/www.slovklima.sk\/#website"},"primaryImageOfPage":{"@id":"https:\/\/www.slovklima.sk\/hu\/blog\/erdemes-radiatoros-hoszivattyut-hasznalni\/#primaryimage"},"image":{"@id":"https:\/\/www.slovklima.sk\/hu\/blog\/erdemes-radiatoros-hoszivattyut-hasznalni\/#primaryimage"},"thumbnailUrl":"https:\/\/www.slovklima.sk\/wp-content\/uploads\/2025\/02\/HLAVNA-7.jpg","datePublished":"2025-02-18T13:59:46+00:00","dateModified":"2026-01-21T09:03:37+00:00","description":"Radi\u00e1toros h\u0151szivatty\u00fa: Meg\u00e9ri ezt a f\u0171t\u00e9si megold\u00e1st v\u00e1lasztani? Ismerd meg el\u0151nyeit, hat\u00e9konys\u00e1g\u00e1t \u00e9s a legfontosabb szempontokat!","breadcrumb":{"@id":"https:\/\/www.slovklima.sk\/hu\/blog\/erdemes-radiatoros-hoszivattyut-hasznalni\/#breadcrumb"},"inLanguage":"hu","potentialAction":[{"@type":"ReadAction","target":["https:\/\/www.slovklima.sk\/hu\/blog\/erdemes-radiatoros-hoszivattyut-hasznalni\/"]}]},{"@type":"ImageObject","inLanguage":"hu","@id":"https:\/\/www.slovklima.sk\/hu\/blog\/erdemes-radiatoros-hoszivattyut-hasznalni\/#primaryimage","url":"https:\/\/www.slovklima.sk\/wp-content\/uploads\/2025\/02\/HLAVNA-7.jpg","contentUrl":"https:\/\/www.slovklima.sk\/wp-content\/uploads\/2025\/02\/HLAVNA-7.jpg","width":1065,"height":450,"caption":"radi\u00e1toros h\u0151szivatty\u00fa"},{"@type":"BreadcrumbList","@id":"https:\/\/www.slovklima.sk\/hu\/blog\/erdemes-radiatoros-hoszivattyut-hasznalni\/#breadcrumb","itemListElement":[{"@type":"ListItem","position":1,"name":"Domovsk\u00e1 str\u00e1nka","item":"https:\/\/www.slovklima.sk\/hu\/"},{"@type":"ListItem","position":2,"name":"\u00c9rdemes radi\u00e1toros h\u0151szivatty\u00fat haszn\u00e1lni?"}]},{"@type":"WebSite","@id":"https:\/\/www.slovklima.sk\/#website","url":"https:\/\/www.slovklima.sk\/","name":"SLOVKLIMA DEIMOS group, s.r.o.","description":"","publisher":{"@id":"https:\/\/www.slovklima.sk\/#organization"},"alternateName":"SLOVKLIMA","potentialAction":[{"@type":"SearchAction","target":{"@type":"EntryPoint","urlTemplate":"https:\/\/www.slovklima.sk\/?s={search_term_string}"},"query-input":{"@type":"PropertyValueSpecification","valueRequired":true,"valueName":"search_term_string"}}],"inLanguage":"hu"},{"@type":"Organization","@id":"https:\/\/www.slovklima.sk\/#organization","name":"SLOVKLIMA DEIMOS group, s.r.o.","alternateName":"SLOVKLIMA","url":"https:\/\/www.slovklima.sk\/","logo":{"@type":"ImageObject","inLanguage":"hu","@id":"https:\/\/www.slovklima.sk\/#\/schema\/logo\/image\/","url":"https:\/\/www.slovklima.sk\/wp-content\/uploads\/2022\/12\/slovklima-logo-black.svg","contentUrl":"https:\/\/www.slovklima.sk\/wp-content\/uploads\/2022\/12\/slovklima-logo-black.svg","width":3218,"height":698,"caption":"SLOVKLIMA DEIMOS group, s.r.o."},"image":{"@id":"https:\/\/www.slovklima.sk\/#\/schema\/logo\/image\/"}},{"@type":"Person","@id":"https:\/\/www.slovklima.sk\/#\/schema\/person\/116018679a4b34af051bf066b527c539","name":"terlanda.peter","image":{"@type":"ImageObject","inLanguage":"hu","@id":"https:\/\/www.slovklima.sk\/#\/schema\/person\/image\/","url":"https:\/\/secure.gravatar.com\/avatar\/b022cc3ca0fc64964f410b12966d5772a852c461ebad9ff60247ddab8bafe8db?s=96&d=mm&r=g","contentUrl":"https:\/\/secure.gravatar.com\/avatar\/b022cc3ca0fc64964f410b12966d5772a852c461ebad9ff60247ddab8bafe8db?s=96&d=mm&r=g","caption":"terlanda.peter"}}]}},"_links":{"self":[{"href":"https:\/\/www.slovklima.sk\/hu\/wp-json\/wp\/v2\/posts\/13504","targetHints":{"allow":["GET"]}}],"collection":[{"href":"https:\/\/www.slovklima.sk\/hu\/wp-json\/wp\/v2\/posts"}],"about":[{"href":"https:\/\/www.slovklima.sk\/hu\/wp-json\/wp\/v2\/types\/post"}],"author":[{"embeddable":true,"href":"https:\/\/www.slovklima.sk\/hu\/wp-json\/wp\/v2\/users\/472"}],"replies":[{"embeddable":true,"href":"https:\/\/www.slovklima.sk\/hu\/wp-json\/wp\/v2\/comments?post=13504"}],"version-history":[{"count":1,"href":"https:\/\/www.slovklima.sk\/hu\/wp-json\/wp\/v2\/posts\/13504\/revisions"}],"predecessor-version":[{"id":19877,"href":"https:\/\/www.slovklima.sk\/hu\/wp-json\/wp\/v2\/posts\/13504\/revisions\/19877"}],"wp:featuredmedia":[{"embeddable":true,"href":"https:\/\/www.slovklima.sk\/hu\/wp-json\/wp\/v2\/media\/13508"}],"wp:attachment":[{"href":"https:\/\/www.slovklima.sk\/hu\/wp-json\/wp\/v2\/media?parent=13504"}],"wp:term":[{"taxonomy":"category","embeddable":true,"href":"https:\/\/www.slovklima.sk\/hu\/wp-json\/wp\/v2\/categories?post=13504"},{"taxonomy":"post_tag","embeddable":true,"href":"https:\/\/www.slovklima.sk\/hu\/wp-json\/wp\/v2\/tags?post=13504"},{"taxonomy":"table_tags","embeddable":true,"href":"https:\/\/www.slovklima.sk\/hu\/wp-json\/wp\/v2\/table_tags?post=13504"}],"curies":[{"name":"wp","href":"https:\/\/api.w.org\/{rel}","templated":true}]}}