{"id":13402,"date":"2025-02-18T15:07:23","date_gmt":"2025-02-18T14:07:23","guid":{"rendered":"https:\/\/www.slovklima.sk\/?p=13402"},"modified":"2026-01-21T10:03:35","modified_gmt":"2026-01-21T09:03:35","slug":"hoszivattyus-legkondicionalas-miert-erdemes-ezt-a-megoldast-valasztani","status":"publish","type":"post","link":"https:\/\/www.slovklima.sk\/hu\/blog\/hoszivattyus-legkondicionalas-miert-erdemes-ezt-a-megoldast-valasztani\/","title":{"rendered":"H\u0151szivatty\u00fas l\u00e9gkondicion\u00e1l\u00e1s: Mi\u00e9rt \u00e9rdemes ezt a megold\u00e1st v\u00e1lasztani?"},"content":{"rendered":"<p><strong>Az \u00e9ghajlatv\u00e1ltoz\u00e1s egyre gyakoribb h\u0151hull\u00e1mokat id\u00e9z el\u0151, amelyek komoly aggodalomra adnak okot. A kellemesen h\u0171v\u00f6s h\u0151m\u00e9rs\u00e9klet fenntart\u00e1sa ma m\u00e1r fontosabb, mint valaha, nemcsak a komfort, hanem az eg\u00e9szs\u00e9g \u00e9s biztons\u00e1g szempontj\u00e1b\u00f3l is. Ebben a kih\u00edv\u00e1sokkal teli helyzetben a h\u0151szivatty\u00fas l\u00e9gkondicion\u00e1l\u00e1s n\u00e9lk\u00fcl\u00f6zhetetlen seg\u00edts\u00e9get ny\u00fajt.<\/strong> <\/p><p>A jelenlegi piac rendk\u00edv\u00fcl sz\u00e9les v\u00e1laszt\u00e9kot k\u00edn\u00e1l, \u00e9s ez a l\u00e9gkondicion\u00e1l\u00f3 rendszerekre is igaz, \u00edgy a v\u00e1s\u00e1rl\u00f3k sz\u00e1mos lehet\u0151s\u00e9g k\u00f6z\u00fcl v\u00e1logathatnak. Legyen sz\u00f3 ablakos egys\u00e9gr\u0151l, k\u00f6zponti rendszerr\u0151l vagy m\u00e1s t\u00edpus\u00fa berendez\u00e9sr\u0151l, a l\u00e9gkondicion\u00e1l\u00e1s ma m\u00e1r ink\u00e1bb sz\u00fcks\u00e9glet, mint luxus. A l\u00e9gkondicion\u00e1l\u00f3kr\u00f3l a legt\u00f6bben egy olyan k\u00e9sz\u00fcl\u00e9kre gondolnak, amely h\u0171t\u00e9st biztos\u00edt. <\/p><h2 class=\"wp-block-heading\">H\u0151szivatty\u00fa? <\/h2><p>A h\u0151szivatty\u00fa egy k\u00fcl\u00f6nleges berendez\u00e9s, amelynek egyik legfontosabb jellemz\u0151je, hogy meghat\u00e1rozott k\u00f6r\u00fclm\u00e9nyek k\u00f6z\u00f6tt t\u00f6bb h\u0151energi\u00e1t \u00e1ll\u00edt el\u0151, mint amennyi villamos energi\u00e1t felhaszn\u00e1l. \u00c1ltal\u00e1ban egy k\u00fclt\u00e9ri \u00e9s egy belt\u00e9ri egys\u00e9gb\u0151l \u00e1ll, amelyeket cs\u0151vezet\u00e9k k\u00f6t \u00f6ssze. A cs\u00f6vekben egy k\u00f6zvet\u00edt\u0151 k\u00f6zeg \u00e1ramlik, amely a h\u0151 sz\u00e1ll\u00edt\u00e1s\u00e1\u00e9rt felel\u0151s. <\/p><p>A k\u00fclt\u00e9ri egys\u00e9g tartalmazza a kompresszort, amely \u00f6sszes\u0171r\u00edti a h\u0151k\u00f6zvet\u00edt\u0151 anyagot, \u00e9s m\u00e1s alkatr\u00e9szek seg\u00edts\u00e9g\u00e9vel h\u0151t cser\u00e9l a k\u00f6rnyezettel. Egyszer\u0171en fogalmazva, az egyik r\u00e9sz elvonja a h\u0151t, m\u00edg a m\u00e1sik leadja azt. <\/p><p>A h\u0151szivatty\u00fa az \u00d6n \u00e1ltal v\u00e1lasztott k\u00f6zegb\u0151l nyeri ki a h\u0151t, amely lehet talaj, v\u00edz vagy leveg\u0151. A leveg\u0151-alap\u00fa rendszerek a legn\u00e9pszer\u0171bbek, mivel egyszer\u0171bb a telep\u00edt\u00e9s\u00fck. Az elvont h\u0151t egy m\u00e1sik k\u00f6zegnek, leggyakrabban v\u00edznek adja \u00e1t, amely felmelegszik. Min\u00e9l kisebb a h\u0151m\u00e9rs\u00e9kletk\u00fcl\u00f6nbs\u00e9g az elvont \u00e9s a leadott h\u0151 k\u00f6z\u00f6tt, ann\u00e1l hat\u00e9konyabb a h\u0151szivatty\u00fa m\u0171k\u00f6d\u00e9se. Ez\u00e9rt a h\u0151szivatty\u00fakat leggyakrabban alacsony h\u0151m\u00e9rs\u00e9klet\u0171 f\u0171t\u00e9si rendszerekhez csatlakoztatj\u00e1k. <\/p><h2 class=\"wp-block-heading\">L\u00e9gkondicion\u00e1l\u00e1s? <\/h2><figure class=\"wp-block-image size-full is-resized\"><img decoding=\"async\" width=\"710\" height=\"300\" src=\"https:\/\/www.slovklima.sk\/wp-content\/uploads\/2025\/02\/image-5.jpg\" alt=\" H\u0151szivatty\u00fas l\u00e9gkondicion\u00e1l\u00e1s\" class=\"wp-image-13403\" style=\"width:953px;height:auto\" srcset=\"https:\/\/www.slovklima.sk\/wp-content\/uploads\/2025\/02\/image-5.jpg 710w, https:\/\/www.slovklima.sk\/wp-content\/uploads\/2025\/02\/image-5-400x169.jpg 400w, https:\/\/www.slovklima.sk\/wp-content\/uploads\/2025\/02\/image-5-430x182.jpg 430w, https:\/\/www.slovklima.sk\/wp-content\/uploads\/2025\/02\/image-5-700x296.jpg 700w, https:\/\/www.slovklima.sk\/wp-content\/uploads\/2025\/02\/image-5-150x63.jpg 150w\" sizes=\"(max-width: 710px) 100vw, 710px\" \/><\/figure><p>A l\u00e9gkondicion\u00e1l\u00e1sr\u00f3l a legt\u00f6bben egy olyan berendez\u00e9sre gondolnak, amely h\u0171t\u00e9st biztos\u00edt. Ez val\u00f3ban a f\u0151 funkci\u00f3ja. Azonban szinte minden modern kl\u00edmaberendez\u00e9s rendelkezik egy kieg\u00e9sz\u00edt\u0151 f\u0171t\u00e9si funkci\u00f3val is, amely k\u00fcl\u00f6n\u00f6sen hasznos az \u00e1tmeneti id\u0151szakokban. Ennek k\u00f6sz\u00f6nhet\u0151en a f\u0151 f\u0171t\u00e9si rendszert ak\u00e1r hetekig vagy h\u00f3napokig sem kell bekapcsolni. <\/p><p>A l\u00e9gkondicion\u00e1l\u00e1s els\u0151sorban a bels\u0151 terek h\u0171t\u00e9s\u00e9re szolg\u00e1l, de f\u0171t\u00e9sre is alkalmas, ha a k\u00fcls\u0151 h\u0151m\u00e9rs\u00e9klet k\u00f6r\u00fclbel\u00fcl 10\u00b0C felett van. Ez nem jelenti azt, hogy a kl\u00edma nem k\u00e9pes m\u0171k\u00f6dni alacsonyabb h\u0151m\u00e9rs\u00e9kleten, de figyelembe kell venni, hogy a h\u0151szivatty\u00fas l\u00e9gkondicion\u00e1l\u00e1s els\u0151sorban olyan otthonokban vagy helyis\u00e9gekben hat\u00e9kony, ahol a h\u0151m\u00e9rs\u00e9klet eg\u00e9sz \u00e9vben viszonylag stabilan alacsony. Magyarorsz\u00e1gon \u00e9s a k\u00f6rnyez\u0151 orsz\u00e1gokban ez f\u0151k\u00e9nt az \u00e9szaki r\u00e9gi\u00f3kban, p\u00e9ld\u00e1ul a T\u00e1tr\u00e1ban vagy az Orava t\u00e9rs\u00e9g\u00e9ben jellemz\u0151. <\/p><p>A l\u00e9gkondicion\u00e1l\u00f3 egy speci\u00e1lis t\u00edpus\u00fa h\u0151szivatty\u00fa, \u00edgy pontosan ugyanazon az elven m\u0171k\u00f6dik, mint a kor\u00e1bban eml\u00edtett h\u0151szivatty\u00fas rendszerek. Azonban \u00fagy van be\u00e1ll\u00edtva, hogy egy adott h\u0151m\u00e9rs\u00e9kleti tartom\u00e1nyban m\u0171k\u00f6dj\u00f6n a legoptim\u00e1lisabban. <\/p><h2 class=\"wp-block-heading\">A h\u0151szivatty\u00fa \u00e9s a l\u00e9gkondicion\u00e1l\u00e1s k\u00f6z\u00f6tti k\u00fcl\u00f6nbs\u00e9g <\/h2><p>Sokan \u00fagy gondolj\u00e1k, hogy a h\u0151szivatty\u00fa csak f\u0171t\u00e9sre, m\u00edg a l\u00e9gkondicion\u00e1l\u00f3 kiz\u00e1r\u00f3lag h\u0171t\u00e9sre szolg\u00e1l. Ez bizonyos szempontb\u00f3l igaz, de a f\u0151 k\u00fcl\u00f6nbs\u00e9g abban rejlik, hogy milyen k\u00f6zeget meleg\u00edtenek vagy h\u0171tenek. Mivel azonban mindk\u00e9t berendez\u00e9s ugyanazon az elven m\u0171k\u00f6dik, mi\u00e9rt ne lehetne a kett\u0151t egyes\u00edteni? A h\u0151szivatty\u00fak \u00e9s l\u00e9gkondicion\u00e1l\u00f3k gy\u00e1rt\u00f3i m\u00e1r erre is tal\u00e1ltak megold\u00e1st. <\/p><p>Ezen a ponton ker\u00fcl el\u0151t\u00e9rbe a h\u0151szivatty\u00fas l\u00e9gkondicion\u00e1l\u00e1s. Ennek legnagyobb el\u0151nye, hogy a h\u0151szab\u00e1lyozott k\u00f6zeg a leveg\u0151, amely viszonylag egyszer\u0171en f\u0171thet\u0151 \u00e9s h\u0171thet\u0151. Az ilyen t\u00edpus\u00fa kl\u00edmaberendez\u00e9seket gyakran hossz\u00fa t\u00e1v\u00fa f\u0171t\u00e9sre alkalmas l\u00e9gkondicion\u00e1l\u00f3k\u00e9nt is eml\u00edtik. A legfontosabb k\u00fcl\u00f6nbs\u00e9g a m\u0171k\u00f6d\u00e9s hat\u00e9konys\u00e1g\u00e1nak h\u0151m\u00e9rs\u00e9kleti tartom\u00e1nya, vagyis az a k\u00fcls\u0151 h\u0151m\u00e9rs\u00e9kleti \u00e9rt\u00e9k, amely mellett az eszk\u00f6z m\u00e9g optim\u00e1lisan \u00fczemel. <\/p><h2 class=\"wp-block-heading\">A l\u00e9gkondicion\u00e1l\u00e1s el\u0151nyei <\/h2><p>A l\u00e9gkondicion\u00e1l\u00f3k \u00e1ltal\u00e1ban kisebb beruh\u00e1z\u00e1st ig\u00e9nyelnek, mint a h\u00e1ztart\u00e1si komfort rendszerek, p\u00e9ld\u00e1ul a h\u0151szivatty\u00fak. B\u00e1r a k\u00f6lts\u00e9gek a modellt\u0151l, m\u00e9rett\u0151l, kapacit\u00e1st\u00f3l \u00e9s gy\u00e1rt\u00f3t\u00f3l f\u00fcgg\u0151en v\u00e1ltozhatnak, a l\u00e9gkondicion\u00e1l\u00e1s \u00e1ltal\u00e1ban megfizethet\u0151 megold\u00e1st k\u00edn\u00e1l mind f\u0171t\u00e9sre, mind h\u0171t\u00e9sre. <\/p><p>Sz\u00e1mos modern l\u00e9gkondicion\u00e1l\u00f3 speci\u00e1lis sz\u0171r\u0151kkel van ell\u00e1tva, amelyek tiszt\u00edtj\u00e1k a belt\u00e9ri leveg\u0151t, elt\u00e1vol\u00edtva az allerg\u00e9neket \u00e9s v\u00edrusokat, \u00edgy jav\u00edtva az otthon leveg\u0151min\u0151s\u00e9g\u00e9t. Egy m\u00e1sik nagy el\u0151nye az egyszer\u0171 telep\u00edt\u00e9s, amely l\u00e9nyegesen k\u00f6nnyebb, mint egy h\u0151szivatty\u00fa be\u00e9p\u00edt\u00e9se, f\u00fcggetlen\u00fcl att\u00f3l, hogy f\u0171t\u00e9sre vagy h\u0171t\u00e9sre haszn\u00e1lja a rendszert. <\/p><p>\u00c1ltal\u00e1noss\u00e1gban h\u00e1rom dologra van sz\u00fcks\u00e9g a m\u0171k\u00f6d\u00e9shez: egy k\u00fclt\u00e9ri egys\u00e9gre, egy belt\u00e9ri egys\u00e9gre, valamint egy t\u00e1vir\u00e1ny\u00edt\u00f3ra vagy mobilalkalmaz\u00e1sra az ir\u00e1ny\u00edt\u00e1shoz. <\/p><h2 class=\"wp-block-heading\">A h\u0151szivatty\u00fa el\u0151nyei <\/h2><figure class=\"wp-block-image size-full is-resized\"><img decoding=\"async\" width=\"710\" height=\"300\" src=\"https:\/\/www.slovklima.sk\/wp-content\/uploads\/2025\/02\/image-6.jpg\" alt=\" H\u0151szivatty\u00fas l\u00e9gkondicion\u00e1l\u00e1s\" class=\"wp-image-13406\" style=\"width:953px;height:auto\" srcset=\"https:\/\/www.slovklima.sk\/wp-content\/uploads\/2025\/02\/image-6.jpg 710w, https:\/\/www.slovklima.sk\/wp-content\/uploads\/2025\/02\/image-6-400x169.jpg 400w, https:\/\/www.slovklima.sk\/wp-content\/uploads\/2025\/02\/image-6-430x182.jpg 430w, https:\/\/www.slovklima.sk\/wp-content\/uploads\/2025\/02\/image-6-700x296.jpg 700w, https:\/\/www.slovklima.sk\/wp-content\/uploads\/2025\/02\/image-6-150x63.jpg 150w\" sizes=\"(max-width: 710px) 100vw, 710px\" \/><\/figure><p>A h\u0151szivatty\u00fak teljes k\u00f6r\u0171 megold\u00e1st k\u00edn\u00e1lnak otthoni f\u0171t\u00e9sre, h\u0171t\u00e9sre \u00e9s melegv\u00edz-ell\u00e1t\u00e1sra. Rugalmas megold\u00e1snak sz\u00e1m\u00edtanak, amelyet az adott h\u00e1ztart\u00e1s ig\u00e9nyeihez lehet igaz\u00edtani, legyen sz\u00f3 \u00faj \u00e9p\u00edt\u00e9s\u0171 vagy megl\u00e9v\u0151 ingatlanr\u00f3l. Hossz\u00fa t\u00e1v\u00fa megold\u00e1st ny\u00fajtanak a hagyom\u00e1nyos l\u00e9gkondicion\u00e1l\u00e1ssal szemben, \u00e9s k\u00e9pesek folyamatosan biztos\u00edtani a megfelel\u0151 h\u0151m\u00e9rs\u00e9kletet \u00e9s meleg vizet az \u00e9v b\u00e1rmely szak\u00e1ban. <\/p><p>A h\u0151szivatty\u00fak technikai megold\u00e1sait \u00fagy tervezt\u00e9k, hogy m\u00e9g sz\u00e9ls\u0151s\u00e9ges id\u0151j\u00e1r\u00e1si viszonyok k\u00f6z\u00f6tt is hat\u00e9konyan m\u0171k\u00f6djenek. \u00c1ltal\u00e1noss\u00e1gban v\u00e9ve, ezek az eszk\u00f6z\u00f6k 30% villamos energi\u00e1t \u00e9s 70% meg\u00fajul\u00f3 energiaforr\u00e1st haszn\u00e1lnak. Ez azt jelenti, hogy minden egyes elfogyasztott kilowatt villamos energi\u00e1ra a h\u0151szivatty\u00fa 3\u20134 kilowatt meg\u00fajul\u00f3 h\u0151t k\u00e9pes el\u0151\u00e1ll\u00edtani a leveg\u0151b\u0151l. Ez k\u00f6r\u00fclbel\u00fcl 300\u2013400%-os hat\u00e9konys\u00e1gjavul\u00e1st jelent a hagyom\u00e1nyos fosszilis t\u00fczel\u0151anyagokat haszn\u00e1l\u00f3 f\u0171t\u00e9si rendszerekhez k\u00e9pest. <\/p><h2 class=\"wp-block-heading\">A h\u0151szivatty\u00fas l\u00e9gkondicion\u00e1l\u00e1s el\u0151nyei <\/h2><p>A h\u0151szivatty\u00fas l\u00e9gkondicion\u00e1l\u00f3k legnagyobb el\u0151nye, hogy bekapcsol\u00e1s ut\u00e1n m\u00e1r 2\u20133 percen bel\u00fcl k\u00e9pesek maxim\u00e1lis h\u0151m\u00e9rs\u00e9klet\u0171 leveg\u0151t f\u00fajni. Gyorsas\u00e1guk messze fel\u00fclm\u00falja a hagyom\u00e1nyos k\u00f6zponti f\u0171t\u00e9si rendszerek\u00e9t. Ezekkel a k\u00e9sz\u00fcl\u00e9kekkel helyi f\u0171t\u00e9s biztos\u00edthat\u00f3, \u00edgy nincs sz\u00fcks\u00e9g az eg\u00e9sz \u00e9p\u00fclet felf\u0171t\u00e9s\u00e9re, ami energi\u00e1t \u00e9s k\u00f6lts\u00e9geket takar\u00edt meg. <\/p><p>Ha multisplit rendszer van telep\u00edtve, elegend\u0151 bekapcsolni csak azt a belt\u00e9ri egys\u00e9get, amelyik abban a helyis\u00e9gben van, ahol \u00e9ppen tart\u00f3zkodunk. Egy tov\u00e1bbi el\u0151nye, hogy a modern sz\u0171r\u0151rendszerek \u00e9s antibakteri\u00e1lis technol\u00f3gi\u00e1k f\u0171t\u00e9si \u00fczemm\u00f3dban is m\u0171k\u00f6dnek, \u00edgy a l\u00e9gkondicion\u00e1l\u00e1s nemcsak f\u0171t, hanem a leveg\u0151t is tiszt\u00edtja. <\/p><p>A h\u0151szivatty\u00fas l\u00e9gkondicion\u00e1l\u00e1s ide\u00e1lis v\u00e1laszt\u00e1s r\u00e9szleges fel\u00faj\u00edt\u00e1sok eset\u00e9n is. Egy ilyen rendszer telep\u00edt\u00e9se gyakran k\u00f6lts\u00e9ghat\u00e9konyabb, mint egy teljes f\u0171t\u00e9si rendszer korszer\u0171s\u00edt\u00e9se vagy cser\u00e9je. <\/p><h2 class=\"wp-block-heading\">\u00d6sszegz\u00e9s <\/h2><p>A l\u00e9gkondicion\u00e1l\u00e1s hat\u00e9kony f\u0171t\u00e9si megold\u00e1s, azonban els\u0151sorban egyetlen helyis\u00e9g h\u0151m\u00e9rs\u00e9klet\u00e9nek szab\u00e1lyoz\u00e1s\u00e1ra alkalmas. Ezzel szemben a h\u0151szivatty\u00fa \u00fagy lett tervezve, hogy az eg\u00e9sz h\u00e1z f\u0171t\u00e9si, melegv\u00edz-ell\u00e1t\u00e1si \u00e9s opcion\u00e1lis h\u0171t\u00e9si ig\u00e9nyeit is kiel\u00e9g\u00edtse. <\/p><p>Nincs olyan rendszer, amely minden esetben jobb lenne a m\u00e1sikn\u00e1l. Egyik megold\u00e1s el\u0151nyei \u00e9s h\u00e1tr\u00e1nyai sem billentik egy\u00e9rtelm\u0171en a m\u00e9rleg nyelv\u00e9t egyik vagy m\u00e1sik ir\u00e1nyba. A d\u00f6nt\u0151 t\u00e9nyez\u0151 az, hogy milyen funkci\u00f3kat v\u00e1r el a f\u0171t\u00e9si-h\u0171t\u00e9si rendszer\u00e9t\u0151l, \u00e9s melyik lehet\u0151s\u00e9g illeszkedik legjobban az \u00d6n \u00e9s otthona ig\u00e9nyeihez. <\/p><p>Ha bizonytalan a v\u00e1laszt\u00e1sban, forduljon bizalommal a <strong><a href=\"https:\/\/www.slovklima.sk\/hu\/\">Slovklima<\/a><\/strong> szak\u00e9rt\u0151ihez, akik k\u00e9szs\u00e9ggel ny\u00fajtanak r\u00e9szletes t\u00e1j\u00e9koztat\u00e1st a f\u0171t\u00e9si \u00e9s h\u0171t\u00e9si rendszerekr\u0151l. <\/p>","protected":false},"excerpt":{"rendered":"<p>Az \u00e9ghajlatv\u00e1ltoz\u00e1s egyre gyakoribb h\u0151hull\u00e1mokat id\u00e9z el\u0151, amelyek komoly aggodalomra adnak okot. A kellemesen h\u0171v\u00f6s h\u0151m\u00e9rs\u00e9klet fenntart\u00e1sa ma m\u00e1r fontosabb,<\/p>\n","protected":false},"author":472,"featured_media":13409,"comment_status":"closed","ping_status":"open","sticky":false,"template":"","format":"standard","meta":{"footnotes":""},"categories":[349],"tags":[],"table_tags":[],"class_list":["post-13402","post","type-post","status-publish","format-standard","has-post-thumbnail","hentry","category-legkondicionalas"],"yoast_head":"<!-- This site is optimized with the Yoast SEO plugin v24.3 - https:\/\/yoast.com\/wordpress\/plugins\/seo\/ -->\n<title>H\u0151szivatty\u00fas l\u00e9gkondicion\u00e1l\u00e1s | SLOVKLIMA DEIMOS group, s.r.o.<\/title>\n<meta name=\"description\" content=\"H\u0151szivatty\u00fas l\u00e9gkondicion\u00e1l\u00e1s: energiahat\u00e9kony f\u0171t\u00e9si \u00e9s h\u0171t\u00e9si megold\u00e1s eg\u00e9sz \u00e9vben. Tudj meg t\u00f6bbet az el\u0151nyeir\u0151l \u00e9s m\u0171k\u00f6d\u00e9s\u00e9r\u0151l!\" \/>\n<meta name=\"robots\" content=\"index, follow, max-snippet:-1, max-image-preview:large, max-video-preview:-1\" \/>\n<link rel=\"canonical\" href=\"https:\/\/www.slovklima.sk\/hu\/blog\/hoszivattyus-legkondicionalas-miert-erdemes-ezt-a-megoldast-valasztani\/\" \/>\n<meta property=\"og:locale\" content=\"hu_HU\" \/>\n<meta property=\"og:type\" content=\"article\" \/>\n<meta property=\"og:title\" content=\"H\u0151szivatty\u00fas l\u00e9gkondicion\u00e1l\u00e1s | SLOVKLIMA DEIMOS group, s.r.o.\" \/>\n<meta property=\"og:description\" content=\"H\u0151szivatty\u00fas l\u00e9gkondicion\u00e1l\u00e1s: energiahat\u00e9kony f\u0171t\u00e9si \u00e9s h\u0171t\u00e9si megold\u00e1s eg\u00e9sz \u00e9vben. Tudj meg t\u00f6bbet az el\u0151nyeir\u0151l \u00e9s m\u0171k\u00f6d\u00e9s\u00e9r\u0151l!\" \/>\n<meta property=\"og:url\" content=\"https:\/\/www.slovklima.sk\/hu\/blog\/hoszivattyus-legkondicionalas-miert-erdemes-ezt-a-megoldast-valasztani\/\" \/>\n<meta property=\"og:site_name\" content=\"SLOVKLIMA DEIMOS group, s.r.o.\" \/>\n<meta property=\"article:published_time\" content=\"2025-02-18T14:07:23+00:00\" \/>\n<meta property=\"article:modified_time\" content=\"2026-01-21T09:03:35+00:00\" \/>\n<meta property=\"og:image\" content=\"https:\/\/www.slovklima.sk\/wp-content\/uploads\/2025\/02\/Klima-s-tepelnym-cerpadlom-HLAVNA.webp\" \/>\n\t<meta property=\"og:image:width\" content=\"710\" \/>\n\t<meta property=\"og:image:height\" content=\"300\" \/>\n\t<meta property=\"og:image:type\" content=\"image\/webp\" \/>\n<meta name=\"author\" content=\"terlanda.peter\" \/>\n<meta name=\"twitter:card\" content=\"summary_large_image\" \/>\n<meta name=\"twitter:label1\" content=\"Szerz\u0151:\" \/>\n\t<meta name=\"twitter:data1\" content=\"terlanda.peter\" \/>\n\t<meta name=\"twitter:label2\" content=\"Becs\u00fclt olvas\u00e1si id\u0151\" \/>\n\t<meta name=\"twitter:data2\" content=\"6 perc\" \/>\n<script type=\"application\/ld+json\" class=\"yoast-schema-graph\">{\"@context\":\"https:\/\/schema.org\",\"@graph\":[{\"@type\":\"Article\",\"@id\":\"https:\/\/www.slovklima.sk\/hu\/blog\/hoszivattyus-legkondicionalas-miert-erdemes-ezt-a-megoldast-valasztani\/#article\",\"isPartOf\":{\"@id\":\"https:\/\/www.slovklima.sk\/hu\/blog\/hoszivattyus-legkondicionalas-miert-erdemes-ezt-a-megoldast-valasztani\/\"},\"author\":{\"name\":\"terlanda.peter\",\"@id\":\"https:\/\/www.slovklima.sk\/#\/schema\/person\/116018679a4b34af051bf066b527c539\"},\"headline\":\"H\u0151szivatty\u00fas l\u00e9gkondicion\u00e1l\u00e1s: Mi\u00e9rt \u00e9rdemes ezt a megold\u00e1st v\u00e1lasztani?\",\"datePublished\":\"2025-02-18T14:07:23+00:00\",\"dateModified\":\"2026-01-21T09:03:35+00:00\",\"mainEntityOfPage\":{\"@id\":\"https:\/\/www.slovklima.sk\/hu\/blog\/hoszivattyus-legkondicionalas-miert-erdemes-ezt-a-megoldast-valasztani\/\"},\"wordCount\":1664,\"publisher\":{\"@id\":\"https:\/\/www.slovklima.sk\/#organization\"},\"image\":{\"@id\":\"https:\/\/www.slovklima.sk\/hu\/blog\/hoszivattyus-legkondicionalas-miert-erdemes-ezt-a-megoldast-valasztani\/#primaryimage\"},\"thumbnailUrl\":\"https:\/\/www.slovklima.sk\/wp-content\/uploads\/2025\/02\/Klima-s-tepelnym-cerpadlom-HLAVNA.webp\",\"articleSection\":[\"L\u00e9gkondicion\u00e1l\u00e1s\"],\"inLanguage\":\"hu\"},{\"@type\":\"WebPage\",\"@id\":\"https:\/\/www.slovklima.sk\/hu\/blog\/hoszivattyus-legkondicionalas-miert-erdemes-ezt-a-megoldast-valasztani\/\",\"url\":\"https:\/\/www.slovklima.sk\/hu\/blog\/hoszivattyus-legkondicionalas-miert-erdemes-ezt-a-megoldast-valasztani\/\",\"name\":\"H\u0151szivatty\u00fas l\u00e9gkondicion\u00e1l\u00e1s | SLOVKLIMA DEIMOS group, s.r.o.\",\"isPartOf\":{\"@id\":\"https:\/\/www.slovklima.sk\/#website\"},\"primaryImageOfPage\":{\"@id\":\"https:\/\/www.slovklima.sk\/hu\/blog\/hoszivattyus-legkondicionalas-miert-erdemes-ezt-a-megoldast-valasztani\/#primaryimage\"},\"image\":{\"@id\":\"https:\/\/www.slovklima.sk\/hu\/blog\/hoszivattyus-legkondicionalas-miert-erdemes-ezt-a-megoldast-valasztani\/#primaryimage\"},\"thumbnailUrl\":\"https:\/\/www.slovklima.sk\/wp-content\/uploads\/2025\/02\/Klima-s-tepelnym-cerpadlom-HLAVNA.webp\",\"datePublished\":\"2025-02-18T14:07:23+00:00\",\"dateModified\":\"2026-01-21T09:03:35+00:00\",\"description\":\"H\u0151szivatty\u00fas l\u00e9gkondicion\u00e1l\u00e1s: energiahat\u00e9kony f\u0171t\u00e9si \u00e9s h\u0171t\u00e9si megold\u00e1s eg\u00e9sz \u00e9vben. Tudj meg t\u00f6bbet az el\u0151nyeir\u0151l \u00e9s m\u0171k\u00f6d\u00e9s\u00e9r\u0151l!\",\"breadcrumb\":{\"@id\":\"https:\/\/www.slovklima.sk\/hu\/blog\/hoszivattyus-legkondicionalas-miert-erdemes-ezt-a-megoldast-valasztani\/#breadcrumb\"},\"inLanguage\":\"hu\",\"potentialAction\":[{\"@type\":\"ReadAction\",\"target\":[\"https:\/\/www.slovklima.sk\/hu\/blog\/hoszivattyus-legkondicionalas-miert-erdemes-ezt-a-megoldast-valasztani\/\"]}]},{\"@type\":\"ImageObject\",\"inLanguage\":\"hu\",\"@id\":\"https:\/\/www.slovklima.sk\/hu\/blog\/hoszivattyus-legkondicionalas-miert-erdemes-ezt-a-megoldast-valasztani\/#primaryimage\",\"url\":\"https:\/\/www.slovklima.sk\/wp-content\/uploads\/2025\/02\/Klima-s-tepelnym-cerpadlom-HLAVNA.webp\",\"contentUrl\":\"https:\/\/www.slovklima.sk\/wp-content\/uploads\/2025\/02\/Klima-s-tepelnym-cerpadlom-HLAVNA.webp\",\"width\":710,\"height\":300,\"caption\":\"H\u0151szivatty\u00fas l\u00e9gkondicion\u00e1l\u00e1s\"},{\"@type\":\"BreadcrumbList\",\"@id\":\"https:\/\/www.slovklima.sk\/hu\/blog\/hoszivattyus-legkondicionalas-miert-erdemes-ezt-a-megoldast-valasztani\/#breadcrumb\",\"itemListElement\":[{\"@type\":\"ListItem\",\"position\":1,\"name\":\"Domovsk\u00e1 str\u00e1nka\",\"item\":\"https:\/\/www.slovklima.sk\/hu\/\"},{\"@type\":\"ListItem\",\"position\":2,\"name\":\"H\u0151szivatty\u00fas l\u00e9gkondicion\u00e1l\u00e1s: Mi\u00e9rt \u00e9rdemes ezt a megold\u00e1st v\u00e1lasztani?\"}]},{\"@type\":\"WebSite\",\"@id\":\"https:\/\/www.slovklima.sk\/#website\",\"url\":\"https:\/\/www.slovklima.sk\/\",\"name\":\"SLOVKLIMA DEIMOS group, s.r.o.\",\"description\":\"\",\"publisher\":{\"@id\":\"https:\/\/www.slovklima.sk\/#organization\"},\"alternateName\":\"SLOVKLIMA\",\"potentialAction\":[{\"@type\":\"SearchAction\",\"target\":{\"@type\":\"EntryPoint\",\"urlTemplate\":\"https:\/\/www.slovklima.sk\/?s={search_term_string}\"},\"query-input\":{\"@type\":\"PropertyValueSpecification\",\"valueRequired\":true,\"valueName\":\"search_term_string\"}}],\"inLanguage\":\"hu\"},{\"@type\":\"Organization\",\"@id\":\"https:\/\/www.slovklima.sk\/#organization\",\"name\":\"SLOVKLIMA DEIMOS group, s.r.o.\",\"alternateName\":\"SLOVKLIMA\",\"url\":\"https:\/\/www.slovklima.sk\/\",\"logo\":{\"@type\":\"ImageObject\",\"inLanguage\":\"hu\",\"@id\":\"https:\/\/www.slovklima.sk\/#\/schema\/logo\/image\/\",\"url\":\"https:\/\/www.slovklima.sk\/wp-content\/uploads\/2022\/12\/slovklima-logo-black.svg\",\"contentUrl\":\"https:\/\/www.slovklima.sk\/wp-content\/uploads\/2022\/12\/slovklima-logo-black.svg\",\"width\":3218,\"height\":698,\"caption\":\"SLOVKLIMA DEIMOS group, s.r.o.\"},\"image\":{\"@id\":\"https:\/\/www.slovklima.sk\/#\/schema\/logo\/image\/\"}},{\"@type\":\"Person\",\"@id\":\"https:\/\/www.slovklima.sk\/#\/schema\/person\/116018679a4b34af051bf066b527c539\",\"name\":\"terlanda.peter\",\"image\":{\"@type\":\"ImageObject\",\"inLanguage\":\"hu\",\"@id\":\"https:\/\/www.slovklima.sk\/#\/schema\/person\/image\/\",\"url\":\"https:\/\/secure.gravatar.com\/avatar\/b022cc3ca0fc64964f410b12966d5772a852c461ebad9ff60247ddab8bafe8db?s=96&d=mm&r=g\",\"contentUrl\":\"https:\/\/secure.gravatar.com\/avatar\/b022cc3ca0fc64964f410b12966d5772a852c461ebad9ff60247ddab8bafe8db?s=96&d=mm&r=g\",\"caption\":\"terlanda.peter\"}}]}<\/script>\n<!-- \/ Yoast SEO plugin. -->","yoast_head_json":{"title":"H\u0151szivatty\u00fas l\u00e9gkondicion\u00e1l\u00e1s | SLOVKLIMA DEIMOS group, s.r.o.","description":"H\u0151szivatty\u00fas l\u00e9gkondicion\u00e1l\u00e1s: energiahat\u00e9kony f\u0171t\u00e9si \u00e9s h\u0171t\u00e9si megold\u00e1s eg\u00e9sz \u00e9vben. Tudj meg t\u00f6bbet az el\u0151nyeir\u0151l \u00e9s m\u0171k\u00f6d\u00e9s\u00e9r\u0151l!","robots":{"index":"index","follow":"follow","max-snippet":"max-snippet:-1","max-image-preview":"max-image-preview:large","max-video-preview":"max-video-preview:-1"},"canonical":"https:\/\/www.slovklima.sk\/hu\/blog\/hoszivattyus-legkondicionalas-miert-erdemes-ezt-a-megoldast-valasztani\/","og_locale":"hu_HU","og_type":"article","og_title":"H\u0151szivatty\u00fas l\u00e9gkondicion\u00e1l\u00e1s | SLOVKLIMA DEIMOS group, s.r.o.","og_description":"H\u0151szivatty\u00fas l\u00e9gkondicion\u00e1l\u00e1s: energiahat\u00e9kony f\u0171t\u00e9si \u00e9s h\u0171t\u00e9si megold\u00e1s eg\u00e9sz \u00e9vben. Tudj meg t\u00f6bbet az el\u0151nyeir\u0151l \u00e9s m\u0171k\u00f6d\u00e9s\u00e9r\u0151l!","og_url":"https:\/\/www.slovklima.sk\/hu\/blog\/hoszivattyus-legkondicionalas-miert-erdemes-ezt-a-megoldast-valasztani\/","og_site_name":"SLOVKLIMA DEIMOS group, s.r.o.","article_published_time":"2025-02-18T14:07:23+00:00","article_modified_time":"2026-01-21T09:03:35+00:00","og_image":[{"width":710,"height":300,"url":"https:\/\/www.slovklima.sk\/wp-content\/uploads\/2025\/02\/Klima-s-tepelnym-cerpadlom-HLAVNA.webp","type":"image\/webp"}],"author":"terlanda.peter","twitter_card":"summary_large_image","twitter_misc":{"Szerz\u0151:":"terlanda.peter","Becs\u00fclt olvas\u00e1si id\u0151":"6 perc"},"schema":{"@context":"https:\/\/schema.org","@graph":[{"@type":"Article","@id":"https:\/\/www.slovklima.sk\/hu\/blog\/hoszivattyus-legkondicionalas-miert-erdemes-ezt-a-megoldast-valasztani\/#article","isPartOf":{"@id":"https:\/\/www.slovklima.sk\/hu\/blog\/hoszivattyus-legkondicionalas-miert-erdemes-ezt-a-megoldast-valasztani\/"},"author":{"name":"terlanda.peter","@id":"https:\/\/www.slovklima.sk\/#\/schema\/person\/116018679a4b34af051bf066b527c539"},"headline":"H\u0151szivatty\u00fas l\u00e9gkondicion\u00e1l\u00e1s: Mi\u00e9rt \u00e9rdemes ezt a megold\u00e1st v\u00e1lasztani?","datePublished":"2025-02-18T14:07:23+00:00","dateModified":"2026-01-21T09:03:35+00:00","mainEntityOfPage":{"@id":"https:\/\/www.slovklima.sk\/hu\/blog\/hoszivattyus-legkondicionalas-miert-erdemes-ezt-a-megoldast-valasztani\/"},"wordCount":1664,"publisher":{"@id":"https:\/\/www.slovklima.sk\/#organization"},"image":{"@id":"https:\/\/www.slovklima.sk\/hu\/blog\/hoszivattyus-legkondicionalas-miert-erdemes-ezt-a-megoldast-valasztani\/#primaryimage"},"thumbnailUrl":"https:\/\/www.slovklima.sk\/wp-content\/uploads\/2025\/02\/Klima-s-tepelnym-cerpadlom-HLAVNA.webp","articleSection":["L\u00e9gkondicion\u00e1l\u00e1s"],"inLanguage":"hu"},{"@type":"WebPage","@id":"https:\/\/www.slovklima.sk\/hu\/blog\/hoszivattyus-legkondicionalas-miert-erdemes-ezt-a-megoldast-valasztani\/","url":"https:\/\/www.slovklima.sk\/hu\/blog\/hoszivattyus-legkondicionalas-miert-erdemes-ezt-a-megoldast-valasztani\/","name":"H\u0151szivatty\u00fas l\u00e9gkondicion\u00e1l\u00e1s | SLOVKLIMA DEIMOS group, s.r.o.","isPartOf":{"@id":"https:\/\/www.slovklima.sk\/#website"},"primaryImageOfPage":{"@id":"https:\/\/www.slovklima.sk\/hu\/blog\/hoszivattyus-legkondicionalas-miert-erdemes-ezt-a-megoldast-valasztani\/#primaryimage"},"image":{"@id":"https:\/\/www.slovklima.sk\/hu\/blog\/hoszivattyus-legkondicionalas-miert-erdemes-ezt-a-megoldast-valasztani\/#primaryimage"},"thumbnailUrl":"https:\/\/www.slovklima.sk\/wp-content\/uploads\/2025\/02\/Klima-s-tepelnym-cerpadlom-HLAVNA.webp","datePublished":"2025-02-18T14:07:23+00:00","dateModified":"2026-01-21T09:03:35+00:00","description":"H\u0151szivatty\u00fas l\u00e9gkondicion\u00e1l\u00e1s: energiahat\u00e9kony f\u0171t\u00e9si \u00e9s h\u0171t\u00e9si megold\u00e1s eg\u00e9sz \u00e9vben. Tudj meg t\u00f6bbet az el\u0151nyeir\u0151l \u00e9s m\u0171k\u00f6d\u00e9s\u00e9r\u0151l!","breadcrumb":{"@id":"https:\/\/www.slovklima.sk\/hu\/blog\/hoszivattyus-legkondicionalas-miert-erdemes-ezt-a-megoldast-valasztani\/#breadcrumb"},"inLanguage":"hu","potentialAction":[{"@type":"ReadAction","target":["https:\/\/www.slovklima.sk\/hu\/blog\/hoszivattyus-legkondicionalas-miert-erdemes-ezt-a-megoldast-valasztani\/"]}]},{"@type":"ImageObject","inLanguage":"hu","@id":"https:\/\/www.slovklima.sk\/hu\/blog\/hoszivattyus-legkondicionalas-miert-erdemes-ezt-a-megoldast-valasztani\/#primaryimage","url":"https:\/\/www.slovklima.sk\/wp-content\/uploads\/2025\/02\/Klima-s-tepelnym-cerpadlom-HLAVNA.webp","contentUrl":"https:\/\/www.slovklima.sk\/wp-content\/uploads\/2025\/02\/Klima-s-tepelnym-cerpadlom-HLAVNA.webp","width":710,"height":300,"caption":"H\u0151szivatty\u00fas l\u00e9gkondicion\u00e1l\u00e1s"},{"@type":"BreadcrumbList","@id":"https:\/\/www.slovklima.sk\/hu\/blog\/hoszivattyus-legkondicionalas-miert-erdemes-ezt-a-megoldast-valasztani\/#breadcrumb","itemListElement":[{"@type":"ListItem","position":1,"name":"Domovsk\u00e1 str\u00e1nka","item":"https:\/\/www.slovklima.sk\/hu\/"},{"@type":"ListItem","position":2,"name":"H\u0151szivatty\u00fas l\u00e9gkondicion\u00e1l\u00e1s: Mi\u00e9rt \u00e9rdemes ezt a megold\u00e1st v\u00e1lasztani?"}]},{"@type":"WebSite","@id":"https:\/\/www.slovklima.sk\/#website","url":"https:\/\/www.slovklima.sk\/","name":"SLOVKLIMA DEIMOS group, s.r.o.","description":"","publisher":{"@id":"https:\/\/www.slovklima.sk\/#organization"},"alternateName":"SLOVKLIMA","potentialAction":[{"@type":"SearchAction","target":{"@type":"EntryPoint","urlTemplate":"https:\/\/www.slovklima.sk\/?s={search_term_string}"},"query-input":{"@type":"PropertyValueSpecification","valueRequired":true,"valueName":"search_term_string"}}],"inLanguage":"hu"},{"@type":"Organization","@id":"https:\/\/www.slovklima.sk\/#organization","name":"SLOVKLIMA DEIMOS group, s.r.o.","alternateName":"SLOVKLIMA","url":"https:\/\/www.slovklima.sk\/","logo":{"@type":"ImageObject","inLanguage":"hu","@id":"https:\/\/www.slovklima.sk\/#\/schema\/logo\/image\/","url":"https:\/\/www.slovklima.sk\/wp-content\/uploads\/2022\/12\/slovklima-logo-black.svg","contentUrl":"https:\/\/www.slovklima.sk\/wp-content\/uploads\/2022\/12\/slovklima-logo-black.svg","width":3218,"height":698,"caption":"SLOVKLIMA DEIMOS group, s.r.o."},"image":{"@id":"https:\/\/www.slovklima.sk\/#\/schema\/logo\/image\/"}},{"@type":"Person","@id":"https:\/\/www.slovklima.sk\/#\/schema\/person\/116018679a4b34af051bf066b527c539","name":"terlanda.peter","image":{"@type":"ImageObject","inLanguage":"hu","@id":"https:\/\/www.slovklima.sk\/#\/schema\/person\/image\/","url":"https:\/\/secure.gravatar.com\/avatar\/b022cc3ca0fc64964f410b12966d5772a852c461ebad9ff60247ddab8bafe8db?s=96&d=mm&r=g","contentUrl":"https:\/\/secure.gravatar.com\/avatar\/b022cc3ca0fc64964f410b12966d5772a852c461ebad9ff60247ddab8bafe8db?s=96&d=mm&r=g","caption":"terlanda.peter"}}]}},"_links":{"self":[{"href":"https:\/\/www.slovklima.sk\/hu\/wp-json\/wp\/v2\/posts\/13402","targetHints":{"allow":["GET"]}}],"collection":[{"href":"https:\/\/www.slovklima.sk\/hu\/wp-json\/wp\/v2\/posts"}],"about":[{"href":"https:\/\/www.slovklima.sk\/hu\/wp-json\/wp\/v2\/types\/post"}],"author":[{"embeddable":true,"href":"https:\/\/www.slovklima.sk\/hu\/wp-json\/wp\/v2\/users\/472"}],"replies":[{"embeddable":true,"href":"https:\/\/www.slovklima.sk\/hu\/wp-json\/wp\/v2\/comments?post=13402"}],"version-history":[{"count":1,"href":"https:\/\/www.slovklima.sk\/hu\/wp-json\/wp\/v2\/posts\/13402\/revisions"}],"predecessor-version":[{"id":19865,"href":"https:\/\/www.slovklima.sk\/hu\/wp-json\/wp\/v2\/posts\/13402\/revisions\/19865"}],"wp:featuredmedia":[{"embeddable":true,"href":"https:\/\/www.slovklima.sk\/hu\/wp-json\/wp\/v2\/media\/13409"}],"wp:attachment":[{"href":"https:\/\/www.slovklima.sk\/hu\/wp-json\/wp\/v2\/media?parent=13402"}],"wp:term":[{"taxonomy":"category","embeddable":true,"href":"https:\/\/www.slovklima.sk\/hu\/wp-json\/wp\/v2\/categories?post=13402"},{"taxonomy":"post_tag","embeddable":true,"href":"https:\/\/www.slovklima.sk\/hu\/wp-json\/wp\/v2\/tags?post=13402"},{"taxonomy":"table_tags","embeddable":true,"href":"https:\/\/www.slovklima.sk\/hu\/wp-json\/wp\/v2\/table_tags?post=13402"}],"curies":[{"name":"wp","href":"https:\/\/api.w.org\/{rel}","templated":true}]}}