{"id":13391,"date":"2025-02-18T14:55:40","date_gmt":"2025-02-18T13:55:40","guid":{"rendered":"https:\/\/www.slovklima.sk\/?p=13391"},"modified":"2026-01-21T10:03:38","modified_gmt":"2026-01-21T09:03:38","slug":"fagyasztoladak-minden-amit-tudnia-kell","status":"publish","type":"post","link":"https:\/\/www.slovklima.sk\/hu\/blog\/fagyasztoladak-minden-amit-tudnia-kell\/","title":{"rendered":"Fagyaszt\u00f3l\u00e1d\u00e1k: Minden, amit tudnia kell"},"content":{"rendered":"<p><strong>A fagyaszt\u00f3l\u00e1da egy h\u0171t\u00f6tt t\u00e1rol\u00f3hely, amelyet \u00e1lland\u00f3an alacsony h\u0151m\u00e9rs\u00e9kleten tartanak olyan term\u00e9kek t\u00e1rol\u00e1s\u00e1ra, mint az \u00e9lelmiszerek, gy\u00f3gyszerek vagy m\u00e1s h\u0151\u00e9rz\u00e9keny \u00e1ruk. Ez egy szab\u00e1lyozott k\u00f6rnyezet, amelyet h\u0171t\u0151egys\u00e9gekkel szereltek fel, hogy biztos\u00edts\u00e1k a k\u00edv\u00e1nt alacsony h\u0151m\u00e9rs\u00e9klet fenntart\u00e1s\u00e1t. De hogyan igazodhat el a piacon? Hogyan v\u00e1laszthatja ki a megfelel\u0151 fagyaszt\u00f3l\u00e1d\u00e1t, \u00e9s mi\u00e9rt fontos ez?<\/strong> <\/p><p>A fagyaszt\u00f3l\u00e1d\u00e1k kulcsszerepet j\u00e1tszanak olyan ipar\u00e1gakban, mint az \u00e9lelmiszer-t\u00e1rol\u00e1s, az eloszt\u00e1s \u00e9s a gy\u00f3gyszeripar. L\u00e9tfontoss\u00e1g\u00faak ott, ahol pontos h\u0151m\u00e9rs\u00e9kletszab\u00e1lyoz\u00e1sra van sz\u00fcks\u00e9g a term\u00e9k min\u0151s\u00e9g\u00e9nek \u00e9s biztons\u00e1g\u00e1nak meg\u0151rz\u00e9se \u00e9rdek\u00e9ben. Kiv\u00e1l\u00f3 h\u0151szigetel\u00e9ssel rendelkeznek, hogy minimaliz\u00e1lj\u00e1k a h\u0151\u00e1tad\u00e1st, \u00edgy biztos\u00edtva az \u00e1lland\u00f3 bels\u0151 h\u0151m\u00e9rs\u00e9kletet. K\u00fcl\u00f6nb\u00f6z\u0151 m\u00e9retekben \u00e9s kialak\u00edt\u00e1sokban \u00e9rhet\u0151k el, hogy megfeleljenek a k\u00fcl\u00f6nb\u00f6z\u0151 t\u00e1rol\u00e1si ig\u00e9nyeknek. A kis, \u00f6n\u00e1ll\u00f3 egys\u00e9gekt\u0151l eg\u00e9szen az ipari m\u00e9ret\u0171 h\u0171t\u0151h\u00e1zakig terjedhetnek. Term\u00e9szetesen mindegyiket h\u0171t\u0151egys\u00e9gekkel szerelik fel, p\u00e9ld\u00e1ul p\u00e1rologtat\u00f3kkal, kondenz\u00e1torokkal \u00e9s kompresszorokkal, hogy biztos\u00edts\u00e1k a megfelel\u0151 h\u0151m\u00e9rs\u00e9kleti felt\u00e9teleket. <\/p><h2 class=\"wp-block-heading\">Mik azok a fagyaszt\u00f3l\u00e1d\u00e1k, \u00e9s mire szolg\u00e1lnak? <\/h2><p>A fagyaszt\u00f3l\u00e1da vagy kereskedelmi fagyaszt\u00f3 olyan berendez\u00e9s, amely lehet\u0151v\u00e9 teszi a term\u00e9kek h\u0171t\u00f6tt t\u00e1rol\u00e1s\u00e1t. K\u00fcl\u00f6nb\u00f6z\u0151 st\u00edlusokban, m\u00e9retekben \u00e9s kialak\u00edt\u00e1sokban \u00e9rhet\u0151 el, ez\u00e9rt bizonyos modellek jobban megfelelhetnek egy adott felhaszn\u00e1l\u00e1sra, mint m\u00e1sok. Ezeket az eszk\u00f6z\u00f6ket gyakran haszn\u00e1lj\u00e1k \u00e9ttermekben, sz\u00e1llod\u00e1kban, \u00fczletekben \u00e9s p\u00e9ks\u00e9gekben. Minden v\u00e1llalkoz\u00e1s m\u00e1s, ez\u00e9rt elt\u00e9r\u0151 elv\u00e1r\u00e1sokat t\u00e1maszt a fagyaszt\u00f3l\u00e1d\u00e1kkal szemben. <\/p><figure class=\"wp-block-image size-full is-resized\"><img decoding=\"async\" width=\"710\" height=\"300\" src=\"https:\/\/www.slovklima.sk\/wp-content\/uploads\/2025\/02\/image-3.jpg\" alt=\" Fagyaszt\u00f3l\u00e1d\u00e1k\" class=\"wp-image-13392\" style=\"width:953px;height:auto\" srcset=\"https:\/\/www.slovklima.sk\/wp-content\/uploads\/2025\/02\/image-3.jpg 710w, https:\/\/www.slovklima.sk\/wp-content\/uploads\/2025\/02\/image-3-400x169.jpg 400w, https:\/\/www.slovklima.sk\/wp-content\/uploads\/2025\/02\/image-3-430x182.jpg 430w, https:\/\/www.slovklima.sk\/wp-content\/uploads\/2025\/02\/image-3-700x296.jpg 700w, https:\/\/www.slovklima.sk\/wp-content\/uploads\/2025\/02\/image-3-150x63.jpg 150w\" sizes=\"(max-width: 710px) 100vw, 710px\" \/><\/figure><p>A fagyaszt\u00f3l\u00e1d\u00e1kat ig\u00e9ny szerint egyedi m\u00e9retre is lehet gy\u00e1rtani. \u00c1ltal\u00e1ban h\u0151szigetel\u0151 panelekb\u0151l k\u00e9sz\u00fclnek, amelyek mindk\u00e9t oldal\u00e1t horganyzott, festett ac\u00e9llemezzel burkolj\u00e1k. A bels\u0151 t\u00f6lt\u0151anyag poliuret\u00e1nhab, amely meghat\u00e1rozza a h\u0151szigetel\u0151 tulajdons\u00e1gokat. Ezek az \u00e9rt\u00e9kek a t\u00f6lt\u0151anyag vastags\u00e1g\u00e1t\u00f3l f\u00fcggenek. Az egyedi fagyaszt\u00f3l\u00e1d\u00e1k gy\u00e1rt\u00e1s\u00e1n\u00e1l figyelembe veszik a specifikus ig\u00e9nyeket, p\u00e9ld\u00e1ul a h\u0151m\u00e9rs\u00e9kletet, a p\u00e1ratartalmat vagy a kezelhet\u0151s\u00e9get. Az egyik el\u00e9rhet\u0151 lehet\u0151s\u00e9g a kont\u00e9neres fagyaszt\u00f3l\u00e1da, amely mozgathat\u00f3 \u00e9s sz\u00fcks\u00e9g eset\u00e9n k\u00f6nnyen \u00e1thelyezhet\u0151. Gyakori megold\u00e1snak sz\u00e1m\u00edtanak a nagy kapacit\u00e1s\u00fa fagyaszt\u00f3l\u00e1d\u00e1k is. <\/p><p>A fagyasztott t\u00e1rol\u00f3helyis\u00e9gek h\u0171t\u00e9s\u00e9hez gyakran alkalmaznak kondenz\u00e1ci\u00f3s egys\u00e9geket, amelyek elp\u00e1rolg\u00e1si h\u0151m\u00e9rs\u00e9kleti tartom\u00e1nya -18 \u00b0C \u00e9s -50 \u00b0C k\u00f6z\u00f6tt mozog. Az ilyen egys\u00e9gek teljes\u00edtm\u00e9nye 1 kW-t\u00f3l ak\u00e1r 90 kW-ig is terjedhet. A teljes\u00edtm\u00e9ny term\u00e9szetesen szab\u00e1lyozhat\u00f3, \u00e9s sz\u00fcks\u00e9g eset\u00e9n ak\u00e1r 10%-ra is cs\u00f6kkenthet\u0151, ami hozz\u00e1j\u00e1rul az energiafogyaszt\u00e1s \u00e9s a k\u00f6lts\u00e9gek m\u00e9rs\u00e9kl\u00e9s\u00e9hez. Magasabb teljes\u00edtm\u00e9nyig\u00e9ny eset\u00e9n a kondenz\u00e1ci\u00f3s egys\u00e9gek \u00fagynevezett csoportos\u00edtott rendszerekbe kapcsolhat\u00f3k, \u00edgy a v\u00e9gs\u0151 teljes\u00edtm\u00e9ny gyakorlatilag korl\u00e1tlan. <\/p><h2 class=\"wp-block-heading\">Kulcsfontoss\u00e1g\u00fa t\u00e9nyez\u0151k a fagyaszt\u00f3l\u00e1da kiv\u00e1laszt\u00e1sakor <\/h2><p><a href=\"https:\/\/www.slovklima.sk\/hu\/termekkategoria\/professzionalis-hutes\/\">Az<\/a> ide\u00e1lis fagyaszt\u00f3l\u00e1da kiv\u00e1laszt\u00e1sakor el\u0151sz\u00f6r m\u00e9rlegelje saj\u00e1t ig\u00e9nyeit. Gondolja \u00e1t, milyen term\u00e9keket fog t\u00e1rolni, mivel ett\u0151l f\u00fcgg, mekkora teljes\u00edtm\u00e9ny\u0171 egys\u00e9gre lesz sz\u00fcks\u00e9ge. Ne hagyja figyelmen k\u00edv\u00fcl az elhelyez\u00e9st sem, \u00e9s m\u00e1r el\u0151re tervezze meg, hov\u00e1 ker\u00fcl a fagyaszt\u00f3l\u00e1da. Biztos\u00edtsa, hogy elegend\u0151 hely \u00e1lljon rendelkez\u00e9sre, valamint legyen megfelel\u0151 szell\u0151z\u00e9s. Ellen\u0151rizze azt is, hogy van-e a k\u00f6zelben megfelel\u0151 elektromos csatlakoz\u00f3, mert ha nincs, akkor sz\u00fcks\u00e9g lehet egy \u00faj aljzat telep\u00edt\u00e9s\u00e9re. Ha ezeket a szempontokat figyelembe veszi, k\u00f6nnyebben megtal\u00e1lja az \u00d6n sz\u00e1m\u00e1ra megfelel\u0151 m\u00e9ret\u0171 \u00e9s t\u00edpus\u00fa fagyaszt\u00f3l\u00e1d\u00e1t. <\/p><figure class=\"wp-block-image size-full is-resized\"><img decoding=\"async\" width=\"710\" height=\"300\" src=\"https:\/\/www.slovklima.sk\/wp-content\/uploads\/2025\/02\/image-4.jpg\" alt=\" Fagyaszt\u00f3l\u00e1d\u00e1k\" class=\"wp-image-13395\" style=\"width:953px;height:auto\" srcset=\"https:\/\/www.slovklima.sk\/wp-content\/uploads\/2025\/02\/image-4.jpg 710w, https:\/\/www.slovklima.sk\/wp-content\/uploads\/2025\/02\/image-4-400x169.jpg 400w, https:\/\/www.slovklima.sk\/wp-content\/uploads\/2025\/02\/image-4-430x182.jpg 430w, https:\/\/www.slovklima.sk\/wp-content\/uploads\/2025\/02\/image-4-700x296.jpg 700w, https:\/\/www.slovklima.sk\/wp-content\/uploads\/2025\/02\/image-4-150x63.jpg 150w\" sizes=\"(max-width: 710px) 100vw, 710px\" \/><\/figure><p>A fagyaszt\u00f3l\u00e1d\u00e1k elengedhetetlenek ahhoz, hogy a k\u00e9szletek frissek maradjanak \u00e9s megfeleljenek a biztons\u00e1gi el\u0151\u00edr\u00e1soknak. Mivel a piacon sz\u00e1mos lehet\u0151s\u00e9g el\u00e9rhet\u0151, a legmegfelel\u0151bb modell kiv\u00e1laszt\u00e1sa kih\u00edv\u00e1st jelenthet. A legfontosabb, hogy megtal\u00e1lja az egyens\u00falyt a t\u00e1roland\u00f3 \u00e1ru mennyis\u00e9ge \u00e9s a rendelkez\u00e9sre \u00e1ll\u00f3 hely k\u00f6z\u00f6tt. A fagyaszt\u00f3l\u00e1da m\u00e9rete \u00e9s kialak\u00edt\u00e1sa hat\u00e1rozza meg, mennyi term\u00e9ket tud benne t\u00e1rolni. <\/p><p>Az ipari gy\u00e1rt\u00e1sban az eszt\u00e9tikai szempontok \u00e1ltal\u00e1ban m\u00e1sodlagosak a funkcionalit\u00e1ssal szemben. Ez\u00e9rt nem igaz\u00e1n sz\u00e1m\u00edt a sz\u00edn, hanem ink\u00e1bb a bels\u0151 t\u00e9rfogat, a h\u0171t\u00e9si vagy fagyaszt\u00e1si teljes\u00edtm\u00e9ny, illetve egy\u00e9b m\u0171szaki param\u00e9terek a m\u00e9rvad\u00f3k. A sz\u00ednv\u00e1laszt\u00e9k \u00e1ltal\u00e1ban egys\u00e9ges, univerz\u00e1lis sz\u00fcrke vagy ez\u00fcst (RAL 9002), amelyet a PUR panelek hat\u00e1roznak meg, amelyekb\u0151l a fagyaszt\u00f3l\u00e1d\u00e1k k\u00e9sz\u00fclnek. Term\u00e9szetesen a v\u00e9gfelhaszn\u00e1l\u00f3 b\u00e1rmikor egyedi sz\u00ednre szabhatja a berendez\u00e9st. <\/p><h2 class=\"wp-block-heading\">Fagyaszt\u00f3l\u00e1d\u00e1k \u00e9s k\u00f6rnyezeti hat\u00e1suk <\/h2><p>Az \u00e9lelmiszerboltokt\u00f3l a gy\u00f3gyszeripari v\u00e1llalatokig egyre nagyobb hangs\u00falyt fektetnek a fenntarthat\u00f3bb h\u0171t\u00e9si megold\u00e1sokra. A h\u0171t\u0151rendszerek rendszeres karbantart\u00e1sa \u00e9s megfelel\u0151 telep\u00edt\u00e9se alapvet\u0151 fontoss\u00e1g\u00fa hat\u00e9konys\u00e1guk \u00e9s hossz\u00fa \u00e9lettartamuk szempontj\u00e1b\u00f3l. A megfelel\u0151 be\u00e1ll\u00edt\u00e1sok biztos\u00edt\u00e1s\u00e1val minimaliz\u00e1lhat\u00f3 az energiavesztes\u00e9g, mik\u00f6zben optimaliz\u00e1lhat\u00f3 a teljes\u00edtm\u00e9ny, ami alacsonyabb energiafogyaszt\u00e1shoz vezet. Az energiahat\u00e9kony h\u0171t\u0151rendszerekbe val\u00f3 befektet\u00e9s szint\u00e9n hat\u00e9kony m\u00f3dja a k\u00f6rnyezeti hat\u00e1sok cs\u00f6kkent\u00e9s\u00e9nek. <\/p><p>A modern h\u0171t\u0151egys\u00e9geket \u00fagy tervezt\u00e9k, hogy kevesebb energi\u00e1t fogyasszanak, \u00e9s gyakran k\u00f6rnyezetbar\u00e1tabb h\u0171t\u0151k\u00f6zegeket alkalmaznak, amelyek kisebb hat\u00e1ssal vannak a glob\u00e1lis felmeleged\u00e9sre. Az olyan meg\u00fajul\u00f3 energiaforr\u00e1sok, mint a nap- vagy sz\u00e9lenergia be\u00e9p\u00edt\u00e9se a h\u0171t\u00e9si rendszerek energiaell\u00e1t\u00e1s\u00e1ba jelent\u0151sen cs\u00f6kkentheti azok sz\u00e9nl\u00e1bnyom\u00e1t. A meg\u00fajul\u00f3 energiaforr\u00e1sok kevesebb CO\u2082-t \u00e9s egy\u00e9b k\u00e1ros kibocs\u00e1t\u00e1st termelnek. Az intelligens h\u0171t\u00e9si technol\u00f3gi\u00e1k alkalmaz\u00e1sa pedig korszer\u0171 m\u00f3dszer a k\u00f6rnyezeti fenntarthat\u00f3s\u00e1g jav\u00edt\u00e1s\u00e1ra. <\/p><h2 class=\"wp-block-heading\">\u00d6sszegz\u00e9s <\/h2><p>A megfelel\u0151 fagyaszt\u00f3l\u00e1da kiv\u00e1laszt\u00e1sa nagy jelent\u0151s\u00e9ggel b\u00edr. Ak\u00e1r \u00e9ttermet \u00fczemeltet, \u00e9lelmiszerboltot vezet, vagy a logisztikai eloszt\u00e1s\u00e9rt felel, a megfelel\u0151 fagyaszt\u00f3l\u00e1da kiv\u00e1laszt\u00e1sa kulcsfontoss\u00e1g\u00fa a term\u00e9kek min\u0151s\u00e9g\u00e9nek \u00e9s hossz\u00fa eltarthat\u00f3s\u00e1g\u00e1nak biztos\u00edt\u00e1sa \u00e9rdek\u00e9ben. Tegye meg az els\u0151 l\u00e9p\u00e9st term\u00e9kei hat\u00e9kony t\u00e1rol\u00e1sa fel\u00e9, \u00e9s t\u00e1j\u00e9koz\u00f3djon a rendelkez\u00e9sre \u00e1ll\u00f3 lehet\u0151s\u00e9gekr\u0151l a <strong>Slovklima.sk<\/strong> weboldalon. <\/p>","protected":false},"excerpt":{"rendered":"<p>A fagyaszt\u00f3l\u00e1da egy h\u0171t\u00f6tt t\u00e1rol\u00f3hely, amelyet \u00e1lland\u00f3an alacsony h\u0151m\u00e9rs\u00e9kleten tartanak olyan term\u00e9kek t\u00e1rol\u00e1s\u00e1ra, mint az \u00e9lelmiszerek, gy\u00f3gyszerek vagy m\u00e1s h\u0151\u00e9rz\u00e9keny<\/p>\n","protected":false},"author":472,"featured_media":13398,"comment_status":"closed","ping_status":"open","sticky":false,"template":"","format":"standard","meta":{"footnotes":""},"categories":[348],"tags":[],"table_tags":[],"class_list":["post-13391","post","type-post","status-publish","format-standard","has-post-thumbnail","hentry","category-hutes"],"yoast_head":"<!-- This site is optimized with the Yoast SEO plugin v24.3 - https:\/\/yoast.com\/wordpress\/plugins\/seo\/ -->\n<title>Fagyaszt\u00f3l\u00e1d\u00e1k: Minden, amit tudnia kell  | SLOVKLIMA DEIMOS group, s.r.o.<\/title>\n<meta name=\"description\" content=\"Fagyaszt\u00f3l\u00e1d\u00e1k: Minden, amit tudnia kell a megfelel\u0151 modell kiv\u00e1laszt\u00e1s\u00e1r\u00f3l, energiafogyaszt\u00e1sr\u00f3l \u00e9s karbantart\u00e1sr\u00f3l. Tudjon meg t\u00f6bbet!\" \/>\n<meta name=\"robots\" content=\"index, follow, max-snippet:-1, max-image-preview:large, max-video-preview:-1\" \/>\n<link rel=\"canonical\" href=\"https:\/\/www.slovklima.sk\/hu\/blog\/fagyasztoladak-minden-amit-tudnia-kell\/\" \/>\n<meta property=\"og:locale\" content=\"hu_HU\" \/>\n<meta property=\"og:type\" content=\"article\" \/>\n<meta property=\"og:title\" content=\"Fagyaszt\u00f3l\u00e1d\u00e1k: Minden, amit tudnia kell  | SLOVKLIMA DEIMOS group, s.r.o.\" \/>\n<meta property=\"og:description\" content=\"Fagyaszt\u00f3l\u00e1d\u00e1k: Minden, amit tudnia kell a megfelel\u0151 modell kiv\u00e1laszt\u00e1s\u00e1r\u00f3l, energiafogyaszt\u00e1sr\u00f3l \u00e9s karbantart\u00e1sr\u00f3l. Tudjon meg t\u00f6bbet!\" \/>\n<meta property=\"og:url\" content=\"https:\/\/www.slovklima.sk\/hu\/blog\/fagyasztoladak-minden-amit-tudnia-kell\/\" \/>\n<meta property=\"og:site_name\" content=\"SLOVKLIMA DEIMOS group, s.r.o.\" \/>\n<meta property=\"article:published_time\" content=\"2025-02-18T13:55:40+00:00\" \/>\n<meta property=\"article:modified_time\" content=\"2026-01-21T09:03:38+00:00\" \/>\n<meta property=\"og:image\" content=\"https:\/\/www.slovklima.sk\/wp-content\/uploads\/2025\/02\/Mraziace-boxy-HLAVNA.webp\" \/>\n\t<meta property=\"og:image:width\" content=\"710\" \/>\n\t<meta property=\"og:image:height\" content=\"300\" \/>\n\t<meta property=\"og:image:type\" content=\"image\/webp\" \/>\n<meta name=\"author\" content=\"terlanda.peter\" \/>\n<meta name=\"twitter:card\" content=\"summary_large_image\" \/>\n<meta name=\"twitter:label1\" content=\"Szerz\u0151:\" \/>\n\t<meta name=\"twitter:data1\" content=\"terlanda.peter\" \/>\n\t<meta name=\"twitter:label2\" content=\"Becs\u00fclt olvas\u00e1si id\u0151\" \/>\n\t<meta name=\"twitter:data2\" content=\"5 perc\" \/>\n<script type=\"application\/ld+json\" class=\"yoast-schema-graph\">{\"@context\":\"https:\/\/schema.org\",\"@graph\":[{\"@type\":\"Article\",\"@id\":\"https:\/\/www.slovklima.sk\/hu\/blog\/fagyasztoladak-minden-amit-tudnia-kell\/#article\",\"isPartOf\":{\"@id\":\"https:\/\/www.slovklima.sk\/hu\/blog\/fagyasztoladak-minden-amit-tudnia-kell\/\"},\"author\":{\"name\":\"terlanda.peter\",\"@id\":\"https:\/\/www.slovklima.sk\/#\/schema\/person\/116018679a4b34af051bf066b527c539\"},\"headline\":\"Fagyaszt\u00f3l\u00e1d\u00e1k: Minden, amit tudnia kell\",\"datePublished\":\"2025-02-18T13:55:40+00:00\",\"dateModified\":\"2026-01-21T09:03:38+00:00\",\"mainEntityOfPage\":{\"@id\":\"https:\/\/www.slovklima.sk\/hu\/blog\/fagyasztoladak-minden-amit-tudnia-kell\/\"},\"wordCount\":1242,\"publisher\":{\"@id\":\"https:\/\/www.slovklima.sk\/#organization\"},\"image\":{\"@id\":\"https:\/\/www.slovklima.sk\/hu\/blog\/fagyasztoladak-minden-amit-tudnia-kell\/#primaryimage\"},\"thumbnailUrl\":\"https:\/\/www.slovklima.sk\/wp-content\/uploads\/2025\/02\/Mraziace-boxy-HLAVNA.webp\",\"articleSection\":[\"H\u0171t\u00e9s\"],\"inLanguage\":\"hu\"},{\"@type\":\"WebPage\",\"@id\":\"https:\/\/www.slovklima.sk\/hu\/blog\/fagyasztoladak-minden-amit-tudnia-kell\/\",\"url\":\"https:\/\/www.slovklima.sk\/hu\/blog\/fagyasztoladak-minden-amit-tudnia-kell\/\",\"name\":\"Fagyaszt\u00f3l\u00e1d\u00e1k: Minden, amit tudnia kell | SLOVKLIMA DEIMOS group, s.r.o.\",\"isPartOf\":{\"@id\":\"https:\/\/www.slovklima.sk\/#website\"},\"primaryImageOfPage\":{\"@id\":\"https:\/\/www.slovklima.sk\/hu\/blog\/fagyasztoladak-minden-amit-tudnia-kell\/#primaryimage\"},\"image\":{\"@id\":\"https:\/\/www.slovklima.sk\/hu\/blog\/fagyasztoladak-minden-amit-tudnia-kell\/#primaryimage\"},\"thumbnailUrl\":\"https:\/\/www.slovklima.sk\/wp-content\/uploads\/2025\/02\/Mraziace-boxy-HLAVNA.webp\",\"datePublished\":\"2025-02-18T13:55:40+00:00\",\"dateModified\":\"2026-01-21T09:03:38+00:00\",\"description\":\"Fagyaszt\u00f3l\u00e1d\u00e1k: Minden, amit tudnia kell a megfelel\u0151 modell kiv\u00e1laszt\u00e1s\u00e1r\u00f3l, energiafogyaszt\u00e1sr\u00f3l \u00e9s karbantart\u00e1sr\u00f3l. Tudjon meg t\u00f6bbet!\",\"breadcrumb\":{\"@id\":\"https:\/\/www.slovklima.sk\/hu\/blog\/fagyasztoladak-minden-amit-tudnia-kell\/#breadcrumb\"},\"inLanguage\":\"hu\",\"potentialAction\":[{\"@type\":\"ReadAction\",\"target\":[\"https:\/\/www.slovklima.sk\/hu\/blog\/fagyasztoladak-minden-amit-tudnia-kell\/\"]}]},{\"@type\":\"ImageObject\",\"inLanguage\":\"hu\",\"@id\":\"https:\/\/www.slovklima.sk\/hu\/blog\/fagyasztoladak-minden-amit-tudnia-kell\/#primaryimage\",\"url\":\"https:\/\/www.slovklima.sk\/wp-content\/uploads\/2025\/02\/Mraziace-boxy-HLAVNA.webp\",\"contentUrl\":\"https:\/\/www.slovklima.sk\/wp-content\/uploads\/2025\/02\/Mraziace-boxy-HLAVNA.webp\",\"width\":710,\"height\":300,\"caption\":\"Fagyaszt\u00f3l\u00e1d\u00e1k\"},{\"@type\":\"BreadcrumbList\",\"@id\":\"https:\/\/www.slovklima.sk\/hu\/blog\/fagyasztoladak-minden-amit-tudnia-kell\/#breadcrumb\",\"itemListElement\":[{\"@type\":\"ListItem\",\"position\":1,\"name\":\"Domovsk\u00e1 str\u00e1nka\",\"item\":\"https:\/\/www.slovklima.sk\/hu\/\"},{\"@type\":\"ListItem\",\"position\":2,\"name\":\"Fagyaszt\u00f3l\u00e1d\u00e1k: Minden, amit tudnia kell\"}]},{\"@type\":\"WebSite\",\"@id\":\"https:\/\/www.slovklima.sk\/#website\",\"url\":\"https:\/\/www.slovklima.sk\/\",\"name\":\"SLOVKLIMA DEIMOS group, s.r.o.\",\"description\":\"\",\"publisher\":{\"@id\":\"https:\/\/www.slovklima.sk\/#organization\"},\"alternateName\":\"SLOVKLIMA\",\"potentialAction\":[{\"@type\":\"SearchAction\",\"target\":{\"@type\":\"EntryPoint\",\"urlTemplate\":\"https:\/\/www.slovklima.sk\/?s={search_term_string}\"},\"query-input\":{\"@type\":\"PropertyValueSpecification\",\"valueRequired\":true,\"valueName\":\"search_term_string\"}}],\"inLanguage\":\"hu\"},{\"@type\":\"Organization\",\"@id\":\"https:\/\/www.slovklima.sk\/#organization\",\"name\":\"SLOVKLIMA DEIMOS group, s.r.o.\",\"alternateName\":\"SLOVKLIMA\",\"url\":\"https:\/\/www.slovklima.sk\/\",\"logo\":{\"@type\":\"ImageObject\",\"inLanguage\":\"hu\",\"@id\":\"https:\/\/www.slovklima.sk\/#\/schema\/logo\/image\/\",\"url\":\"https:\/\/www.slovklima.sk\/wp-content\/uploads\/2022\/12\/slovklima-logo-black.svg\",\"contentUrl\":\"https:\/\/www.slovklima.sk\/wp-content\/uploads\/2022\/12\/slovklima-logo-black.svg\",\"width\":3218,\"height\":698,\"caption\":\"SLOVKLIMA DEIMOS group, s.r.o.\"},\"image\":{\"@id\":\"https:\/\/www.slovklima.sk\/#\/schema\/logo\/image\/\"}},{\"@type\":\"Person\",\"@id\":\"https:\/\/www.slovklima.sk\/#\/schema\/person\/116018679a4b34af051bf066b527c539\",\"name\":\"terlanda.peter\",\"image\":{\"@type\":\"ImageObject\",\"inLanguage\":\"hu\",\"@id\":\"https:\/\/www.slovklima.sk\/#\/schema\/person\/image\/\",\"url\":\"https:\/\/secure.gravatar.com\/avatar\/b022cc3ca0fc64964f410b12966d5772a852c461ebad9ff60247ddab8bafe8db?s=96&d=mm&r=g\",\"contentUrl\":\"https:\/\/secure.gravatar.com\/avatar\/b022cc3ca0fc64964f410b12966d5772a852c461ebad9ff60247ddab8bafe8db?s=96&d=mm&r=g\",\"caption\":\"terlanda.peter\"}}]}<\/script>\n<!-- \/ Yoast SEO plugin. -->","yoast_head_json":{"title":"Fagyaszt\u00f3l\u00e1d\u00e1k: Minden, amit tudnia kell  | SLOVKLIMA DEIMOS group, s.r.o.","description":"Fagyaszt\u00f3l\u00e1d\u00e1k: Minden, amit tudnia kell a megfelel\u0151 modell kiv\u00e1laszt\u00e1s\u00e1r\u00f3l, energiafogyaszt\u00e1sr\u00f3l \u00e9s karbantart\u00e1sr\u00f3l. Tudjon meg t\u00f6bbet!","robots":{"index":"index","follow":"follow","max-snippet":"max-snippet:-1","max-image-preview":"max-image-preview:large","max-video-preview":"max-video-preview:-1"},"canonical":"https:\/\/www.slovklima.sk\/hu\/blog\/fagyasztoladak-minden-amit-tudnia-kell\/","og_locale":"hu_HU","og_type":"article","og_title":"Fagyaszt\u00f3l\u00e1d\u00e1k: Minden, amit tudnia kell  | SLOVKLIMA DEIMOS group, s.r.o.","og_description":"Fagyaszt\u00f3l\u00e1d\u00e1k: Minden, amit tudnia kell a megfelel\u0151 modell kiv\u00e1laszt\u00e1s\u00e1r\u00f3l, energiafogyaszt\u00e1sr\u00f3l \u00e9s karbantart\u00e1sr\u00f3l. Tudjon meg t\u00f6bbet!","og_url":"https:\/\/www.slovklima.sk\/hu\/blog\/fagyasztoladak-minden-amit-tudnia-kell\/","og_site_name":"SLOVKLIMA DEIMOS group, s.r.o.","article_published_time":"2025-02-18T13:55:40+00:00","article_modified_time":"2026-01-21T09:03:38+00:00","og_image":[{"width":710,"height":300,"url":"https:\/\/www.slovklima.sk\/wp-content\/uploads\/2025\/02\/Mraziace-boxy-HLAVNA.webp","type":"image\/webp"}],"author":"terlanda.peter","twitter_card":"summary_large_image","twitter_misc":{"Szerz\u0151:":"terlanda.peter","Becs\u00fclt olvas\u00e1si id\u0151":"5 perc"},"schema":{"@context":"https:\/\/schema.org","@graph":[{"@type":"Article","@id":"https:\/\/www.slovklima.sk\/hu\/blog\/fagyasztoladak-minden-amit-tudnia-kell\/#article","isPartOf":{"@id":"https:\/\/www.slovklima.sk\/hu\/blog\/fagyasztoladak-minden-amit-tudnia-kell\/"},"author":{"name":"terlanda.peter","@id":"https:\/\/www.slovklima.sk\/#\/schema\/person\/116018679a4b34af051bf066b527c539"},"headline":"Fagyaszt\u00f3l\u00e1d\u00e1k: Minden, amit tudnia kell","datePublished":"2025-02-18T13:55:40+00:00","dateModified":"2026-01-21T09:03:38+00:00","mainEntityOfPage":{"@id":"https:\/\/www.slovklima.sk\/hu\/blog\/fagyasztoladak-minden-amit-tudnia-kell\/"},"wordCount":1242,"publisher":{"@id":"https:\/\/www.slovklima.sk\/#organization"},"image":{"@id":"https:\/\/www.slovklima.sk\/hu\/blog\/fagyasztoladak-minden-amit-tudnia-kell\/#primaryimage"},"thumbnailUrl":"https:\/\/www.slovklima.sk\/wp-content\/uploads\/2025\/02\/Mraziace-boxy-HLAVNA.webp","articleSection":["H\u0171t\u00e9s"],"inLanguage":"hu"},{"@type":"WebPage","@id":"https:\/\/www.slovklima.sk\/hu\/blog\/fagyasztoladak-minden-amit-tudnia-kell\/","url":"https:\/\/www.slovklima.sk\/hu\/blog\/fagyasztoladak-minden-amit-tudnia-kell\/","name":"Fagyaszt\u00f3l\u00e1d\u00e1k: Minden, amit tudnia kell | SLOVKLIMA DEIMOS group, s.r.o.","isPartOf":{"@id":"https:\/\/www.slovklima.sk\/#website"},"primaryImageOfPage":{"@id":"https:\/\/www.slovklima.sk\/hu\/blog\/fagyasztoladak-minden-amit-tudnia-kell\/#primaryimage"},"image":{"@id":"https:\/\/www.slovklima.sk\/hu\/blog\/fagyasztoladak-minden-amit-tudnia-kell\/#primaryimage"},"thumbnailUrl":"https:\/\/www.slovklima.sk\/wp-content\/uploads\/2025\/02\/Mraziace-boxy-HLAVNA.webp","datePublished":"2025-02-18T13:55:40+00:00","dateModified":"2026-01-21T09:03:38+00:00","description":"Fagyaszt\u00f3l\u00e1d\u00e1k: Minden, amit tudnia kell a megfelel\u0151 modell kiv\u00e1laszt\u00e1s\u00e1r\u00f3l, energiafogyaszt\u00e1sr\u00f3l \u00e9s karbantart\u00e1sr\u00f3l. Tudjon meg t\u00f6bbet!","breadcrumb":{"@id":"https:\/\/www.slovklima.sk\/hu\/blog\/fagyasztoladak-minden-amit-tudnia-kell\/#breadcrumb"},"inLanguage":"hu","potentialAction":[{"@type":"ReadAction","target":["https:\/\/www.slovklima.sk\/hu\/blog\/fagyasztoladak-minden-amit-tudnia-kell\/"]}]},{"@type":"ImageObject","inLanguage":"hu","@id":"https:\/\/www.slovklima.sk\/hu\/blog\/fagyasztoladak-minden-amit-tudnia-kell\/#primaryimage","url":"https:\/\/www.slovklima.sk\/wp-content\/uploads\/2025\/02\/Mraziace-boxy-HLAVNA.webp","contentUrl":"https:\/\/www.slovklima.sk\/wp-content\/uploads\/2025\/02\/Mraziace-boxy-HLAVNA.webp","width":710,"height":300,"caption":"Fagyaszt\u00f3l\u00e1d\u00e1k"},{"@type":"BreadcrumbList","@id":"https:\/\/www.slovklima.sk\/hu\/blog\/fagyasztoladak-minden-amit-tudnia-kell\/#breadcrumb","itemListElement":[{"@type":"ListItem","position":1,"name":"Domovsk\u00e1 str\u00e1nka","item":"https:\/\/www.slovklima.sk\/hu\/"},{"@type":"ListItem","position":2,"name":"Fagyaszt\u00f3l\u00e1d\u00e1k: Minden, amit tudnia kell"}]},{"@type":"WebSite","@id":"https:\/\/www.slovklima.sk\/#website","url":"https:\/\/www.slovklima.sk\/","name":"SLOVKLIMA DEIMOS group, s.r.o.","description":"","publisher":{"@id":"https:\/\/www.slovklima.sk\/#organization"},"alternateName":"SLOVKLIMA","potentialAction":[{"@type":"SearchAction","target":{"@type":"EntryPoint","urlTemplate":"https:\/\/www.slovklima.sk\/?s={search_term_string}"},"query-input":{"@type":"PropertyValueSpecification","valueRequired":true,"valueName":"search_term_string"}}],"inLanguage":"hu"},{"@type":"Organization","@id":"https:\/\/www.slovklima.sk\/#organization","name":"SLOVKLIMA DEIMOS group, s.r.o.","alternateName":"SLOVKLIMA","url":"https:\/\/www.slovklima.sk\/","logo":{"@type":"ImageObject","inLanguage":"hu","@id":"https:\/\/www.slovklima.sk\/#\/schema\/logo\/image\/","url":"https:\/\/www.slovklima.sk\/wp-content\/uploads\/2022\/12\/slovklima-logo-black.svg","contentUrl":"https:\/\/www.slovklima.sk\/wp-content\/uploads\/2022\/12\/slovklima-logo-black.svg","width":3218,"height":698,"caption":"SLOVKLIMA DEIMOS group, s.r.o."},"image":{"@id":"https:\/\/www.slovklima.sk\/#\/schema\/logo\/image\/"}},{"@type":"Person","@id":"https:\/\/www.slovklima.sk\/#\/schema\/person\/116018679a4b34af051bf066b527c539","name":"terlanda.peter","image":{"@type":"ImageObject","inLanguage":"hu","@id":"https:\/\/www.slovklima.sk\/#\/schema\/person\/image\/","url":"https:\/\/secure.gravatar.com\/avatar\/b022cc3ca0fc64964f410b12966d5772a852c461ebad9ff60247ddab8bafe8db?s=96&d=mm&r=g","contentUrl":"https:\/\/secure.gravatar.com\/avatar\/b022cc3ca0fc64964f410b12966d5772a852c461ebad9ff60247ddab8bafe8db?s=96&d=mm&r=g","caption":"terlanda.peter"}}]}},"_links":{"self":[{"href":"https:\/\/www.slovklima.sk\/hu\/wp-json\/wp\/v2\/posts\/13391","targetHints":{"allow":["GET"]}}],"collection":[{"href":"https:\/\/www.slovklima.sk\/hu\/wp-json\/wp\/v2\/posts"}],"about":[{"href":"https:\/\/www.slovklima.sk\/hu\/wp-json\/wp\/v2\/types\/post"}],"author":[{"embeddable":true,"href":"https:\/\/www.slovklima.sk\/hu\/wp-json\/wp\/v2\/users\/472"}],"replies":[{"embeddable":true,"href":"https:\/\/www.slovklima.sk\/hu\/wp-json\/wp\/v2\/comments?post=13391"}],"version-history":[{"count":1,"href":"https:\/\/www.slovklima.sk\/hu\/wp-json\/wp\/v2\/posts\/13391\/revisions"}],"predecessor-version":[{"id":19884,"href":"https:\/\/www.slovklima.sk\/hu\/wp-json\/wp\/v2\/posts\/13391\/revisions\/19884"}],"wp:featuredmedia":[{"embeddable":true,"href":"https:\/\/www.slovklima.sk\/hu\/wp-json\/wp\/v2\/media\/13398"}],"wp:attachment":[{"href":"https:\/\/www.slovklima.sk\/hu\/wp-json\/wp\/v2\/media?parent=13391"}],"wp:term":[{"taxonomy":"category","embeddable":true,"href":"https:\/\/www.slovklima.sk\/hu\/wp-json\/wp\/v2\/categories?post=13391"},{"taxonomy":"post_tag","embeddable":true,"href":"https:\/\/www.slovklima.sk\/hu\/wp-json\/wp\/v2\/tags?post=13391"},{"taxonomy":"table_tags","embeddable":true,"href":"https:\/\/www.slovklima.sk\/hu\/wp-json\/wp\/v2\/table_tags?post=13391"}],"curies":[{"name":"wp","href":"https:\/\/api.w.org\/{rel}","templated":true}]}}