{"id":13382,"date":"2025-02-18T15:07:30","date_gmt":"2025-02-18T14:07:30","guid":{"rendered":"https:\/\/www.slovklima.sk\/?p=13382"},"modified":"2026-01-21T10:03:35","modified_gmt":"2026-01-21T09:03:35","slug":"legkompresszorok-a-legkompresszor-es-a-hutokompresszor-kozotti-kulonbseg","status":"publish","type":"post","link":"https:\/\/www.slovklima.sk\/hu\/blog\/legkompresszorok-a-legkompresszor-es-a-hutokompresszor-kozotti-kulonbseg\/","title":{"rendered":"L\u00e9gkompresszorok \u2013 a l\u00e9gkompresszor \u00e9s a h\u0171t\u0151kompresszor k\u00f6z\u00f6tti k\u00fcl\u00f6nbs\u00e9g"},"content":{"rendered":"<p>A l\u00e9gkompresszorok \u00e9s a h\u0171t\u00e9sre sz\u00e1nt kompresszorok elt\u00e9r\u0151 fel\u00e9p\u00edt\u00e9s\u0171ek \u00e9s alkalmaz\u00e1si ter\u00fcletekkel rendelkeznek, b\u00e1r f\u0151 funkci\u00f3juk \u2013 a g\u00e1z s\u0171r\u00edt\u00e9se \u2013 hasonl\u00f3nak t\u0171nhet. K\u00fcl\u00f6nbs\u00e9geik azonban az elt\u00e9r\u0151 rendeltet\u00e9s\u00fckb\u0151l, kialak\u00edt\u00e1sukb\u00f3l \u00e9s haszn\u00e1lati specifik\u00e1ci\u00f3ikb\u00f3l ad\u00f3dnak. Kezdetben k\u00fcl\u00f6n-k\u00fcl\u00f6n elemezz\u00fck mindk\u00e9t t\u00edpus\u00fa kompresszort, majd \u00f6sszehasonl\u00edtjuk \u0151ket, kit\u00e9rve el\u0151nyeikre, h\u00e1tr\u00e1nyaikra \u00e9s lehets\u00e9ges felhaszn\u00e1l\u00e1si ter\u00fcleteikre. <\/p><h2 class=\"wp-block-heading\">1. L\u00e9gkompresszorok <\/h2><p>A l\u00e9gkompresszorok olyan berendez\u00e9sek, amelyeket a leveg\u0151 s\u0171r\u00edt\u00e9s\u00e9re terveztek k\u00fcl\u00f6nf\u00e9le ipari, h\u00e1ztart\u00e1si \u00e9s kereskedelmi alkalmaz\u00e1sokhoz. F\u0151 c\u00e9ljuk, hogy nagy nyom\u00e1s\u00fa leveg\u0151\u00e1ramot hozzanak l\u00e9tre, amelyet k\u00fcl\u00f6nb\u00f6z\u0151 c\u00e9lokra lehet felhaszn\u00e1lni, p\u00e9ld\u00e1ul pneumatikus szersz\u00e1mok m\u0171k\u00f6dtet\u00e9s\u00e9re, fest\u00e9sre, tiszt\u00edt\u00e1sra vagy gumiabroncsok felf\u00faj\u00e1s\u00e1ra. <\/p><figure class=\"wp-block-image size-full is-resized\"><img decoding=\"async\" width=\"710\" height=\"300\" src=\"https:\/\/www.slovklima.sk\/wp-content\/uploads\/2025\/02\/image-2.jpg\" alt=\" L\u00e9gkompresszor\" class=\"wp-image-13383\" style=\"width:953px;height:auto\" srcset=\"https:\/\/www.slovklima.sk\/wp-content\/uploads\/2025\/02\/image-2.jpg 710w, https:\/\/www.slovklima.sk\/wp-content\/uploads\/2025\/02\/image-2-400x169.jpg 400w, https:\/\/www.slovklima.sk\/wp-content\/uploads\/2025\/02\/image-2-430x182.jpg 430w, https:\/\/www.slovklima.sk\/wp-content\/uploads\/2025\/02\/image-2-700x296.jpg 700w, https:\/\/www.slovklima.sk\/wp-content\/uploads\/2025\/02\/image-2-150x63.jpg 150w\" sizes=\"(max-width: 710px) 100vw, 710px\" \/><\/figure><h2 class=\"wp-block-heading\">A l\u00e9gkompresszorok t\u00edpusai <\/h2><p>A l\u00e9gkompresszorokat m\u0171k\u00f6d\u00e9si elv\u00fck szerint az al\u00e1bbi kateg\u00f3ri\u00e1kba sorolhatjuk: <\/p><ul class=\"wp-block-list\"><li><strong>Dugatty\u00fas kompresszorok:<\/strong> Mozg\u00f3 dugatty\u00fat haszn\u00e1lnak a leveg\u0151 \u00f6sszenyom\u00e1s\u00e1ra egy kamr\u00e1ban. Egyszer\u0171 fel\u00e9p\u00edt\u00e9s\u00fck \u00e9s a nagy nyom\u00e1s el\u00e9r\u00e9s\u00e9re val\u00f3 k\u00e9pess\u00e9g\u00fck miatt sz\u00e9les k\u00f6rben alkalmazz\u00e1k az iparban. <\/li><\/ul><ul class=\"wp-block-list\"><li><strong>Csavarkompresszorok:<\/strong> K\u00e9t egym\u00e1ssal ellent\u00e9tesen forg\u00f3 csavar seg\u00edts\u00e9g\u00e9vel s\u0171r\u00edtik a leveg\u0151t. Ide\u00e1lisak olyan alkalmaz\u00e1sokhoz, ahol folyamatos m\u0171k\u00f6d\u00e9sre \u00e9s stabil nyom\u00e1sra van sz\u00fcks\u00e9g. <\/li><\/ul><ul class=\"wp-block-list\"><li><strong>Centrifug\u00e1lkompresszorok:<\/strong> Forg\u00f3 rotor seg\u00edts\u00e9g\u00e9vel hoznak l\u00e9tre centrifug\u00e1lis er\u0151t, amely s\u0171r\u00edti a leveg\u0151t. Ezt a t\u00edpust olyan ipari alkalmaz\u00e1sokban haszn\u00e1lj\u00e1k, ahol nagy mennyis\u00e9g\u0171 leveg\u0151re van sz\u00fcks\u00e9g k\u00f6zepes nyom\u00e1s mellett. <\/li><\/ul><h2 class=\"wp-block-heading\">Munkaciklus \u00e9s teljes\u00edtm\u00e9ny <\/h2><p>A l\u00e9gkompresszorokat az alkalmaz\u00e1s ig\u00e9nyei szerint k\u00fcl\u00f6nb\u00f6z\u0151 munkaciklusokra tervezt\u00e9k. Egyes kompresszorok szakaszos m\u0171k\u00f6d\u00e9sre k\u00e9sz\u00fcltek (p\u00e9ld\u00e1ul hobbi c\u00e9l\u00fa kompresszorok), m\u00edg az ipari kompresszorokat folyamatos \u00fczemre optimaliz\u00e1lt\u00e1k. A l\u00e9gkompresszorok teljes\u00edtm\u00e9nye a sz\u00fcks\u00e9ges nyom\u00e1s \u00e9s a sz\u00e1ll\u00edtand\u00f3 leveg\u0151 mennyis\u00e9g\u00e9t\u0151l f\u00fcgg. <\/p><h2 class=\"wp-block-heading\">Alkalmaz\u00e1sok <\/h2><p>A l\u00e9gkompresszorokat az al\u00e1bbi ter\u00fcleteken haszn\u00e1lj\u00e1k: <\/p><ul class=\"wp-block-list\"><li>Pneumatikus szersz\u00e1mok meghajt\u00e1sa (p\u00e9ld\u00e1ul l\u00e9gkalap\u00e1csok, sz\u00f6gbel\u00f6v\u0151k), <\/li><\/ul><ul class=\"wp-block-list\"><li>Fest\u00e9s az aut\u00f3iparban \u00e9s az \u00e9p\u00edt\u0151iparban, <\/li><\/ul><ul class=\"wp-block-list\"><li>Gumiabroncsok felf\u00faj\u00e1sa, <\/li><\/ul><ul class=\"wp-block-list\"><li>Fel\u00fcletek tiszt\u00edt\u00e1sa \u00e9s sz\u00e1r\u00edt\u00e1sa, <\/li><\/ul><ul class=\"wp-block-list\"><li>J\u00e1rm\u0171vek gy\u00e1rt\u00e1sa \u00e9s karbantart\u00e1sa. <\/li><\/ul><h2 class=\"wp-block-heading\">2. H\u0171t\u00e9sre sz\u00e1nt kompresszorok <\/h2><p>A h\u0171t\u0151kompresszorok a h\u0171t\u0151k\u00f6zeg (legt\u00f6bbsz\u00f6r g\u00e1z vagy h\u0171t\u0151folyad\u00e9k) \u00e1ramoltat\u00e1s\u00e1ra szolg\u00e1lnak a h\u0171t\u0151rendszeren bel\u00fcl. Az elp\u00e1rolg\u00e1si \u00e9s kondenz\u00e1ci\u00f3s ciklus r\u00e9v\u00e9n ezek a kompresszorok biztos\u00edtj\u00e1k a k\u00edv\u00e1nt alacsony h\u0151m\u00e9rs\u00e9kletet. F\u0151 c\u00e9ljuk a h\u0151 elvezet\u00e9se egyik helyr\u0151l a m\u00e1sikra, lehet\u0151v\u00e9 t\u00e9ve a terek, \u00e9lelmiszerek vagy egy\u00e9b term\u00e9kek h\u0171t\u00e9s\u00e9t. <\/p><h2 class=\"wp-block-heading\">A h\u0171t\u0151kompresszorok t\u00edpusai <\/h2><p>A l\u00e9gkompresszorokhoz hasonl\u00f3an a h\u0171t\u0151kompresszorok is k\u00fcl\u00f6nb\u00f6z\u0151 t\u00edpusokra oszthat\u00f3k: <\/p><ul class=\"wp-block-list\"><li><strong>Hermetikus kompresszorok:<\/strong> A kompresszor \u00e9s a motor egy z\u00e1rt burkolatban tal\u00e1lhat\u00f3, ami megakad\u00e1lyozza a h\u0171t\u0151k\u00f6zeg sziv\u00e1rg\u00e1s\u00e1t. Els\u0151sorban h\u00e1ztart\u00e1si \u00e9s kereskedelmi h\u0171t\u0151szekr\u00e9nyekben haszn\u00e1lj\u00e1k. <\/li><\/ul><ul class=\"wp-block-list\"><li><strong>F\u00e9lig hermetikus kompresszorok:<\/strong> Nagyobb m\u00e9ret\u0171ek, lehet\u0151v\u00e9 teszik a motorhoz val\u00f3 hozz\u00e1f\u00e9r\u00e9st jav\u00edt\u00e1s c\u00e9lj\u00e1b\u00f3l, \u00e9s f\u0151k\u00e9nt ipari h\u0171t\u0151rendszerekben alkalmazz\u00e1k \u0151ket. <\/li><\/ul><ul class=\"wp-block-list\"><li><strong>Csavar- \u00e9s forg\u00f3dugatty\u00fas kompresszorok:<\/strong> Kereskedelmi h\u0171t\u00e9si rendszerekben haszn\u00e1latosak, k\u00fcl\u00f6n\u00f6sen ott, ahol nagy teljes\u00edtm\u00e9nyre van sz\u00fcks\u00e9g. <\/li><\/ul><h2 class=\"wp-block-heading\">Munkaciklus \u00e9s teljes\u00edtm\u00e9ny <\/h2><p>A h\u0171t\u0151kompresszoroknak megb\u00edzhat\u00f3nak \u00e9s hat\u00e9konynak kell lenni\u00fck, mivel folyamatosan m\u0171k\u00f6dnek az optim\u00e1lis h\u0151m\u00e9rs\u00e9klet fenntart\u00e1sa \u00e9rdek\u00e9ben. \u00dagy tervezt\u00e9k \u0151ket, hogy biztos\u00edts\u00e1k a h\u0171t\u0151k\u00f6zeg kering\u00e9s\u00e9t \u00e9s megakad\u00e1lyozz\u00e1k a rendszer t\u00falmeleged\u00e9s\u00e9t. Az egyik legfontosabb param\u00e9ter a kompresszor teljes\u00edtm\u00e9nye, amely k\u00f6zvetlen\u00fcl befoly\u00e1solja az eg\u00e9sz h\u0171t\u0151rendszer hat\u00e9konys\u00e1g\u00e1t. <\/p><h2 class=\"wp-block-heading\">Alkalmaz\u00e1sok <\/h2><p>A h\u0171t\u0151kompresszorok elengedhetetlenek az al\u00e1bbi berendez\u00e9sekben: <\/p><ul class=\"wp-block-list\"><li>H\u00e1ztart\u00e1si \u00e9s kereskedelmi h\u0171t\u0151szekr\u00e9nyek, <\/li><\/ul><ul class=\"wp-block-list\"><li>L\u00e9gkondicion\u00e1l\u00f3k, <\/li><\/ul><ul class=\"wp-block-list\"><li>Fagyaszt\u00f3l\u00e1d\u00e1k \u00e9s h\u0171t\u0151rakt\u00e1rak, <\/li><\/ul><ul class=\"wp-block-list\"><li>Ipari h\u0171t\u0151rendszerek az \u00e9lelmiszeriparban, a gy\u00f3gyszeriparban \u00e9s m\u00e1s \u00e1gazatokban. <\/li><\/ul><h2 class=\"wp-block-heading\">3. A l\u00e9gkompresszorok \u00e9s a h\u0171t\u0151kompresszorok \u00f6sszehasonl\u00edt\u00e1sa <\/h2><p>A l\u00e9gkompresszorok \u00e9s a h\u0171t\u0151kompresszorok t\u00f6bb szempontb\u00f3l k\u00fcl\u00f6nb\u00f6znek. Legf\u0151bb elt\u00e9r\u00e9seik az alkalmaz\u00e1si ter\u00fcletek, a munkaciklusok \u00e9s a karbantart\u00e1si ig\u00e9nyek. <\/p><h2 class=\"wp-block-heading\">M\u0171k\u00f6d\u00e9si elv \u00e9s k\u00f6zeg <\/h2><p>A l\u00e9gkompresszorok norm\u00e1l leveg\u0151t s\u0171r\u00edtenek. A h\u0171t\u0151kompresszorok ezzel szemben speci\u00e1lis h\u0171t\u0151k\u00f6zegekkel, p\u00e9ld\u00e1ul h\u0171t\u0151g\u00e1zokkal m\u0171k\u00f6dnek. Ez a k\u00fcl\u00f6nbs\u00e9g fontos, mert a h\u0171t\u0151k\u00f6zegnek \u00e1t kell mennie az elp\u00e1rolg\u00e1si \u00e9s kondenz\u00e1ci\u00f3s ciklusokon. <\/p><h2 class=\"wp-block-heading\">Karbantart\u00e1s \u00e9s \u00e9lettartam <\/h2><p>A h\u0171t\u0151kompresszorok t\u00f6bbs\u00e9ge hermetikusan z\u00e1rt, ami cs\u00f6kkenti a rendszeres karbantart\u00e1s sz\u00fcks\u00e9gess\u00e9g\u00e9t, de egyben megnehez\u00edti az esetleges jav\u00edt\u00e1sokat. Ezzel szemben a l\u00e9gkompresszorok nyitottabb szerkezet\u0171ek, \u00edgy k\u00f6nnyebben szervizelhet\u0151k, azonban rendszeres karbantart\u00e1st ig\u00e9nyelnek, p\u00e9ld\u00e1ul sz\u0171r\u0151k tiszt\u00edt\u00e1s\u00e1t \u00e9s ken\u00e9st. <\/p><h2 class=\"wp-block-heading\">\u00c1r \u00e9s k\u00f6lts\u00e9gek <\/h2><p>A h\u0171t\u0151kompresszorok \u00e1ltal\u00e1ban dr\u00e1g\u00e1bbak, mivel fejlettebb technol\u00f3gi\u00e1t ig\u00e9nyelnek (p\u00e9ld\u00e1ul hermetikus t\u00f6m\u00edt\u00e9seket \u00e9s speci\u00e1lis h\u0171t\u00e9si ciklusokat). A l\u00e9gkompresszorok gyakran olcs\u00f3bbak \u00e9s sz\u00e9lesebb v\u00e1laszt\u00e9kban \u00e9rhet\u0151k el <a href=\"https:\/\/www.slovklima.sk\/hu\/\">a<\/a> felhaszn\u00e1l\u00f3i ig\u00e9nyekhez igazodva. <\/p><h2 class=\"wp-block-heading\">\u00d6sszegz\u00e9s <\/h2><p>A l\u00e9gkompresszorok \u00e9s a h\u0171t\u0151kompresszorok fel\u00e9p\u00edt\u00e9se, m\u0171k\u00f6d\u00e9se \u00e9s karbantart\u00e1si ig\u00e9nyei elt\u00e9rnek, ez\u00e9rt m\u00e1s-m\u00e1s ter\u00fcleteken haszn\u00e1lj\u00e1k \u0151ket. A megfelel\u0151 kompresszort a felhaszn\u00e1l\u00e1si c\u00e9l \u00e9s a k\u00f6rnyezet alapj\u00e1n kell kiv\u00e1lasztani. <\/p><p><\/p>","protected":false},"excerpt":{"rendered":"<p>A l\u00e9gkompresszorok \u00e9s a h\u0171t\u00e9sre sz\u00e1nt kompresszorok elt\u00e9r\u0151 fel\u00e9p\u00edt\u00e9s\u0171ek \u00e9s alkalmaz\u00e1si ter\u00fcletekkel rendelkeznek, b\u00e1r f\u0151 funkci\u00f3juk \u2013 a g\u00e1z s\u0171r\u00edt\u00e9se<\/p>\n","protected":false},"author":472,"featured_media":13386,"comment_status":"closed","ping_status":"open","sticky":false,"template":"","format":"standard","meta":{"footnotes":""},"categories":[348],"tags":[],"table_tags":[],"class_list":["post-13382","post","type-post","status-publish","format-standard","has-post-thumbnail","hentry","category-hutes"],"yoast_head":"<!-- This site is optimized with the Yoast SEO plugin v24.3 - https:\/\/yoast.com\/wordpress\/plugins\/seo\/ -->\n<title>L\u00e9gkompresszor | SLOVKLIMA DEIMOS group, s.r.o.<\/title>\n<meta name=\"description\" content=\"L\u00e9gkompresszor \u00e9s h\u0171t\u0151kompresszor \u2013 mi a k\u00fcl\u00f6nbs\u00e9g? Ismerd meg a k\u00e9t t\u00edpus m\u0171k\u00f6d\u00e9s\u00e9t, felhaszn\u00e1l\u00e1si ter\u00fcleteit \u00e9s legfontosabb jellemz\u0151it!\" \/>\n<meta name=\"robots\" content=\"index, follow, max-snippet:-1, max-image-preview:large, max-video-preview:-1\" \/>\n<link rel=\"canonical\" href=\"https:\/\/www.slovklima.sk\/hu\/blog\/legkompresszorok-a-legkompresszor-es-a-hutokompresszor-kozotti-kulonbseg\/\" \/>\n<meta property=\"og:locale\" content=\"hu_HU\" \/>\n<meta property=\"og:type\" content=\"article\" \/>\n<meta property=\"og:title\" content=\"L\u00e9gkompresszor | SLOVKLIMA DEIMOS group, s.r.o.\" \/>\n<meta property=\"og:description\" content=\"L\u00e9gkompresszor \u00e9s h\u0171t\u0151kompresszor \u2013 mi a k\u00fcl\u00f6nbs\u00e9g? Ismerd meg a k\u00e9t t\u00edpus m\u0171k\u00f6d\u00e9s\u00e9t, felhaszn\u00e1l\u00e1si ter\u00fcleteit \u00e9s legfontosabb jellemz\u0151it!\" \/>\n<meta property=\"og:url\" content=\"https:\/\/www.slovklima.sk\/hu\/blog\/legkompresszorok-a-legkompresszor-es-a-hutokompresszor-kozotti-kulonbseg\/\" \/>\n<meta property=\"og:site_name\" content=\"SLOVKLIMA DEIMOS group, s.r.o.\" \/>\n<meta property=\"article:published_time\" content=\"2025-02-18T14:07:30+00:00\" \/>\n<meta property=\"article:modified_time\" content=\"2026-01-21T09:03:35+00:00\" \/>\n<meta property=\"og:image\" content=\"https:\/\/www.slovklima.sk\/wp-content\/uploads\/2025\/02\/Vzduchovy-kompresor-HLAVNA-1.jpg\" \/>\n\t<meta property=\"og:image:width\" content=\"710\" \/>\n\t<meta property=\"og:image:height\" content=\"300\" \/>\n\t<meta property=\"og:image:type\" content=\"image\/jpeg\" \/>\n<meta name=\"author\" content=\"terlanda.peter\" \/>\n<meta name=\"twitter:card\" content=\"summary_large_image\" \/>\n<meta name=\"twitter:label1\" content=\"Szerz\u0151:\" \/>\n\t<meta name=\"twitter:data1\" content=\"terlanda.peter\" \/>\n\t<meta name=\"twitter:label2\" content=\"Becs\u00fclt olvas\u00e1si id\u0151\" \/>\n\t<meta name=\"twitter:data2\" content=\"4 perc\" \/>\n<script type=\"application\/ld+json\" class=\"yoast-schema-graph\">{\"@context\":\"https:\/\/schema.org\",\"@graph\":[{\"@type\":\"Article\",\"@id\":\"https:\/\/www.slovklima.sk\/hu\/blog\/legkompresszorok-a-legkompresszor-es-a-hutokompresszor-kozotti-kulonbseg\/#article\",\"isPartOf\":{\"@id\":\"https:\/\/www.slovklima.sk\/hu\/blog\/legkompresszorok-a-legkompresszor-es-a-hutokompresszor-kozotti-kulonbseg\/\"},\"author\":{\"name\":\"terlanda.peter\",\"@id\":\"https:\/\/www.slovklima.sk\/#\/schema\/person\/116018679a4b34af051bf066b527c539\"},\"headline\":\"L\u00e9gkompresszorok \u2013 a l\u00e9gkompresszor \u00e9s a h\u0171t\u0151kompresszor k\u00f6z\u00f6tti k\u00fcl\u00f6nbs\u00e9g\",\"datePublished\":\"2025-02-18T14:07:30+00:00\",\"dateModified\":\"2026-01-21T09:03:35+00:00\",\"mainEntityOfPage\":{\"@id\":\"https:\/\/www.slovklima.sk\/hu\/blog\/legkompresszorok-a-legkompresszor-es-a-hutokompresszor-kozotti-kulonbseg\/\"},\"wordCount\":1113,\"publisher\":{\"@id\":\"https:\/\/www.slovklima.sk\/#organization\"},\"image\":{\"@id\":\"https:\/\/www.slovklima.sk\/hu\/blog\/legkompresszorok-a-legkompresszor-es-a-hutokompresszor-kozotti-kulonbseg\/#primaryimage\"},\"thumbnailUrl\":\"https:\/\/www.slovklima.sk\/wp-content\/uploads\/2025\/02\/Vzduchovy-kompresor-HLAVNA-1.jpg\",\"articleSection\":[\"H\u0171t\u00e9s\"],\"inLanguage\":\"hu\"},{\"@type\":\"WebPage\",\"@id\":\"https:\/\/www.slovklima.sk\/hu\/blog\/legkompresszorok-a-legkompresszor-es-a-hutokompresszor-kozotti-kulonbseg\/\",\"url\":\"https:\/\/www.slovklima.sk\/hu\/blog\/legkompresszorok-a-legkompresszor-es-a-hutokompresszor-kozotti-kulonbseg\/\",\"name\":\"L\u00e9gkompresszor | SLOVKLIMA DEIMOS group, s.r.o.\",\"isPartOf\":{\"@id\":\"https:\/\/www.slovklima.sk\/#website\"},\"primaryImageOfPage\":{\"@id\":\"https:\/\/www.slovklima.sk\/hu\/blog\/legkompresszorok-a-legkompresszor-es-a-hutokompresszor-kozotti-kulonbseg\/#primaryimage\"},\"image\":{\"@id\":\"https:\/\/www.slovklima.sk\/hu\/blog\/legkompresszorok-a-legkompresszor-es-a-hutokompresszor-kozotti-kulonbseg\/#primaryimage\"},\"thumbnailUrl\":\"https:\/\/www.slovklima.sk\/wp-content\/uploads\/2025\/02\/Vzduchovy-kompresor-HLAVNA-1.jpg\",\"datePublished\":\"2025-02-18T14:07:30+00:00\",\"dateModified\":\"2026-01-21T09:03:35+00:00\",\"description\":\"L\u00e9gkompresszor \u00e9s h\u0171t\u0151kompresszor \u2013 mi a k\u00fcl\u00f6nbs\u00e9g? Ismerd meg a k\u00e9t t\u00edpus m\u0171k\u00f6d\u00e9s\u00e9t, felhaszn\u00e1l\u00e1si ter\u00fcleteit \u00e9s legfontosabb jellemz\u0151it!\",\"breadcrumb\":{\"@id\":\"https:\/\/www.slovklima.sk\/hu\/blog\/legkompresszorok-a-legkompresszor-es-a-hutokompresszor-kozotti-kulonbseg\/#breadcrumb\"},\"inLanguage\":\"hu\",\"potentialAction\":[{\"@type\":\"ReadAction\",\"target\":[\"https:\/\/www.slovklima.sk\/hu\/blog\/legkompresszorok-a-legkompresszor-es-a-hutokompresszor-kozotti-kulonbseg\/\"]}]},{\"@type\":\"ImageObject\",\"inLanguage\":\"hu\",\"@id\":\"https:\/\/www.slovklima.sk\/hu\/blog\/legkompresszorok-a-legkompresszor-es-a-hutokompresszor-kozotti-kulonbseg\/#primaryimage\",\"url\":\"https:\/\/www.slovklima.sk\/wp-content\/uploads\/2025\/02\/Vzduchovy-kompresor-HLAVNA-1.jpg\",\"contentUrl\":\"https:\/\/www.slovklima.sk\/wp-content\/uploads\/2025\/02\/Vzduchovy-kompresor-HLAVNA-1.jpg\",\"width\":710,\"height\":300,\"caption\":\"L\u00e9gkompresszor\"},{\"@type\":\"BreadcrumbList\",\"@id\":\"https:\/\/www.slovklima.sk\/hu\/blog\/legkompresszorok-a-legkompresszor-es-a-hutokompresszor-kozotti-kulonbseg\/#breadcrumb\",\"itemListElement\":[{\"@type\":\"ListItem\",\"position\":1,\"name\":\"Domovsk\u00e1 str\u00e1nka\",\"item\":\"https:\/\/www.slovklima.sk\/hu\/\"},{\"@type\":\"ListItem\",\"position\":2,\"name\":\"L\u00e9gkompresszorok \u2013 a l\u00e9gkompresszor \u00e9s a h\u0171t\u0151kompresszor k\u00f6z\u00f6tti k\u00fcl\u00f6nbs\u00e9g\"}]},{\"@type\":\"WebSite\",\"@id\":\"https:\/\/www.slovklima.sk\/#website\",\"url\":\"https:\/\/www.slovklima.sk\/\",\"name\":\"SLOVKLIMA DEIMOS group, s.r.o.\",\"description\":\"\",\"publisher\":{\"@id\":\"https:\/\/www.slovklima.sk\/#organization\"},\"alternateName\":\"SLOVKLIMA\",\"potentialAction\":[{\"@type\":\"SearchAction\",\"target\":{\"@type\":\"EntryPoint\",\"urlTemplate\":\"https:\/\/www.slovklima.sk\/?s={search_term_string}\"},\"query-input\":{\"@type\":\"PropertyValueSpecification\",\"valueRequired\":true,\"valueName\":\"search_term_string\"}}],\"inLanguage\":\"hu\"},{\"@type\":\"Organization\",\"@id\":\"https:\/\/www.slovklima.sk\/#organization\",\"name\":\"SLOVKLIMA DEIMOS group, s.r.o.\",\"alternateName\":\"SLOVKLIMA\",\"url\":\"https:\/\/www.slovklima.sk\/\",\"logo\":{\"@type\":\"ImageObject\",\"inLanguage\":\"hu\",\"@id\":\"https:\/\/www.slovklima.sk\/#\/schema\/logo\/image\/\",\"url\":\"https:\/\/www.slovklima.sk\/wp-content\/uploads\/2022\/12\/slovklima-logo-black.svg\",\"contentUrl\":\"https:\/\/www.slovklima.sk\/wp-content\/uploads\/2022\/12\/slovklima-logo-black.svg\",\"width\":3218,\"height\":698,\"caption\":\"SLOVKLIMA DEIMOS group, s.r.o.\"},\"image\":{\"@id\":\"https:\/\/www.slovklima.sk\/#\/schema\/logo\/image\/\"}},{\"@type\":\"Person\",\"@id\":\"https:\/\/www.slovklima.sk\/#\/schema\/person\/116018679a4b34af051bf066b527c539\",\"name\":\"terlanda.peter\",\"image\":{\"@type\":\"ImageObject\",\"inLanguage\":\"hu\",\"@id\":\"https:\/\/www.slovklima.sk\/#\/schema\/person\/image\/\",\"url\":\"https:\/\/secure.gravatar.com\/avatar\/b022cc3ca0fc64964f410b12966d5772a852c461ebad9ff60247ddab8bafe8db?s=96&d=mm&r=g\",\"contentUrl\":\"https:\/\/secure.gravatar.com\/avatar\/b022cc3ca0fc64964f410b12966d5772a852c461ebad9ff60247ddab8bafe8db?s=96&d=mm&r=g\",\"caption\":\"terlanda.peter\"}}]}<\/script>\n<!-- \/ Yoast SEO plugin. -->","yoast_head_json":{"title":"L\u00e9gkompresszor | SLOVKLIMA DEIMOS group, s.r.o.","description":"L\u00e9gkompresszor \u00e9s h\u0171t\u0151kompresszor \u2013 mi a k\u00fcl\u00f6nbs\u00e9g? Ismerd meg a k\u00e9t t\u00edpus m\u0171k\u00f6d\u00e9s\u00e9t, felhaszn\u00e1l\u00e1si ter\u00fcleteit \u00e9s legfontosabb jellemz\u0151it!","robots":{"index":"index","follow":"follow","max-snippet":"max-snippet:-1","max-image-preview":"max-image-preview:large","max-video-preview":"max-video-preview:-1"},"canonical":"https:\/\/www.slovklima.sk\/hu\/blog\/legkompresszorok-a-legkompresszor-es-a-hutokompresszor-kozotti-kulonbseg\/","og_locale":"hu_HU","og_type":"article","og_title":"L\u00e9gkompresszor | SLOVKLIMA DEIMOS group, s.r.o.","og_description":"L\u00e9gkompresszor \u00e9s h\u0171t\u0151kompresszor \u2013 mi a k\u00fcl\u00f6nbs\u00e9g? Ismerd meg a k\u00e9t t\u00edpus m\u0171k\u00f6d\u00e9s\u00e9t, felhaszn\u00e1l\u00e1si ter\u00fcleteit \u00e9s legfontosabb jellemz\u0151it!","og_url":"https:\/\/www.slovklima.sk\/hu\/blog\/legkompresszorok-a-legkompresszor-es-a-hutokompresszor-kozotti-kulonbseg\/","og_site_name":"SLOVKLIMA DEIMOS group, s.r.o.","article_published_time":"2025-02-18T14:07:30+00:00","article_modified_time":"2026-01-21T09:03:35+00:00","og_image":[{"width":710,"height":300,"url":"https:\/\/www.slovklima.sk\/wp-content\/uploads\/2025\/02\/Vzduchovy-kompresor-HLAVNA-1.jpg","type":"image\/jpeg"}],"author":"terlanda.peter","twitter_card":"summary_large_image","twitter_misc":{"Szerz\u0151:":"terlanda.peter","Becs\u00fclt olvas\u00e1si id\u0151":"4 perc"},"schema":{"@context":"https:\/\/schema.org","@graph":[{"@type":"Article","@id":"https:\/\/www.slovklima.sk\/hu\/blog\/legkompresszorok-a-legkompresszor-es-a-hutokompresszor-kozotti-kulonbseg\/#article","isPartOf":{"@id":"https:\/\/www.slovklima.sk\/hu\/blog\/legkompresszorok-a-legkompresszor-es-a-hutokompresszor-kozotti-kulonbseg\/"},"author":{"name":"terlanda.peter","@id":"https:\/\/www.slovklima.sk\/#\/schema\/person\/116018679a4b34af051bf066b527c539"},"headline":"L\u00e9gkompresszorok \u2013 a l\u00e9gkompresszor \u00e9s a h\u0171t\u0151kompresszor k\u00f6z\u00f6tti k\u00fcl\u00f6nbs\u00e9g","datePublished":"2025-02-18T14:07:30+00:00","dateModified":"2026-01-21T09:03:35+00:00","mainEntityOfPage":{"@id":"https:\/\/www.slovklima.sk\/hu\/blog\/legkompresszorok-a-legkompresszor-es-a-hutokompresszor-kozotti-kulonbseg\/"},"wordCount":1113,"publisher":{"@id":"https:\/\/www.slovklima.sk\/#organization"},"image":{"@id":"https:\/\/www.slovklima.sk\/hu\/blog\/legkompresszorok-a-legkompresszor-es-a-hutokompresszor-kozotti-kulonbseg\/#primaryimage"},"thumbnailUrl":"https:\/\/www.slovklima.sk\/wp-content\/uploads\/2025\/02\/Vzduchovy-kompresor-HLAVNA-1.jpg","articleSection":["H\u0171t\u00e9s"],"inLanguage":"hu"},{"@type":"WebPage","@id":"https:\/\/www.slovklima.sk\/hu\/blog\/legkompresszorok-a-legkompresszor-es-a-hutokompresszor-kozotti-kulonbseg\/","url":"https:\/\/www.slovklima.sk\/hu\/blog\/legkompresszorok-a-legkompresszor-es-a-hutokompresszor-kozotti-kulonbseg\/","name":"L\u00e9gkompresszor | SLOVKLIMA DEIMOS group, s.r.o.","isPartOf":{"@id":"https:\/\/www.slovklima.sk\/#website"},"primaryImageOfPage":{"@id":"https:\/\/www.slovklima.sk\/hu\/blog\/legkompresszorok-a-legkompresszor-es-a-hutokompresszor-kozotti-kulonbseg\/#primaryimage"},"image":{"@id":"https:\/\/www.slovklima.sk\/hu\/blog\/legkompresszorok-a-legkompresszor-es-a-hutokompresszor-kozotti-kulonbseg\/#primaryimage"},"thumbnailUrl":"https:\/\/www.slovklima.sk\/wp-content\/uploads\/2025\/02\/Vzduchovy-kompresor-HLAVNA-1.jpg","datePublished":"2025-02-18T14:07:30+00:00","dateModified":"2026-01-21T09:03:35+00:00","description":"L\u00e9gkompresszor \u00e9s h\u0171t\u0151kompresszor \u2013 mi a k\u00fcl\u00f6nbs\u00e9g? Ismerd meg a k\u00e9t t\u00edpus m\u0171k\u00f6d\u00e9s\u00e9t, felhaszn\u00e1l\u00e1si ter\u00fcleteit \u00e9s legfontosabb jellemz\u0151it!","breadcrumb":{"@id":"https:\/\/www.slovklima.sk\/hu\/blog\/legkompresszorok-a-legkompresszor-es-a-hutokompresszor-kozotti-kulonbseg\/#breadcrumb"},"inLanguage":"hu","potentialAction":[{"@type":"ReadAction","target":["https:\/\/www.slovklima.sk\/hu\/blog\/legkompresszorok-a-legkompresszor-es-a-hutokompresszor-kozotti-kulonbseg\/"]}]},{"@type":"ImageObject","inLanguage":"hu","@id":"https:\/\/www.slovklima.sk\/hu\/blog\/legkompresszorok-a-legkompresszor-es-a-hutokompresszor-kozotti-kulonbseg\/#primaryimage","url":"https:\/\/www.slovklima.sk\/wp-content\/uploads\/2025\/02\/Vzduchovy-kompresor-HLAVNA-1.jpg","contentUrl":"https:\/\/www.slovklima.sk\/wp-content\/uploads\/2025\/02\/Vzduchovy-kompresor-HLAVNA-1.jpg","width":710,"height":300,"caption":"L\u00e9gkompresszor"},{"@type":"BreadcrumbList","@id":"https:\/\/www.slovklima.sk\/hu\/blog\/legkompresszorok-a-legkompresszor-es-a-hutokompresszor-kozotti-kulonbseg\/#breadcrumb","itemListElement":[{"@type":"ListItem","position":1,"name":"Domovsk\u00e1 str\u00e1nka","item":"https:\/\/www.slovklima.sk\/hu\/"},{"@type":"ListItem","position":2,"name":"L\u00e9gkompresszorok \u2013 a l\u00e9gkompresszor \u00e9s a h\u0171t\u0151kompresszor k\u00f6z\u00f6tti k\u00fcl\u00f6nbs\u00e9g"}]},{"@type":"WebSite","@id":"https:\/\/www.slovklima.sk\/#website","url":"https:\/\/www.slovklima.sk\/","name":"SLOVKLIMA DEIMOS group, s.r.o.","description":"","publisher":{"@id":"https:\/\/www.slovklima.sk\/#organization"},"alternateName":"SLOVKLIMA","potentialAction":[{"@type":"SearchAction","target":{"@type":"EntryPoint","urlTemplate":"https:\/\/www.slovklima.sk\/?s={search_term_string}"},"query-input":{"@type":"PropertyValueSpecification","valueRequired":true,"valueName":"search_term_string"}}],"inLanguage":"hu"},{"@type":"Organization","@id":"https:\/\/www.slovklima.sk\/#organization","name":"SLOVKLIMA DEIMOS group, s.r.o.","alternateName":"SLOVKLIMA","url":"https:\/\/www.slovklima.sk\/","logo":{"@type":"ImageObject","inLanguage":"hu","@id":"https:\/\/www.slovklima.sk\/#\/schema\/logo\/image\/","url":"https:\/\/www.slovklima.sk\/wp-content\/uploads\/2022\/12\/slovklima-logo-black.svg","contentUrl":"https:\/\/www.slovklima.sk\/wp-content\/uploads\/2022\/12\/slovklima-logo-black.svg","width":3218,"height":698,"caption":"SLOVKLIMA DEIMOS group, s.r.o."},"image":{"@id":"https:\/\/www.slovklima.sk\/#\/schema\/logo\/image\/"}},{"@type":"Person","@id":"https:\/\/www.slovklima.sk\/#\/schema\/person\/116018679a4b34af051bf066b527c539","name":"terlanda.peter","image":{"@type":"ImageObject","inLanguage":"hu","@id":"https:\/\/www.slovklima.sk\/#\/schema\/person\/image\/","url":"https:\/\/secure.gravatar.com\/avatar\/b022cc3ca0fc64964f410b12966d5772a852c461ebad9ff60247ddab8bafe8db?s=96&d=mm&r=g","contentUrl":"https:\/\/secure.gravatar.com\/avatar\/b022cc3ca0fc64964f410b12966d5772a852c461ebad9ff60247ddab8bafe8db?s=96&d=mm&r=g","caption":"terlanda.peter"}}]}},"_links":{"self":[{"href":"https:\/\/www.slovklima.sk\/hu\/wp-json\/wp\/v2\/posts\/13382","targetHints":{"allow":["GET"]}}],"collection":[{"href":"https:\/\/www.slovklima.sk\/hu\/wp-json\/wp\/v2\/posts"}],"about":[{"href":"https:\/\/www.slovklima.sk\/hu\/wp-json\/wp\/v2\/types\/post"}],"author":[{"embeddable":true,"href":"https:\/\/www.slovklima.sk\/hu\/wp-json\/wp\/v2\/users\/472"}],"replies":[{"embeddable":true,"href":"https:\/\/www.slovklima.sk\/hu\/wp-json\/wp\/v2\/comments?post=13382"}],"version-history":[{"count":1,"href":"https:\/\/www.slovklima.sk\/hu\/wp-json\/wp\/v2\/posts\/13382\/revisions"}],"predecessor-version":[{"id":19864,"href":"https:\/\/www.slovklima.sk\/hu\/wp-json\/wp\/v2\/posts\/13382\/revisions\/19864"}],"wp:featuredmedia":[{"embeddable":true,"href":"https:\/\/www.slovklima.sk\/hu\/wp-json\/wp\/v2\/media\/13386"}],"wp:attachment":[{"href":"https:\/\/www.slovklima.sk\/hu\/wp-json\/wp\/v2\/media?parent=13382"}],"wp:term":[{"taxonomy":"category","embeddable":true,"href":"https:\/\/www.slovklima.sk\/hu\/wp-json\/wp\/v2\/categories?post=13382"},{"taxonomy":"post_tag","embeddable":true,"href":"https:\/\/www.slovklima.sk\/hu\/wp-json\/wp\/v2\/tags?post=13382"},{"taxonomy":"table_tags","embeddable":true,"href":"https:\/\/www.slovklima.sk\/hu\/wp-json\/wp\/v2\/table_tags?post=13382"}],"curies":[{"name":"wp","href":"https:\/\/api.w.org\/{rel}","templated":true}]}}