{"id":13374,"date":"2025-02-18T14:53:05","date_gmt":"2025-02-18T13:53:05","guid":{"rendered":"https:\/\/www.slovklima.sk\/?p=13374"},"modified":"2026-01-21T10:03:38","modified_gmt":"2026-01-21T09:03:38","slug":"nem-minden-kompresszor-egyforma-melyik-a-legmegfelelobb-az-on-szamara","status":"publish","type":"post","link":"https:\/\/www.slovklima.sk\/hu\/blog\/nem-minden-kompresszor-egyforma-melyik-a-legmegfelelobb-az-on-szamara\/","title":{"rendered":"Nem minden kompresszor egyforma: Melyik a legmegfelel\u0151bb az \u00d6n sz\u00e1m\u00e1ra?"},"content":{"rendered":"<p>A kereskedelmi kompresszort\u00edpusok t\u00f6rt\u00e9net\u00e9ben sz\u00e1mos k\u00fcl\u00f6nb\u00f6z\u0151 technol\u00f3gia l\u00e9tezik. Ma a legt\u00f6bb kereskedelmi kompresszor dugatty\u00fas vagy csavarkompresszor. A legnagyobb rendszerekben azonban centrifug\u00e1lis technol\u00f3gia is el\u0151fordul, amely az \u00f6rv\u00e9nyl\u0151 er\u0151t haszn\u00e1lja a m\u0171k\u00f6d\u00e9shez. Azonban van egy tov\u00e1bbi szempont, amelyet figyelembe kell venni, amikor kompresszort v\u00e1laszt. Ez az architekt\u00fara, amely meghat\u00e1rozza a kompresszor fel\u00e9p\u00edt\u00e9s\u00e9t \u00e9s m\u0171k\u00f6d\u00e9s\u00e9t. Ezen az alapon h\u00e1rom f\u0151 kompresszort\u00edpus l\u00e9tezik: <\/p><ul class=\"wp-block-list\"><li>Hermetikus kompresszorok <\/li><\/ul><ul class=\"wp-block-list\"><li>F\u00e9lig hermetikus kompresszorok <\/li><\/ul><ul class=\"wp-block-list\"><li>Scroll kompresszorok <\/li><\/ul><p>F\u00fcggetlen\u00fcl att\u00f3l, milyen architekt\u00far\u00e1t v\u00e1laszt, a technol\u00f3gia jelent\u0151s hat\u00e1ssal lesz a kompresszor m\u0171k\u00f6d\u00e9s\u00e9re \u00e9s hat\u00e9konys\u00e1g\u00e1ra. <\/p><figure class=\"wp-block-image size-full is-resized\"><img decoding=\"async\" width=\"710\" height=\"300\" src=\"https:\/\/www.slovklima.sk\/wp-content\/uploads\/2025\/02\/image-1.jpg\" alt=\"Kompresszort\u00edpusok\" class=\"wp-image-13375\" style=\"width:953px;height:auto\" srcset=\"https:\/\/www.slovklima.sk\/wp-content\/uploads\/2025\/02\/image-1.jpg 710w, https:\/\/www.slovklima.sk\/wp-content\/uploads\/2025\/02\/image-1-400x169.jpg 400w, https:\/\/www.slovklima.sk\/wp-content\/uploads\/2025\/02\/image-1-430x182.jpg 430w, https:\/\/www.slovklima.sk\/wp-content\/uploads\/2025\/02\/image-1-700x296.jpg 700w, https:\/\/www.slovklima.sk\/wp-content\/uploads\/2025\/02\/image-1-150x63.jpg 150w\" sizes=\"(max-width: 710px) 100vw, 710px\" \/><\/figure><h2 class=\"wp-block-heading\">Mi a hermetikus kompresszor? <\/h2><p>A hermetikus kompresszor teljesen le van z\u00e1rva a k\u00f6rnyezett\u0151l egy z\u00e1rt burkolattal. Semmilyen m\u00f3don nem lehet hozz\u00e1f\u00e9rni. Maga a \u201ehermetikus\u201d sz\u00f3 jelent\u00e9se l\u00e9gmentesen z\u00e1rt. F\u0151k\u00e9nt h\u0171t\u0151k\u00f6r\u00f6kben haszn\u00e1lj\u00e1k. <\/p><p>A h\u0171t\u00e9shez haszn\u00e1lt hermetikus dugatty\u00fas kompresszorok z\u00e1rt egys\u00e9gek, amelyekben a motor \u00e9s a kompresszor hermetikusan z\u00e1rt h\u00e1zban helyezkedik el, ami megakad\u00e1lyozza a h\u0171t\u0151k\u00f6zeg sziv\u00e1rg\u00e1s\u00e1t. A kompresszorban l\u00e9v\u0151 dugatty\u00fa \u00f6sszenyomja a h\u0171t\u0151k\u00f6zeget, n\u00f6velve annak nyom\u00e1s\u00e1t \u00e9s h\u0151m\u00e9rs\u00e9klet\u00e9t, ami lehet\u0151v\u00e9 teszi a kondenz\u00e1ci\u00f3t \u00e9s a k\u00f6rnyezet leh\u0171t\u00e9s\u00e9t. Z\u00e1rt kialak\u00edt\u00e1suknak k\u00f6sz\u00f6nhet\u0151en ezek a kompresszorok csendesek, megb\u00edzhat\u00f3ak \u00e9s sz\u00e9les k\u00f6rben haszn\u00e1latosak k\u00fcl\u00f6nb\u00f6z\u0151 h\u0171t\u0151rendszerekben, p\u00e9ld\u00e1ul h\u00e1ztart\u00e1si h\u0171t\u0151szekr\u00e9nyekben \u00e9s l\u00e9gkondicion\u00e1l\u00f3 egys\u00e9gekben. <\/p><p>A hermetikus kompresszornak azonban jelent\u0151s h\u00e1tr\u00e1nyai vannak, amelyek korl\u00e1tozz\u00e1k a felhaszn\u00e1l\u00e1si lehet\u0151s\u00e9geit, k\u00fcl\u00f6n\u00f6sen ig\u00e9nyes k\u00f6rnyezetekben. \u00c1ltal\u00e1ban kisebb rendszerekre korl\u00e1toz\u00f3dnak, \u00e9s leggyakrabban fogyaszt\u00e1si cikkekben fordulnak el\u0151. Olyan helyzetekben, ahol a teljes\u00edtm\u00e9ny \u00e9s a hat\u00e9konys\u00e1g maximaliz\u00e1l\u00e1sa sz\u00fcks\u00e9ges, a hermetikus kompresszor gyakran nem megfelel\u0151 v\u00e1laszt\u00e1s. Mechanikai probl\u00e9ma eset\u00e9n nem lehet kinyitni \u00e9s jav\u00edtani \u2013 m\u00e9g ha a hiba egyszer\u0171 \u00e9s k\u00f6nnyen jav\u00edthat\u00f3 is lenne, az egyetlen megold\u00e1s a kompresszor teljes cser\u00e9je. <\/p><h2 class=\"wp-block-heading\">Mi a f\u00e9lig hermetikus kompresszor? <\/h2><p>A hermetikus kompresszorhoz hasonl\u00f3an a f\u00e9lig hermetikus kompresszor is egy z\u00e1rt burkolatban v\u00e9di a motort \u00e9s a kompresszort a k\u00fcls\u0151 k\u00f6rnyezeti hat\u00e1sokt\u00f3l. Azonban a hermetikus kompresszorral ellent\u00e9tben ezek a modellek \u00fagy vannak kialak\u00edtva, hogy nyithat\u00f3k legyenek a diagnosztika \u00e9s a rendszeres karbantart\u00e1s \u00e9rdek\u00e9ben. <\/p><p>A h\u0171t\u00e9shez haszn\u00e1lt f\u00e9lig hermetikus kompresszorok eset\u00e9ben a motor \u00e9s a kompresszor egy k\u00f6z\u00f6s h\u00e1zban helyezkedik el, amely azonban sz\u00e9tszerelhet\u0151, \u00edgy lehet\u0151v\u00e9 teszi az egyes alkatr\u00e9szek karbantart\u00e1s\u00e1t \u00e9s jav\u00edt\u00e1s\u00e1t. Ezek a kompresszorok dugatty\u00fas vagy csavarmechanizmus seg\u00edts\u00e9g\u00e9vel s\u0171r\u00edtik a h\u0171t\u0151k\u00f6zeget, n\u00f6velve annak nyom\u00e1s\u00e1t \u00e9s h\u0151m\u00e9rs\u00e9klet\u00e9t. Robusztus kialak\u00edt\u00e1suknak \u00e9s jav\u00edthat\u00f3s\u00e1guknak k\u00f6sz\u00f6nhet\u0151en gyakran haszn\u00e1lj\u00e1k ipari \u00e9s kereskedelmi h\u0171t\u0151rendszerekben. <\/p><p>A rendszeres karbantart\u00e1s kulcsfontoss\u00e1g\u00fa a kompresszor \u00e9lettartam\u00e1nak meghosszabb\u00edt\u00e1sa \u00e9rdek\u00e9ben. Egyetlen kompresszort\u00edpus sem m\u0171k\u00f6dik \u00f6r\u00f6kk\u00e9, azonban a modern berendez\u00e9sek teljes hat\u00e9konys\u00e1ggal \u00fczemelhetnek teljes \u00e9lettartamuk alatt, ha megfelel\u0151 karbantart\u00e1st kapnak. <\/p><h2 class=\"wp-block-heading\">Mik azok a scroll kompresszorok? <\/h2><p>A scroll kompresszor, m\u00e1s n\u00e9ven spir\u00e1lkompresszor, egy t\u00e9rfogat-kiszor\u00edt\u00e1sos kompresszor t\u00edpus. A leveg\u0151 vagy g\u00e1z bels\u0151 s\u0171r\u00edt\u00e9s\u00e9nek elv\u00e9n m\u0171k\u00f6dik. A scroll kompresszorok lehetnek olajken\u00e9s\u0171ek vagy olajmentes kivitel\u0171ek. <\/p><p>A h\u0171t\u00e9shez haszn\u00e1lt scroll kompresszorok k\u00e9t spir\u00e1lis elemb\u0151l \u00e1llnak, amelyek k\u00f6z\u00fcl az egyik r\u00f6gz\u00edtett, m\u00edg a m\u00e1sik excentrikusan mozog, fokozatosan \u00f6sszenyomva a h\u0171t\u0151k\u00f6zeget. Ez a kompresszort\u00edpus hat\u00e9kony, csendes \u00e9s kevesebb mozg\u00f3 alkatr\u00e9sszel rendelkezik, ami cs\u00f6kkenti a kop\u00e1st \u00e9s meghosszabb\u00edtja a berendez\u00e9s \u00e9lettartam\u00e1t. Megb\u00edzhat\u00f3s\u00e1g\u00e1nak \u00e9s nagy teljes\u00edtm\u00e9ny\u00e9nek k\u00f6sz\u00f6nhet\u0151en gyakran alkalmazz\u00e1k l\u00e9gkondicion\u00e1l\u00f3 rendszerekben \u00e9s kisebb vagy k\u00f6zepes kapacit\u00e1s\u00fa h\u0171t\u0151rendszerekben. <\/p><h2 class=\"wp-block-heading\">\u00d6sszegz\u00e9s <\/h2><p>A k\u00fcl\u00f6nb\u00f6z\u0151 kompresszort\u00edpusok bemutat\u00e1sa ut\u00e1n meg\u00e1llap\u00edthat\u00f3, hogy nincs egy\u00e9rtelm\u0171 v\u00e1lasz arra, melyik t\u00edpus a legjobb. Mindegyiknek megvannak a maga el\u0151nyei \u00e9s h\u00e1tr\u00e1nyai. V\u00e9gs\u0151 soron minden az adott ig\u00e9nyekt\u0151l f\u00fcgg. <\/p><p>A <a href=\"https:\/\/www.slovklima.sk\/hu\/\">Slovklima<\/a> szak\u00e9rt\u0151i csapata rendelkezik a sz\u00fcks\u00e9ges szaktud\u00e1ssal, \u00edgy \u00f6r\u00f6mmel seg\u00edt\u00fcnk \u00d6nnek a megfelel\u0151 kompresszor kiv\u00e1laszt\u00e1s\u00e1ban \u00e9s szakszer\u0171 tan\u00e1csad\u00e1ssal \u00e1llunk rendelkez\u00e9s\u00e9re. <\/p>","protected":false},"excerpt":{"rendered":"<p>A kereskedelmi kompresszort\u00edpusok t\u00f6rt\u00e9net\u00e9ben sz\u00e1mos k\u00fcl\u00f6nb\u00f6z\u0151 technol\u00f3gia l\u00e9tezik. Ma a legt\u00f6bb kereskedelmi kompresszor dugatty\u00fas vagy csavarkompresszor. A legnagyobb rendszerekben azonban<\/p>\n","protected":false},"author":472,"featured_media":13378,"comment_status":"closed","ping_status":"open","sticky":false,"template":"","format":"standard","meta":{"footnotes":""},"categories":[348],"tags":[],"table_tags":[],"class_list":["post-13374","post","type-post","status-publish","format-standard","has-post-thumbnail","hentry","category-hutes"],"yoast_head":"<!-- This site is optimized with the Yoast SEO plugin v24.3 - https:\/\/yoast.com\/wordpress\/plugins\/seo\/ -->\n<title>Kompresszort\u00edpusok | SLOVKLIMA DEIMOS group, s.r.o.<\/title>\n<meta name=\"description\" content=\"Kompresszort\u00edpusok \u00e9s alkalmaz\u00e1si ter\u00fcleteik: Tudj meg t\u00f6bbet a k\u00fcl\u00f6nb\u00f6z\u0151 kompresszorok m\u0171k\u00f6d\u00e9s\u00e9r\u0151l, hat\u00e9konys\u00e1g\u00e1r\u00f3l \u00e9s karbantart\u00e1s\u00e1r\u00f3l!\" \/>\n<meta name=\"robots\" content=\"index, follow, max-snippet:-1, max-image-preview:large, max-video-preview:-1\" \/>\n<link rel=\"canonical\" href=\"https:\/\/www.slovklima.sk\/hu\/blog\/nem-minden-kompresszor-egyforma-melyik-a-legmegfelelobb-az-on-szamara\/\" \/>\n<meta property=\"og:locale\" content=\"hu_HU\" \/>\n<meta property=\"og:type\" content=\"article\" \/>\n<meta property=\"og:title\" content=\"Kompresszort\u00edpusok | SLOVKLIMA DEIMOS group, s.r.o.\" \/>\n<meta property=\"og:description\" content=\"Kompresszort\u00edpusok \u00e9s alkalmaz\u00e1si ter\u00fcleteik: Tudj meg t\u00f6bbet a k\u00fcl\u00f6nb\u00f6z\u0151 kompresszorok m\u0171k\u00f6d\u00e9s\u00e9r\u0151l, hat\u00e9konys\u00e1g\u00e1r\u00f3l \u00e9s karbantart\u00e1s\u00e1r\u00f3l!\" \/>\n<meta property=\"og:url\" content=\"https:\/\/www.slovklima.sk\/hu\/blog\/nem-minden-kompresszor-egyforma-melyik-a-legmegfelelobb-az-on-szamara\/\" \/>\n<meta property=\"og:site_name\" content=\"SLOVKLIMA DEIMOS group, s.r.o.\" \/>\n<meta property=\"article:published_time\" content=\"2025-02-18T13:53:05+00:00\" \/>\n<meta property=\"article:modified_time\" content=\"2026-01-21T09:03:38+00:00\" \/>\n<meta property=\"og:image\" content=\"https:\/\/www.slovklima.sk\/wp-content\/uploads\/2025\/02\/Kompresor-2-HLAVNA.webp\" \/>\n\t<meta property=\"og:image:width\" content=\"710\" \/>\n\t<meta property=\"og:image:height\" content=\"300\" \/>\n\t<meta property=\"og:image:type\" content=\"image\/webp\" \/>\n<meta name=\"author\" content=\"terlanda.peter\" \/>\n<meta name=\"twitter:card\" content=\"summary_large_image\" \/>\n<meta name=\"twitter:label1\" content=\"Szerz\u0151:\" \/>\n\t<meta name=\"twitter:data1\" content=\"terlanda.peter\" \/>\n\t<meta name=\"twitter:label2\" content=\"Becs\u00fclt olvas\u00e1si id\u0151\" \/>\n\t<meta name=\"twitter:data2\" content=\"4 perc\" \/>\n<script type=\"application\/ld+json\" class=\"yoast-schema-graph\">{\"@context\":\"https:\/\/schema.org\",\"@graph\":[{\"@type\":\"Article\",\"@id\":\"https:\/\/www.slovklima.sk\/hu\/blog\/nem-minden-kompresszor-egyforma-melyik-a-legmegfelelobb-az-on-szamara\/#article\",\"isPartOf\":{\"@id\":\"https:\/\/www.slovklima.sk\/hu\/blog\/nem-minden-kompresszor-egyforma-melyik-a-legmegfelelobb-az-on-szamara\/\"},\"author\":{\"name\":\"terlanda.peter\",\"@id\":\"https:\/\/www.slovklima.sk\/#\/schema\/person\/116018679a4b34af051bf066b527c539\"},\"headline\":\"Nem minden kompresszor egyforma: Melyik a legmegfelel\u0151bb az \u00d6n sz\u00e1m\u00e1ra?\",\"datePublished\":\"2025-02-18T13:53:05+00:00\",\"dateModified\":\"2026-01-21T09:03:38+00:00\",\"mainEntityOfPage\":{\"@id\":\"https:\/\/www.slovklima.sk\/hu\/blog\/nem-minden-kompresszor-egyforma-melyik-a-legmegfelelobb-az-on-szamara\/\"},\"wordCount\":858,\"publisher\":{\"@id\":\"https:\/\/www.slovklima.sk\/#organization\"},\"image\":{\"@id\":\"https:\/\/www.slovklima.sk\/hu\/blog\/nem-minden-kompresszor-egyforma-melyik-a-legmegfelelobb-az-on-szamara\/#primaryimage\"},\"thumbnailUrl\":\"https:\/\/www.slovklima.sk\/wp-content\/uploads\/2025\/02\/Kompresor-2-HLAVNA.webp\",\"articleSection\":[\"H\u0171t\u00e9s\"],\"inLanguage\":\"hu\"},{\"@type\":\"WebPage\",\"@id\":\"https:\/\/www.slovklima.sk\/hu\/blog\/nem-minden-kompresszor-egyforma-melyik-a-legmegfelelobb-az-on-szamara\/\",\"url\":\"https:\/\/www.slovklima.sk\/hu\/blog\/nem-minden-kompresszor-egyforma-melyik-a-legmegfelelobb-az-on-szamara\/\",\"name\":\"Kompresszort\u00edpusok | SLOVKLIMA DEIMOS group, s.r.o.\",\"isPartOf\":{\"@id\":\"https:\/\/www.slovklima.sk\/#website\"},\"primaryImageOfPage\":{\"@id\":\"https:\/\/www.slovklima.sk\/hu\/blog\/nem-minden-kompresszor-egyforma-melyik-a-legmegfelelobb-az-on-szamara\/#primaryimage\"},\"image\":{\"@id\":\"https:\/\/www.slovklima.sk\/hu\/blog\/nem-minden-kompresszor-egyforma-melyik-a-legmegfelelobb-az-on-szamara\/#primaryimage\"},\"thumbnailUrl\":\"https:\/\/www.slovklima.sk\/wp-content\/uploads\/2025\/02\/Kompresor-2-HLAVNA.webp\",\"datePublished\":\"2025-02-18T13:53:05+00:00\",\"dateModified\":\"2026-01-21T09:03:38+00:00\",\"description\":\"Kompresszort\u00edpusok \u00e9s alkalmaz\u00e1si ter\u00fcleteik: Tudj meg t\u00f6bbet a k\u00fcl\u00f6nb\u00f6z\u0151 kompresszorok m\u0171k\u00f6d\u00e9s\u00e9r\u0151l, hat\u00e9konys\u00e1g\u00e1r\u00f3l \u00e9s karbantart\u00e1s\u00e1r\u00f3l!\",\"breadcrumb\":{\"@id\":\"https:\/\/www.slovklima.sk\/hu\/blog\/nem-minden-kompresszor-egyforma-melyik-a-legmegfelelobb-az-on-szamara\/#breadcrumb\"},\"inLanguage\":\"hu\",\"potentialAction\":[{\"@type\":\"ReadAction\",\"target\":[\"https:\/\/www.slovklima.sk\/hu\/blog\/nem-minden-kompresszor-egyforma-melyik-a-legmegfelelobb-az-on-szamara\/\"]}]},{\"@type\":\"ImageObject\",\"inLanguage\":\"hu\",\"@id\":\"https:\/\/www.slovklima.sk\/hu\/blog\/nem-minden-kompresszor-egyforma-melyik-a-legmegfelelobb-az-on-szamara\/#primaryimage\",\"url\":\"https:\/\/www.slovklima.sk\/wp-content\/uploads\/2025\/02\/Kompresor-2-HLAVNA.webp\",\"contentUrl\":\"https:\/\/www.slovklima.sk\/wp-content\/uploads\/2025\/02\/Kompresor-2-HLAVNA.webp\",\"width\":710,\"height\":300,\"caption\":\"Kompresszort\u00edpusok\"},{\"@type\":\"BreadcrumbList\",\"@id\":\"https:\/\/www.slovklima.sk\/hu\/blog\/nem-minden-kompresszor-egyforma-melyik-a-legmegfelelobb-az-on-szamara\/#breadcrumb\",\"itemListElement\":[{\"@type\":\"ListItem\",\"position\":1,\"name\":\"Domovsk\u00e1 str\u00e1nka\",\"item\":\"https:\/\/www.slovklima.sk\/hu\/\"},{\"@type\":\"ListItem\",\"position\":2,\"name\":\"Nem minden kompresszor egyforma: Melyik a legmegfelel\u0151bb az \u00d6n sz\u00e1m\u00e1ra?\"}]},{\"@type\":\"WebSite\",\"@id\":\"https:\/\/www.slovklima.sk\/#website\",\"url\":\"https:\/\/www.slovklima.sk\/\",\"name\":\"SLOVKLIMA DEIMOS group, s.r.o.\",\"description\":\"\",\"publisher\":{\"@id\":\"https:\/\/www.slovklima.sk\/#organization\"},\"alternateName\":\"SLOVKLIMA\",\"potentialAction\":[{\"@type\":\"SearchAction\",\"target\":{\"@type\":\"EntryPoint\",\"urlTemplate\":\"https:\/\/www.slovklima.sk\/?s={search_term_string}\"},\"query-input\":{\"@type\":\"PropertyValueSpecification\",\"valueRequired\":true,\"valueName\":\"search_term_string\"}}],\"inLanguage\":\"hu\"},{\"@type\":\"Organization\",\"@id\":\"https:\/\/www.slovklima.sk\/#organization\",\"name\":\"SLOVKLIMA DEIMOS group, s.r.o.\",\"alternateName\":\"SLOVKLIMA\",\"url\":\"https:\/\/www.slovklima.sk\/\",\"logo\":{\"@type\":\"ImageObject\",\"inLanguage\":\"hu\",\"@id\":\"https:\/\/www.slovklima.sk\/#\/schema\/logo\/image\/\",\"url\":\"https:\/\/www.slovklima.sk\/wp-content\/uploads\/2022\/12\/slovklima-logo-black.svg\",\"contentUrl\":\"https:\/\/www.slovklima.sk\/wp-content\/uploads\/2022\/12\/slovklima-logo-black.svg\",\"width\":3218,\"height\":698,\"caption\":\"SLOVKLIMA DEIMOS group, s.r.o.\"},\"image\":{\"@id\":\"https:\/\/www.slovklima.sk\/#\/schema\/logo\/image\/\"}},{\"@type\":\"Person\",\"@id\":\"https:\/\/www.slovklima.sk\/#\/schema\/person\/116018679a4b34af051bf066b527c539\",\"name\":\"terlanda.peter\",\"image\":{\"@type\":\"ImageObject\",\"inLanguage\":\"hu\",\"@id\":\"https:\/\/www.slovklima.sk\/#\/schema\/person\/image\/\",\"url\":\"https:\/\/secure.gravatar.com\/avatar\/b022cc3ca0fc64964f410b12966d5772a852c461ebad9ff60247ddab8bafe8db?s=96&d=mm&r=g\",\"contentUrl\":\"https:\/\/secure.gravatar.com\/avatar\/b022cc3ca0fc64964f410b12966d5772a852c461ebad9ff60247ddab8bafe8db?s=96&d=mm&r=g\",\"caption\":\"terlanda.peter\"}}]}<\/script>\n<!-- \/ Yoast SEO plugin. -->","yoast_head_json":{"title":"Kompresszort\u00edpusok | SLOVKLIMA DEIMOS group, s.r.o.","description":"Kompresszort\u00edpusok \u00e9s alkalmaz\u00e1si ter\u00fcleteik: Tudj meg t\u00f6bbet a k\u00fcl\u00f6nb\u00f6z\u0151 kompresszorok m\u0171k\u00f6d\u00e9s\u00e9r\u0151l, hat\u00e9konys\u00e1g\u00e1r\u00f3l \u00e9s karbantart\u00e1s\u00e1r\u00f3l!","robots":{"index":"index","follow":"follow","max-snippet":"max-snippet:-1","max-image-preview":"max-image-preview:large","max-video-preview":"max-video-preview:-1"},"canonical":"https:\/\/www.slovklima.sk\/hu\/blog\/nem-minden-kompresszor-egyforma-melyik-a-legmegfelelobb-az-on-szamara\/","og_locale":"hu_HU","og_type":"article","og_title":"Kompresszort\u00edpusok | SLOVKLIMA DEIMOS group, s.r.o.","og_description":"Kompresszort\u00edpusok \u00e9s alkalmaz\u00e1si ter\u00fcleteik: Tudj meg t\u00f6bbet a k\u00fcl\u00f6nb\u00f6z\u0151 kompresszorok m\u0171k\u00f6d\u00e9s\u00e9r\u0151l, hat\u00e9konys\u00e1g\u00e1r\u00f3l \u00e9s karbantart\u00e1s\u00e1r\u00f3l!","og_url":"https:\/\/www.slovklima.sk\/hu\/blog\/nem-minden-kompresszor-egyforma-melyik-a-legmegfelelobb-az-on-szamara\/","og_site_name":"SLOVKLIMA DEIMOS group, s.r.o.","article_published_time":"2025-02-18T13:53:05+00:00","article_modified_time":"2026-01-21T09:03:38+00:00","og_image":[{"width":710,"height":300,"url":"https:\/\/www.slovklima.sk\/wp-content\/uploads\/2025\/02\/Kompresor-2-HLAVNA.webp","type":"image\/webp"}],"author":"terlanda.peter","twitter_card":"summary_large_image","twitter_misc":{"Szerz\u0151:":"terlanda.peter","Becs\u00fclt olvas\u00e1si id\u0151":"4 perc"},"schema":{"@context":"https:\/\/schema.org","@graph":[{"@type":"Article","@id":"https:\/\/www.slovklima.sk\/hu\/blog\/nem-minden-kompresszor-egyforma-melyik-a-legmegfelelobb-az-on-szamara\/#article","isPartOf":{"@id":"https:\/\/www.slovklima.sk\/hu\/blog\/nem-minden-kompresszor-egyforma-melyik-a-legmegfelelobb-az-on-szamara\/"},"author":{"name":"terlanda.peter","@id":"https:\/\/www.slovklima.sk\/#\/schema\/person\/116018679a4b34af051bf066b527c539"},"headline":"Nem minden kompresszor egyforma: Melyik a legmegfelel\u0151bb az \u00d6n sz\u00e1m\u00e1ra?","datePublished":"2025-02-18T13:53:05+00:00","dateModified":"2026-01-21T09:03:38+00:00","mainEntityOfPage":{"@id":"https:\/\/www.slovklima.sk\/hu\/blog\/nem-minden-kompresszor-egyforma-melyik-a-legmegfelelobb-az-on-szamara\/"},"wordCount":858,"publisher":{"@id":"https:\/\/www.slovklima.sk\/#organization"},"image":{"@id":"https:\/\/www.slovklima.sk\/hu\/blog\/nem-minden-kompresszor-egyforma-melyik-a-legmegfelelobb-az-on-szamara\/#primaryimage"},"thumbnailUrl":"https:\/\/www.slovklima.sk\/wp-content\/uploads\/2025\/02\/Kompresor-2-HLAVNA.webp","articleSection":["H\u0171t\u00e9s"],"inLanguage":"hu"},{"@type":"WebPage","@id":"https:\/\/www.slovklima.sk\/hu\/blog\/nem-minden-kompresszor-egyforma-melyik-a-legmegfelelobb-az-on-szamara\/","url":"https:\/\/www.slovklima.sk\/hu\/blog\/nem-minden-kompresszor-egyforma-melyik-a-legmegfelelobb-az-on-szamara\/","name":"Kompresszort\u00edpusok | SLOVKLIMA DEIMOS group, s.r.o.","isPartOf":{"@id":"https:\/\/www.slovklima.sk\/#website"},"primaryImageOfPage":{"@id":"https:\/\/www.slovklima.sk\/hu\/blog\/nem-minden-kompresszor-egyforma-melyik-a-legmegfelelobb-az-on-szamara\/#primaryimage"},"image":{"@id":"https:\/\/www.slovklima.sk\/hu\/blog\/nem-minden-kompresszor-egyforma-melyik-a-legmegfelelobb-az-on-szamara\/#primaryimage"},"thumbnailUrl":"https:\/\/www.slovklima.sk\/wp-content\/uploads\/2025\/02\/Kompresor-2-HLAVNA.webp","datePublished":"2025-02-18T13:53:05+00:00","dateModified":"2026-01-21T09:03:38+00:00","description":"Kompresszort\u00edpusok \u00e9s alkalmaz\u00e1si ter\u00fcleteik: Tudj meg t\u00f6bbet a k\u00fcl\u00f6nb\u00f6z\u0151 kompresszorok m\u0171k\u00f6d\u00e9s\u00e9r\u0151l, hat\u00e9konys\u00e1g\u00e1r\u00f3l \u00e9s karbantart\u00e1s\u00e1r\u00f3l!","breadcrumb":{"@id":"https:\/\/www.slovklima.sk\/hu\/blog\/nem-minden-kompresszor-egyforma-melyik-a-legmegfelelobb-az-on-szamara\/#breadcrumb"},"inLanguage":"hu","potentialAction":[{"@type":"ReadAction","target":["https:\/\/www.slovklima.sk\/hu\/blog\/nem-minden-kompresszor-egyforma-melyik-a-legmegfelelobb-az-on-szamara\/"]}]},{"@type":"ImageObject","inLanguage":"hu","@id":"https:\/\/www.slovklima.sk\/hu\/blog\/nem-minden-kompresszor-egyforma-melyik-a-legmegfelelobb-az-on-szamara\/#primaryimage","url":"https:\/\/www.slovklima.sk\/wp-content\/uploads\/2025\/02\/Kompresor-2-HLAVNA.webp","contentUrl":"https:\/\/www.slovklima.sk\/wp-content\/uploads\/2025\/02\/Kompresor-2-HLAVNA.webp","width":710,"height":300,"caption":"Kompresszort\u00edpusok"},{"@type":"BreadcrumbList","@id":"https:\/\/www.slovklima.sk\/hu\/blog\/nem-minden-kompresszor-egyforma-melyik-a-legmegfelelobb-az-on-szamara\/#breadcrumb","itemListElement":[{"@type":"ListItem","position":1,"name":"Domovsk\u00e1 str\u00e1nka","item":"https:\/\/www.slovklima.sk\/hu\/"},{"@type":"ListItem","position":2,"name":"Nem minden kompresszor egyforma: Melyik a legmegfelel\u0151bb az \u00d6n sz\u00e1m\u00e1ra?"}]},{"@type":"WebSite","@id":"https:\/\/www.slovklima.sk\/#website","url":"https:\/\/www.slovklima.sk\/","name":"SLOVKLIMA DEIMOS group, s.r.o.","description":"","publisher":{"@id":"https:\/\/www.slovklima.sk\/#organization"},"alternateName":"SLOVKLIMA","potentialAction":[{"@type":"SearchAction","target":{"@type":"EntryPoint","urlTemplate":"https:\/\/www.slovklima.sk\/?s={search_term_string}"},"query-input":{"@type":"PropertyValueSpecification","valueRequired":true,"valueName":"search_term_string"}}],"inLanguage":"hu"},{"@type":"Organization","@id":"https:\/\/www.slovklima.sk\/#organization","name":"SLOVKLIMA DEIMOS group, s.r.o.","alternateName":"SLOVKLIMA","url":"https:\/\/www.slovklima.sk\/","logo":{"@type":"ImageObject","inLanguage":"hu","@id":"https:\/\/www.slovklima.sk\/#\/schema\/logo\/image\/","url":"https:\/\/www.slovklima.sk\/wp-content\/uploads\/2022\/12\/slovklima-logo-black.svg","contentUrl":"https:\/\/www.slovklima.sk\/wp-content\/uploads\/2022\/12\/slovklima-logo-black.svg","width":3218,"height":698,"caption":"SLOVKLIMA DEIMOS group, s.r.o."},"image":{"@id":"https:\/\/www.slovklima.sk\/#\/schema\/logo\/image\/"}},{"@type":"Person","@id":"https:\/\/www.slovklima.sk\/#\/schema\/person\/116018679a4b34af051bf066b527c539","name":"terlanda.peter","image":{"@type":"ImageObject","inLanguage":"hu","@id":"https:\/\/www.slovklima.sk\/#\/schema\/person\/image\/","url":"https:\/\/secure.gravatar.com\/avatar\/b022cc3ca0fc64964f410b12966d5772a852c461ebad9ff60247ddab8bafe8db?s=96&d=mm&r=g","contentUrl":"https:\/\/secure.gravatar.com\/avatar\/b022cc3ca0fc64964f410b12966d5772a852c461ebad9ff60247ddab8bafe8db?s=96&d=mm&r=g","caption":"terlanda.peter"}}]}},"_links":{"self":[{"href":"https:\/\/www.slovklima.sk\/hu\/wp-json\/wp\/v2\/posts\/13374","targetHints":{"allow":["GET"]}}],"collection":[{"href":"https:\/\/www.slovklima.sk\/hu\/wp-json\/wp\/v2\/posts"}],"about":[{"href":"https:\/\/www.slovklima.sk\/hu\/wp-json\/wp\/v2\/types\/post"}],"author":[{"embeddable":true,"href":"https:\/\/www.slovklima.sk\/hu\/wp-json\/wp\/v2\/users\/472"}],"replies":[{"embeddable":true,"href":"https:\/\/www.slovklima.sk\/hu\/wp-json\/wp\/v2\/comments?post=13374"}],"version-history":[{"count":1,"href":"https:\/\/www.slovklima.sk\/hu\/wp-json\/wp\/v2\/posts\/13374\/revisions"}],"predecessor-version":[{"id":19885,"href":"https:\/\/www.slovklima.sk\/hu\/wp-json\/wp\/v2\/posts\/13374\/revisions\/19885"}],"wp:featuredmedia":[{"embeddable":true,"href":"https:\/\/www.slovklima.sk\/hu\/wp-json\/wp\/v2\/media\/13378"}],"wp:attachment":[{"href":"https:\/\/www.slovklima.sk\/hu\/wp-json\/wp\/v2\/media?parent=13374"}],"wp:term":[{"taxonomy":"category","embeddable":true,"href":"https:\/\/www.slovklima.sk\/hu\/wp-json\/wp\/v2\/categories?post=13374"},{"taxonomy":"post_tag","embeddable":true,"href":"https:\/\/www.slovklima.sk\/hu\/wp-json\/wp\/v2\/tags?post=13374"},{"taxonomy":"table_tags","embeddable":true,"href":"https:\/\/www.slovklima.sk\/hu\/wp-json\/wp\/v2\/table_tags?post=13374"}],"curies":[{"name":"wp","href":"https:\/\/api.w.org\/{rel}","templated":true}]}}