{"id":13347,"date":"2025-02-18T15:04:17","date_gmt":"2025-02-18T14:04:17","guid":{"rendered":"https:\/\/www.slovklima.sk\/?p=13347"},"modified":"2026-01-21T10:03:36","modified_gmt":"2026-01-21T09:03:36","slug":"legkondicionalas-vallalatok-szamara-miert-erdemes-ipari-egyseget-valasztani-a-kereskedelmi-helyett","status":"publish","type":"post","link":"https:\/\/www.slovklima.sk\/hu\/blog\/legkondicionalas-vallalatok-szamara-miert-erdemes-ipari-egyseget-valasztani-a-kereskedelmi-helyett\/","title":{"rendered":"L\u00e9gkondicion\u00e1l\u00e1s v\u00e1llalatok sz\u00e1m\u00e1ra: Mi\u00e9rt \u00e9rdemes ipari egys\u00e9get v\u00e1lasztani a kereskedelmi helyett?"},"content":{"rendered":"<p><strong>Az ipari l\u00e9gkondicion\u00e1l\u00e1s v\u00e1llalatok sz\u00e1m\u00e1ra sz\u00e9les k\u00f6rben alkalmazott megold\u00e1s k\u00fcl\u00f6nb\u00f6z\u0151 ipari l\u00e9tes\u00edtm\u00e9nyekben. Gyakran haszn\u00e1lj\u00e1k elektromos helyis\u00e9gekben, laborat\u00f3riumokban \u00e9s adatk\u00f6zpontokban. Fontos meg\u00e9rteni, hogyan m\u0171k\u00f6dik a l\u00e9gkondicion\u00e1l\u00e1s v\u00e1llalatok sz\u00e1m\u00e1ra, legyen sz\u00f3 kereskedelmi vagy ipari k\u00f6rnyezetr\u0151l. Mikor \u00e9rdemesebb ipari l\u00e9gkondicion\u00e1l\u00f3t v\u00e1lasztani? Milyen el\u0151nyei vannak?<\/strong> <\/p><p>A megfelel\u0151 l\u00e9gkondicion\u00e1l\u00f3 kiv\u00e1laszt\u00e1sa kulcsfontoss\u00e1g\u00fa a hat\u00e9konys\u00e1g \u00e9s teljes\u00edtm\u00e9ny szempontj\u00e1b\u00f3l. Az ipari \u00e9s kereskedelmi rendszerek k\u00f6z\u00f6tt nagy m\u00e9retbeli k\u00fcl\u00f6nbs\u00e9g van. Egy hagyom\u00e1nyos l\u00e9gkondicion\u00e1l\u00f3 2,5\u20137,5 kW teljes\u00edtm\u00e9ny\u0171, m\u00edg egy ipari egys\u00e9g ak\u00e1r 50 kW feletti h\u0171t\u00e9si kapacit\u00e1ssal is rendelkezhet. Az ipari l\u00e9gkondicion\u00e1l\u00f3k mechanikailag is \u00f6sszetettebbek. Ezeket \u00fagy tervezt\u00e9k, hogy nagyobb elv\u00e1r\u00e1soknak feleljenek meg. Az ipari modellek modul\u00e1ris rendszer\u0171ek, m\u00edg a hagyom\u00e1nyos l\u00e9gkondicion\u00e1l\u00f3k \u00f6n\u00e1ll\u00f3 egys\u00e9gek. <\/p><p>A k\u00e9t t\u00edpus telep\u00edt\u00e9si helye is elt\u00e9r\u0151. A kereskedelmi l\u00e9gkondicion\u00e1l\u00f3kat \u00e1ltal\u00e1ban az \u00e9p\u00fcletek oldalfal\u00e1ra vagy udvar\u00e1ra szerelik, m\u00edg az ipari rendszereket gyakran a tet\u0151re helyezik. Ez hat\u00e9konyabb t\u00e9rkihaszn\u00e1l\u00e1st biztos\u00edt, \u00e9s cs\u00f6kkenti az \u00e9p\u00fcleten bel\u00fcli zajszintet. <\/p><p>Az ipari l\u00e9gkondicion\u00e1l\u00f3k karbantart\u00e1sa \u00e9s jav\u00edt\u00e1sa is rugalmasabb megold\u00e1st k\u00edn\u00e1l. A modul\u00e1ris kialak\u00edt\u00e1s lehet\u0151v\u00e9 teszi az egyes f\u0171t\u00e9si, h\u0171t\u00e9si \u00e9s szell\u0151ztet\u00e9si elemek k\u00fcl\u00f6n m\u00f3dos\u00edt\u00e1s\u00e1t, ami n\u00f6veli az alkalmazkod\u00f3k\u00e9pess\u00e9get. A hagyom\u00e1nyos l\u00e9gkondicion\u00e1l\u00f3k ezzel szemben k\u00e9t vagy t\u00f6bb egys\u00e9gb\u0151l \u00e1llnak, amelyek egy\u00fctt m\u0171k\u00f6dnek, de nem teljesen f\u00fcggenek egym\u00e1st\u00f3l. Ha egy belt\u00e9ri vagy k\u00fclt\u00e9ri egys\u00e9g meghib\u00e1sodik, nincs sz\u00fcks\u00e9g az eg\u00e9sz rendszer cser\u00e9j\u00e9re, hogy jelent\u0151s v\u00e1ltoztat\u00e1sokat v\u00e9gezzenek a f\u0171t\u00e9si vagy h\u0171t\u00e9si teljes\u00edtm\u00e9nyen. Az adott v\u00e1llalkoz\u00e1s \u00e1ltal v\u00e1lasztott l\u00e9gkondicion\u00e1l\u00f3 t\u00edpusa jelent\u0151sen befoly\u00e1solja az \u00fczemeltet\u00e9si k\u00f6lts\u00e9gek \u00e9s a teljes\u00edtm\u00e9ny egyens\u00faly\u00e1t. Ez\u00e9rt fontos, hogy k\u00f6r\u00fcltekint\u0151en d\u00f6nts\u00fcnk, \u00e9s olyan rendszert v\u00e1lasszunk, amely hossz\u00fa t\u00e1von is hat\u00e9kony \u00e9s gazdas\u00e1gos megold\u00e1st k\u00edn\u00e1l. <\/p><h2 class=\"wp-block-heading\">Mik azok az ipari \u00e9s kereskedelmi l\u00e9gkondicion\u00e1l\u00f3 egys\u00e9gek? <\/h2><p>A hagyom\u00e1nyos l\u00e9gkondicion\u00e1l\u00f3k \u00e1ltal\u00e1ban lak\u00f3terek h\u0171t\u00e9s\u00e9re szolg\u00e1lnak. Az ilyen rendszerek energiahat\u00e9konyak, \u00e9s egy osztott rendszer (split rendszer) elv\u00e9n m\u0171k\u00f6dnek. Ez azt jelenti, hogy egy bels\u0151 p\u00e1rologtat\u00f3 egys\u00e9g kapcsol\u00f3dik egy k\u00fcls\u0151 kondenz\u00e1ci\u00f3s egys\u00e9ghez, amely egy helyis\u00e9g h\u0171t\u00e9s\u00e9t biztos\u00edtja. Lak\u00f3\u00e9p\u00fcletekben, csal\u00e1di h\u00e1zakban, irod\u00e1kban, k\u00f3rh\u00e1zakban, \u00e9ttermekben \u00e9s kiskereskedelmi \u00fczletekben gyakran ilyen t\u00edpus\u00fa l\u00e9gkondicion\u00e1l\u00e1s tal\u00e1lhat\u00f3. <\/p><p>Az ipari l\u00e9gkondicion\u00e1l\u00f3k ezzel szemben nagyobb h\u0171t\u00e9si kapacit\u00e1ssal k\u00e9sz\u00fclnek, \u00e9s nagyobb ter\u00fcleteken biztos\u00edtj\u00e1k az \u00e1lland\u00f3 h\u0151m\u00e9rs\u00e9kletet. Mivel ezek a rendszerek kiterjedt ter\u00fcleteket kell hogy h\u0171tsenek, \u00e1ltal\u00e1ban t\u00f6bb kompresszort, kondenz\u00e1tort, p\u00e1rologtat\u00f3t, cs\u0151vezet\u00e9ket, ventil\u00e1tort, vez\u00e9rl\u0151t \u00e9s sz\u0171r\u0151rendszert tartalmaznak.  <\/p><p>Az ipari l\u00e9gkondicion\u00e1l\u00e1sn\u00e1l kulcsfontoss\u00e1g\u00fa a pontos h\u0151m\u00e9rs\u00e9klet- \u00e9s p\u00e1ratartalom-szab\u00e1lyoz\u00e1s. Az ilyen rendszerek gyakran nagy teljes\u00edtm\u00e9ny\u0171 sz\u0171r\u0151rendszerekkel vannak felszerelve, hogy biztos\u00edts\u00e1k a leveg\u0151 tisztas\u00e1g\u00e1t a h\u0171t\u00e9si folyamat sor\u00e1n. Az \u00f6sszes alkatr\u00e9sz \u2013 p\u00e9ld\u00e1ul a leveg\u0151ell\u00e1t\u00f3 rendszer, visszavezet\u0151 cs\u00f6vek, sz\u0171r\u0151k, h\u0171t\u0151k\u00f6zeg, cs\u0151vezet\u00e9kek, kompresszorok \u00e9s ventil\u00e1torok \u2013 jelent\u0151sen nagyobb m\u00e9ret\u0171, mint amit egy hagyom\u00e1nyos lakoss\u00e1gi l\u00e9gkondicion\u00e1l\u00f3ban tal\u00e1lunk. <\/p><h2 class=\"wp-block-heading\">Az ipari l\u00e9gkondicion\u00e1l\u00f3 egys\u00e9gek el\u0151nyei v\u00e1llalatok sz\u00e1m\u00e1ra <\/h2><p>Az ipari l\u00e9gkondicion\u00e1l\u00e1s v\u00e1llalatok sz\u00e1m\u00e1ra hat\u00e9kony h\u0151m\u00e9rs\u00e9klet-szab\u00e1lyoz\u00e1st biztos\u00edt k\u00fcl\u00f6nb\u00f6z\u0151 ipar\u00e1gakban. Ezek a rendszerek optim\u00e1lis k\u00f6r\u00fclm\u00e9nyeket teremtenek a termel\u00e9kenys\u00e9g fenntart\u00e1s\u00e1hoz \u00e9s a gy\u00e1rt\u00e1s min\u0151s\u00e9g\u00e9nek biztos\u00edt\u00e1s\u00e1hoz. Az ipari kl\u00edmaberendez\u00e9seket \u00fagy tervezt\u00e9k, hogy megb\u00edzhat\u00f3an m\u0171k\u00f6djenek m\u00e9g a legnehezebb \u00fczemi k\u00f6rnyezetben is. Alkatr\u00e9szeiket gondosan v\u00e1lasztj\u00e1k meg, hogy a lehet\u0151 legnagyobb megb\u00edzhat\u00f3s\u00e1got biztos\u00edts\u00e1k. Az ipari h\u0171t\u00e9s meghib\u00e1sod\u00e1sa komoly gazdas\u00e1gi k\u00e1rokat okozhat. P\u00e9ld\u00e1ul a h\u0171t\u00f6tt vagy fagyasztott term\u00e9kek t\u00f6nkremehetnek, \u00e9s a h\u0171t\u00e9st ig\u00e9nyl\u0151 g\u00e9pek le\u00e1llhatnak, ami termel\u00e9skies\u00e9shez vezethet. <\/p><p>A gy\u00e1rt\u00f3\u00fczemekben gyakran gondot okoz a g\u00e9pek \u00e1ltal termelt t\u00falzott h\u0151m\u00e9rs\u00e9klet, amely h\u0151ingadoz\u00e1st \u00e9s fokozott p\u00e1rak\u00e9pz\u0151d\u00e9st id\u00e9z el\u0151. Ez ronthatja a term\u00e9kek min\u0151s\u00e9g\u00e9t, g\u00e9ple\u00e1ll\u00e1sokhoz vezethet, \u00e9s ak\u00e1r biztons\u00e1gi kock\u00e1zatot is jelenthet a dolgoz\u00f3k sz\u00e1m\u00e1ra. <\/p><p>Egy hat\u00e9kony ipari l\u00e9gkondicion\u00e1l\u00e1s v\u00e1llalatok sz\u00e1m\u00e1ra seg\u00edt szab\u00e1lyozni a h\u0151m\u00e9rs\u00e9kletet \u00e9s a p\u00e1ratartalmat, \u00edgy stabil gy\u00e1rt\u00e1si k\u00f6r\u00fclm\u00e9nyeket biztos\u00edt. A k\u00f6vetkezetes h\u0151m\u00e9rs\u00e9klet cs\u00f6kkenti a selejtes term\u00e9kek ar\u00e1ny\u00e1t \u00e9s jav\u00edtja az \u00e1ltal\u00e1nos min\u0151s\u00e9get. Az ipari h\u0171t\u0151rendszerek tov\u00e1bbi el\u0151nye az energiahat\u00e9konys\u00e1g. A fejlett technol\u00f3gi\u00e1nak k\u00f6sz\u00f6nhet\u0151en cs\u00f6kkentik a v\u00e1llalat m\u0171k\u00f6d\u00e9si k\u00f6lts\u00e9geit, mik\u00f6zben hossz\u00fa t\u00e1von jelent\u0151s energiamegtakar\u00edt\u00e1st eredm\u00e9nyeznek. <\/p><p>A l\u00e9gkondicion\u00e1l\u00e1s elengedhetetlen az adatk\u00f6zpontokban. Ezek a l\u00e9tes\u00edtm\u00e9nyek prec\u00edz h\u0151m\u00e9rs\u00e9klet- \u00e9s p\u00e1ratartalom-szab\u00e1lyoz\u00e1st ig\u00e9nyelnek, hogy a szerverek stabilan m\u0171k\u00f6djenek. Az ipari l\u00e9gkondicion\u00e1l\u00f3 rendszerek egyenletes \u00e9s hat\u00e9kony h\u0171t\u00e9st biztos\u00edtanak, megakad\u00e1lyozz\u00e1k a t\u00falmeleged\u00e9st \u00e9s meghosszabb\u00edtj\u00e1k az \u00e9rz\u00e9keny berendez\u00e9sek \u00e9lettartam\u00e1t. A korszer\u0171 ipari h\u0171t\u00e9si megold\u00e1sok lehet\u0151v\u00e9 teszik az optim\u00e1lis m\u0171k\u00f6d\u00e9si felt\u00e9telek fenntart\u00e1s\u00e1t. Cs\u00f6kkentik a rendszerhib\u00e1k kock\u00e1zat\u00e1t, \u00e9s biztos\u00edtj\u00e1k a folyamatos \u00fczemel\u00e9st. Az ipari l\u00e9gkondicion\u00e1l\u00f3k nemcsak az adatk\u00f6zpontok zavartalan m\u0171k\u00f6d\u00e9s\u00e9t garant\u00e1lj\u00e1k, hanem seg\u00edtenek az energiafelhaszn\u00e1l\u00e1s optimaliz\u00e1l\u00e1s\u00e1ban is. <\/p><p>Az ipari l\u00e9gkondicion\u00e1l\u00e1s minden ipar\u00e1gban fontos szerepet j\u00e1tszik. Nemcsak stabil munkak\u00f6rnyezetet biztos\u00edt, hanem hozz\u00e1j\u00e1rul a hat\u00e9konyabb \u00e9s gazdas\u00e1gosabb m\u0171k\u00f6d\u00e9shez is. Az ipari kl\u00edmaberendez\u00e9sek alkalmaz\u00e1sa sz\u00e1mos el\u0151nnyel j\u00e1r, amelyek hossz\u00fa t\u00e1von jelent\u0151s k\u00f6lts\u00e9gmegtakar\u00edt\u00e1st eredm\u00e9nyeznek. <\/p><h2 class=\"wp-block-heading\">Mikor \u00e9rdemes ipari l\u00e9gkondicion\u00e1l\u00f3t v\u00e1lasztani a kereskedelmi helyett? <\/h2><figure class=\"wp-block-image size-full\"><img decoding=\"async\" width=\"1065\" height=\"450\" src=\"https:\/\/www.slovklima.sk\/wp-content\/uploads\/2025\/02\/Blog-cover-2024-10-20T181658.093.webp\" alt=\" L\u00e9gkondicion\u00e1l\u00e1s v\u00e1llalatok sz\u00e1m\u00e1ra\" class=\"wp-image-13351\" srcset=\"https:\/\/www.slovklima.sk\/wp-content\/uploads\/2025\/02\/Blog-cover-2024-10-20T181658.093.webp 1065w, https:\/\/www.slovklima.sk\/wp-content\/uploads\/2025\/02\/Blog-cover-2024-10-20T181658.093-400x169.webp 400w, https:\/\/www.slovklima.sk\/wp-content\/uploads\/2025\/02\/Blog-cover-2024-10-20T181658.093-768x325.webp 768w, https:\/\/www.slovklima.sk\/wp-content\/uploads\/2025\/02\/Blog-cover-2024-10-20T181658.093-430x182.webp 430w, https:\/\/www.slovklima.sk\/wp-content\/uploads\/2025\/02\/Blog-cover-2024-10-20T181658.093-700x296.webp 700w, https:\/\/www.slovklima.sk\/wp-content\/uploads\/2025\/02\/Blog-cover-2024-10-20T181658.093-150x63.webp 150w\" sizes=\"(max-width: 1065px) 100vw, 1065px\" \/><\/figure><p>L\u00e9gkondicion\u00e1l\u00f3 v\u00e1s\u00e1rl\u00e1sakor t\u00f6bb t\u00e9nyez\u0151t is figyelembe kell venni annak \u00e9rdek\u00e9ben, hogy a legmegfelel\u0151bb t\u00edpust v\u00e1lassza. A j\u00f3l megv\u00e1lasztott rendszer nemcsak hat\u00e9konyabb m\u0171k\u00f6d\u00e9st biztos\u00edt, hanem komfortosabb k\u00f6rnyezetet is teremt az \u00e9p\u00fcletben tart\u00f3zkod\u00f3k sz\u00e1m\u00e1ra. <\/p><p>A l\u00e9gkondicion\u00e1l\u00f3 h\u0171t\u00e9si teljes\u00edtm\u00e9ny\u00e9nek meg kell felelnie a h\u0171teni k\u00edv\u00e1nt t\u00e9r m\u00e9ret\u00e9nek, hogy a rendszer optim\u00e1lisan m\u0171k\u00f6dj\u00f6n. Ha a teljes\u00edtm\u00e9ny t\u00fal alacsony, a k\u00e9sz\u00fcl\u00e9k nem tudja megfelel\u0151en leh\u0171teni a helyis\u00e9get, ami nagyobb energiafogyaszt\u00e1st \u00e9s magasabb k\u00f6lts\u00e9geket eredm\u00e9nyez. Ha viszont t\u00fal nagy teljes\u00edtm\u00e9ny\u0171 berendez\u00e9st v\u00e1lasztunk egy kisebb t\u00e9rbe, a kezdeti beruh\u00e1z\u00e1si k\u00f6lts\u00e9gek is jelent\u0151sen megn\u00f6vekednek. Ez\u00e9rt az egyik legfontosabb szempont a helyis\u00e9g m\u00e9ret\u00e9nek \u00e9s funkci\u00f3j\u00e1nak figyelembev\u00e9tele a l\u00e9gkondicion\u00e1l\u00f3 kiv\u00e1laszt\u00e1sakor. <\/p><p>K\u00f3rh\u00e1zat, gy\u00e1rat, bev\u00e1s\u00e1rl\u00f3k\u00f6zpontot vagy adatk\u00f6zpontot szeretne h\u0171teni? Az \u00e9p\u00fclet funkci\u00f3ja meghat\u00e1rozza, hogy milyen t\u00edpus\u00fa l\u00e9gkondicion\u00e1l\u00f3ra van sz\u00fcks\u00e9g. Egyes munkak\u00f6rnyezetek alacsony h\u0151m\u00e9rs\u00e9kletet ig\u00e9nyelnek a zavartalan m\u0171k\u00f6d\u00e9shez. Fontos szempont az is, hogy hol tal\u00e1lhat\u00f3 az \u00e9p\u00fclet, amelyet h\u0171teni szeretne. Az adott f\u00f6ldrajzi ter\u00fclet \u00e9ghajlati viszonyai \u00e9s a k\u00fcls\u0151 k\u00f6rnyezeti t\u00e9nyez\u0151k jelent\u0151sen befoly\u00e1solhatj\u00e1k a l\u00e9gkondicion\u00e1l\u00f3 hat\u00e9konys\u00e1g\u00e1t \u00e9s teljes\u00edtm\u00e9ny\u00e9t. <\/p><h2 class=\"wp-block-heading\">Ipari l\u00e9gkondicion\u00e1l\u00f3 rendszerek karbantart\u00e1sa <\/h2><p>A legfontosabb szempont az ipari l\u00e9gkondicion\u00e1l\u00f3 karbantart\u00e1sakor a tisztas\u00e1g meg\u0151rz\u00e9se. Rendszeresen tiszt\u00edtsa meg a berendez\u00e9st k\u00edv\u00fcl \u00e9s bel\u00fcl, hogy elker\u00fclje a szennyez\u0151d\u00e9sek felhalmoz\u00f3d\u00e1s\u00e1b\u00f3l ad\u00f3d\u00f3 probl\u00e9m\u00e1kat. Ha az energiafogyaszt\u00e1s hirtelen megn\u00f6vekszik, vagy a l\u00e9gkondicion\u00e1l\u00f3 m\u00e1r nem h\u0171t megfelel\u0151en, az egy\u00e9rtelm\u0171 jel, hogy karbantart\u00e1sra van sz\u00fcks\u00e9g. Ekkor a szerviz sor\u00e1n \u00e1ltal\u00e1ban a sz\u0171r\u0151k cser\u00e9je vagy tiszt\u00edt\u00e1sa is elengedhetetlenn\u00e9 v\u00e1lik. <\/p><p>A kl\u00edmaberendez\u00e9s karbantart\u00e1s\u00e1nak legbiztosabb m\u00f3dja, ha azt szakember v\u00e9gzi. Ha a sz\u00fcks\u00e9ges karbantart\u00e1si munk\u00e1kat m\u00e9g a probl\u00e9m\u00e1k megjelen\u00e9se el\u0151tt elv\u00e9gzik, elker\u00fclhet\u0151k a k\u00f6lts\u00e9gesebb jav\u00edt\u00e1sok. <a href=\"https:\/\/www.slovklima.sk\/hu\/termekkategoria\/aux-ai-therma-hu\/\">A<\/a> megel\u0151z\u0151 karbantart\u00e1s sor\u00e1n \u00e1ltal\u00e1ban a f\u00e9m alkatr\u00e9szek ken\u00e9se, a rendszer alapos tiszt\u00edt\u00e1sa \u00e9s az elvezet\u0151 cs\u00f6vek \u00e1llapot\u00e1nak ellen\u0151rz\u00e9se is megt\u00f6rt\u00e9nik. <\/p><p>A rendszeres karbantart\u00e1s biztos\u00edtja, hogy ipari l\u00e9gkondicion\u00e1l\u00f3ja hossz\u00fa t\u00e1von megb\u00edzhat\u00f3an m\u0171k\u00f6dj\u00f6n, elker\u00fclve az id\u0151 el\u0151tti meghib\u00e1sod\u00e1sokat vagy nagyobb jav\u00edt\u00e1sokat. Az ipari kl\u00edmaberendez\u00e9seket \u00e9vente legal\u00e1bb egyszer \u00e9rdemes szervizelni \u00e9s ellen\u0151rizni, hogy fenntarts\u00e1k maxim\u00e1lis hat\u00e9konys\u00e1gukat, f\u00fcggetlen\u00fcl att\u00f3l, hogy milyen t\u00edpust v\u00e1lasztott. <\/p><h2 class=\"wp-block-heading\">\u00d6sszegz\u00e9s <\/h2><p>R\u00f6viden \u00f6sszefoglalva, a kereskedelmi \u00e9s ipari l\u00e9gkondicion\u00e1l\u00e1s t\u00f6bb szempontb\u00f3l is k\u00fcl\u00f6nb\u00f6zik egym\u00e1st\u00f3l. Tekintse meg a legfontosabb k\u00fcl\u00f6nbs\u00e9geket az al\u00e1bbi t\u00e1bl\u00e1zatunkban. <\/p><figure class=\"wp-block-table\"><table class=\"has-fixed-layout\"><tbody><tr><td><strong>Kereskedelmi l\u00e9gkondicion\u00e1l\u00e1s<\/strong> <strong> <\/strong>  <\/td><td><strong>K\u00fcl\u00f6nbs\u00e9gek<\/strong> <\/td><td><strong>Ipari l\u00e9gkondicion\u00e1l\u00e1s<\/strong> <strong> <\/strong>  <\/td><\/tr><tr><td>Kicsi <\/td><td>M\u00e9ret <\/td><td>Nagy <\/td><\/tr><tr><td>Alacsony <\/td><td>Kapacit\u00e1s <\/td><td>Magas <\/td><\/tr><tr><td>Egyszer\u0171bb <\/td><td>Mechanikai \u00f6sszetetts\u00e9g    <\/td><td>\u00d6sszetett <\/td><\/tr><tr><td>Az \u00e9p\u00fclet k\u00f6rnyezet\u00e9ben <\/td><td>Elhelyez\u00e9s <\/td><td>Tet\u0151n <\/td><\/tr><tr><td>Kev\u00e9sb\u00e9 rugalmas    <\/td><td>Berendez\u00e9s testreszabhat\u00f3s\u00e1ga    <\/td><td>Magas fok\u00fa testreszabhat\u00f3s\u00e1g    <\/td><\/tr><tr><td>Egy kondenzv\u00edz-elvezet\u0151    <\/td><td>Kondenzv\u00edz-elvezet\u00e9s    <\/td><td>T\u00f6bb elvezet\u0151 rendszer <\/td><\/tr><\/tbody><\/table><\/figure>","protected":false},"excerpt":{"rendered":"<p>Az ipari l\u00e9gkondicion\u00e1l\u00e1s v\u00e1llalatok sz\u00e1m\u00e1ra sz\u00e9les k\u00f6rben alkalmazott megold\u00e1s k\u00fcl\u00f6nb\u00f6z\u0151 ipari l\u00e9tes\u00edtm\u00e9nyekben. Gyakran haszn\u00e1lj\u00e1k elektromos helyis\u00e9gekben, laborat\u00f3riumokban \u00e9s adatk\u00f6zpontokban. Fontos<\/p>\n","protected":false},"author":472,"featured_media":13348,"comment_status":"closed","ping_status":"open","sticky":false,"template":"","format":"standard","meta":{"footnotes":""},"categories":[349],"tags":[],"table_tags":[],"class_list":["post-13347","post","type-post","status-publish","format-standard","has-post-thumbnail","hentry","category-legkondicionalas"],"yoast_head":"<!-- This site is optimized with the Yoast SEO plugin v24.3 - https:\/\/yoast.com\/wordpress\/plugins\/seo\/ -->\n<title>L\u00e9gkondicion\u00e1l\u00e1s v\u00e1llalatok sz\u00e1m\u00e1ra | SLOVKLIMA DEIMOS group, s.r.o.<\/title>\n<meta name=\"description\" content=\"L\u00e9gkondicion\u00e1l\u00e1s v\u00e1llalatok sz\u00e1m\u00e1ra \u2013 hat\u00e9kony h\u0171t\u00e9si megold\u00e1sok irod\u00e1kba \u00e9s ipari l\u00e9tes\u00edtm\u00e9nyekbe. Ismerd meg a legjobb rendszereket!\" \/>\n<meta name=\"robots\" content=\"index, follow, max-snippet:-1, max-image-preview:large, max-video-preview:-1\" \/>\n<link rel=\"canonical\" href=\"https:\/\/www.slovklima.sk\/hu\/blog\/legkondicionalas-vallalatok-szamara-miert-erdemes-ipari-egyseget-valasztani-a-kereskedelmi-helyett\/\" \/>\n<meta property=\"og:locale\" content=\"hu_HU\" \/>\n<meta property=\"og:type\" content=\"article\" \/>\n<meta property=\"og:title\" content=\"L\u00e9gkondicion\u00e1l\u00e1s v\u00e1llalatok sz\u00e1m\u00e1ra | SLOVKLIMA DEIMOS group, s.r.o.\" \/>\n<meta property=\"og:description\" content=\"L\u00e9gkondicion\u00e1l\u00e1s v\u00e1llalatok sz\u00e1m\u00e1ra \u2013 hat\u00e9kony h\u0171t\u00e9si megold\u00e1sok irod\u00e1kba \u00e9s ipari l\u00e9tes\u00edtm\u00e9nyekbe. Ismerd meg a legjobb rendszereket!\" \/>\n<meta property=\"og:url\" content=\"https:\/\/www.slovklima.sk\/hu\/blog\/legkondicionalas-vallalatok-szamara-miert-erdemes-ipari-egyseget-valasztani-a-kereskedelmi-helyett\/\" \/>\n<meta property=\"og:site_name\" content=\"SLOVKLIMA DEIMOS group, s.r.o.\" \/>\n<meta property=\"article:published_time\" content=\"2025-02-18T14:04:17+00:00\" \/>\n<meta property=\"article:modified_time\" content=\"2026-01-21T09:03:36+00:00\" \/>\n<meta property=\"og:image\" content=\"https:\/\/www.slovklima.sk\/wp-content\/uploads\/2025\/02\/Blog-cover-2024-10-04T075533.664.webp\" \/>\n\t<meta property=\"og:image:width\" content=\"1420\" \/>\n\t<meta property=\"og:image:height\" content=\"600\" \/>\n\t<meta property=\"og:image:type\" content=\"image\/webp\" \/>\n<meta name=\"author\" content=\"terlanda.peter\" \/>\n<meta name=\"twitter:card\" content=\"summary_large_image\" \/>\n<meta name=\"twitter:label1\" content=\"Szerz\u0151:\" \/>\n\t<meta name=\"twitter:data1\" content=\"terlanda.peter\" \/>\n\t<meta name=\"twitter:label2\" content=\"Becs\u00fclt olvas\u00e1si id\u0151\" \/>\n\t<meta name=\"twitter:data2\" content=\"6 perc\" \/>\n<script type=\"application\/ld+json\" class=\"yoast-schema-graph\">{\"@context\":\"https:\/\/schema.org\",\"@graph\":[{\"@type\":\"Article\",\"@id\":\"https:\/\/www.slovklima.sk\/hu\/blog\/legkondicionalas-vallalatok-szamara-miert-erdemes-ipari-egyseget-valasztani-a-kereskedelmi-helyett\/#article\",\"isPartOf\":{\"@id\":\"https:\/\/www.slovklima.sk\/hu\/blog\/legkondicionalas-vallalatok-szamara-miert-erdemes-ipari-egyseget-valasztani-a-kereskedelmi-helyett\/\"},\"author\":{\"name\":\"terlanda.peter\",\"@id\":\"https:\/\/www.slovklima.sk\/#\/schema\/person\/116018679a4b34af051bf066b527c539\"},\"headline\":\"L\u00e9gkondicion\u00e1l\u00e1s v\u00e1llalatok sz\u00e1m\u00e1ra: Mi\u00e9rt \u00e9rdemes ipari egys\u00e9get v\u00e1lasztani a kereskedelmi helyett?\",\"datePublished\":\"2025-02-18T14:04:17+00:00\",\"dateModified\":\"2026-01-21T09:03:36+00:00\",\"mainEntityOfPage\":{\"@id\":\"https:\/\/www.slovklima.sk\/hu\/blog\/legkondicionalas-vallalatok-szamara-miert-erdemes-ipari-egyseget-valasztani-a-kereskedelmi-helyett\/\"},\"wordCount\":1879,\"publisher\":{\"@id\":\"https:\/\/www.slovklima.sk\/#organization\"},\"image\":{\"@id\":\"https:\/\/www.slovklima.sk\/hu\/blog\/legkondicionalas-vallalatok-szamara-miert-erdemes-ipari-egyseget-valasztani-a-kereskedelmi-helyett\/#primaryimage\"},\"thumbnailUrl\":\"https:\/\/www.slovklima.sk\/wp-content\/uploads\/2025\/02\/Blog-cover-2024-10-04T075533.664.webp\",\"articleSection\":[\"L\u00e9gkondicion\u00e1l\u00e1s\"],\"inLanguage\":\"hu\"},{\"@type\":\"WebPage\",\"@id\":\"https:\/\/www.slovklima.sk\/hu\/blog\/legkondicionalas-vallalatok-szamara-miert-erdemes-ipari-egyseget-valasztani-a-kereskedelmi-helyett\/\",\"url\":\"https:\/\/www.slovklima.sk\/hu\/blog\/legkondicionalas-vallalatok-szamara-miert-erdemes-ipari-egyseget-valasztani-a-kereskedelmi-helyett\/\",\"name\":\"L\u00e9gkondicion\u00e1l\u00e1s v\u00e1llalatok sz\u00e1m\u00e1ra | SLOVKLIMA DEIMOS group, s.r.o.\",\"isPartOf\":{\"@id\":\"https:\/\/www.slovklima.sk\/#website\"},\"primaryImageOfPage\":{\"@id\":\"https:\/\/www.slovklima.sk\/hu\/blog\/legkondicionalas-vallalatok-szamara-miert-erdemes-ipari-egyseget-valasztani-a-kereskedelmi-helyett\/#primaryimage\"},\"image\":{\"@id\":\"https:\/\/www.slovklima.sk\/hu\/blog\/legkondicionalas-vallalatok-szamara-miert-erdemes-ipari-egyseget-valasztani-a-kereskedelmi-helyett\/#primaryimage\"},\"thumbnailUrl\":\"https:\/\/www.slovklima.sk\/wp-content\/uploads\/2025\/02\/Blog-cover-2024-10-04T075533.664.webp\",\"datePublished\":\"2025-02-18T14:04:17+00:00\",\"dateModified\":\"2026-01-21T09:03:36+00:00\",\"description\":\"L\u00e9gkondicion\u00e1l\u00e1s v\u00e1llalatok sz\u00e1m\u00e1ra \u2013 hat\u00e9kony h\u0171t\u00e9si megold\u00e1sok irod\u00e1kba \u00e9s ipari l\u00e9tes\u00edtm\u00e9nyekbe. Ismerd meg a legjobb rendszereket!\",\"breadcrumb\":{\"@id\":\"https:\/\/www.slovklima.sk\/hu\/blog\/legkondicionalas-vallalatok-szamara-miert-erdemes-ipari-egyseget-valasztani-a-kereskedelmi-helyett\/#breadcrumb\"},\"inLanguage\":\"hu\",\"potentialAction\":[{\"@type\":\"ReadAction\",\"target\":[\"https:\/\/www.slovklima.sk\/hu\/blog\/legkondicionalas-vallalatok-szamara-miert-erdemes-ipari-egyseget-valasztani-a-kereskedelmi-helyett\/\"]}]},{\"@type\":\"ImageObject\",\"inLanguage\":\"hu\",\"@id\":\"https:\/\/www.slovklima.sk\/hu\/blog\/legkondicionalas-vallalatok-szamara-miert-erdemes-ipari-egyseget-valasztani-a-kereskedelmi-helyett\/#primaryimage\",\"url\":\"https:\/\/www.slovklima.sk\/wp-content\/uploads\/2025\/02\/Blog-cover-2024-10-04T075533.664.webp\",\"contentUrl\":\"https:\/\/www.slovklima.sk\/wp-content\/uploads\/2025\/02\/Blog-cover-2024-10-04T075533.664.webp\",\"width\":1420,\"height\":600,\"caption\":\"L\u00e9gkondicion\u00e1l\u00e1s v\u00e1llalatok sz\u00e1m\u00e1ra\"},{\"@type\":\"BreadcrumbList\",\"@id\":\"https:\/\/www.slovklima.sk\/hu\/blog\/legkondicionalas-vallalatok-szamara-miert-erdemes-ipari-egyseget-valasztani-a-kereskedelmi-helyett\/#breadcrumb\",\"itemListElement\":[{\"@type\":\"ListItem\",\"position\":1,\"name\":\"Domovsk\u00e1 str\u00e1nka\",\"item\":\"https:\/\/www.slovklima.sk\/hu\/\"},{\"@type\":\"ListItem\",\"position\":2,\"name\":\"L\u00e9gkondicion\u00e1l\u00e1s v\u00e1llalatok sz\u00e1m\u00e1ra: Mi\u00e9rt \u00e9rdemes ipari egys\u00e9get v\u00e1lasztani a kereskedelmi helyett?\"}]},{\"@type\":\"WebSite\",\"@id\":\"https:\/\/www.slovklima.sk\/#website\",\"url\":\"https:\/\/www.slovklima.sk\/\",\"name\":\"SLOVKLIMA DEIMOS group, s.r.o.\",\"description\":\"\",\"publisher\":{\"@id\":\"https:\/\/www.slovklima.sk\/#organization\"},\"alternateName\":\"SLOVKLIMA\",\"potentialAction\":[{\"@type\":\"SearchAction\",\"target\":{\"@type\":\"EntryPoint\",\"urlTemplate\":\"https:\/\/www.slovklima.sk\/?s={search_term_string}\"},\"query-input\":{\"@type\":\"PropertyValueSpecification\",\"valueRequired\":true,\"valueName\":\"search_term_string\"}}],\"inLanguage\":\"hu\"},{\"@type\":\"Organization\",\"@id\":\"https:\/\/www.slovklima.sk\/#organization\",\"name\":\"SLOVKLIMA DEIMOS group, s.r.o.\",\"alternateName\":\"SLOVKLIMA\",\"url\":\"https:\/\/www.slovklima.sk\/\",\"logo\":{\"@type\":\"ImageObject\",\"inLanguage\":\"hu\",\"@id\":\"https:\/\/www.slovklima.sk\/#\/schema\/logo\/image\/\",\"url\":\"https:\/\/www.slovklima.sk\/wp-content\/uploads\/2022\/12\/slovklima-logo-black.svg\",\"contentUrl\":\"https:\/\/www.slovklima.sk\/wp-content\/uploads\/2022\/12\/slovklima-logo-black.svg\",\"width\":3218,\"height\":698,\"caption\":\"SLOVKLIMA DEIMOS group, s.r.o.\"},\"image\":{\"@id\":\"https:\/\/www.slovklima.sk\/#\/schema\/logo\/image\/\"}},{\"@type\":\"Person\",\"@id\":\"https:\/\/www.slovklima.sk\/#\/schema\/person\/116018679a4b34af051bf066b527c539\",\"name\":\"terlanda.peter\",\"image\":{\"@type\":\"ImageObject\",\"inLanguage\":\"hu\",\"@id\":\"https:\/\/www.slovklima.sk\/#\/schema\/person\/image\/\",\"url\":\"https:\/\/secure.gravatar.com\/avatar\/b022cc3ca0fc64964f410b12966d5772a852c461ebad9ff60247ddab8bafe8db?s=96&d=mm&r=g\",\"contentUrl\":\"https:\/\/secure.gravatar.com\/avatar\/b022cc3ca0fc64964f410b12966d5772a852c461ebad9ff60247ddab8bafe8db?s=96&d=mm&r=g\",\"caption\":\"terlanda.peter\"}}]}<\/script>\n<!-- \/ Yoast SEO plugin. -->","yoast_head_json":{"title":"L\u00e9gkondicion\u00e1l\u00e1s v\u00e1llalatok sz\u00e1m\u00e1ra | SLOVKLIMA DEIMOS group, s.r.o.","description":"L\u00e9gkondicion\u00e1l\u00e1s v\u00e1llalatok sz\u00e1m\u00e1ra \u2013 hat\u00e9kony h\u0171t\u00e9si megold\u00e1sok irod\u00e1kba \u00e9s ipari l\u00e9tes\u00edtm\u00e9nyekbe. Ismerd meg a legjobb rendszereket!","robots":{"index":"index","follow":"follow","max-snippet":"max-snippet:-1","max-image-preview":"max-image-preview:large","max-video-preview":"max-video-preview:-1"},"canonical":"https:\/\/www.slovklima.sk\/hu\/blog\/legkondicionalas-vallalatok-szamara-miert-erdemes-ipari-egyseget-valasztani-a-kereskedelmi-helyett\/","og_locale":"hu_HU","og_type":"article","og_title":"L\u00e9gkondicion\u00e1l\u00e1s v\u00e1llalatok sz\u00e1m\u00e1ra | SLOVKLIMA DEIMOS group, s.r.o.","og_description":"L\u00e9gkondicion\u00e1l\u00e1s v\u00e1llalatok sz\u00e1m\u00e1ra \u2013 hat\u00e9kony h\u0171t\u00e9si megold\u00e1sok irod\u00e1kba \u00e9s ipari l\u00e9tes\u00edtm\u00e9nyekbe. Ismerd meg a legjobb rendszereket!","og_url":"https:\/\/www.slovklima.sk\/hu\/blog\/legkondicionalas-vallalatok-szamara-miert-erdemes-ipari-egyseget-valasztani-a-kereskedelmi-helyett\/","og_site_name":"SLOVKLIMA DEIMOS group, s.r.o.","article_published_time":"2025-02-18T14:04:17+00:00","article_modified_time":"2026-01-21T09:03:36+00:00","og_image":[{"width":1420,"height":600,"url":"https:\/\/www.slovklima.sk\/wp-content\/uploads\/2025\/02\/Blog-cover-2024-10-04T075533.664.webp","type":"image\/webp"}],"author":"terlanda.peter","twitter_card":"summary_large_image","twitter_misc":{"Szerz\u0151:":"terlanda.peter","Becs\u00fclt olvas\u00e1si id\u0151":"6 perc"},"schema":{"@context":"https:\/\/schema.org","@graph":[{"@type":"Article","@id":"https:\/\/www.slovklima.sk\/hu\/blog\/legkondicionalas-vallalatok-szamara-miert-erdemes-ipari-egyseget-valasztani-a-kereskedelmi-helyett\/#article","isPartOf":{"@id":"https:\/\/www.slovklima.sk\/hu\/blog\/legkondicionalas-vallalatok-szamara-miert-erdemes-ipari-egyseget-valasztani-a-kereskedelmi-helyett\/"},"author":{"name":"terlanda.peter","@id":"https:\/\/www.slovklima.sk\/#\/schema\/person\/116018679a4b34af051bf066b527c539"},"headline":"L\u00e9gkondicion\u00e1l\u00e1s v\u00e1llalatok sz\u00e1m\u00e1ra: Mi\u00e9rt \u00e9rdemes ipari egys\u00e9get v\u00e1lasztani a kereskedelmi helyett?","datePublished":"2025-02-18T14:04:17+00:00","dateModified":"2026-01-21T09:03:36+00:00","mainEntityOfPage":{"@id":"https:\/\/www.slovklima.sk\/hu\/blog\/legkondicionalas-vallalatok-szamara-miert-erdemes-ipari-egyseget-valasztani-a-kereskedelmi-helyett\/"},"wordCount":1879,"publisher":{"@id":"https:\/\/www.slovklima.sk\/#organization"},"image":{"@id":"https:\/\/www.slovklima.sk\/hu\/blog\/legkondicionalas-vallalatok-szamara-miert-erdemes-ipari-egyseget-valasztani-a-kereskedelmi-helyett\/#primaryimage"},"thumbnailUrl":"https:\/\/www.slovklima.sk\/wp-content\/uploads\/2025\/02\/Blog-cover-2024-10-04T075533.664.webp","articleSection":["L\u00e9gkondicion\u00e1l\u00e1s"],"inLanguage":"hu"},{"@type":"WebPage","@id":"https:\/\/www.slovklima.sk\/hu\/blog\/legkondicionalas-vallalatok-szamara-miert-erdemes-ipari-egyseget-valasztani-a-kereskedelmi-helyett\/","url":"https:\/\/www.slovklima.sk\/hu\/blog\/legkondicionalas-vallalatok-szamara-miert-erdemes-ipari-egyseget-valasztani-a-kereskedelmi-helyett\/","name":"L\u00e9gkondicion\u00e1l\u00e1s v\u00e1llalatok sz\u00e1m\u00e1ra | SLOVKLIMA DEIMOS group, s.r.o.","isPartOf":{"@id":"https:\/\/www.slovklima.sk\/#website"},"primaryImageOfPage":{"@id":"https:\/\/www.slovklima.sk\/hu\/blog\/legkondicionalas-vallalatok-szamara-miert-erdemes-ipari-egyseget-valasztani-a-kereskedelmi-helyett\/#primaryimage"},"image":{"@id":"https:\/\/www.slovklima.sk\/hu\/blog\/legkondicionalas-vallalatok-szamara-miert-erdemes-ipari-egyseget-valasztani-a-kereskedelmi-helyett\/#primaryimage"},"thumbnailUrl":"https:\/\/www.slovklima.sk\/wp-content\/uploads\/2025\/02\/Blog-cover-2024-10-04T075533.664.webp","datePublished":"2025-02-18T14:04:17+00:00","dateModified":"2026-01-21T09:03:36+00:00","description":"L\u00e9gkondicion\u00e1l\u00e1s v\u00e1llalatok sz\u00e1m\u00e1ra \u2013 hat\u00e9kony h\u0171t\u00e9si megold\u00e1sok irod\u00e1kba \u00e9s ipari l\u00e9tes\u00edtm\u00e9nyekbe. Ismerd meg a legjobb rendszereket!","breadcrumb":{"@id":"https:\/\/www.slovklima.sk\/hu\/blog\/legkondicionalas-vallalatok-szamara-miert-erdemes-ipari-egyseget-valasztani-a-kereskedelmi-helyett\/#breadcrumb"},"inLanguage":"hu","potentialAction":[{"@type":"ReadAction","target":["https:\/\/www.slovklima.sk\/hu\/blog\/legkondicionalas-vallalatok-szamara-miert-erdemes-ipari-egyseget-valasztani-a-kereskedelmi-helyett\/"]}]},{"@type":"ImageObject","inLanguage":"hu","@id":"https:\/\/www.slovklima.sk\/hu\/blog\/legkondicionalas-vallalatok-szamara-miert-erdemes-ipari-egyseget-valasztani-a-kereskedelmi-helyett\/#primaryimage","url":"https:\/\/www.slovklima.sk\/wp-content\/uploads\/2025\/02\/Blog-cover-2024-10-04T075533.664.webp","contentUrl":"https:\/\/www.slovklima.sk\/wp-content\/uploads\/2025\/02\/Blog-cover-2024-10-04T075533.664.webp","width":1420,"height":600,"caption":"L\u00e9gkondicion\u00e1l\u00e1s v\u00e1llalatok sz\u00e1m\u00e1ra"},{"@type":"BreadcrumbList","@id":"https:\/\/www.slovklima.sk\/hu\/blog\/legkondicionalas-vallalatok-szamara-miert-erdemes-ipari-egyseget-valasztani-a-kereskedelmi-helyett\/#breadcrumb","itemListElement":[{"@type":"ListItem","position":1,"name":"Domovsk\u00e1 str\u00e1nka","item":"https:\/\/www.slovklima.sk\/hu\/"},{"@type":"ListItem","position":2,"name":"L\u00e9gkondicion\u00e1l\u00e1s v\u00e1llalatok sz\u00e1m\u00e1ra: Mi\u00e9rt \u00e9rdemes ipari egys\u00e9get v\u00e1lasztani a kereskedelmi helyett?"}]},{"@type":"WebSite","@id":"https:\/\/www.slovklima.sk\/#website","url":"https:\/\/www.slovklima.sk\/","name":"SLOVKLIMA DEIMOS group, s.r.o.","description":"","publisher":{"@id":"https:\/\/www.slovklima.sk\/#organization"},"alternateName":"SLOVKLIMA","potentialAction":[{"@type":"SearchAction","target":{"@type":"EntryPoint","urlTemplate":"https:\/\/www.slovklima.sk\/?s={search_term_string}"},"query-input":{"@type":"PropertyValueSpecification","valueRequired":true,"valueName":"search_term_string"}}],"inLanguage":"hu"},{"@type":"Organization","@id":"https:\/\/www.slovklima.sk\/#organization","name":"SLOVKLIMA DEIMOS group, s.r.o.","alternateName":"SLOVKLIMA","url":"https:\/\/www.slovklima.sk\/","logo":{"@type":"ImageObject","inLanguage":"hu","@id":"https:\/\/www.slovklima.sk\/#\/schema\/logo\/image\/","url":"https:\/\/www.slovklima.sk\/wp-content\/uploads\/2022\/12\/slovklima-logo-black.svg","contentUrl":"https:\/\/www.slovklima.sk\/wp-content\/uploads\/2022\/12\/slovklima-logo-black.svg","width":3218,"height":698,"caption":"SLOVKLIMA DEIMOS group, s.r.o."},"image":{"@id":"https:\/\/www.slovklima.sk\/#\/schema\/logo\/image\/"}},{"@type":"Person","@id":"https:\/\/www.slovklima.sk\/#\/schema\/person\/116018679a4b34af051bf066b527c539","name":"terlanda.peter","image":{"@type":"ImageObject","inLanguage":"hu","@id":"https:\/\/www.slovklima.sk\/#\/schema\/person\/image\/","url":"https:\/\/secure.gravatar.com\/avatar\/b022cc3ca0fc64964f410b12966d5772a852c461ebad9ff60247ddab8bafe8db?s=96&d=mm&r=g","contentUrl":"https:\/\/secure.gravatar.com\/avatar\/b022cc3ca0fc64964f410b12966d5772a852c461ebad9ff60247ddab8bafe8db?s=96&d=mm&r=g","caption":"terlanda.peter"}}]}},"_links":{"self":[{"href":"https:\/\/www.slovklima.sk\/hu\/wp-json\/wp\/v2\/posts\/13347","targetHints":{"allow":["GET"]}}],"collection":[{"href":"https:\/\/www.slovklima.sk\/hu\/wp-json\/wp\/v2\/posts"}],"about":[{"href":"https:\/\/www.slovklima.sk\/hu\/wp-json\/wp\/v2\/types\/post"}],"author":[{"embeddable":true,"href":"https:\/\/www.slovklima.sk\/hu\/wp-json\/wp\/v2\/users\/472"}],"replies":[{"embeddable":true,"href":"https:\/\/www.slovklima.sk\/hu\/wp-json\/wp\/v2\/comments?post=13347"}],"version-history":[{"count":1,"href":"https:\/\/www.slovklima.sk\/hu\/wp-json\/wp\/v2\/posts\/13347\/revisions"}],"predecessor-version":[{"id":19871,"href":"https:\/\/www.slovklima.sk\/hu\/wp-json\/wp\/v2\/posts\/13347\/revisions\/19871"}],"wp:featuredmedia":[{"embeddable":true,"href":"https:\/\/www.slovklima.sk\/hu\/wp-json\/wp\/v2\/media\/13348"}],"wp:attachment":[{"href":"https:\/\/www.slovklima.sk\/hu\/wp-json\/wp\/v2\/media?parent=13347"}],"wp:term":[{"taxonomy":"category","embeddable":true,"href":"https:\/\/www.slovklima.sk\/hu\/wp-json\/wp\/v2\/categories?post=13347"},{"taxonomy":"post_tag","embeddable":true,"href":"https:\/\/www.slovklima.sk\/hu\/wp-json\/wp\/v2\/tags?post=13347"},{"taxonomy":"table_tags","embeddable":true,"href":"https:\/\/www.slovklima.sk\/hu\/wp-json\/wp\/v2\/table_tags?post=13347"}],"curies":[{"name":"wp","href":"https:\/\/api.w.org\/{rel}","templated":true}]}}