{"id":11385,"date":"2024-02-10T21:10:34","date_gmt":"2024-02-10T20:10:34","guid":{"rendered":"https:\/\/www.slovklima.sk\/blog\/toshiba-legkondicionalok\/"},"modified":"2026-01-21T10:03:42","modified_gmt":"2026-01-21T09:03:42","slug":"toshiba-legkondicionalok","status":"publish","type":"post","link":"https:\/\/www.slovklima.sk\/hu\/blog\/toshiba-legkondicionalok\/","title":{"rendered":"TOSHIBA l\u00e9gkondicion\u00e1l\u00f3k"},"content":{"rendered":"<section class=\"wpb-content-wrapper\"><p>[vc_row][vc_column][vc_column_text woodmart_inline=&#8221;no&#8221; text_larger=&#8221;no&#8221;]<span style=\"text-decoration: underline;\"><strong>Az \u00e9ghajlat az er\u0151ss\u00e9g\u00fcnk<\/strong><\/span><\/p>\n<p>A TOSHIBA technol\u00f3gi\u00e1j\u00e1nak el\u0151nyei a maxim\u00e1lis energiahat\u00e9konys\u00e1g\u00fa innovat\u00edv l\u00e9gkondicion\u00e1l\u00f3 rendszerek gy\u00e1rt\u00e1s\u00e1ban szerzett hossz\u00fa tapasztalatokban rejlenek.<\/p>\n<p><strong>Csendes \u00e9s stabil m\u0171k\u00f6d\u00e9s<\/strong><\/p>\n<p>A TOSHIBA \u00e1ltal kifejlesztett \u00e9s gy\u00e1rtott dupla dugatty\u00fas rot\u00e1ci\u00f3s kompresszor alapvet\u0151en k\u00e9t, egym\u00e1ssal szemben forg\u00f3 t\u00e1rcs\u00e1b\u00f3l \u00e1ll. Ez biztos\u00edtja a maxim\u00e1lis mechanikai stabilit\u00e1st, az optim\u00e1lis sebess\u00e9gegyenletess\u00e9get \u00e9s k\u00f6vetkez\u00e9sk\u00e9ppen a minim\u00e1lis rezg\u00e9seket.<\/p>\n<p><strong>\u00c1lland\u00f3 h\u0151m\u00e9rs\u00e9klet<\/strong><\/p>\n<p>Egy l\u00e9gkondicion\u00e1l\u00f3 rendszernek csak az id\u0151 k\u00f6r\u00fclbel\u00fcl 15%-\u00e1ban kell teljes kapacit\u00e1ssal m\u0171k\u00f6dnie. A TOSHIBA inverterrendszer intelligens vez\u00e9rl\u00e9s\u00e9vel a modul\u00e1ci\u00f3s sz\u00e9less\u00e9get \u00e1lland\u00f3an 20% \u00e9s 100% k\u00f6z\u00f6tt szab\u00e1lyozza. Ez \u00e1lland\u00f3 h\u0151m\u00e9rs\u00e9kletet tart fenn folyamatos be- \u00e9s kikapcsol\u00e1s n\u00e9lk\u00fcl.<\/p>\n<p><strong>Megtakar\u00edt\u00e1s az \u00fczemeltet\u00e9si k\u00f6lts\u00e9gekben<\/strong><\/p>\n<p>Mivel a k\u00e9sz\u00fcl\u00e9k az id\u0151 85%-\u00e1ban \u00fan. r\u00e9szterhel\u00e9ses \u00fczemben a hat\u00e9konys\u00e1g kritikus t\u00e9nyez\u0151 ezen a ter\u00fcleten. A TOSHIBA k\u00e9sz\u00fcl\u00e9kek itt ny\u00fajtj\u00e1k a legjobbat. Energiatakar\u00e9kosak, k\u00edm\u00e9lik a p\u00e9nzt\u00e1rc\u00e1j\u00e1t \u00e9s hossz\u00fa \u00e9lettartamot garant\u00e1lnak.<\/p>\n<p><strong>Hossz\u00fa \u00e9lettartam a hibrid-inverter technol\u00f3gi\u00e1nak k\u00f6sz\u00f6nhet\u0151en<\/strong><\/p>\n<p>A kompresszor fordulatsz\u00e1m\u00e1nak automatikus v\u00e1ltoztat\u00e1s\u00e1val az inverteres l\u00e9gkondicion\u00e1l\u00f3 folyamatosan szab\u00e1lyozza a f\u0171t\u00e9si vagy h\u0171t\u00e9si teljes\u00edtm\u00e9nyt \u00e9s ez\u00e1ltal a helyis\u00e9g h\u0151m\u00e9rs\u00e9klet\u00e9t, \u00edgy m\u00e9g magasabb szint\u0171 komfortot biztos\u00edt. Amikor a helyis\u00e9get kell\u0151k\u00e9ppen leh\u0171tik vagy f\u0171tik, az inverter \u00f6n\u00e1ll\u00f3an cs\u00f6kkenti a kompresszor fordulatsz\u00e1m\u00e1t, hogy ez az \u00e1lland\u00f3 h\u0151m\u00e9rs\u00e9klet mindig fennmaradjon. Ez egyr\u00e9szt energi\u00e1t takar\u00edt meg, m\u00e1sr\u00e9szt cs\u00f6kkenti a helyis\u00e9g h\u0151m\u00e9rs\u00e9klet\u00e9nek ingadoz\u00e1s\u00e1t. A fokozatmentesen szab\u00e1lyozhat\u00f3 kompresszor fordulatsz\u00e1m-szab\u00e1lyoz\u00e1snak k\u00f6sz\u00f6nhet\u0151en a teljes\u00edtm\u00e9ny csak olyan magas, amennyire sz\u00fcks\u00e9ges. Mivel a kompresszort nem kell \u00e1lland\u00f3an be- \u00e9s kikapcsolni, a l\u00e9gkondicion\u00e1l\u00f3k \u00e9lettartama is meghosszabbodik.<\/p>\n<p><strong><span style=\"text-decoration: underline;\">Sz\u0171r\u00e9si technol\u00f3gi\u00e1k<\/span><\/strong><\/p>\n<p><strong>L\u00e9legezzen tiszta leveg\u0151t<\/strong><\/p>\n<p>A TOSHIBA l\u00e9gkondicion\u00e1l\u00f3 rendszerek kifinomult sz\u0171r\u0151rendszereket haszn\u00e1lnak. A TOSHIBA szobai l\u00e9gkondicion\u00e1l\u00f3k a kialak\u00edt\u00e1st\u00f3l \u00e9s az alkalmaz\u00e1si ter\u00fclett\u0151l f\u00fcgg\u0151en t\u00f6bb l\u00e9p\u00e9sben tiszt\u00edtj\u00e1k a leveg\u0151t, mik\u00f6zben biztos\u00edtj\u00e1k, hogy a leh\u0171t\u00f6tt leveg\u0151 nemcsak tiszta, hanem szagtalan, szinte zajtalan \u00e9s kellemetlen huzatmentes is legyen.<\/p>\n<p><strong>Porsz\u0171r\u0151<\/strong><\/p>\n<p>Ez egy speci\u00e1lis, s\u0171r\u0171n sz\u0151tt m\u0171anyag sz\u00f6vetb\u0151l \u00e1ll, amely a TOSHIBA term\u00e9kek eset\u00e9ben a teljes h\u0151cser\u00e9l\u0151t befedi. Megtiszt\u00edtj\u00e1k a leveg\u0151t minden durva szennyez\u0151d\u00e9st\u0151l \u00e9s porszemcs\u00e9t\u0151l, hossz\u00fa \u00e9lettartam\u00faak, \u00e9s id\u0151r\u0151l id\u0151re k\u00f6nnyen tiszt\u00edthat\u00f3ak porsz\u00edv\u00f3val vagy v\u00edzzel.<\/p>\n<p><strong>Elektromos sz\u0171r\u0151 \u00e9s l\u00e9gtiszt\u00edt\u00f3<\/strong><\/p>\n<p>Ezek a sz\u0171r\u0151k ionokkal t\u00f6ltik fel a helyis\u00e9g leveg\u0151j\u00e9t, \u00e9s \u00edgy n\u00f6velik az \u00e1ltal\u00e1nos k\u00f6z\u00e9rzetet. Az olyan szennyez\u0151d\u00e9sek, mint a por, pollen, poratk\u00e1k, bakt\u00e9riumok \u00e9s kellemetlen szagok elt\u00e1vol\u00edt\u00e1sra ker\u00fclnek.<\/p>\n<p><strong>Plazma sz\u0171r\u0151<\/strong><\/p>\n<p>A plazmasz\u0171r\u0151 egy t\u00f6bbl\u00e9pcs\u0151s elektromos l\u00e9gtiszt\u00edt\u00f3, amely l\u00e9nyegesen hat\u00e9konyabb, mint egy egyszer\u0171 porsz\u0171r\u0151. Ez az \u00f6ntiszt\u00edt\u00f3 l\u00e9gioniz\u00e1l\u00f3 sz\u0171r\u0151 elnyeli \u00e9s semleges\u00edti a 0,01 \u03bcm-n\u00e9l kisebb finom port, polleneket, pen\u00e9szsp\u00f3r\u00e1kat \u00e9s v\u00edrusr\u00e9szecsk\u00e9ket.<\/p>\n<p><strong>\u00d3zon l\u00e9gtiszt\u00edt\u00f3<\/strong><\/p>\n<p>Az \u00f3zonos l\u00e9gtiszt\u00edt\u00f3 egy ioniz\u00e1tor seg\u00edts\u00e9g\u00e9vel m\u0171k\u00f6dik: a leveg\u0151 \u00f3zonnal &#8211; a leveg\u0151 term\u00e9szetes \u00f6sszetev\u0151j\u00e9vel &#8211; d\u00fasul. Az \u00f3zon reakci\u00f3ba l\u00e9p az idegen molekul\u00e1kkal, hogy semleges\u00edtse a bakt\u00e9riumokat \u00e9s szennyez\u0151d\u00e9seket, \u00e9s visszaalak\u00edtsa \u0151ket oxig\u00e9nn\u00e9.<\/p>\n<p><strong>Sz\u0171r\u0151cs\u00edkok<\/strong><\/p>\n<p>Ezek term\u00e9szetes anyagokat tartalmaz\u00f3, speci\u00e1lis bevonattal ell\u00e1tott sz\u0171r\u0151cs\u00edkok, amelyek megtiszt\u00edtj\u00e1k a bel\u00e9legzett leveg\u0151t.<\/p>\n<p><strong>IAQ sz\u0171r\u0151<\/strong><\/p>\n<p>A TOSHIBA IAQ sz\u0171r\u0151 ez\u00fcst \u00e9s kimchib\u0151l kivont enzimek seg\u00edts\u00e9g\u00e9vel tiszt\u00edtja a bel\u00e9legzett leveg\u0151t. Elnyeli a szagokat, felfriss\u00edti a leveg\u0151t, \u00e9s jelent\u0151sen hozz\u00e1j\u00e1rul az eg\u00e9szs\u00e9g meg\u0151rz\u00e9s\u00e9hez. A v\u00edrusokat \u00e9s bakt\u00e9riumokat semleges\u00edtik. Ez a sz\u0171r\u0151 k\u00f6nnyen elt\u00e1vol\u00edthat\u00f3 \u00e9s tiszt\u00edthat\u00f3 &#8211; lehet\u0151leg porsz\u00edv\u00f3val. Az IAQ-sz\u0171r\u0151t k\u00f6r\u00fclbel\u00fcl k\u00e9t\u00e9vente kell cser\u00e9lni.<\/p>\n<p><strong>Akt\u00edv sz\u00e9n-katechin sz\u0171r\u0151<\/strong><\/p>\n<p>Az akt\u00edv sz\u00e9n-katechin sz\u0171r\u0151 k\u00e9tf\u00e9lek\u00e9ppen tiszt\u00edtja a leveg\u0151t: a sz\u00e9n szagelnyel\u0151k\u00e9nt m\u0171k\u00f6dik, m\u00edg a katechin tiszt\u00edt\u00f3 hat\u00e1s\u00fa a por \u00e9s m\u00e1s r\u00e9szecsk\u00e9k ellen.<\/p>\n<p><strong>Ultra Fresh sz\u0171r\u0151<\/strong><\/p>\n<p>A TOSHIBA Ultra Fresh sz\u0171r\u0151 a PM 2,5 oszt\u00e1ly\u00fa r\u00e9szecsk\u00e9k ak\u00e1r 85%-\u00e1t is felfogja, \u00e9s eg\u00e9szs\u00e9ges \u00e9letteret teremt otthon\u00e1ban. A PM 2.5 oszt\u00e1lyba a 2,5 \u03bcm-n\u00e9l kisebb \u00e1tm\u00e9r\u0151j\u0171 r\u00e9szecsk\u00e9k tartoznak (az emberi hajsz\u00e1l \u00e1tm\u00e9r\u0151j\u00e9nek 3%-a).<\/p>\n<p>A TOSHIBA innovat\u00edv l\u00e9gkondicion\u00e1l\u00f3 rendszereit kifejezetten arra fejlesztett\u00fck ki, hogy otthon\u00e1nak komfortos legyen. Fejlett technol\u00f3gi\u00e1val gondoskodnak az \u00d6n k\u00e9nyelm\u00e9r\u0151l az \u00e9v 365 napj\u00e1n. A csendes m\u0171k\u00f6d\u00e9s, a l\u00e9gsz\u0171r\u00e9s \u00e9s a l\u00e9gtiszt\u00edt\u00e1s csak n\u00e9h\u00e1ny azok k\u00f6z\u00fcl az el\u0151ny\u00f6k k\u00f6z\u00fcl, amelyek magasabb szint\u0171 k\u00e9nyelmet biztos\u00edtanak otthon\u00e1ban. K\u00fcl\u00f6n\u00f6sen az \u00e1tmeneti id\u0151szakban a l\u00e9gkondicion\u00e1l\u00f3 rendszer egyben a t\u00f6k\u00e9letes f\u0171t\u00e9si megold\u00e1s is.<\/p>\n<p>Magas min\u0151s\u00e9g \u00e9s hat\u00e9konys\u00e1g helytakar\u00e9kos m\u00e9retekkel. Az ESTIA leveg\u0151-v\u00edz h\u0151szivatty\u00fa t\u00f6k\u00e9letesen m\u0171k\u00f6dik, \u00e9s kiv\u00e1l\u00f3an alkalmas otthona f\u0171t\u00e9s\u00e9re, meleg v\u00edz el\u0151\u00e1ll\u00edt\u00e1s\u00e1ra \u00e9s h\u0171t\u00e9s\u00e9re. K\u00f6rnyezetbar\u00e1t, megfizethet\u0151 \u00e9s hat\u00e9kony &#8211; ez a l\u00e9gf\u0171t\u00e9s.<\/p>\n<p>Az egyter\u0171 megold\u00e1sok alkalmasak kisebb ipari alkalmaz\u00e1sokhoz, p\u00e9ld\u00e1ul irod\u00e1khoz, \u00fczletekhez vagy m\u0171szaki ter\u00fcletekhez, ahol a megb\u00edzhat\u00f3s\u00e1g kritikus \u00e9s folyamatos m\u0171k\u00f6d\u00e9sre van sz\u00fcks\u00e9g. A t\u00f6bb helyis\u00e9gre vonatkoz\u00f3 megold\u00e1sok k\u00f6z\u00e9 tartoznak a nagy \u00e9p\u00fcletek, p\u00e9ld\u00e1ul irodah\u00e1zak, bev\u00e1s\u00e1rl\u00f3k\u00f6zpontok vagy sz\u00e1llod\u00e1k komplex berendez\u00e9seinek l\u00e9gkondicion\u00e1l\u00f3 rendszerei.<\/p>\n<p>A TOSHIBA v\u00edzh\u0171t\u0151k \u00faj dimenzi\u00f3t hoznak a h\u0171t\u00e9s \u00e9s a f\u0171t\u00e9s vil\u00e1g\u00e1ba. Amikor a sz\u00fcks\u00e9ges teljes\u00edtm\u00e9ny meghaladja a k\u00f6zvetlen p\u00e1r\u00e1s\u00edt\u00f3 rendszerek hat\u00e1rait a m\u0171szaki megval\u00f3s\u00edthat\u00f3s\u00e1g \u00e9s a k\u00f6lts\u00e9ghat\u00e9konys\u00e1g szempontj\u00e1b\u00f3l, a v\u00edzalap\u00fa rendszerek ker\u00fclnek el\u0151t\u00e9rbe.<\/p>\n<p><strong>A TOSHIBA l\u00e9gkondicion\u00e1l\u00f3k m\u00e9r\u00e9si felt\u00e9telei<\/strong><\/p>\n<p><strong>H\u0171t\u00e9s:<\/strong><\/p>\n<ul>\n<li>K\u00fclt\u00e9ri h\u0151m\u00e9rs\u00e9klet: +35\u00b0C<\/li>\n<li>Belt\u00e9ri h\u0151m\u00e9rs\u00e9klet: sz\u00e1raz h\u0151m\u00e9rs\u00e9klet +27\u00b0C \/ nedves h\u0151m\u00e9rs\u00e9klet +19\u00b0C<\/li>\n<li>P\u00e1ratartalom: relat\u00edv p\u00e1ratartalom 50 &#8211; 55%<\/li>\n<\/ul>\n<p><strong>F\u0171t\u00e9s:<\/strong><\/p>\n<ul>\n<li>K\u00fclt\u00e9ri h\u0151m\u00e9rs\u00e9klet: +7\u00b0C sz\u00e1raz h\u0151m\u00e9rs\u00e9klet \/ +6\u00b0C nedves h\u0151m\u00e9rs\u00e9klet<\/li>\n<li>Belt\u00e9ri h\u0151m\u00e9rs\u00e9klet: +20\u00b0C sz\u00e1razh\u0151m\u00e9rs\u00e9klet<\/li>\n<li>Nincs magass\u00e1gk\u00fcl\u00f6nbs\u00e9g a belt\u00e9ri \u00e9s a k\u00fclt\u00e9ri egys\u00e9g k\u00f6z\u00f6tt<\/li>\n<\/ul>\n<p><strong>Hangnyom\u00e1sszint:<\/strong> a belt\u00e9ri egys\u00e9gt\u0151l 1 m t\u00e1vols\u00e1gban (kazett\u00e1s \u00e9s csatorn\u00e1s egys\u00e9gekn\u00e9l 1,5 m) m\u00e9rve. a k\u00fclt\u00e9ri egys\u00e9gt\u0151l 1 m t\u00e1vols\u00e1gban.<\/p>\n<p>Az \u00e9rt\u00e9keket a JIS B8616 szabv\u00e1ny szerinti hangszigetelt helyis\u00e9gben kaptuk; be\u00e9p\u00edt\u00e9s eset\u00e9n az \u00e9rt\u00e9kek magasabbak lehetnek, mivel a k\u00fcls\u0151 t\u00e9nyez\u0151k hat\u00e1sa nyilv\u00e1nval\u00f3v\u00e1 v\u00e1lik.<\/p>\n<p><strong><span style=\"text-decoration: underline;\">Az alkalmaz\u00e1ssal megoldott vez\u00e9rl\u00e9si lehet\u0151s\u00e9gek<\/span><\/strong><\/p>\n<p>A l\u00e9gkondicion\u00e1l\u00f3 rendszer vez\u00e9rl\u00e9se okostelefonj\u00e1val nagyon egyszer\u0171 lehet. A TOSHIBA Home AC Control alkalmaz\u00e1ssal b\u00e1rhonnan vez\u00e9relheti a k\u00e9sz\u00fcl\u00e9keket, p\u00e9ld\u00e1ul bekapcsolhatja a l\u00e9gkondicion\u00e1l\u00f3 rendszert, hogy h\u0171ts\u00f6n, miel\u0151tt haza\u00e9r, \u00e9s \u00fatk\u00f6zben is energi\u00e1t takar\u00edthat meg. Az Single-Split rendszerek energiafigyel\u0151 funkci\u00f3ja r\u00e9v\u00e9n folyamatos \u00e1ttekint\u00e9st kaphat az \u00f6sszes be\u00e1ll\u00edt\u00e1sr\u00f3l \u00e9s k\u00f6lts\u00e9gr\u0151l. Az RBC-Combi Control modul lehet\u0151v\u00e9 teszi a t\u00e1vvez\u00e9rl\u00e9st WLAN n\u00e9lk\u00fcl is, alkalmaz\u00e1son vagy SMS-en kereszt\u00fcl. Mind\u00f6ssze egy SIM-k\u00e1rty\u00e1ra van sz\u00fcks\u00e9ge.<\/p>\n<p>Minden TOSHIBA k\u00e9sz\u00fcl\u00e9k kompatibilis a WiFi-kapcsolattal \u00e9s a Combi Control funkci\u00f3val.<\/p>\n<p>Az energiafigyel\u0151 funkci\u00f3nak k\u00f6sz\u00f6nhet\u0151en egyetlen kWh-t sem fog hi\u00e1nyozni, amelyre a l\u00e9gkondicion\u00e1l\u00f3nak sz\u00fcks\u00e9ge van.[\/vc_column_text][\/vc_column][\/vc_row]<\/p>\n<\/section>","protected":false},"excerpt":{"rendered":"<p>[vc_row][vc_column][vc_column_text woodmart_inline=&#8221;no&#8221; text_larger=&#8221;no&#8221;]Az \u00e9ghajlat az er\u0151ss\u00e9g\u00fcnk A TOSHIBA technol\u00f3gi\u00e1j\u00e1nak el\u0151nyei a maxim\u00e1lis energiahat\u00e9konys\u00e1g\u00fa innovat\u00edv l\u00e9gkondicion\u00e1l\u00f3 rendszerek gy\u00e1rt\u00e1s\u00e1ban szerzett hossz\u00fa tapasztalatokban<\/p>\n","protected":false},"author":12,"featured_media":11386,"comment_status":"closed","ping_status":"closed","sticky":false,"template":"","format":"standard","meta":{"footnotes":""},"categories":[349],"tags":[],"table_tags":[],"class_list":["post-11385","post","type-post","status-publish","format-standard","has-post-thumbnail","hentry","category-legkondicionalas"],"yoast_head":"<!-- This site is optimized with the Yoast SEO plugin v24.3 - https:\/\/yoast.com\/wordpress\/plugins\/seo\/ -->\n<title>TOSHIBA l\u00e9gkondicion\u00e1l\u00f3k | SLOVKLIMA DEIMOS group, s.r.o.<\/title>\n<meta name=\"robots\" content=\"index, follow, max-snippet:-1, max-image-preview:large, max-video-preview:-1\" \/>\n<link rel=\"canonical\" href=\"https:\/\/www.slovklima.sk\/hu\/blog\/toshiba-legkondicionalok\/\" \/>\n<meta property=\"og:locale\" content=\"hu_HU\" \/>\n<meta property=\"og:type\" content=\"article\" \/>\n<meta property=\"og:title\" content=\"TOSHIBA l\u00e9gkondicion\u00e1l\u00f3k | SLOVKLIMA DEIMOS group, s.r.o.\" \/>\n<meta property=\"og:description\" content=\"[vc_row][vc_column][vc_column_text woodmart_inline=&#8221;no&#8221; text_larger=&#8221;no&#8221;]Az \u00e9ghajlat az er\u0151ss\u00e9g\u00fcnk A TOSHIBA technol\u00f3gi\u00e1j\u00e1nak el\u0151nyei a maxim\u00e1lis energiahat\u00e9konys\u00e1g\u00fa innovat\u00edv l\u00e9gkondicion\u00e1l\u00f3 rendszerek gy\u00e1rt\u00e1s\u00e1ban szerzett hossz\u00fa tapasztalatokban\" \/>\n<meta property=\"og:url\" content=\"https:\/\/www.slovklima.sk\/hu\/blog\/toshiba-legkondicionalok\/\" \/>\n<meta property=\"og:site_name\" content=\"SLOVKLIMA DEIMOS group, s.r.o.\" \/>\n<meta property=\"article:published_time\" content=\"2024-02-10T20:10:34+00:00\" \/>\n<meta property=\"article:modified_time\" content=\"2026-01-21T09:03:42+00:00\" \/>\n<meta property=\"og:image\" content=\"https:\/\/www.slovklima.sk\/wp-content\/uploads\/2024\/02\/Klimatizacne-jednotky-TOSHIBA.jpg\" \/>\n\t<meta property=\"og:image:width\" content=\"791\" \/>\n\t<meta property=\"og:image:height\" content=\"527\" \/>\n\t<meta property=\"og:image:type\" content=\"image\/png\" \/>\n<meta name=\"author\" content=\"Pozsonyi\" \/>\n<meta name=\"twitter:card\" content=\"summary_large_image\" \/>\n<meta name=\"twitter:label1\" content=\"Szerz\u0151:\" \/>\n\t<meta name=\"twitter:data1\" content=\"Pozsonyi\" \/>\n\t<meta name=\"twitter:label2\" content=\"Becs\u00fclt olvas\u00e1si id\u0151\" \/>\n\t<meta name=\"twitter:data2\" content=\"5 perc\" \/>\n<script type=\"application\/ld+json\" class=\"yoast-schema-graph\">{\"@context\":\"https:\/\/schema.org\",\"@graph\":[{\"@type\":\"Article\",\"@id\":\"https:\/\/www.slovklima.sk\/hu\/blog\/toshiba-legkondicionalok\/#article\",\"isPartOf\":{\"@id\":\"https:\/\/www.slovklima.sk\/hu\/blog\/toshiba-legkondicionalok\/\"},\"author\":{\"name\":\"Pozsonyi\",\"@id\":\"https:\/\/www.slovklima.sk\/#\/schema\/person\/041fa68ca7169117e61dedd0b8be9db7\"},\"headline\":\"TOSHIBA l\u00e9gkondicion\u00e1l\u00f3k\",\"datePublished\":\"2024-02-10T20:10:34+00:00\",\"dateModified\":\"2026-01-21T09:03:42+00:00\",\"mainEntityOfPage\":{\"@id\":\"https:\/\/www.slovklima.sk\/hu\/blog\/toshiba-legkondicionalok\/\"},\"wordCount\":1573,\"publisher\":{\"@id\":\"https:\/\/www.slovklima.sk\/#organization\"},\"image\":{\"@id\":\"https:\/\/www.slovklima.sk\/hu\/blog\/toshiba-legkondicionalok\/#primaryimage\"},\"thumbnailUrl\":\"https:\/\/www.slovklima.sk\/wp-content\/uploads\/2024\/02\/Klimatizacne-jednotky-TOSHIBA.jpg\",\"articleSection\":[\"L\u00e9gkondicion\u00e1l\u00e1s\"],\"inLanguage\":\"hu\"},{\"@type\":\"WebPage\",\"@id\":\"https:\/\/www.slovklima.sk\/hu\/blog\/toshiba-legkondicionalok\/\",\"url\":\"https:\/\/www.slovklima.sk\/hu\/blog\/toshiba-legkondicionalok\/\",\"name\":\"TOSHIBA l\u00e9gkondicion\u00e1l\u00f3k | SLOVKLIMA DEIMOS group, s.r.o.\",\"isPartOf\":{\"@id\":\"https:\/\/www.slovklima.sk\/#website\"},\"primaryImageOfPage\":{\"@id\":\"https:\/\/www.slovklima.sk\/hu\/blog\/toshiba-legkondicionalok\/#primaryimage\"},\"image\":{\"@id\":\"https:\/\/www.slovklima.sk\/hu\/blog\/toshiba-legkondicionalok\/#primaryimage\"},\"thumbnailUrl\":\"https:\/\/www.slovklima.sk\/wp-content\/uploads\/2024\/02\/Klimatizacne-jednotky-TOSHIBA.jpg\",\"datePublished\":\"2024-02-10T20:10:34+00:00\",\"dateModified\":\"2026-01-21T09:03:42+00:00\",\"breadcrumb\":{\"@id\":\"https:\/\/www.slovklima.sk\/hu\/blog\/toshiba-legkondicionalok\/#breadcrumb\"},\"inLanguage\":\"hu\",\"potentialAction\":[{\"@type\":\"ReadAction\",\"target\":[\"https:\/\/www.slovklima.sk\/hu\/blog\/toshiba-legkondicionalok\/\"]}]},{\"@type\":\"ImageObject\",\"inLanguage\":\"hu\",\"@id\":\"https:\/\/www.slovklima.sk\/hu\/blog\/toshiba-legkondicionalok\/#primaryimage\",\"url\":\"https:\/\/www.slovklima.sk\/wp-content\/uploads\/2024\/02\/Klimatizacne-jednotky-TOSHIBA.jpg\",\"contentUrl\":\"https:\/\/www.slovklima.sk\/wp-content\/uploads\/2024\/02\/Klimatizacne-jednotky-TOSHIBA.jpg\",\"width\":791,\"height\":527},{\"@type\":\"BreadcrumbList\",\"@id\":\"https:\/\/www.slovklima.sk\/hu\/blog\/toshiba-legkondicionalok\/#breadcrumb\",\"itemListElement\":[{\"@type\":\"ListItem\",\"position\":1,\"name\":\"Domovsk\u00e1 str\u00e1nka\",\"item\":\"https:\/\/www.slovklima.sk\/hu\/\"},{\"@type\":\"ListItem\",\"position\":2,\"name\":\"TOSHIBA l\u00e9gkondicion\u00e1l\u00f3k\"}]},{\"@type\":\"WebSite\",\"@id\":\"https:\/\/www.slovklima.sk\/#website\",\"url\":\"https:\/\/www.slovklima.sk\/\",\"name\":\"SLOVKLIMA DEIMOS group, s.r.o.\",\"description\":\"\",\"publisher\":{\"@id\":\"https:\/\/www.slovklima.sk\/#organization\"},\"alternateName\":\"SLOVKLIMA\",\"potentialAction\":[{\"@type\":\"SearchAction\",\"target\":{\"@type\":\"EntryPoint\",\"urlTemplate\":\"https:\/\/www.slovklima.sk\/?s={search_term_string}\"},\"query-input\":{\"@type\":\"PropertyValueSpecification\",\"valueRequired\":true,\"valueName\":\"search_term_string\"}}],\"inLanguage\":\"hu\"},{\"@type\":\"Organization\",\"@id\":\"https:\/\/www.slovklima.sk\/#organization\",\"name\":\"SLOVKLIMA DEIMOS group, s.r.o.\",\"alternateName\":\"SLOVKLIMA\",\"url\":\"https:\/\/www.slovklima.sk\/\",\"logo\":{\"@type\":\"ImageObject\",\"inLanguage\":\"hu\",\"@id\":\"https:\/\/www.slovklima.sk\/#\/schema\/logo\/image\/\",\"url\":\"https:\/\/www.slovklima.sk\/wp-content\/uploads\/2022\/12\/slovklima-logo-black.svg\",\"contentUrl\":\"https:\/\/www.slovklima.sk\/wp-content\/uploads\/2022\/12\/slovklima-logo-black.svg\",\"width\":3218,\"height\":698,\"caption\":\"SLOVKLIMA DEIMOS group, s.r.o.\"},\"image\":{\"@id\":\"https:\/\/www.slovklima.sk\/#\/schema\/logo\/image\/\"}},{\"@type\":\"Person\",\"@id\":\"https:\/\/www.slovklima.sk\/#\/schema\/person\/041fa68ca7169117e61dedd0b8be9db7\",\"name\":\"Pozsonyi\",\"image\":{\"@type\":\"ImageObject\",\"inLanguage\":\"hu\",\"@id\":\"https:\/\/www.slovklima.sk\/#\/schema\/person\/image\/\",\"url\":\"https:\/\/secure.gravatar.com\/avatar\/56b5a979081bf36f552dcd2c58795a7f5af67ab13c4da768f91594001b4010c4?s=96&d=mm&r=g\",\"contentUrl\":\"https:\/\/secure.gravatar.com\/avatar\/56b5a979081bf36f552dcd2c58795a7f5af67ab13c4da768f91594001b4010c4?s=96&d=mm&r=g\",\"caption\":\"Pozsonyi\"}}]}<\/script>\n<!-- \/ Yoast SEO plugin. -->","yoast_head_json":{"title":"TOSHIBA l\u00e9gkondicion\u00e1l\u00f3k | SLOVKLIMA DEIMOS group, s.r.o.","robots":{"index":"index","follow":"follow","max-snippet":"max-snippet:-1","max-image-preview":"max-image-preview:large","max-video-preview":"max-video-preview:-1"},"canonical":"https:\/\/www.slovklima.sk\/hu\/blog\/toshiba-legkondicionalok\/","og_locale":"hu_HU","og_type":"article","og_title":"TOSHIBA l\u00e9gkondicion\u00e1l\u00f3k | SLOVKLIMA DEIMOS group, s.r.o.","og_description":"[vc_row][vc_column][vc_column_text woodmart_inline=&#8221;no&#8221; text_larger=&#8221;no&#8221;]Az \u00e9ghajlat az er\u0151ss\u00e9g\u00fcnk A TOSHIBA technol\u00f3gi\u00e1j\u00e1nak el\u0151nyei a maxim\u00e1lis energiahat\u00e9konys\u00e1g\u00fa innovat\u00edv l\u00e9gkondicion\u00e1l\u00f3 rendszerek gy\u00e1rt\u00e1s\u00e1ban szerzett hossz\u00fa tapasztalatokban","og_url":"https:\/\/www.slovklima.sk\/hu\/blog\/toshiba-legkondicionalok\/","og_site_name":"SLOVKLIMA DEIMOS group, s.r.o.","article_published_time":"2024-02-10T20:10:34+00:00","article_modified_time":"2026-01-21T09:03:42+00:00","og_image":[{"width":791,"height":527,"url":"https:\/\/www.slovklima.sk\/wp-content\/uploads\/2024\/02\/Klimatizacne-jednotky-TOSHIBA.jpg","type":"image\/png"}],"author":"Pozsonyi","twitter_card":"summary_large_image","twitter_misc":{"Szerz\u0151:":"Pozsonyi","Becs\u00fclt olvas\u00e1si id\u0151":"5 perc"},"schema":{"@context":"https:\/\/schema.org","@graph":[{"@type":"Article","@id":"https:\/\/www.slovklima.sk\/hu\/blog\/toshiba-legkondicionalok\/#article","isPartOf":{"@id":"https:\/\/www.slovklima.sk\/hu\/blog\/toshiba-legkondicionalok\/"},"author":{"name":"Pozsonyi","@id":"https:\/\/www.slovklima.sk\/#\/schema\/person\/041fa68ca7169117e61dedd0b8be9db7"},"headline":"TOSHIBA l\u00e9gkondicion\u00e1l\u00f3k","datePublished":"2024-02-10T20:10:34+00:00","dateModified":"2026-01-21T09:03:42+00:00","mainEntityOfPage":{"@id":"https:\/\/www.slovklima.sk\/hu\/blog\/toshiba-legkondicionalok\/"},"wordCount":1573,"publisher":{"@id":"https:\/\/www.slovklima.sk\/#organization"},"image":{"@id":"https:\/\/www.slovklima.sk\/hu\/blog\/toshiba-legkondicionalok\/#primaryimage"},"thumbnailUrl":"https:\/\/www.slovklima.sk\/wp-content\/uploads\/2024\/02\/Klimatizacne-jednotky-TOSHIBA.jpg","articleSection":["L\u00e9gkondicion\u00e1l\u00e1s"],"inLanguage":"hu"},{"@type":"WebPage","@id":"https:\/\/www.slovklima.sk\/hu\/blog\/toshiba-legkondicionalok\/","url":"https:\/\/www.slovklima.sk\/hu\/blog\/toshiba-legkondicionalok\/","name":"TOSHIBA l\u00e9gkondicion\u00e1l\u00f3k | SLOVKLIMA DEIMOS group, s.r.o.","isPartOf":{"@id":"https:\/\/www.slovklima.sk\/#website"},"primaryImageOfPage":{"@id":"https:\/\/www.slovklima.sk\/hu\/blog\/toshiba-legkondicionalok\/#primaryimage"},"image":{"@id":"https:\/\/www.slovklima.sk\/hu\/blog\/toshiba-legkondicionalok\/#primaryimage"},"thumbnailUrl":"https:\/\/www.slovklima.sk\/wp-content\/uploads\/2024\/02\/Klimatizacne-jednotky-TOSHIBA.jpg","datePublished":"2024-02-10T20:10:34+00:00","dateModified":"2026-01-21T09:03:42+00:00","breadcrumb":{"@id":"https:\/\/www.slovklima.sk\/hu\/blog\/toshiba-legkondicionalok\/#breadcrumb"},"inLanguage":"hu","potentialAction":[{"@type":"ReadAction","target":["https:\/\/www.slovklima.sk\/hu\/blog\/toshiba-legkondicionalok\/"]}]},{"@type":"ImageObject","inLanguage":"hu","@id":"https:\/\/www.slovklima.sk\/hu\/blog\/toshiba-legkondicionalok\/#primaryimage","url":"https:\/\/www.slovklima.sk\/wp-content\/uploads\/2024\/02\/Klimatizacne-jednotky-TOSHIBA.jpg","contentUrl":"https:\/\/www.slovklima.sk\/wp-content\/uploads\/2024\/02\/Klimatizacne-jednotky-TOSHIBA.jpg","width":791,"height":527},{"@type":"BreadcrumbList","@id":"https:\/\/www.slovklima.sk\/hu\/blog\/toshiba-legkondicionalok\/#breadcrumb","itemListElement":[{"@type":"ListItem","position":1,"name":"Domovsk\u00e1 str\u00e1nka","item":"https:\/\/www.slovklima.sk\/hu\/"},{"@type":"ListItem","position":2,"name":"TOSHIBA l\u00e9gkondicion\u00e1l\u00f3k"}]},{"@type":"WebSite","@id":"https:\/\/www.slovklima.sk\/#website","url":"https:\/\/www.slovklima.sk\/","name":"SLOVKLIMA DEIMOS group, s.r.o.","description":"","publisher":{"@id":"https:\/\/www.slovklima.sk\/#organization"},"alternateName":"SLOVKLIMA","potentialAction":[{"@type":"SearchAction","target":{"@type":"EntryPoint","urlTemplate":"https:\/\/www.slovklima.sk\/?s={search_term_string}"},"query-input":{"@type":"PropertyValueSpecification","valueRequired":true,"valueName":"search_term_string"}}],"inLanguage":"hu"},{"@type":"Organization","@id":"https:\/\/www.slovklima.sk\/#organization","name":"SLOVKLIMA DEIMOS group, s.r.o.","alternateName":"SLOVKLIMA","url":"https:\/\/www.slovklima.sk\/","logo":{"@type":"ImageObject","inLanguage":"hu","@id":"https:\/\/www.slovklima.sk\/#\/schema\/logo\/image\/","url":"https:\/\/www.slovklima.sk\/wp-content\/uploads\/2022\/12\/slovklima-logo-black.svg","contentUrl":"https:\/\/www.slovklima.sk\/wp-content\/uploads\/2022\/12\/slovklima-logo-black.svg","width":3218,"height":698,"caption":"SLOVKLIMA DEIMOS group, s.r.o."},"image":{"@id":"https:\/\/www.slovklima.sk\/#\/schema\/logo\/image\/"}},{"@type":"Person","@id":"https:\/\/www.slovklima.sk\/#\/schema\/person\/041fa68ca7169117e61dedd0b8be9db7","name":"Pozsonyi","image":{"@type":"ImageObject","inLanguage":"hu","@id":"https:\/\/www.slovklima.sk\/#\/schema\/person\/image\/","url":"https:\/\/secure.gravatar.com\/avatar\/56b5a979081bf36f552dcd2c58795a7f5af67ab13c4da768f91594001b4010c4?s=96&d=mm&r=g","contentUrl":"https:\/\/secure.gravatar.com\/avatar\/56b5a979081bf36f552dcd2c58795a7f5af67ab13c4da768f91594001b4010c4?s=96&d=mm&r=g","caption":"Pozsonyi"}}]}},"_links":{"self":[{"href":"https:\/\/www.slovklima.sk\/hu\/wp-json\/wp\/v2\/posts\/11385","targetHints":{"allow":["GET"]}}],"collection":[{"href":"https:\/\/www.slovklima.sk\/hu\/wp-json\/wp\/v2\/posts"}],"about":[{"href":"https:\/\/www.slovklima.sk\/hu\/wp-json\/wp\/v2\/types\/post"}],"author":[{"embeddable":true,"href":"https:\/\/www.slovklima.sk\/hu\/wp-json\/wp\/v2\/users\/12"}],"replies":[{"embeddable":true,"href":"https:\/\/www.slovklima.sk\/hu\/wp-json\/wp\/v2\/comments?post=11385"}],"version-history":[{"count":1,"href":"https:\/\/www.slovklima.sk\/hu\/wp-json\/wp\/v2\/posts\/11385\/revisions"}],"predecessor-version":[{"id":19908,"href":"https:\/\/www.slovklima.sk\/hu\/wp-json\/wp\/v2\/posts\/11385\/revisions\/19908"}],"wp:featuredmedia":[{"embeddable":true,"href":"https:\/\/www.slovklima.sk\/hu\/wp-json\/wp\/v2\/media\/11386"}],"wp:attachment":[{"href":"https:\/\/www.slovklima.sk\/hu\/wp-json\/wp\/v2\/media?parent=11385"}],"wp:term":[{"taxonomy":"category","embeddable":true,"href":"https:\/\/www.slovklima.sk\/hu\/wp-json\/wp\/v2\/categories?post=11385"},{"taxonomy":"post_tag","embeddable":true,"href":"https:\/\/www.slovklima.sk\/hu\/wp-json\/wp\/v2\/tags?post=11385"},{"taxonomy":"table_tags","embeddable":true,"href":"https:\/\/www.slovklima.sk\/hu\/wp-json\/wp\/v2\/table_tags?post=11385"}],"curies":[{"name":"wp","href":"https:\/\/api.w.org\/{rel}","templated":true}]}}