{"id":11316,"date":"2024-03-13T11:00:26","date_gmt":"2024-03-13T10:00:26","guid":{"rendered":"https:\/\/www.slovklima.sk\/blog\/levego-viz-hoszivattyu-egy-csaladban-vagy-lakasban\/"},"modified":"2026-01-21T10:03:41","modified_gmt":"2026-01-21T09:03:41","slug":"levego-viz-hoszivattyu-egy-csaladban-vagy-lakasban","status":"publish","type":"post","link":"https:\/\/www.slovklima.sk\/hu\/blog\/levego-viz-hoszivattyu-egy-csaladban-vagy-lakasban\/","title":{"rendered":"Leveg\u0151-v\u00edz h\u0151szivatty\u00fa egy csal\u00e1dban vagy lak\u00e1sban"},"content":{"rendered":"<section class=\"wpb-content-wrapper\"><p>[vc_row][vc_column][vc_column_text woodmart_inline=&#8221;no&#8221; text_larger=&#8221;no&#8221;]<\/p>\n<p><strong>LEVEG\u0150 &#8211; V\u00cdZ H\u0150SZIVATTY\u00da EGY CSAL\u00c1DI H\u00c1ZBAN<\/strong><\/p>\n<ol>\n<li>FOTOVOLTAIKUS VAGY NAPELEMES RENDSZER<\/li>\n<\/ol>\n<p>Egy fotovoltaikus vagy napelemes rendszer k\u00f6nnyen integr\u00e1lhat\u00f3 egy intelligens h\u00e1l\u00f3zat seg\u00edts\u00e9g\u00e9vel. Ez\u00e1ltal a f\u0171t\u00e9s \u00e9s h\u0171t\u00e9s m\u00e9g k\u00f6rnyezetbar\u00e1tabb\u00e1 \u00e9s gazdas\u00e1gosabb\u00e1 v\u00e1lik.<\/p>\n<ol start=\"2\">\n<li>K\u00dcLT\u00c9RI EGYS\u00c9G<\/li>\n<\/ol>\n<p>A k\u00fclt\u00e9ri egys\u00e9gben a k\u00fcls\u0151 leveg\u0151b\u0151l egy h\u0151cser\u00e9l\u0151, a kompresszor \u00e9s a h\u0171t\u0151k\u00f6zeg seg\u00edts\u00e9g\u00e9vel nyerik ki az energi\u00e1t, \u00e9s tov\u00e1bb\u00edtj\u00e1k a belt\u00e9ri egys\u00e9gbe.<\/p>\n<ol start=\"3\">\n<li>BELT\u00c9RI HIDROBOX EGYS\u00c9G<\/li>\n<\/ol>\n<p>A belt\u00e9ri hidrobox egys\u00e9g a h\u0171t\u0151k\u00f6zegb\u0151l sz\u00e1rmaz\u00f3 h\u0151energi\u00e1t a h\u00e1zi v\u00edzrendszerbe tov\u00e1bb\u00edtja.<\/p>\n<ol start=\"4\">\n<li>T\u00c1ROL\u00d3T\u00c1BLA<\/li>\n<\/ol>\n<p>Egy puffer tart\u00e1ly be\u00e9p\u00edt\u00e9se tov\u00e1bb cs\u00f6kkentheti a k\u00f6lts\u00e9geket \u00e9s tov\u00e1bbi technikai el\u0151ny\u00f6kkel j\u00e1rhat.<\/p>\n<ol start=\"5\">\n<li>MEGL\u00c9V\u0150 F\u0170T\u0150ELEMEK<\/li>\n<\/ol>\n<p>A megl\u00e9v\u0151 f\u0171t\u0151berendez\u00e9sek tov\u00e1bbra is haszn\u00e1lhat\u00f3k. Radi\u00e1torokkal kombin\u00e1lva ak\u00e1r 65\u00b0C-os el\u0151meleg\u00edt\u00e9si h\u0151m\u00e9rs\u00e9klet is el\u00e9rhet\u0151.<\/p>\n<ol start=\"6\">\n<li>PADL\u00d3F\u0170T\u00c9S<\/li>\n<\/ol>\n<p>Padl\u00f3f\u0171t\u00e9ssel kombin\u00e1lva az ESTIA rendszer alacsonyabb el\u0151meleg\u00edt\u00e9si h\u0151m\u00e9rs\u00e9klet\u0171 f\u0171t\u0151vizet biztos\u00edt.<\/p>\n<ol start=\"7\">\n<li>FOLYAMATOSAN MELEG V\u00cdZ<\/li>\n<\/ol>\n<p>Mindig elegend\u0151 h\u00e1ztart\u00e1si v\u00edz \u00e1ll majd rendelkez\u00e9sre.<\/p>\n<ol start=\"8\">\n<li>T\u00c1VOLI SZOBAVEZ\u00c9RL\u00c9S<\/li>\n<\/ol>\n<p>K\u00f6zvetlen\u00fcl a belt\u00e9ri hidrobox egys\u00e9gen tal\u00e1lhat\u00f3 kezel\u0151panel vez\u00e9rli az \u00f6sszes funkci\u00f3t. Opci\u00f3k\u00e9nt k\u00fcls\u0151 surround t\u00e1vir\u00e1ny\u00edt\u00f3 is rendelhet\u0151. Lehet\u0151s\u00e9g van a k\u00f6z\u00f6s \u00e9p\u00fcletg\u00e9p\u00e9szeti rendszerekhez val\u00f3 csatlakoztat\u00e1sra.<\/p>\n<ol start=\"9\">\n<li>AKKUMUL\u00c1TOR<\/li>\n<\/ol>\n<p>A fotovoltaikus rendszer akkumul\u00e1tora t\u00e1rolja az \u00f6sszegy\u0171jt\u00f6tt napenergi\u00e1t. Sz\u00fcks\u00e9g eset\u00e9n ez az energia felhaszn\u00e1lhat\u00f3 a berendez\u00e9sek m\u0171k\u00f6dtet\u00e9s\u00e9re.<\/p>\n<p><strong><img decoding=\"async\" class=\"alignnone wp-image-8600\" src=\"https:\/\/slovklima.esystem.sk\/wp-content\/uploads\/2024\/03\/tepelne-cerpadlo-vzduch-voda-v-rodinnom-alebo-bytovom-priestore-obrazok-307x300.png\" alt=\"h\u0151szivatty\u00fa leveg\u0151 v\u00edz egy csal\u00e1di vagy lak\u00f3ter\u00fcleti k\u00e9pen\" width=\"492\" height=\"481\"><\/strong><\/p>\n<p><strong>H\u0150SZIVATTY\u00da LEVEG\u0150 &#8211; V\u00cdZ A LAK\u00c1SBAN<\/strong><\/p>\n<ol>\n<li>K\u00dcLT\u00c9RI EGYS\u00c9G<\/li>\n<\/ol>\n<p>A k\u00fclt\u00e9ri egys\u00e9gben a k\u00fcls\u0151 leveg\u0151b\u0151l egy h\u0151cser\u00e9l\u0151, a kompresszor \u00e9s a h\u0171t\u0151k\u00f6zeg seg\u00edts\u00e9g\u00e9vel nyerik ki az energi\u00e1t, \u00e9s tov\u00e1bb\u00edtj\u00e1k a belt\u00e9ri egys\u00e9gbe.<\/p>\n<ol start=\"2\">\n<li>ALL-IN-ONE<\/li>\n<\/ol>\n<p>Az All-in-One belt\u00e9ri egys\u00e9g a h\u0171t\u0151k\u00f6zegb\u0151l sz\u00e1rmaz\u00f3 h\u0151energi\u00e1t a lak\u00f3h\u00e1z v\u00edzrendszer\u00e9be tov\u00e1bb\u00edtja. A helytakar\u00e9koss\u00e1g \u00e9rdek\u00e9ben egy 210 literes melegv\u00edztart\u00e1ly ker\u00fclt be\u00e9p\u00edt\u00e9sre.<\/p>\n<ol start=\"3\">\n<li>MEGL\u00c9V\u0150 F\u0170T\u0150ELEMEK<\/li>\n<\/ol>\n<p>A megl\u00e9v\u0151 f\u0171t\u0151berendez\u00e9sek tov\u00e1bbra is haszn\u00e1lhat\u00f3k. Radi\u00e1torokkal kombin\u00e1lva ak\u00e1r 65 \u00b0C k\u00f6r\u00fcli h\u0151m\u00e9rs\u00e9kletet is el\u00e9rhet\u00fcnk.<\/p>\n<ol start=\"4\">\n<li>PADL\u00d3F\u0170T\u00c9S<\/li>\n<\/ol>\n<p>Padl\u00f3f\u0171t\u00e9ssel kombin\u00e1lva ez a rendszer alacsonyabb el\u0151meleg\u00edt\u00e9si h\u0151m\u00e9rs\u00e9klet\u0171 f\u0171t\u0151vizet biztos\u00edt.<\/p>\n<ol start=\"5\">\n<li>FOLYAMATOSAN MELEG V\u00cdZ<\/li>\n<\/ol>\n<p>Mindig elegend\u0151 h\u00e1ztart\u00e1si v\u00edz \u00e1ll majd rendelkez\u00e9sre.<\/p>\n<ol start=\"6\">\n<li>VEZ\u00c9R\u0150EGYS\u00c9G<\/li>\n<\/ol>\n<p>K\u00f6zvetlen\u00fcl a multifunkci\u00f3s k\u00e9sz\u00fcl\u00e9ken tal\u00e1lhat\u00f3 vez\u00e9rl\u0151panel vez\u00e9rli az \u00f6sszes funkci\u00f3t. Opci\u00f3k\u00e9nt k\u00fcls\u0151 surround t\u00e1vir\u00e1ny\u00edt\u00f3 is rendelhet\u0151. Lehet\u0151s\u00e9g van a k\u00f6z\u00f6s \u00e9p\u00fcletg\u00e9p\u00e9szeti rendszerekhez val\u00f3 csatlakoztat\u00e1sra.<\/p>\n<p><em> <\/em><\/p>\n<p style=\"font-weight: 400;\">[\/vc_column_text][\/vc_column][\/vc_row]<\/p>\n<\/section>","protected":false},"excerpt":{"rendered":"<p>[vc_row][vc_column][vc_column_text woodmart_inline=&#8221;no&#8221; text_larger=&#8221;no&#8221;] LEVEG\u0150 &#8211; V\u00cdZ H\u0150SZIVATTY\u00da EGY CSAL\u00c1DI H\u00c1ZBAN FOTOVOLTAIKUS VAGY NAPELEMES RENDSZER Egy fotovoltaikus vagy napelemes rendszer k\u00f6nnyen<\/p>\n","protected":false},"author":12,"featured_media":11312,"comment_status":"closed","ping_status":"closed","sticky":false,"template":"","format":"standard","meta":{"footnotes":""},"categories":[],"tags":[],"table_tags":[],"class_list":["post-11316","post","type-post","status-publish","format-standard","has-post-thumbnail","hentry"],"yoast_head":"<!-- This site is optimized with the Yoast SEO plugin v24.3 - https:\/\/yoast.com\/wordpress\/plugins\/seo\/ -->\n<title>Leveg\u0151-v\u00edz h\u0151szivatty\u00fa egy csal\u00e1dban vagy lak\u00e1sban | SLOVKLIMA DEIMOS group, s.r.o.<\/title>\n<meta name=\"robots\" content=\"index, follow, max-snippet:-1, max-image-preview:large, max-video-preview:-1\" \/>\n<link rel=\"canonical\" href=\"https:\/\/www.slovklima.sk\/hu\/blog\/levego-viz-hoszivattyu-egy-csaladban-vagy-lakasban\/\" \/>\n<meta property=\"og:locale\" content=\"hu_HU\" \/>\n<meta property=\"og:type\" content=\"article\" \/>\n<meta property=\"og:title\" content=\"Leveg\u0151-v\u00edz h\u0151szivatty\u00fa egy csal\u00e1dban vagy lak\u00e1sban | SLOVKLIMA DEIMOS group, s.r.o.\" \/>\n<meta property=\"og:description\" content=\"[vc_row][vc_column][vc_column_text woodmart_inline=&#8221;no&#8221; text_larger=&#8221;no&#8221;] LEVEG\u0150 &#8211; V\u00cdZ H\u0150SZIVATTY\u00da EGY CSAL\u00c1DI H\u00c1ZBAN FOTOVOLTAIKUS VAGY NAPELEMES RENDSZER Egy fotovoltaikus vagy napelemes rendszer k\u00f6nnyen\" \/>\n<meta property=\"og:url\" content=\"https:\/\/www.slovklima.sk\/hu\/blog\/levego-viz-hoszivattyu-egy-csaladban-vagy-lakasban\/\" \/>\n<meta property=\"og:site_name\" content=\"SLOVKLIMA DEIMOS group, s.r.o.\" \/>\n<meta property=\"article:published_time\" content=\"2024-03-13T10:00:26+00:00\" \/>\n<meta property=\"article:modified_time\" content=\"2026-01-21T09:03:41+00:00\" \/>\n<meta property=\"og:image\" content=\"https:\/\/www.slovklima.sk\/wp-content\/uploads\/2024\/03\/tepelne-cerpadlo-vzduch-voda-v-rodinnom-alebo-bytovom-priestore-2.jpg\" \/>\n\t<meta property=\"og:image:width\" content=\"732\" \/>\n\t<meta property=\"og:image:height\" content=\"488\" \/>\n\t<meta property=\"og:image:type\" content=\"image\/png\" \/>\n<meta name=\"author\" content=\"Pozsonyi\" \/>\n<meta name=\"twitter:card\" content=\"summary_large_image\" \/>\n<meta name=\"twitter:label1\" content=\"Szerz\u0151:\" \/>\n\t<meta name=\"twitter:data1\" content=\"Pozsonyi\" \/>\n\t<meta name=\"twitter:label2\" content=\"Becs\u00fclt olvas\u00e1si id\u0151\" \/>\n\t<meta name=\"twitter:data2\" content=\"2 perc\" \/>\n<script type=\"application\/ld+json\" class=\"yoast-schema-graph\">{\"@context\":\"https:\/\/schema.org\",\"@graph\":[{\"@type\":\"Article\",\"@id\":\"https:\/\/www.slovklima.sk\/hu\/blog\/levego-viz-hoszivattyu-egy-csaladban-vagy-lakasban\/#article\",\"isPartOf\":{\"@id\":\"https:\/\/www.slovklima.sk\/hu\/blog\/levego-viz-hoszivattyu-egy-csaladban-vagy-lakasban\/\"},\"author\":{\"name\":\"Pozsonyi\",\"@id\":\"https:\/\/www.slovklima.sk\/#\/schema\/person\/041fa68ca7169117e61dedd0b8be9db7\"},\"headline\":\"Leveg\u0151-v\u00edz h\u0151szivatty\u00fa egy csal\u00e1dban vagy lak\u00e1sban\",\"datePublished\":\"2024-03-13T10:00:26+00:00\",\"dateModified\":\"2026-01-21T09:03:41+00:00\",\"mainEntityOfPage\":{\"@id\":\"https:\/\/www.slovklima.sk\/hu\/blog\/levego-viz-hoszivattyu-egy-csaladban-vagy-lakasban\/\"},\"wordCount\":587,\"publisher\":{\"@id\":\"https:\/\/www.slovklima.sk\/#organization\"},\"image\":{\"@id\":\"https:\/\/www.slovklima.sk\/hu\/blog\/levego-viz-hoszivattyu-egy-csaladban-vagy-lakasban\/#primaryimage\"},\"thumbnailUrl\":\"https:\/\/www.slovklima.sk\/wp-content\/uploads\/2024\/03\/tepelne-cerpadlo-vzduch-voda-v-rodinnom-alebo-bytovom-priestore-2.jpg\",\"inLanguage\":\"hu\"},{\"@type\":\"WebPage\",\"@id\":\"https:\/\/www.slovklima.sk\/hu\/blog\/levego-viz-hoszivattyu-egy-csaladban-vagy-lakasban\/\",\"url\":\"https:\/\/www.slovklima.sk\/hu\/blog\/levego-viz-hoszivattyu-egy-csaladban-vagy-lakasban\/\",\"name\":\"Leveg\u0151-v\u00edz h\u0151szivatty\u00fa egy csal\u00e1dban vagy lak\u00e1sban | SLOVKLIMA DEIMOS group, s.r.o.\",\"isPartOf\":{\"@id\":\"https:\/\/www.slovklima.sk\/#website\"},\"primaryImageOfPage\":{\"@id\":\"https:\/\/www.slovklima.sk\/hu\/blog\/levego-viz-hoszivattyu-egy-csaladban-vagy-lakasban\/#primaryimage\"},\"image\":{\"@id\":\"https:\/\/www.slovklima.sk\/hu\/blog\/levego-viz-hoszivattyu-egy-csaladban-vagy-lakasban\/#primaryimage\"},\"thumbnailUrl\":\"https:\/\/www.slovklima.sk\/wp-content\/uploads\/2024\/03\/tepelne-cerpadlo-vzduch-voda-v-rodinnom-alebo-bytovom-priestore-2.jpg\",\"datePublished\":\"2024-03-13T10:00:26+00:00\",\"dateModified\":\"2026-01-21T09:03:41+00:00\",\"breadcrumb\":{\"@id\":\"https:\/\/www.slovklima.sk\/hu\/blog\/levego-viz-hoszivattyu-egy-csaladban-vagy-lakasban\/#breadcrumb\"},\"inLanguage\":\"hu\",\"potentialAction\":[{\"@type\":\"ReadAction\",\"target\":[\"https:\/\/www.slovklima.sk\/hu\/blog\/levego-viz-hoszivattyu-egy-csaladban-vagy-lakasban\/\"]}]},{\"@type\":\"ImageObject\",\"inLanguage\":\"hu\",\"@id\":\"https:\/\/www.slovklima.sk\/hu\/blog\/levego-viz-hoszivattyu-egy-csaladban-vagy-lakasban\/#primaryimage\",\"url\":\"https:\/\/www.slovklima.sk\/wp-content\/uploads\/2024\/03\/tepelne-cerpadlo-vzduch-voda-v-rodinnom-alebo-bytovom-priestore-2.jpg\",\"contentUrl\":\"https:\/\/www.slovklima.sk\/wp-content\/uploads\/2024\/03\/tepelne-cerpadlo-vzduch-voda-v-rodinnom-alebo-bytovom-priestore-2.jpg\",\"width\":732,\"height\":488},{\"@type\":\"BreadcrumbList\",\"@id\":\"https:\/\/www.slovklima.sk\/hu\/blog\/levego-viz-hoszivattyu-egy-csaladban-vagy-lakasban\/#breadcrumb\",\"itemListElement\":[{\"@type\":\"ListItem\",\"position\":1,\"name\":\"Domovsk\u00e1 str\u00e1nka\",\"item\":\"https:\/\/www.slovklima.sk\/hu\/\"},{\"@type\":\"ListItem\",\"position\":2,\"name\":\"Leveg\u0151-v\u00edz h\u0151szivatty\u00fa egy csal\u00e1dban vagy lak\u00e1sban\"}]},{\"@type\":\"WebSite\",\"@id\":\"https:\/\/www.slovklima.sk\/#website\",\"url\":\"https:\/\/www.slovklima.sk\/\",\"name\":\"SLOVKLIMA DEIMOS group, s.r.o.\",\"description\":\"\",\"publisher\":{\"@id\":\"https:\/\/www.slovklima.sk\/#organization\"},\"alternateName\":\"SLOVKLIMA\",\"potentialAction\":[{\"@type\":\"SearchAction\",\"target\":{\"@type\":\"EntryPoint\",\"urlTemplate\":\"https:\/\/www.slovklima.sk\/?s={search_term_string}\"},\"query-input\":{\"@type\":\"PropertyValueSpecification\",\"valueRequired\":true,\"valueName\":\"search_term_string\"}}],\"inLanguage\":\"hu\"},{\"@type\":\"Organization\",\"@id\":\"https:\/\/www.slovklima.sk\/#organization\",\"name\":\"SLOVKLIMA DEIMOS group, s.r.o.\",\"alternateName\":\"SLOVKLIMA\",\"url\":\"https:\/\/www.slovklima.sk\/\",\"logo\":{\"@type\":\"ImageObject\",\"inLanguage\":\"hu\",\"@id\":\"https:\/\/www.slovklima.sk\/#\/schema\/logo\/image\/\",\"url\":\"https:\/\/www.slovklima.sk\/wp-content\/uploads\/2022\/12\/slovklima-logo-black.svg\",\"contentUrl\":\"https:\/\/www.slovklima.sk\/wp-content\/uploads\/2022\/12\/slovklima-logo-black.svg\",\"width\":3218,\"height\":698,\"caption\":\"SLOVKLIMA DEIMOS group, s.r.o.\"},\"image\":{\"@id\":\"https:\/\/www.slovklima.sk\/#\/schema\/logo\/image\/\"}},{\"@type\":\"Person\",\"@id\":\"https:\/\/www.slovklima.sk\/#\/schema\/person\/041fa68ca7169117e61dedd0b8be9db7\",\"name\":\"Pozsonyi\",\"image\":{\"@type\":\"ImageObject\",\"inLanguage\":\"hu\",\"@id\":\"https:\/\/www.slovklima.sk\/#\/schema\/person\/image\/\",\"url\":\"https:\/\/secure.gravatar.com\/avatar\/56b5a979081bf36f552dcd2c58795a7f5af67ab13c4da768f91594001b4010c4?s=96&d=mm&r=g\",\"contentUrl\":\"https:\/\/secure.gravatar.com\/avatar\/56b5a979081bf36f552dcd2c58795a7f5af67ab13c4da768f91594001b4010c4?s=96&d=mm&r=g\",\"caption\":\"Pozsonyi\"}}]}<\/script>\n<!-- \/ Yoast SEO plugin. -->","yoast_head_json":{"title":"Leveg\u0151-v\u00edz h\u0151szivatty\u00fa egy csal\u00e1dban vagy lak\u00e1sban | SLOVKLIMA DEIMOS group, s.r.o.","robots":{"index":"index","follow":"follow","max-snippet":"max-snippet:-1","max-image-preview":"max-image-preview:large","max-video-preview":"max-video-preview:-1"},"canonical":"https:\/\/www.slovklima.sk\/hu\/blog\/levego-viz-hoszivattyu-egy-csaladban-vagy-lakasban\/","og_locale":"hu_HU","og_type":"article","og_title":"Leveg\u0151-v\u00edz h\u0151szivatty\u00fa egy csal\u00e1dban vagy lak\u00e1sban | SLOVKLIMA DEIMOS group, s.r.o.","og_description":"[vc_row][vc_column][vc_column_text woodmart_inline=&#8221;no&#8221; text_larger=&#8221;no&#8221;] LEVEG\u0150 &#8211; V\u00cdZ H\u0150SZIVATTY\u00da EGY CSAL\u00c1DI H\u00c1ZBAN FOTOVOLTAIKUS VAGY NAPELEMES RENDSZER Egy fotovoltaikus vagy napelemes rendszer k\u00f6nnyen","og_url":"https:\/\/www.slovklima.sk\/hu\/blog\/levego-viz-hoszivattyu-egy-csaladban-vagy-lakasban\/","og_site_name":"SLOVKLIMA DEIMOS group, s.r.o.","article_published_time":"2024-03-13T10:00:26+00:00","article_modified_time":"2026-01-21T09:03:41+00:00","og_image":[{"width":732,"height":488,"url":"https:\/\/www.slovklima.sk\/wp-content\/uploads\/2024\/03\/tepelne-cerpadlo-vzduch-voda-v-rodinnom-alebo-bytovom-priestore-2.jpg","type":"image\/png"}],"author":"Pozsonyi","twitter_card":"summary_large_image","twitter_misc":{"Szerz\u0151:":"Pozsonyi","Becs\u00fclt olvas\u00e1si id\u0151":"2 perc"},"schema":{"@context":"https:\/\/schema.org","@graph":[{"@type":"Article","@id":"https:\/\/www.slovklima.sk\/hu\/blog\/levego-viz-hoszivattyu-egy-csaladban-vagy-lakasban\/#article","isPartOf":{"@id":"https:\/\/www.slovklima.sk\/hu\/blog\/levego-viz-hoszivattyu-egy-csaladban-vagy-lakasban\/"},"author":{"name":"Pozsonyi","@id":"https:\/\/www.slovklima.sk\/#\/schema\/person\/041fa68ca7169117e61dedd0b8be9db7"},"headline":"Leveg\u0151-v\u00edz h\u0151szivatty\u00fa egy csal\u00e1dban vagy lak\u00e1sban","datePublished":"2024-03-13T10:00:26+00:00","dateModified":"2026-01-21T09:03:41+00:00","mainEntityOfPage":{"@id":"https:\/\/www.slovklima.sk\/hu\/blog\/levego-viz-hoszivattyu-egy-csaladban-vagy-lakasban\/"},"wordCount":587,"publisher":{"@id":"https:\/\/www.slovklima.sk\/#organization"},"image":{"@id":"https:\/\/www.slovklima.sk\/hu\/blog\/levego-viz-hoszivattyu-egy-csaladban-vagy-lakasban\/#primaryimage"},"thumbnailUrl":"https:\/\/www.slovklima.sk\/wp-content\/uploads\/2024\/03\/tepelne-cerpadlo-vzduch-voda-v-rodinnom-alebo-bytovom-priestore-2.jpg","inLanguage":"hu"},{"@type":"WebPage","@id":"https:\/\/www.slovklima.sk\/hu\/blog\/levego-viz-hoszivattyu-egy-csaladban-vagy-lakasban\/","url":"https:\/\/www.slovklima.sk\/hu\/blog\/levego-viz-hoszivattyu-egy-csaladban-vagy-lakasban\/","name":"Leveg\u0151-v\u00edz h\u0151szivatty\u00fa egy csal\u00e1dban vagy lak\u00e1sban | SLOVKLIMA DEIMOS group, s.r.o.","isPartOf":{"@id":"https:\/\/www.slovklima.sk\/#website"},"primaryImageOfPage":{"@id":"https:\/\/www.slovklima.sk\/hu\/blog\/levego-viz-hoszivattyu-egy-csaladban-vagy-lakasban\/#primaryimage"},"image":{"@id":"https:\/\/www.slovklima.sk\/hu\/blog\/levego-viz-hoszivattyu-egy-csaladban-vagy-lakasban\/#primaryimage"},"thumbnailUrl":"https:\/\/www.slovklima.sk\/wp-content\/uploads\/2024\/03\/tepelne-cerpadlo-vzduch-voda-v-rodinnom-alebo-bytovom-priestore-2.jpg","datePublished":"2024-03-13T10:00:26+00:00","dateModified":"2026-01-21T09:03:41+00:00","breadcrumb":{"@id":"https:\/\/www.slovklima.sk\/hu\/blog\/levego-viz-hoszivattyu-egy-csaladban-vagy-lakasban\/#breadcrumb"},"inLanguage":"hu","potentialAction":[{"@type":"ReadAction","target":["https:\/\/www.slovklima.sk\/hu\/blog\/levego-viz-hoszivattyu-egy-csaladban-vagy-lakasban\/"]}]},{"@type":"ImageObject","inLanguage":"hu","@id":"https:\/\/www.slovklima.sk\/hu\/blog\/levego-viz-hoszivattyu-egy-csaladban-vagy-lakasban\/#primaryimage","url":"https:\/\/www.slovklima.sk\/wp-content\/uploads\/2024\/03\/tepelne-cerpadlo-vzduch-voda-v-rodinnom-alebo-bytovom-priestore-2.jpg","contentUrl":"https:\/\/www.slovklima.sk\/wp-content\/uploads\/2024\/03\/tepelne-cerpadlo-vzduch-voda-v-rodinnom-alebo-bytovom-priestore-2.jpg","width":732,"height":488},{"@type":"BreadcrumbList","@id":"https:\/\/www.slovklima.sk\/hu\/blog\/levego-viz-hoszivattyu-egy-csaladban-vagy-lakasban\/#breadcrumb","itemListElement":[{"@type":"ListItem","position":1,"name":"Domovsk\u00e1 str\u00e1nka","item":"https:\/\/www.slovklima.sk\/hu\/"},{"@type":"ListItem","position":2,"name":"Leveg\u0151-v\u00edz h\u0151szivatty\u00fa egy csal\u00e1dban vagy lak\u00e1sban"}]},{"@type":"WebSite","@id":"https:\/\/www.slovklima.sk\/#website","url":"https:\/\/www.slovklima.sk\/","name":"SLOVKLIMA DEIMOS group, s.r.o.","description":"","publisher":{"@id":"https:\/\/www.slovklima.sk\/#organization"},"alternateName":"SLOVKLIMA","potentialAction":[{"@type":"SearchAction","target":{"@type":"EntryPoint","urlTemplate":"https:\/\/www.slovklima.sk\/?s={search_term_string}"},"query-input":{"@type":"PropertyValueSpecification","valueRequired":true,"valueName":"search_term_string"}}],"inLanguage":"hu"},{"@type":"Organization","@id":"https:\/\/www.slovklima.sk\/#organization","name":"SLOVKLIMA DEIMOS group, s.r.o.","alternateName":"SLOVKLIMA","url":"https:\/\/www.slovklima.sk\/","logo":{"@type":"ImageObject","inLanguage":"hu","@id":"https:\/\/www.slovklima.sk\/#\/schema\/logo\/image\/","url":"https:\/\/www.slovklima.sk\/wp-content\/uploads\/2022\/12\/slovklima-logo-black.svg","contentUrl":"https:\/\/www.slovklima.sk\/wp-content\/uploads\/2022\/12\/slovklima-logo-black.svg","width":3218,"height":698,"caption":"SLOVKLIMA DEIMOS group, s.r.o."},"image":{"@id":"https:\/\/www.slovklima.sk\/#\/schema\/logo\/image\/"}},{"@type":"Person","@id":"https:\/\/www.slovklima.sk\/#\/schema\/person\/041fa68ca7169117e61dedd0b8be9db7","name":"Pozsonyi","image":{"@type":"ImageObject","inLanguage":"hu","@id":"https:\/\/www.slovklima.sk\/#\/schema\/person\/image\/","url":"https:\/\/secure.gravatar.com\/avatar\/56b5a979081bf36f552dcd2c58795a7f5af67ab13c4da768f91594001b4010c4?s=96&d=mm&r=g","contentUrl":"https:\/\/secure.gravatar.com\/avatar\/56b5a979081bf36f552dcd2c58795a7f5af67ab13c4da768f91594001b4010c4?s=96&d=mm&r=g","caption":"Pozsonyi"}}]}},"_links":{"self":[{"href":"https:\/\/www.slovklima.sk\/hu\/wp-json\/wp\/v2\/posts\/11316","targetHints":{"allow":["GET"]}}],"collection":[{"href":"https:\/\/www.slovklima.sk\/hu\/wp-json\/wp\/v2\/posts"}],"about":[{"href":"https:\/\/www.slovklima.sk\/hu\/wp-json\/wp\/v2\/types\/post"}],"author":[{"embeddable":true,"href":"https:\/\/www.slovklima.sk\/hu\/wp-json\/wp\/v2\/users\/12"}],"replies":[{"embeddable":true,"href":"https:\/\/www.slovklima.sk\/hu\/wp-json\/wp\/v2\/comments?post=11316"}],"version-history":[{"count":1,"href":"https:\/\/www.slovklima.sk\/hu\/wp-json\/wp\/v2\/posts\/11316\/revisions"}],"predecessor-version":[{"id":19899,"href":"https:\/\/www.slovklima.sk\/hu\/wp-json\/wp\/v2\/posts\/11316\/revisions\/19899"}],"wp:featuredmedia":[{"embeddable":true,"href":"https:\/\/www.slovklima.sk\/hu\/wp-json\/wp\/v2\/media\/11312"}],"wp:attachment":[{"href":"https:\/\/www.slovklima.sk\/hu\/wp-json\/wp\/v2\/media?parent=11316"}],"wp:term":[{"taxonomy":"category","embeddable":true,"href":"https:\/\/www.slovklima.sk\/hu\/wp-json\/wp\/v2\/categories?post=11316"},{"taxonomy":"post_tag","embeddable":true,"href":"https:\/\/www.slovklima.sk\/hu\/wp-json\/wp\/v2\/tags?post=11316"},{"taxonomy":"table_tags","embeddable":true,"href":"https:\/\/www.slovklima.sk\/hu\/wp-json\/wp\/v2\/table_tags?post=11316"}],"curies":[{"name":"wp","href":"https:\/\/api.w.org\/{rel}","templated":true}]}}