{"id":11310,"date":"2024-03-12T11:32:27","date_gmt":"2024-03-12T10:32:27","guid":{"rendered":"https:\/\/www.slovklima.sk\/blog\/hogyan-mukodik-valojaban-egy-levego-viz-hoszivattyu\/"},"modified":"2026-01-21T10:03:41","modified_gmt":"2026-01-21T09:03:41","slug":"hogyan-mukodik-valojaban-egy-levego-viz-hoszivattyu","status":"publish","type":"post","link":"https:\/\/www.slovklima.sk\/hu\/blog\/hogyan-mukodik-valojaban-egy-levego-viz-hoszivattyu\/","title":{"rendered":"Hogyan m\u0171k\u00f6dik val\u00f3j\u00e1ban egy leveg\u0151-v\u00edz h\u0151szivatty\u00fa?"},"content":{"rendered":"<section class=\"wpb-content-wrapper\"><p>[vc_row][vc_column][vc_column_text woodmart_inline=&#8221;no&#8221; text_larger=&#8221;no&#8221;]<\/p>\n<p><strong>HOGYAN M\u0170K\u00d6DIK VAL\u00d3J\u00c1BAN A LEVEG\u0150-V\u00cdZ H\u0150SZIVATTY\u00da?<\/strong><\/p>\n<p><em>&gt;&gt; A rendszerben kering\u0151 h\u0171t\u0151k\u00f6zeg \u00e1tadja \u00e9s sz\u00e1ll\u00edtja a h\u0151t &#8211; az elp\u00e1rologtat\u00f3ban (k\u00fclt\u00e9ri egys\u00e9g) a foly\u00e9kony h\u0171t\u0151k\u00f6zeg megv\u00e1ltoztatja az \u00e1llapot\u00e1t, \u00e9s ez\u00e1ltal t\u00e1rolja a kapott energi\u00e1t &#8211; a kompresszor magasabb nyom\u00e1s- \u00e9s h\u0151m\u00e9rs\u00e9kletszintre hozza a h\u0171t\u0151k\u00f6zeget. <\/em><\/p>\n<p>A leveg\u0151-v\u00edz h\u0151szivatty\u00fa energi\u00e1t von ki a leveg\u0151b\u0151l, \u00e9s azt a f\u0171t\u00e9si rendszerbe tov\u00e1bb\u00edtja. Ezt a funkci\u00f3t egy k\u00f6rnyezetbar\u00e1t h\u0171t\u0151k\u00f6zeg \u00e9s egy hat\u00e9kony kompresszor veszi \u00e1t. Az e folyamat sor\u00e1n keletkez\u0151 h\u0151t h\u0151cser\u00e9l\u0151n kereszt\u00fcl tov\u00e1bb\u00edtj\u00e1k a v\u00edzrendszerbe. \u00cdgy a haszn\u00e1lati \u00e9s f\u0171t\u0151v\u00edz a k\u00edv\u00e1nt h\u0151m\u00e9rs\u00e9kletre melegszik. Ez az energiatakar\u00e9kos rendszer ak\u00e1r -25\u00b0C-os k\u00fcls\u0151 h\u0151m\u00e9rs\u00e9kleten is hat\u00e9konyan m\u0171k\u00f6dik.<\/p>\n<p><strong>100%-BAN LEVEG\u0150B\u0150L SZ\u00c1RMAZ\u00d3 ENERGIA<\/strong><\/p>\n<p>Egy leveg\u0151-v\u00edz h\u0151szivatty\u00fa \u00e1tlagosan 4:1 ar\u00e1nyban f\u0171ti a leveg\u0151t az elektromos energi\u00e1val. Ez azt jelenti, hogy 1 kWh \u00e1ram \u00e1tlagosan 4 kWh f\u0171t\u00e9si energi\u00e1t biztos\u00edt. Helytakar\u00e9kos, hat\u00e9kony \u00e9s fenntarthat\u00f3 rendszer a hagyom\u00e1nyos f\u0171t\u00e9si rendszerekhez k\u00e9pest.<\/p>\n<p><em>&gt; Most a nagyon forr\u00f3 h\u0171t\u0151k\u00f6zeg a kondenz\u00e1torba (belt\u00e9ri egys\u00e9g), egy h\u0151cser\u00e9l\u0151be \u00e1ramlik, amelyben a k\u00f6rnyezeti h\u0151m\u00e9rs\u00e9kleten el\u00e9rt h\u0151fokot \u00e1tadja a v\u00edznek &#8211; az \u00fajra leh\u0171l\u00e9ssel a cseppfoly\u00f3s\u00edtott h\u0171t\u0151k\u00f6zeg a nyom\u00e1s \u00e9s a h\u0151m\u00e9rs\u00e9klet cs\u00f6kken\u00e9sekor a t\u00e1gul\u00e1si szelepen kereszt\u00fcl \u00fajra felveheti a k\u00f6rnyezeti h\u0151t, \u00e9s a ciklus \u00fajra kezd\u0151dik el\u00f6lr\u0151l.<\/em><\/p>\n<p style=\"font-weight: 400;\">[\/vc_column_text][\/vc_column][\/vc_row]<\/p>\n<\/section>","protected":false},"excerpt":{"rendered":"<p>[vc_row][vc_column][vc_column_text woodmart_inline=&#8221;no&#8221; text_larger=&#8221;no&#8221;] HOGYAN M\u0170K\u00d6DIK VAL\u00d3J\u00c1BAN A LEVEG\u0150-V\u00cdZ H\u0150SZIVATTY\u00da? &gt;&gt; A rendszerben kering\u0151 h\u0171t\u0151k\u00f6zeg \u00e1tadja \u00e9s sz\u00e1ll\u00edtja a h\u0151t &#8211;<\/p>\n","protected":false},"author":12,"featured_media":11311,"comment_status":"closed","ping_status":"closed","sticky":false,"template":"","format":"standard","meta":{"footnotes":""},"categories":[],"tags":[],"table_tags":[],"class_list":["post-11310","post","type-post","status-publish","format-standard","has-post-thumbnail","hentry"],"yoast_head":"<!-- This site is optimized with the Yoast SEO plugin v24.3 - https:\/\/yoast.com\/wordpress\/plugins\/seo\/ -->\n<title>Hogyan m\u0171k\u00f6dik val\u00f3j\u00e1ban egy leveg\u0151-v\u00edz h\u0151szivatty\u00fa? | SLOVKLIMA DEIMOS group, s.r.o.<\/title>\n<meta name=\"robots\" content=\"index, follow, max-snippet:-1, max-image-preview:large, max-video-preview:-1\" \/>\n<link rel=\"canonical\" href=\"https:\/\/www.slovklima.sk\/hu\/blog\/hogyan-mukodik-valojaban-egy-levego-viz-hoszivattyu\/\" \/>\n<meta property=\"og:locale\" content=\"hu_HU\" \/>\n<meta property=\"og:type\" content=\"article\" \/>\n<meta property=\"og:title\" content=\"Hogyan m\u0171k\u00f6dik val\u00f3j\u00e1ban egy leveg\u0151-v\u00edz h\u0151szivatty\u00fa? | SLOVKLIMA DEIMOS group, s.r.o.\" \/>\n<meta property=\"og:description\" content=\"[vc_row][vc_column][vc_column_text woodmart_inline=&#8221;no&#8221; text_larger=&#8221;no&#8221;] HOGYAN M\u0170K\u00d6DIK VAL\u00d3J\u00c1BAN A LEVEG\u0150-V\u00cdZ H\u0150SZIVATTY\u00da? &gt;&gt; A rendszerben kering\u0151 h\u0171t\u0151k\u00f6zeg \u00e1tadja \u00e9s sz\u00e1ll\u00edtja a h\u0151t &#8211;\" \/>\n<meta property=\"og:url\" content=\"https:\/\/www.slovklima.sk\/hu\/blog\/hogyan-mukodik-valojaban-egy-levego-viz-hoszivattyu\/\" \/>\n<meta property=\"og:site_name\" content=\"SLOVKLIMA DEIMOS group, s.r.o.\" \/>\n<meta property=\"article:published_time\" content=\"2024-03-12T10:32:27+00:00\" \/>\n<meta property=\"article:modified_time\" content=\"2026-01-21T09:03:41+00:00\" \/>\n<meta property=\"og:image\" content=\"https:\/\/www.slovklima.sk\/wp-content\/uploads\/2024\/03\/tepelne-cerpadlo-vzduch-voda-v-rodinnom-alebo-bytovom-priestore-1-1.jpg\" \/>\n\t<meta property=\"og:image:width\" content=\"789\" \/>\n\t<meta property=\"og:image:height\" content=\"527\" \/>\n\t<meta property=\"og:image:type\" content=\"image\/png\" \/>\n<meta name=\"author\" content=\"Pozsonyi\" \/>\n<meta name=\"twitter:card\" content=\"summary_large_image\" \/>\n<meta name=\"twitter:label1\" content=\"Szerz\u0151:\" \/>\n\t<meta name=\"twitter:data1\" content=\"Pozsonyi\" \/>\n\t<meta name=\"twitter:label2\" content=\"Becs\u00fclt olvas\u00e1si id\u0151\" \/>\n\t<meta name=\"twitter:data2\" content=\"2 perc\" \/>\n<script type=\"application\/ld+json\" class=\"yoast-schema-graph\">{\"@context\":\"https:\/\/schema.org\",\"@graph\":[{\"@type\":\"Article\",\"@id\":\"https:\/\/www.slovklima.sk\/hu\/blog\/hogyan-mukodik-valojaban-egy-levego-viz-hoszivattyu\/#article\",\"isPartOf\":{\"@id\":\"https:\/\/www.slovklima.sk\/hu\/blog\/hogyan-mukodik-valojaban-egy-levego-viz-hoszivattyu\/\"},\"author\":{\"name\":\"Pozsonyi\",\"@id\":\"https:\/\/www.slovklima.sk\/#\/schema\/person\/041fa68ca7169117e61dedd0b8be9db7\"},\"headline\":\"Hogyan m\u0171k\u00f6dik val\u00f3j\u00e1ban egy leveg\u0151-v\u00edz h\u0151szivatty\u00fa?\",\"datePublished\":\"2024-03-12T10:32:27+00:00\",\"dateModified\":\"2026-01-21T09:03:41+00:00\",\"mainEntityOfPage\":{\"@id\":\"https:\/\/www.slovklima.sk\/hu\/blog\/hogyan-mukodik-valojaban-egy-levego-viz-hoszivattyu\/\"},\"wordCount\":357,\"publisher\":{\"@id\":\"https:\/\/www.slovklima.sk\/#organization\"},\"image\":{\"@id\":\"https:\/\/www.slovklima.sk\/hu\/blog\/hogyan-mukodik-valojaban-egy-levego-viz-hoszivattyu\/#primaryimage\"},\"thumbnailUrl\":\"https:\/\/www.slovklima.sk\/wp-content\/uploads\/2024\/03\/tepelne-cerpadlo-vzduch-voda-v-rodinnom-alebo-bytovom-priestore-1-1.jpg\",\"inLanguage\":\"hu\"},{\"@type\":\"WebPage\",\"@id\":\"https:\/\/www.slovklima.sk\/hu\/blog\/hogyan-mukodik-valojaban-egy-levego-viz-hoszivattyu\/\",\"url\":\"https:\/\/www.slovklima.sk\/hu\/blog\/hogyan-mukodik-valojaban-egy-levego-viz-hoszivattyu\/\",\"name\":\"Hogyan m\u0171k\u00f6dik val\u00f3j\u00e1ban egy leveg\u0151-v\u00edz h\u0151szivatty\u00fa? | SLOVKLIMA DEIMOS group, s.r.o.\",\"isPartOf\":{\"@id\":\"https:\/\/www.slovklima.sk\/#website\"},\"primaryImageOfPage\":{\"@id\":\"https:\/\/www.slovklima.sk\/hu\/blog\/hogyan-mukodik-valojaban-egy-levego-viz-hoszivattyu\/#primaryimage\"},\"image\":{\"@id\":\"https:\/\/www.slovklima.sk\/hu\/blog\/hogyan-mukodik-valojaban-egy-levego-viz-hoszivattyu\/#primaryimage\"},\"thumbnailUrl\":\"https:\/\/www.slovklima.sk\/wp-content\/uploads\/2024\/03\/tepelne-cerpadlo-vzduch-voda-v-rodinnom-alebo-bytovom-priestore-1-1.jpg\",\"datePublished\":\"2024-03-12T10:32:27+00:00\",\"dateModified\":\"2026-01-21T09:03:41+00:00\",\"breadcrumb\":{\"@id\":\"https:\/\/www.slovklima.sk\/hu\/blog\/hogyan-mukodik-valojaban-egy-levego-viz-hoszivattyu\/#breadcrumb\"},\"inLanguage\":\"hu\",\"potentialAction\":[{\"@type\":\"ReadAction\",\"target\":[\"https:\/\/www.slovklima.sk\/hu\/blog\/hogyan-mukodik-valojaban-egy-levego-viz-hoszivattyu\/\"]}]},{\"@type\":\"ImageObject\",\"inLanguage\":\"hu\",\"@id\":\"https:\/\/www.slovklima.sk\/hu\/blog\/hogyan-mukodik-valojaban-egy-levego-viz-hoszivattyu\/#primaryimage\",\"url\":\"https:\/\/www.slovklima.sk\/wp-content\/uploads\/2024\/03\/tepelne-cerpadlo-vzduch-voda-v-rodinnom-alebo-bytovom-priestore-1-1.jpg\",\"contentUrl\":\"https:\/\/www.slovklima.sk\/wp-content\/uploads\/2024\/03\/tepelne-cerpadlo-vzduch-voda-v-rodinnom-alebo-bytovom-priestore-1-1.jpg\",\"width\":789,\"height\":527},{\"@type\":\"BreadcrumbList\",\"@id\":\"https:\/\/www.slovklima.sk\/hu\/blog\/hogyan-mukodik-valojaban-egy-levego-viz-hoszivattyu\/#breadcrumb\",\"itemListElement\":[{\"@type\":\"ListItem\",\"position\":1,\"name\":\"Domovsk\u00e1 str\u00e1nka\",\"item\":\"https:\/\/www.slovklima.sk\/hu\/\"},{\"@type\":\"ListItem\",\"position\":2,\"name\":\"Hogyan m\u0171k\u00f6dik val\u00f3j\u00e1ban egy leveg\u0151-v\u00edz h\u0151szivatty\u00fa?\"}]},{\"@type\":\"WebSite\",\"@id\":\"https:\/\/www.slovklima.sk\/#website\",\"url\":\"https:\/\/www.slovklima.sk\/\",\"name\":\"SLOVKLIMA DEIMOS group, s.r.o.\",\"description\":\"\",\"publisher\":{\"@id\":\"https:\/\/www.slovklima.sk\/#organization\"},\"alternateName\":\"SLOVKLIMA\",\"potentialAction\":[{\"@type\":\"SearchAction\",\"target\":{\"@type\":\"EntryPoint\",\"urlTemplate\":\"https:\/\/www.slovklima.sk\/?s={search_term_string}\"},\"query-input\":{\"@type\":\"PropertyValueSpecification\",\"valueRequired\":true,\"valueName\":\"search_term_string\"}}],\"inLanguage\":\"hu\"},{\"@type\":\"Organization\",\"@id\":\"https:\/\/www.slovklima.sk\/#organization\",\"name\":\"SLOVKLIMA DEIMOS group, s.r.o.\",\"alternateName\":\"SLOVKLIMA\",\"url\":\"https:\/\/www.slovklima.sk\/\",\"logo\":{\"@type\":\"ImageObject\",\"inLanguage\":\"hu\",\"@id\":\"https:\/\/www.slovklima.sk\/#\/schema\/logo\/image\/\",\"url\":\"https:\/\/www.slovklima.sk\/wp-content\/uploads\/2022\/12\/slovklima-logo-black.svg\",\"contentUrl\":\"https:\/\/www.slovklima.sk\/wp-content\/uploads\/2022\/12\/slovklima-logo-black.svg\",\"width\":3218,\"height\":698,\"caption\":\"SLOVKLIMA DEIMOS group, s.r.o.\"},\"image\":{\"@id\":\"https:\/\/www.slovklima.sk\/#\/schema\/logo\/image\/\"}},{\"@type\":\"Person\",\"@id\":\"https:\/\/www.slovklima.sk\/#\/schema\/person\/041fa68ca7169117e61dedd0b8be9db7\",\"name\":\"Pozsonyi\",\"image\":{\"@type\":\"ImageObject\",\"inLanguage\":\"hu\",\"@id\":\"https:\/\/www.slovklima.sk\/#\/schema\/person\/image\/\",\"url\":\"https:\/\/secure.gravatar.com\/avatar\/56b5a979081bf36f552dcd2c58795a7f5af67ab13c4da768f91594001b4010c4?s=96&d=mm&r=g\",\"contentUrl\":\"https:\/\/secure.gravatar.com\/avatar\/56b5a979081bf36f552dcd2c58795a7f5af67ab13c4da768f91594001b4010c4?s=96&d=mm&r=g\",\"caption\":\"Pozsonyi\"}}]}<\/script>\n<!-- \/ Yoast SEO plugin. -->","yoast_head_json":{"title":"Hogyan m\u0171k\u00f6dik val\u00f3j\u00e1ban egy leveg\u0151-v\u00edz h\u0151szivatty\u00fa? | SLOVKLIMA DEIMOS group, s.r.o.","robots":{"index":"index","follow":"follow","max-snippet":"max-snippet:-1","max-image-preview":"max-image-preview:large","max-video-preview":"max-video-preview:-1"},"canonical":"https:\/\/www.slovklima.sk\/hu\/blog\/hogyan-mukodik-valojaban-egy-levego-viz-hoszivattyu\/","og_locale":"hu_HU","og_type":"article","og_title":"Hogyan m\u0171k\u00f6dik val\u00f3j\u00e1ban egy leveg\u0151-v\u00edz h\u0151szivatty\u00fa? | SLOVKLIMA DEIMOS group, s.r.o.","og_description":"[vc_row][vc_column][vc_column_text woodmart_inline=&#8221;no&#8221; text_larger=&#8221;no&#8221;] HOGYAN M\u0170K\u00d6DIK VAL\u00d3J\u00c1BAN A LEVEG\u0150-V\u00cdZ H\u0150SZIVATTY\u00da? &gt;&gt; A rendszerben kering\u0151 h\u0171t\u0151k\u00f6zeg \u00e1tadja \u00e9s sz\u00e1ll\u00edtja a h\u0151t &#8211;","og_url":"https:\/\/www.slovklima.sk\/hu\/blog\/hogyan-mukodik-valojaban-egy-levego-viz-hoszivattyu\/","og_site_name":"SLOVKLIMA DEIMOS group, s.r.o.","article_published_time":"2024-03-12T10:32:27+00:00","article_modified_time":"2026-01-21T09:03:41+00:00","og_image":[{"width":789,"height":527,"url":"https:\/\/www.slovklima.sk\/wp-content\/uploads\/2024\/03\/tepelne-cerpadlo-vzduch-voda-v-rodinnom-alebo-bytovom-priestore-1-1.jpg","type":"image\/png"}],"author":"Pozsonyi","twitter_card":"summary_large_image","twitter_misc":{"Szerz\u0151:":"Pozsonyi","Becs\u00fclt olvas\u00e1si id\u0151":"2 perc"},"schema":{"@context":"https:\/\/schema.org","@graph":[{"@type":"Article","@id":"https:\/\/www.slovklima.sk\/hu\/blog\/hogyan-mukodik-valojaban-egy-levego-viz-hoszivattyu\/#article","isPartOf":{"@id":"https:\/\/www.slovklima.sk\/hu\/blog\/hogyan-mukodik-valojaban-egy-levego-viz-hoszivattyu\/"},"author":{"name":"Pozsonyi","@id":"https:\/\/www.slovklima.sk\/#\/schema\/person\/041fa68ca7169117e61dedd0b8be9db7"},"headline":"Hogyan m\u0171k\u00f6dik val\u00f3j\u00e1ban egy leveg\u0151-v\u00edz h\u0151szivatty\u00fa?","datePublished":"2024-03-12T10:32:27+00:00","dateModified":"2026-01-21T09:03:41+00:00","mainEntityOfPage":{"@id":"https:\/\/www.slovklima.sk\/hu\/blog\/hogyan-mukodik-valojaban-egy-levego-viz-hoszivattyu\/"},"wordCount":357,"publisher":{"@id":"https:\/\/www.slovklima.sk\/#organization"},"image":{"@id":"https:\/\/www.slovklima.sk\/hu\/blog\/hogyan-mukodik-valojaban-egy-levego-viz-hoszivattyu\/#primaryimage"},"thumbnailUrl":"https:\/\/www.slovklima.sk\/wp-content\/uploads\/2024\/03\/tepelne-cerpadlo-vzduch-voda-v-rodinnom-alebo-bytovom-priestore-1-1.jpg","inLanguage":"hu"},{"@type":"WebPage","@id":"https:\/\/www.slovklima.sk\/hu\/blog\/hogyan-mukodik-valojaban-egy-levego-viz-hoszivattyu\/","url":"https:\/\/www.slovklima.sk\/hu\/blog\/hogyan-mukodik-valojaban-egy-levego-viz-hoszivattyu\/","name":"Hogyan m\u0171k\u00f6dik val\u00f3j\u00e1ban egy leveg\u0151-v\u00edz h\u0151szivatty\u00fa? | SLOVKLIMA DEIMOS group, s.r.o.","isPartOf":{"@id":"https:\/\/www.slovklima.sk\/#website"},"primaryImageOfPage":{"@id":"https:\/\/www.slovklima.sk\/hu\/blog\/hogyan-mukodik-valojaban-egy-levego-viz-hoszivattyu\/#primaryimage"},"image":{"@id":"https:\/\/www.slovklima.sk\/hu\/blog\/hogyan-mukodik-valojaban-egy-levego-viz-hoszivattyu\/#primaryimage"},"thumbnailUrl":"https:\/\/www.slovklima.sk\/wp-content\/uploads\/2024\/03\/tepelne-cerpadlo-vzduch-voda-v-rodinnom-alebo-bytovom-priestore-1-1.jpg","datePublished":"2024-03-12T10:32:27+00:00","dateModified":"2026-01-21T09:03:41+00:00","breadcrumb":{"@id":"https:\/\/www.slovklima.sk\/hu\/blog\/hogyan-mukodik-valojaban-egy-levego-viz-hoszivattyu\/#breadcrumb"},"inLanguage":"hu","potentialAction":[{"@type":"ReadAction","target":["https:\/\/www.slovklima.sk\/hu\/blog\/hogyan-mukodik-valojaban-egy-levego-viz-hoszivattyu\/"]}]},{"@type":"ImageObject","inLanguage":"hu","@id":"https:\/\/www.slovklima.sk\/hu\/blog\/hogyan-mukodik-valojaban-egy-levego-viz-hoszivattyu\/#primaryimage","url":"https:\/\/www.slovklima.sk\/wp-content\/uploads\/2024\/03\/tepelne-cerpadlo-vzduch-voda-v-rodinnom-alebo-bytovom-priestore-1-1.jpg","contentUrl":"https:\/\/www.slovklima.sk\/wp-content\/uploads\/2024\/03\/tepelne-cerpadlo-vzduch-voda-v-rodinnom-alebo-bytovom-priestore-1-1.jpg","width":789,"height":527},{"@type":"BreadcrumbList","@id":"https:\/\/www.slovklima.sk\/hu\/blog\/hogyan-mukodik-valojaban-egy-levego-viz-hoszivattyu\/#breadcrumb","itemListElement":[{"@type":"ListItem","position":1,"name":"Domovsk\u00e1 str\u00e1nka","item":"https:\/\/www.slovklima.sk\/hu\/"},{"@type":"ListItem","position":2,"name":"Hogyan m\u0171k\u00f6dik val\u00f3j\u00e1ban egy leveg\u0151-v\u00edz h\u0151szivatty\u00fa?"}]},{"@type":"WebSite","@id":"https:\/\/www.slovklima.sk\/#website","url":"https:\/\/www.slovklima.sk\/","name":"SLOVKLIMA DEIMOS group, s.r.o.","description":"","publisher":{"@id":"https:\/\/www.slovklima.sk\/#organization"},"alternateName":"SLOVKLIMA","potentialAction":[{"@type":"SearchAction","target":{"@type":"EntryPoint","urlTemplate":"https:\/\/www.slovklima.sk\/?s={search_term_string}"},"query-input":{"@type":"PropertyValueSpecification","valueRequired":true,"valueName":"search_term_string"}}],"inLanguage":"hu"},{"@type":"Organization","@id":"https:\/\/www.slovklima.sk\/#organization","name":"SLOVKLIMA DEIMOS group, s.r.o.","alternateName":"SLOVKLIMA","url":"https:\/\/www.slovklima.sk\/","logo":{"@type":"ImageObject","inLanguage":"hu","@id":"https:\/\/www.slovklima.sk\/#\/schema\/logo\/image\/","url":"https:\/\/www.slovklima.sk\/wp-content\/uploads\/2022\/12\/slovklima-logo-black.svg","contentUrl":"https:\/\/www.slovklima.sk\/wp-content\/uploads\/2022\/12\/slovklima-logo-black.svg","width":3218,"height":698,"caption":"SLOVKLIMA DEIMOS group, s.r.o."},"image":{"@id":"https:\/\/www.slovklima.sk\/#\/schema\/logo\/image\/"}},{"@type":"Person","@id":"https:\/\/www.slovklima.sk\/#\/schema\/person\/041fa68ca7169117e61dedd0b8be9db7","name":"Pozsonyi","image":{"@type":"ImageObject","inLanguage":"hu","@id":"https:\/\/www.slovklima.sk\/#\/schema\/person\/image\/","url":"https:\/\/secure.gravatar.com\/avatar\/56b5a979081bf36f552dcd2c58795a7f5af67ab13c4da768f91594001b4010c4?s=96&d=mm&r=g","contentUrl":"https:\/\/secure.gravatar.com\/avatar\/56b5a979081bf36f552dcd2c58795a7f5af67ab13c4da768f91594001b4010c4?s=96&d=mm&r=g","caption":"Pozsonyi"}}]}},"_links":{"self":[{"href":"https:\/\/www.slovklima.sk\/hu\/wp-json\/wp\/v2\/posts\/11310","targetHints":{"allow":["GET"]}}],"collection":[{"href":"https:\/\/www.slovklima.sk\/hu\/wp-json\/wp\/v2\/posts"}],"about":[{"href":"https:\/\/www.slovklima.sk\/hu\/wp-json\/wp\/v2\/types\/post"}],"author":[{"embeddable":true,"href":"https:\/\/www.slovklima.sk\/hu\/wp-json\/wp\/v2\/users\/12"}],"replies":[{"embeddable":true,"href":"https:\/\/www.slovklima.sk\/hu\/wp-json\/wp\/v2\/comments?post=11310"}],"version-history":[{"count":1,"href":"https:\/\/www.slovklima.sk\/hu\/wp-json\/wp\/v2\/posts\/11310\/revisions"}],"predecessor-version":[{"id":19901,"href":"https:\/\/www.slovklima.sk\/hu\/wp-json\/wp\/v2\/posts\/11310\/revisions\/19901"}],"wp:featuredmedia":[{"embeddable":true,"href":"https:\/\/www.slovklima.sk\/hu\/wp-json\/wp\/v2\/media\/11311"}],"wp:attachment":[{"href":"https:\/\/www.slovklima.sk\/hu\/wp-json\/wp\/v2\/media?parent=11310"}],"wp:term":[{"taxonomy":"category","embeddable":true,"href":"https:\/\/www.slovklima.sk\/hu\/wp-json\/wp\/v2\/categories?post=11310"},{"taxonomy":"post_tag","embeddable":true,"href":"https:\/\/www.slovklima.sk\/hu\/wp-json\/wp\/v2\/tags?post=11310"},{"taxonomy":"table_tags","embeddable":true,"href":"https:\/\/www.slovklima.sk\/hu\/wp-json\/wp\/v2\/table_tags?post=11310"}],"curies":[{"name":"wp","href":"https:\/\/api.w.org\/{rel}","templated":true}]}}