{"id":11295,"date":"2024-03-05T11:11:56","date_gmt":"2024-03-05T10:11:56","guid":{"rendered":"https:\/\/www.slovklima.sk\/blog\/hatekony-futes-levego-viz-hoszivattyuval\/"},"modified":"2026-01-21T10:03:41","modified_gmt":"2026-01-21T09:03:41","slug":"hatekony-futes-levego-viz-hoszivattyuval","status":"publish","type":"post","link":"https:\/\/www.slovklima.sk\/hu\/blog\/hatekony-futes-levego-viz-hoszivattyuval\/","title":{"rendered":"Hat\u00e9kony f\u0171t\u00e9s leveg\u0151-v\u00edz h\u0151szivatty\u00faval"},"content":{"rendered":"<section class=\"wpb-content-wrapper\"><p>[vc_row][vc_column][vc_column_text woodmart_inline=&#8221;no&#8221; text_larger=&#8221;no&#8221;]<\/p>\n<p><strong>K\u00d6RNYEZETBAR\u00c1T, MEGFIZETHET\u0150 \u00c9S HAT\u00c9KONY &#8211; EZ A L\u00c9GF\u0170T\u00c9S.<\/strong><\/p>\n<p>A leveg\u0151-v\u00edz h\u0151szivatty\u00fa hat\u00e9konyan m\u0171k\u00f6dik, \u00e9s alkalmas az alacsony k\u00f6lts\u00e9g\u0171 f\u0171t\u00e9si m\u0171veletekre, a melegv\u00edz-el\u0151k\u00e9sz\u00edt\u00e9sre, valamint otthona h\u0171t\u00e9s\u00e9re. A k\u00fcls\u0151 leveg\u0151t haszn\u00e1lja energiaforr\u00e1sk\u00e9nt, \u00edgy k\u00f6rnyezetbar\u00e1t.<\/p>\n<p><strong>100%-BAN LEVEG\u0150B\u0150L SZ\u00c1RMAZ\u00d3 ENERGIA<\/strong><\/p>\n<p>Ahelyett, hogy a f\u00fcrd\u0151szob\u00e1hoz sz\u00fcks\u00e9ges meleg vizet vagy a f\u0171t\u00e9st t\u00fczel\u0151anyagokkal (olaj, pellet, fa, g\u00e1z stb.) k\u00e9sz\u00edten\u00e9 el, vagy 100%-ban villamos energi\u00e1t haszn\u00e1lna, a felhaszn\u00e1lt energia 100%-a a leveg\u0151b\u0151l sz\u00e1rmazik, \u00e9s emellett a meghajt\u00e1shoz is csak kis mennyis\u00e9g\u0171 villamos energia sz\u00fcks\u00e9ges (a k\u00fcls\u0151 h\u0151m\u00e9rs\u00e9klett\u0151l f\u00fcgg\u0151en).<\/p>\n<p><strong>KOMPONENSEK<\/strong><\/p>\n<p>A leveg\u0151-v\u00edz h\u0151szivatty\u00fa egy k\u00fclt\u00e9ri \u00e9s egy belt\u00e9ri egys\u00e9gb\u0151l \u00e1ll. Kompakt belt\u00e9ri hidrobox egys\u00e9gk\u00e9nt vagy integr\u00e1lt melegv\u00edz-tart\u00e1llyal rendelkez\u0151 All-In-One modellk\u00e9nt kaphat\u00f3. Minden alkalmaz\u00e1s, p\u00e9ld\u00e1ul radi\u00e1torok, padl\u00f3f\u0171t\u00e9s vagy k\u00fcls\u0151 melegv\u00edzt\u00e1rol\u00f3 a belt\u00e9ri egys\u00e9gen kereszt\u00fcl t\u00e1pl\u00e1lkozik.<\/p>\n<ol>\n<li>K\u00fclt\u00e9ri egys\u00e9g<\/li>\n<\/ol>\n<p>A kompresszoron \u00e9s a leveg\u0151 h\u0151cser\u00e9l\u0151n kereszt\u00fcl a k\u00fcls\u0151 leveg\u0151b\u0151l h\u0151energi\u00e1t vonnak el, \u00e9s azt a h\u00e1zban l\u00e9v\u0151 belt\u00e9ri hidrobox egys\u00e9gbe juttatj\u00e1k.<\/p>\n<ol start=\"2\">\n<li>Belt\u00e9ri hidrobox egys\u00e9g<\/li>\n<\/ol>\n<p>A belt\u00e9ri hidrobox egys\u00e9gben a h\u0171t\u0151k\u00f6zeg h\u0151je a h\u0151cser\u00e9l\u0151 lemezeken kereszt\u00fcl vesztes\u00e9gek n\u00e9lk\u00fcl jut el a v\u00edzrendszerbe.<\/p>\n<ol start=\"3\">\n<li>All-in-One modell<\/li>\n<\/ol>\n<p>Az All-in-One belt\u00e9ri egys\u00e9g egy belt\u00e9ri hidrobox egys\u00e9g \u00e9s egy melegv\u00edzt\u00e1rol\u00f3 kombin\u00e1ci\u00f3ja, \u00e9s \u00edgy jelent\u0151s helytakar\u00e9koss\u00e1got eredm\u00e9nyez. Kompakt kialak\u00edt\u00e1sa ellen\u00e9re az All-in-One rozsdamentes ac\u00e9lb\u00f3l k\u00e9sz\u00fclt melegv\u00edztart\u00e1llyal rendelkezik (210 l a standard v\u00e1ltozatban), \u00e9s a modellt\u0151l f\u00fcgg\u0151en egy vagy k\u00e9t z\u00f3na f\u0171t\u00e9s\u00e9t biztos\u00edtja.<\/p>\n<ol start=\"4\">\n<li>Melegv\u00edz-tart\u00e1ly<\/li>\n<\/ol>\n<p>Itt gy\u0171jtik \u00f6ssze a meleg vizet. A szigetelt kaz\u00e1n rozsdamentes ac\u00e9lb\u00f3l k\u00e9sz\u00fclt, ami kis s\u00falyt \u00e9s nagy tart\u00f3ss\u00e1got biztos\u00edt.<\/p>\n<ol start=\"5\">\n<li>Vez\u00e9rl\u0151egys\u00e9g<\/li>\n<\/ol>\n<p>K\u00f6zvetlen\u00fcl a belt\u00e9ri hidrobox egys\u00e9gen tal\u00e1lhat\u00f3 kezel\u0151panel vez\u00e9rli az \u00f6sszes funkci\u00f3t. Opci\u00f3k\u00e9nt k\u00fcls\u0151 helyis\u00e9gt\u00e1vvez\u00e9rl\u0151, h\u0151m\u00e9rs\u00e9klet-\u00e9rz\u00e9kel\u0151vel is rendelhet\u0151.<\/p>\n<p><strong>Cs\u00f6kkentse k\u00f6lts\u00e9geit egy L\u00c9G-V\u00cdZ h\u0151szivatty\u00fas megold\u00e1ssal<\/strong><\/p>\n<p>A leveg\u0151-v\u00edz h\u0151szivatty\u00fa egyes\u00edti az alacsony beszerz\u00e9si \u00e9s \u00fczemeltet\u00e9si k\u00f6lts\u00e9gek el\u0151nyeit, \u00e9s hat\u00e9konyan haszn\u00e1lja a meg\u00fajul\u00f3 energiaforr\u00e1sokat. Haszn\u00e1lhat\u00f3 f\u0171t\u00e9sre \u00e9s esetleg haszn\u00e1lati v\u00edz kezel\u00e9s\u00e9re \u00faj \u00e9p\u00fcletekn\u00e9l vagy rekonstrukci\u00f3kn\u00e1l radi\u00e1torok, padl\u00f3f\u0171t\u00e9s, falf\u0171t\u00e9s haszn\u00e1lat\u00e1val kombin\u00e1lva, valamint \u00fasz\u00f3medenc\u00e9k t\u00e1mogat\u00f3 f\u0171t\u00e9sek\u00e9nt is. Ny\u00e1ron haszn\u00e1lhatja a szob\u00e1k temper\u00e1l\u00e1s\u00e1ra. Akt\u00edv h\u0171t\u00e9s lehets\u00e9ges, p\u00e9ld\u00e1ul fan coil egys\u00e9gek seg\u00edts\u00e9g\u00e9vel.<\/p>\n<p><strong>J\u00d3 OKOK A LEVEG\u0150-V\u00cdZ H\u0150SZIVATTY\u00da MELLETT  <\/strong><\/p>\n<ul>\n<li><strong>Energia- \u00e9s k\u00f6lts\u00e9ghat\u00e9konys\u00e1g<\/strong><\/li>\n<\/ul>\n<p>A leveg\u0151-v\u00edz h\u0151szivatty\u00fa a k\u00f6rnyezeti leveg\u0151 ingyenes k\u00f6rnyezeti energi\u00e1j\u00e1t haszn\u00e1lja fel a magas h\u0151m\u00e9rs\u00e9klet el\u00e9r\u00e9s\u00e9hez alacsony \u00fczemeltet\u00e9si k\u00f6lts\u00e9gek mellett. Alacsony energiafogyaszt\u00e1s\u00e1nak k\u00f6sz\u00f6nhet\u0151en a h\u0151szivatty\u00fa olcs\u00f3 \u00e9s hat\u00e9kony f\u0171t\u00e9si rendszer mind a beszerz\u00e9si k\u00f6lts\u00e9gek, mind az \u00fczemeltet\u00e9s tekintet\u00e9ben.<\/p>\n<ul>\n<li><strong>Napelemes vagy fotovoltaikus rendszerrel val\u00f3 kombin\u00e1ci\u00f3<\/strong><\/li>\n<\/ul>\n<p>A leveg\u0151-v\u00edz h\u0151szivatty\u00fak napelemes \u00e9s fotovoltaikus rendszerekkel kombin\u00e1lva m\u00e9g k\u00f6rnyezetbar\u00e1tabb \u00e9s k\u00f6lts\u00e9ghat\u00e9konyabb f\u0171t\u00e9st vagy h\u0171t\u00e9st biztos\u00edtanak.<\/p>\n<ul>\n<li><strong>CO2-semlegess\u00e9g \u00e9s f\u00fcggetlens\u00e9g a fosszilis t\u00fczel\u0151anyagokt\u00f3l<\/strong><\/li>\n<\/ul>\n<p>A leveg\u0151 energiaforr\u00e1sk\u00e9nt val\u00f3 felhaszn\u00e1l\u00e1sa CO2-semleges \u00e9s nem okoz kibocs\u00e1t\u00e1st, \u00edgy teljesen f\u00fcggetlen a fosszilis t\u00fczel\u0151anyagokt\u00f3l, p\u00e9ld\u00e1ul a k\u0151olajt\u00f3l \u00e9s a f\u00f6ldg\u00e1zt\u00f3l.<\/p>\n<ul>\n<li><strong>Rugalmass\u00e1g a haszn\u00e1latban<\/strong><\/li>\n<\/ul>\n<p>Az AIR-WATER h\u0151szivatty\u00fa k\u00f6rnyezetbar\u00e1t \u00e9s gazdas\u00e1gos f\u0171t\u00e9si rendszer fel\u00faj\u00edt\u00e1sokhoz \u00e9s \u00faj \u00e9p\u00edtkez\u00e9sekhez.<\/p>\n<p>A leveg\u0151-v\u00edz h\u0151szivatty\u00fa a k\u00f6rnyezeti leveg\u0151b\u0151l fenntarthat\u00f3 m\u00f3don biztos\u00edt k\u00e9nyelmes f\u0171t\u00e9st. Intelligens h\u0151forr\u00e1sk\u00e9nt a helytakar\u00e9kos h\u0151szivatty\u00fa b\u00e1rmilyen \u00faj vagy r\u00e9gi \u00e9p\u00fcletbe illeszkedik, \u00e9s megb\u00edzhat\u00f3an biztos\u00edtja a f\u0171t\u00e9st, valamint a haszn\u00e1lati meleg vizet.<\/p>\n<p><strong>REKONSTRUKCI\u00d3<\/strong><\/p>\n<p>A leveg\u0151-v\u00edz h\u0151szivatty\u00fa ide\u00e1lis r\u00e9gi \u00e9p\u00fcletek fel\u00faj\u00edt\u00e1s\u00e1hoz. A megl\u00e9v\u0151 haszn\u00e1lati v\u00edzmeleg\u00edt\u00e9ssel a f\u0171t\u00e9si rendszer cser\u00e9je l\u00e9nyeg\u00e9ben egy\u00e1ltal\u00e1n nem jelent probl\u00e9m\u00e1t. Egy nap \u00e1ltal\u00e1ban el\u00e9g az \u00f6sszeszerel\u00e9shez. A megl\u00e9v\u0151 f\u0171t\u0151berendez\u00e9sek tov\u00e1bbra is haszn\u00e1lhat\u00f3k.<\/p>\n<p><strong>\u00daJ<\/strong><\/p>\n<p>Egy \u00faj h\u00e1z tervez\u00e9sekor figyelembe lehet venni az \u00f6sszes sz\u00fcks\u00e9ges h\u0151szivatty\u00favezet\u00e9ket. Ezenk\u00edv\u00fcl nem kell helyet tervezni az \u00fczemanyag t\u00e1rol\u00e1s\u00e1ra.<\/p>\n<p>Kombin\u00e1lt f\u0171t\u00e9si rendszer<\/p>\n<p>Lehet\u0151s\u00e9g van a m\u00e1r haszn\u00e1latban l\u00e9v\u0151 hagyom\u00e1nyos f\u0171t\u00e9si rendszerekkel, pl. g\u00e1zzal, g\u00e1zolajjal stb. val\u00f3 kombin\u00e1l\u00e1sra is.<\/p>\n<ul>\n<li><strong>K\u00f6nny\u0171 telep\u00edt\u00e9s<\/strong><\/li>\n<\/ul>\n<p>A belt\u00e9ri \u00e9s k\u00fclt\u00e9ri egys\u00e9g gyorsan \u00e9s egyszer\u0171en, \u00e1ltal\u00e1ban egy munkanap alatt telep\u00edthet\u0151, tov\u00e1bbi \u00e9p\u00edt\u00e9si munk\u00e1latok n\u00e9lk\u00fcl. Nincs sz\u00fcks\u00e9g k\u00e9m\u00e9nyekre, f\u00f6ldmunk\u00e1kra vagy t\u00fczel\u0151anyag-t\u00e1rol\u00e1sra.<\/p>\n<p style=\"font-weight: 400;\">[\/vc_column_text][\/vc_column][\/vc_row]<\/p>\n<\/section>","protected":false},"excerpt":{"rendered":"<p>[vc_row][vc_column][vc_column_text woodmart_inline=&#8221;no&#8221; text_larger=&#8221;no&#8221;] K\u00d6RNYEZETBAR\u00c1T, MEGFIZETHET\u0150 \u00c9S HAT\u00c9KONY &#8211; EZ A L\u00c9GF\u0170T\u00c9S. A leveg\u0151-v\u00edz h\u0151szivatty\u00fa hat\u00e9konyan m\u0171k\u00f6dik, \u00e9s alkalmas az alacsony<\/p>\n","protected":false},"author":12,"featured_media":11297,"comment_status":"closed","ping_status":"closed","sticky":false,"template":"","format":"standard","meta":{"footnotes":""},"categories":[],"tags":[],"table_tags":[],"class_list":["post-11295","post","type-post","status-publish","format-standard","has-post-thumbnail","hentry"],"yoast_head":"<!-- This site is optimized with the Yoast SEO plugin v24.3 - https:\/\/yoast.com\/wordpress\/plugins\/seo\/ -->\n<title>Hat\u00e9kony f\u0171t\u00e9s leveg\u0151-v\u00edz h\u0151szivatty\u00faval | SLOVKLIMA DEIMOS group, s.r.o.<\/title>\n<meta name=\"robots\" content=\"index, follow, max-snippet:-1, max-image-preview:large, max-video-preview:-1\" \/>\n<link rel=\"canonical\" href=\"https:\/\/www.slovklima.sk\/hu\/blog\/hatekony-futes-levego-viz-hoszivattyuval\/\" \/>\n<meta property=\"og:locale\" content=\"hu_HU\" \/>\n<meta property=\"og:type\" content=\"article\" \/>\n<meta property=\"og:title\" content=\"Hat\u00e9kony f\u0171t\u00e9s leveg\u0151-v\u00edz h\u0151szivatty\u00faval | SLOVKLIMA DEIMOS group, s.r.o.\" \/>\n<meta property=\"og:description\" content=\"[vc_row][vc_column][vc_column_text woodmart_inline=&#8221;no&#8221; text_larger=&#8221;no&#8221;] K\u00d6RNYEZETBAR\u00c1T, MEGFIZETHET\u0150 \u00c9S HAT\u00c9KONY &#8211; EZ A L\u00c9GF\u0170T\u00c9S. A leveg\u0151-v\u00edz h\u0151szivatty\u00fa hat\u00e9konyan m\u0171k\u00f6dik, \u00e9s alkalmas az alacsony\" \/>\n<meta property=\"og:url\" content=\"https:\/\/www.slovklima.sk\/hu\/blog\/hatekony-futes-levego-viz-hoszivattyuval\/\" \/>\n<meta property=\"og:site_name\" content=\"SLOVKLIMA DEIMOS group, s.r.o.\" \/>\n<meta property=\"article:published_time\" content=\"2024-03-05T10:11:56+00:00\" \/>\n<meta property=\"article:modified_time\" content=\"2026-01-21T09:03:41+00:00\" \/>\n<meta property=\"og:image\" content=\"https:\/\/www.slovklima.sk\/wp-content\/uploads\/2024\/03\/slovklima-banner-2.jpg\" \/>\n\t<meta property=\"og:image:width\" content=\"783\" \/>\n\t<meta property=\"og:image:height\" content=\"522\" \/>\n\t<meta property=\"og:image:type\" content=\"image\/jpeg\" \/>\n<meta name=\"author\" content=\"Pozsonyi\" \/>\n<meta name=\"twitter:card\" content=\"summary_large_image\" \/>\n<meta name=\"twitter:label1\" content=\"Szerz\u0151:\" \/>\n\t<meta name=\"twitter:data1\" content=\"Pozsonyi\" \/>\n\t<meta name=\"twitter:label2\" content=\"Becs\u00fclt olvas\u00e1si id\u0151\" \/>\n\t<meta name=\"twitter:data2\" content=\"4 perc\" \/>\n<script type=\"application\/ld+json\" class=\"yoast-schema-graph\">{\"@context\":\"https:\/\/schema.org\",\"@graph\":[{\"@type\":\"Article\",\"@id\":\"https:\/\/www.slovklima.sk\/hu\/blog\/hatekony-futes-levego-viz-hoszivattyuval\/#article\",\"isPartOf\":{\"@id\":\"https:\/\/www.slovklima.sk\/hu\/blog\/hatekony-futes-levego-viz-hoszivattyuval\/\"},\"author\":{\"name\":\"Pozsonyi\",\"@id\":\"https:\/\/www.slovklima.sk\/#\/schema\/person\/041fa68ca7169117e61dedd0b8be9db7\"},\"headline\":\"Hat\u00e9kony f\u0171t\u00e9s leveg\u0151-v\u00edz h\u0151szivatty\u00faval\",\"datePublished\":\"2024-03-05T10:11:56+00:00\",\"dateModified\":\"2026-01-21T09:03:41+00:00\",\"mainEntityOfPage\":{\"@id\":\"https:\/\/www.slovklima.sk\/hu\/blog\/hatekony-futes-levego-viz-hoszivattyuval\/\"},\"wordCount\":1029,\"publisher\":{\"@id\":\"https:\/\/www.slovklima.sk\/#organization\"},\"image\":{\"@id\":\"https:\/\/www.slovklima.sk\/hu\/blog\/hatekony-futes-levego-viz-hoszivattyuval\/#primaryimage\"},\"thumbnailUrl\":\"https:\/\/www.slovklima.sk\/wp-content\/uploads\/2024\/03\/slovklima-banner-2.jpg\",\"inLanguage\":\"hu\"},{\"@type\":\"WebPage\",\"@id\":\"https:\/\/www.slovklima.sk\/hu\/blog\/hatekony-futes-levego-viz-hoszivattyuval\/\",\"url\":\"https:\/\/www.slovklima.sk\/hu\/blog\/hatekony-futes-levego-viz-hoszivattyuval\/\",\"name\":\"Hat\u00e9kony f\u0171t\u00e9s leveg\u0151-v\u00edz h\u0151szivatty\u00faval | SLOVKLIMA DEIMOS group, s.r.o.\",\"isPartOf\":{\"@id\":\"https:\/\/www.slovklima.sk\/#website\"},\"primaryImageOfPage\":{\"@id\":\"https:\/\/www.slovklima.sk\/hu\/blog\/hatekony-futes-levego-viz-hoszivattyuval\/#primaryimage\"},\"image\":{\"@id\":\"https:\/\/www.slovklima.sk\/hu\/blog\/hatekony-futes-levego-viz-hoszivattyuval\/#primaryimage\"},\"thumbnailUrl\":\"https:\/\/www.slovklima.sk\/wp-content\/uploads\/2024\/03\/slovklima-banner-2.jpg\",\"datePublished\":\"2024-03-05T10:11:56+00:00\",\"dateModified\":\"2026-01-21T09:03:41+00:00\",\"breadcrumb\":{\"@id\":\"https:\/\/www.slovklima.sk\/hu\/blog\/hatekony-futes-levego-viz-hoszivattyuval\/#breadcrumb\"},\"inLanguage\":\"hu\",\"potentialAction\":[{\"@type\":\"ReadAction\",\"target\":[\"https:\/\/www.slovklima.sk\/hu\/blog\/hatekony-futes-levego-viz-hoszivattyuval\/\"]}]},{\"@type\":\"ImageObject\",\"inLanguage\":\"hu\",\"@id\":\"https:\/\/www.slovklima.sk\/hu\/blog\/hatekony-futes-levego-viz-hoszivattyuval\/#primaryimage\",\"url\":\"https:\/\/www.slovklima.sk\/wp-content\/uploads\/2024\/03\/slovklima-banner-2.jpg\",\"contentUrl\":\"https:\/\/www.slovklima.sk\/wp-content\/uploads\/2024\/03\/slovklima-banner-2.jpg\",\"width\":783,\"height\":522},{\"@type\":\"BreadcrumbList\",\"@id\":\"https:\/\/www.slovklima.sk\/hu\/blog\/hatekony-futes-levego-viz-hoszivattyuval\/#breadcrumb\",\"itemListElement\":[{\"@type\":\"ListItem\",\"position\":1,\"name\":\"Domovsk\u00e1 str\u00e1nka\",\"item\":\"https:\/\/www.slovklima.sk\/hu\/\"},{\"@type\":\"ListItem\",\"position\":2,\"name\":\"Hat\u00e9kony f\u0171t\u00e9s leveg\u0151-v\u00edz h\u0151szivatty\u00faval\"}]},{\"@type\":\"WebSite\",\"@id\":\"https:\/\/www.slovklima.sk\/#website\",\"url\":\"https:\/\/www.slovklima.sk\/\",\"name\":\"SLOVKLIMA DEIMOS group, s.r.o.\",\"description\":\"\",\"publisher\":{\"@id\":\"https:\/\/www.slovklima.sk\/#organization\"},\"alternateName\":\"SLOVKLIMA\",\"potentialAction\":[{\"@type\":\"SearchAction\",\"target\":{\"@type\":\"EntryPoint\",\"urlTemplate\":\"https:\/\/www.slovklima.sk\/?s={search_term_string}\"},\"query-input\":{\"@type\":\"PropertyValueSpecification\",\"valueRequired\":true,\"valueName\":\"search_term_string\"}}],\"inLanguage\":\"hu\"},{\"@type\":\"Organization\",\"@id\":\"https:\/\/www.slovklima.sk\/#organization\",\"name\":\"SLOVKLIMA DEIMOS group, s.r.o.\",\"alternateName\":\"SLOVKLIMA\",\"url\":\"https:\/\/www.slovklima.sk\/\",\"logo\":{\"@type\":\"ImageObject\",\"inLanguage\":\"hu\",\"@id\":\"https:\/\/www.slovklima.sk\/#\/schema\/logo\/image\/\",\"url\":\"https:\/\/www.slovklima.sk\/wp-content\/uploads\/2022\/12\/slovklima-logo-black.svg\",\"contentUrl\":\"https:\/\/www.slovklima.sk\/wp-content\/uploads\/2022\/12\/slovklima-logo-black.svg\",\"width\":3218,\"height\":698,\"caption\":\"SLOVKLIMA DEIMOS group, s.r.o.\"},\"image\":{\"@id\":\"https:\/\/www.slovklima.sk\/#\/schema\/logo\/image\/\"}},{\"@type\":\"Person\",\"@id\":\"https:\/\/www.slovklima.sk\/#\/schema\/person\/041fa68ca7169117e61dedd0b8be9db7\",\"name\":\"Pozsonyi\",\"image\":{\"@type\":\"ImageObject\",\"inLanguage\":\"hu\",\"@id\":\"https:\/\/www.slovklima.sk\/#\/schema\/person\/image\/\",\"url\":\"https:\/\/secure.gravatar.com\/avatar\/56b5a979081bf36f552dcd2c58795a7f5af67ab13c4da768f91594001b4010c4?s=96&d=mm&r=g\",\"contentUrl\":\"https:\/\/secure.gravatar.com\/avatar\/56b5a979081bf36f552dcd2c58795a7f5af67ab13c4da768f91594001b4010c4?s=96&d=mm&r=g\",\"caption\":\"Pozsonyi\"}}]}<\/script>\n<!-- \/ Yoast SEO plugin. -->","yoast_head_json":{"title":"Hat\u00e9kony f\u0171t\u00e9s leveg\u0151-v\u00edz h\u0151szivatty\u00faval | SLOVKLIMA DEIMOS group, s.r.o.","robots":{"index":"index","follow":"follow","max-snippet":"max-snippet:-1","max-image-preview":"max-image-preview:large","max-video-preview":"max-video-preview:-1"},"canonical":"https:\/\/www.slovklima.sk\/hu\/blog\/hatekony-futes-levego-viz-hoszivattyuval\/","og_locale":"hu_HU","og_type":"article","og_title":"Hat\u00e9kony f\u0171t\u00e9s leveg\u0151-v\u00edz h\u0151szivatty\u00faval | SLOVKLIMA DEIMOS group, s.r.o.","og_description":"[vc_row][vc_column][vc_column_text woodmart_inline=&#8221;no&#8221; text_larger=&#8221;no&#8221;] K\u00d6RNYEZETBAR\u00c1T, MEGFIZETHET\u0150 \u00c9S HAT\u00c9KONY &#8211; EZ A L\u00c9GF\u0170T\u00c9S. A leveg\u0151-v\u00edz h\u0151szivatty\u00fa hat\u00e9konyan m\u0171k\u00f6dik, \u00e9s alkalmas az alacsony","og_url":"https:\/\/www.slovklima.sk\/hu\/blog\/hatekony-futes-levego-viz-hoszivattyuval\/","og_site_name":"SLOVKLIMA DEIMOS group, s.r.o.","article_published_time":"2024-03-05T10:11:56+00:00","article_modified_time":"2026-01-21T09:03:41+00:00","og_image":[{"width":783,"height":522,"url":"https:\/\/www.slovklima.sk\/wp-content\/uploads\/2024\/03\/slovklima-banner-2.jpg","type":"image\/jpeg"}],"author":"Pozsonyi","twitter_card":"summary_large_image","twitter_misc":{"Szerz\u0151:":"Pozsonyi","Becs\u00fclt olvas\u00e1si id\u0151":"4 perc"},"schema":{"@context":"https:\/\/schema.org","@graph":[{"@type":"Article","@id":"https:\/\/www.slovklima.sk\/hu\/blog\/hatekony-futes-levego-viz-hoszivattyuval\/#article","isPartOf":{"@id":"https:\/\/www.slovklima.sk\/hu\/blog\/hatekony-futes-levego-viz-hoszivattyuval\/"},"author":{"name":"Pozsonyi","@id":"https:\/\/www.slovklima.sk\/#\/schema\/person\/041fa68ca7169117e61dedd0b8be9db7"},"headline":"Hat\u00e9kony f\u0171t\u00e9s leveg\u0151-v\u00edz h\u0151szivatty\u00faval","datePublished":"2024-03-05T10:11:56+00:00","dateModified":"2026-01-21T09:03:41+00:00","mainEntityOfPage":{"@id":"https:\/\/www.slovklima.sk\/hu\/blog\/hatekony-futes-levego-viz-hoszivattyuval\/"},"wordCount":1029,"publisher":{"@id":"https:\/\/www.slovklima.sk\/#organization"},"image":{"@id":"https:\/\/www.slovklima.sk\/hu\/blog\/hatekony-futes-levego-viz-hoszivattyuval\/#primaryimage"},"thumbnailUrl":"https:\/\/www.slovklima.sk\/wp-content\/uploads\/2024\/03\/slovklima-banner-2.jpg","inLanguage":"hu"},{"@type":"WebPage","@id":"https:\/\/www.slovklima.sk\/hu\/blog\/hatekony-futes-levego-viz-hoszivattyuval\/","url":"https:\/\/www.slovklima.sk\/hu\/blog\/hatekony-futes-levego-viz-hoszivattyuval\/","name":"Hat\u00e9kony f\u0171t\u00e9s leveg\u0151-v\u00edz h\u0151szivatty\u00faval | SLOVKLIMA DEIMOS group, s.r.o.","isPartOf":{"@id":"https:\/\/www.slovklima.sk\/#website"},"primaryImageOfPage":{"@id":"https:\/\/www.slovklima.sk\/hu\/blog\/hatekony-futes-levego-viz-hoszivattyuval\/#primaryimage"},"image":{"@id":"https:\/\/www.slovklima.sk\/hu\/blog\/hatekony-futes-levego-viz-hoszivattyuval\/#primaryimage"},"thumbnailUrl":"https:\/\/www.slovklima.sk\/wp-content\/uploads\/2024\/03\/slovklima-banner-2.jpg","datePublished":"2024-03-05T10:11:56+00:00","dateModified":"2026-01-21T09:03:41+00:00","breadcrumb":{"@id":"https:\/\/www.slovklima.sk\/hu\/blog\/hatekony-futes-levego-viz-hoszivattyuval\/#breadcrumb"},"inLanguage":"hu","potentialAction":[{"@type":"ReadAction","target":["https:\/\/www.slovklima.sk\/hu\/blog\/hatekony-futes-levego-viz-hoszivattyuval\/"]}]},{"@type":"ImageObject","inLanguage":"hu","@id":"https:\/\/www.slovklima.sk\/hu\/blog\/hatekony-futes-levego-viz-hoszivattyuval\/#primaryimage","url":"https:\/\/www.slovklima.sk\/wp-content\/uploads\/2024\/03\/slovklima-banner-2.jpg","contentUrl":"https:\/\/www.slovklima.sk\/wp-content\/uploads\/2024\/03\/slovklima-banner-2.jpg","width":783,"height":522},{"@type":"BreadcrumbList","@id":"https:\/\/www.slovklima.sk\/hu\/blog\/hatekony-futes-levego-viz-hoszivattyuval\/#breadcrumb","itemListElement":[{"@type":"ListItem","position":1,"name":"Domovsk\u00e1 str\u00e1nka","item":"https:\/\/www.slovklima.sk\/hu\/"},{"@type":"ListItem","position":2,"name":"Hat\u00e9kony f\u0171t\u00e9s leveg\u0151-v\u00edz h\u0151szivatty\u00faval"}]},{"@type":"WebSite","@id":"https:\/\/www.slovklima.sk\/#website","url":"https:\/\/www.slovklima.sk\/","name":"SLOVKLIMA DEIMOS group, s.r.o.","description":"","publisher":{"@id":"https:\/\/www.slovklima.sk\/#organization"},"alternateName":"SLOVKLIMA","potentialAction":[{"@type":"SearchAction","target":{"@type":"EntryPoint","urlTemplate":"https:\/\/www.slovklima.sk\/?s={search_term_string}"},"query-input":{"@type":"PropertyValueSpecification","valueRequired":true,"valueName":"search_term_string"}}],"inLanguage":"hu"},{"@type":"Organization","@id":"https:\/\/www.slovklima.sk\/#organization","name":"SLOVKLIMA DEIMOS group, s.r.o.","alternateName":"SLOVKLIMA","url":"https:\/\/www.slovklima.sk\/","logo":{"@type":"ImageObject","inLanguage":"hu","@id":"https:\/\/www.slovklima.sk\/#\/schema\/logo\/image\/","url":"https:\/\/www.slovklima.sk\/wp-content\/uploads\/2022\/12\/slovklima-logo-black.svg","contentUrl":"https:\/\/www.slovklima.sk\/wp-content\/uploads\/2022\/12\/slovklima-logo-black.svg","width":3218,"height":698,"caption":"SLOVKLIMA DEIMOS group, s.r.o."},"image":{"@id":"https:\/\/www.slovklima.sk\/#\/schema\/logo\/image\/"}},{"@type":"Person","@id":"https:\/\/www.slovklima.sk\/#\/schema\/person\/041fa68ca7169117e61dedd0b8be9db7","name":"Pozsonyi","image":{"@type":"ImageObject","inLanguage":"hu","@id":"https:\/\/www.slovklima.sk\/#\/schema\/person\/image\/","url":"https:\/\/secure.gravatar.com\/avatar\/56b5a979081bf36f552dcd2c58795a7f5af67ab13c4da768f91594001b4010c4?s=96&d=mm&r=g","contentUrl":"https:\/\/secure.gravatar.com\/avatar\/56b5a979081bf36f552dcd2c58795a7f5af67ab13c4da768f91594001b4010c4?s=96&d=mm&r=g","caption":"Pozsonyi"}}]}},"_links":{"self":[{"href":"https:\/\/www.slovklima.sk\/hu\/wp-json\/wp\/v2\/posts\/11295","targetHints":{"allow":["GET"]}}],"collection":[{"href":"https:\/\/www.slovklima.sk\/hu\/wp-json\/wp\/v2\/posts"}],"about":[{"href":"https:\/\/www.slovklima.sk\/hu\/wp-json\/wp\/v2\/types\/post"}],"author":[{"embeddable":true,"href":"https:\/\/www.slovklima.sk\/hu\/wp-json\/wp\/v2\/users\/12"}],"replies":[{"embeddable":true,"href":"https:\/\/www.slovklima.sk\/hu\/wp-json\/wp\/v2\/comments?post=11295"}],"version-history":[{"count":1,"href":"https:\/\/www.slovklima.sk\/hu\/wp-json\/wp\/v2\/posts\/11295\/revisions"}],"predecessor-version":[{"id":19902,"href":"https:\/\/www.slovklima.sk\/hu\/wp-json\/wp\/v2\/posts\/11295\/revisions\/19902"}],"wp:featuredmedia":[{"embeddable":true,"href":"https:\/\/www.slovklima.sk\/hu\/wp-json\/wp\/v2\/media\/11297"}],"wp:attachment":[{"href":"https:\/\/www.slovklima.sk\/hu\/wp-json\/wp\/v2\/media?parent=11295"}],"wp:term":[{"taxonomy":"category","embeddable":true,"href":"https:\/\/www.slovklima.sk\/hu\/wp-json\/wp\/v2\/categories?post=11295"},{"taxonomy":"post_tag","embeddable":true,"href":"https:\/\/www.slovklima.sk\/hu\/wp-json\/wp\/v2\/tags?post=11295"},{"taxonomy":"table_tags","embeddable":true,"href":"https:\/\/www.slovklima.sk\/hu\/wp-json\/wp\/v2\/table_tags?post=11295"}],"curies":[{"name":"wp","href":"https:\/\/api.w.org\/{rel}","templated":true}]}}