{"id":11280,"date":"2024-02-08T20:16:17","date_gmt":"2024-02-08T19:16:17","guid":{"rendered":"https:\/\/www.slovklima.sk\/blog\/az-inverter-es-a-be-kikapcsolhato-legkondicionalo-kozotti-kulonbseg\/"},"modified":"2026-03-30T16:15:27","modified_gmt":"2026-03-30T14:15:27","slug":"az-inverter-es-a-be-kikapcsolhato-legkondicionalo-kozotti-kulonbseg","status":"publish","type":"post","link":"https:\/\/www.slovklima.sk\/hu\/blog\/az-inverter-es-a-be-kikapcsolhato-legkondicionalo-kozotti-kulonbseg\/","title":{"rendered":"Inverteres kl\u00edmaberendez\u00e9s vs. on\/off: k\u00fcl\u00f6nbs\u00e9g, amit otthon \u00e9s a v\u00e1llalkoz\u00e1sban is meg fog \u00e9rezni "},"content":{"rendered":"<p><span data-contrast=\"auto\">Amikor kl\u00edmaberendez\u00e9st v\u00e1laszt, nagyon gyorsan k\u00e9t lehet\u0151s\u00e9ggel tal\u00e1lkozik: a klasszikus on\/off egys\u00e9ggel vagy az inverteres kl\u00edm\u00e1val. Els\u0151 r\u00e1n\u00e9z\u00e9sre hasonl\u00f3nak t\u0171nnek: be\u00e1ll\u00edtja a h\u0151m\u00e9rs\u00e9kletet, \u00e9s a k\u00e9sz\u00fcl\u00e9k h\u0171t vagy \u00e9ppen f\u0171t. A k\u00fcl\u00f6nbs\u00e9gabban rejlik, hogyan dolgozik a berendez\u00e9s \u201ea h\u00e1tt\u00e9rben\u201d, \u00e9s ez mit jelent a k\u00e9nyelem, a fogyaszt\u00e1s, a zajszint, illetve a kl\u00edma eg\u00e9sz napos m\u0171k\u00f6d\u00e9se szempontj\u00e1b\u00f3l.<\/span><span data-ccp-props=\"{&quot;134233117&quot;:false,&quot;134233118&quot;:false,&quot;335559738&quot;:240,&quot;335559739&quot;:240}\"> <\/span><\/p>\n<p><span data-ccp-props=\"{}\"> <\/span><\/p>\n<p><span data-contrast=\"auto\">Ha a kl\u00edmaberendez\u00e9s csak \u201ement\u0151\u00f6v\u201d n\u00e9h\u00e1ny forr\u00f3 napra, a k\u00fcl\u00f6nbs\u00e9g kev\u00e9sb\u00e9 t\u0171nhet jelent\u0151snek. Ha azonban rendszeresen kell m\u0171k\u00f6dnie otthon, irod\u00e1ban vagy \u00fczlethelyis\u00e9gben, t\u00f6bbnyire \u00e9ppen itt d\u0151l el a hossz\u00fa t\u00e1v\u00fa el\u00e9gedetts\u00e9g.<\/span><span data-ccp-props=\"{}\"> <\/span><\/p>\n<h2 aria-level=\"2\"><span data-contrast=\"none\">Hogyan m\u0171k\u00f6dik az inverteres kl\u00edmaberendez\u00e9s<\/span><span data-ccp-props=\"{&quot;134245418&quot;:true,&quot;134245529&quot;:true,&quot;335559738&quot;:160,&quot;335559739&quot;:80}\"> <\/span><\/h2>\n<p><span data-contrast=\"auto\">Az alapelv egyszer\u0171: az inverteres kl\u00edma k\u00e9pes folyamatosan szab\u00e1lyozni a kompresszor teljes\u00edtm\u00e9ny\u00e9t annak megfelel\u0151en, hogy a helyis\u00e9gnek \u00e9ppen mennyi teljes\u00edtm\u00e9nyre van sz\u00fcks\u00e9ge.<\/span><span data-ccp-props=\"{&quot;134233117&quot;:false,&quot;134233118&quot;:false,&quot;335559738&quot;:240,&quot;335559739&quot;:240}\"> <\/span><\/p>\n<p><span data-contrast=\"auto\">M\u0171szakilag ez \u00fagy m\u0171k\u00f6dik, hogy a k\u00e9sz\u00fcl\u00e9k elektronik\u00e1ja feldolgozza a h\u00e1l\u00f3zati \u00e1ramot, majd v\u00e1ltoztathat\u00f3 frekvenci\u00e1j\u00fa \u00e9s fesz\u00fclts\u00e9g\u0171 t\u00e1pell\u00e1t\u00e1st hoz l\u00e9tre, \u00edgy a kompresszor motorj\u00e1nak fordulatsz\u00e1ma \u00e1ll\u00edthat\u00f3. Ennek k\u00f6sz\u00f6nhet\u0151en a kompresszornak nem kell mindig teljes g\u0151zzel m\u0171k\u00f6dnie, hanem a helyzetnek megfelel\u0151en gyors\u00edthat vagy lass\u00edthat.<\/span><span data-ccp-props=\"{&quot;134233117&quot;:false,&quot;134233118&quot;:false,&quot;335559738&quot;:240,&quot;335559739&quot;:240}\"> <\/span><\/p>\n<h2 aria-level=\"2\"><span data-contrast=\"none\">Hogyan jelenik ez meg a gyakorlatban?<\/span><span data-ccp-props=\"{&quot;134245418&quot;:true,&quot;134245529&quot;:true,&quot;335559738&quot;:160,&quot;335559739&quot;:80}\"> <\/span><\/h2>\n<p><span data-contrast=\"auto\">Amikor bel\u00e9p egy t\u00falmelegedett helyis\u00e9gbe, az inverteres kl\u00edma kezdetben nagyobb teljes\u00edtm\u00e9nyre kapcsol, hogy gyorsan utol\u00e9rje a be\u00e1ll\u00edtott h\u0151m\u00e9rs\u00e9kletet. Amint megk\u00f6zel\u00edti a k\u00edv\u00e1nt \u00e9rt\u00e9ket, visszavesz a teljes\u00edtm\u00e9nyb\u0151l, \u00e9s m\u00e1r csak finomanszinten tartja a h\u0151m\u00e9rs\u00e9kletet.<\/span><span data-ccp-props=\"{&quot;134233117&quot;:false,&quot;134233118&quot;:false,&quot;335559738&quot;:240,&quot;335559739&quot;:240}\"> <\/span><\/p>\n<p><span data-contrast=\"auto\">Ez azt jelenti:<\/span><span data-ccp-props=\"{&quot;134233117&quot;:false,&quot;134233118&quot;:false,&quot;335559738&quot;:240,&quot;335559739&quot;:240}\"> <\/span><\/p>\n<ul>\n<li aria-setsize=\"-1\" data-leveltext=\"\uf0b7\" data-font=\"Symbol\" data-listid=\"17\" data-list-defn-props=\"{&quot;335552541&quot;:1,&quot;335559685&quot;:720,&quot;335559991&quot;:360,&quot;469769226&quot;:&quot;Symbol&quot;,&quot;469769242&quot;:[8226],&quot;469777803&quot;:&quot;left&quot;,&quot;469777804&quot;:&quot;\uf0b7&quot;,&quot;469777815&quot;:&quot;hybridMultilevel&quot;}\" data-aria-posinset=\"1\" data-aria-level=\"1\"><span data-contrast=\"auto\">gyorsabb indul\u00e1s bekapcsol\u00e1s ut\u00e1n, amikor a helyis\u00e9gben nagy a h\u0151m\u00e9rs\u00e9kletk\u00fcl\u00f6nbs\u00e9g<\/span><span data-ccp-props=\"{&quot;134233117&quot;:false,&quot;134233118&quot;:false,&quot;335559738&quot;:240,&quot;335559739&quot;:240}\"> <\/span><\/li>\n<\/ul>\n<ul>\n<li aria-setsize=\"-1\" data-leveltext=\"\uf0b7\" data-font=\"Symbol\" data-listid=\"17\" data-list-defn-props=\"{&quot;335552541&quot;:1,&quot;335559685&quot;:720,&quot;335559991&quot;:360,&quot;469769226&quot;:&quot;Symbol&quot;,&quot;469769242&quot;:[8226],&quot;469777803&quot;:&quot;left&quot;,&quot;469777804&quot;:&quot;\uf0b7&quot;,&quot;469777815&quot;:&quot;hybridMultilevel&quot;}\" data-aria-posinset=\"2\" data-aria-level=\"1\"><span data-contrast=\"auto\">ezut\u00e1n egyenletesebb m\u0171k\u00f6d\u00e9s alacsonyabb teljes\u00edtm\u00e9nyen<\/span><span data-ccp-props=\"{&quot;134233117&quot;:false,&quot;134233118&quot;:false,&quot;335559738&quot;:240,&quot;335559739&quot;:240}\"> <\/span><\/li>\n<\/ul>\n<ul>\n<li aria-setsize=\"-1\" data-leveltext=\"\uf0b7\" data-font=\"Symbol\" data-listid=\"17\" data-list-defn-props=\"{&quot;335552541&quot;:1,&quot;335559685&quot;:720,&quot;335559991&quot;:360,&quot;469769226&quot;:&quot;Symbol&quot;,&quot;469769242&quot;:[8226],&quot;469777803&quot;:&quot;left&quot;,&quot;469777804&quot;:&quot;\uf0b7&quot;,&quot;469777815&quot;:&quot;hybridMultilevel&quot;}\" data-aria-posinset=\"3\" data-aria-level=\"1\"><span data-contrast=\"auto\">kisebb h\u0151m\u00e9rs\u00e9klet ingadoz\u00e1s a nap folyam\u00e1n<\/span><span data-ccp-props=\"{&quot;134233117&quot;:false,&quot;134233118&quot;:false,&quot;335559738&quot;:240,&quot;335559739&quot;:240}\"> <\/span><\/li>\n<\/ul>\n<p><span data-contrast=\"auto\">A stabilit\u00e1s az oka annak, hogy sokan azt mondj\u00e1k, inverteres kl\u00edm\u00e1n\u00e1l \u201ekev\u00e9sb\u00e9 \u00e9rzik a kl\u00edm\u00e1t\u201d a teljes\u00edtm\u00e9ny sim\u00e1bban alkalmazkodik, felesleges ugr\u00e1sok n\u00e9lk\u00fcl.<\/span><span data-ccp-props=\"{&quot;134233117&quot;:false,&quot;134233118&quot;:false,&quot;335559738&quot;:240,&quot;335559739&quot;:240}\"> <\/span><\/p>\n<h2 aria-level=\"2\"><span data-contrast=\"none\">Mi\u00e9rt m\u0171k\u00f6dik m\u00e1sk\u00e9nt az on\/off egys\u00e9g?<\/span><span data-ccp-props=\"{&quot;134245418&quot;:true,&quot;134245529&quot;:true,&quot;335559738&quot;:160,&quot;335559739&quot;:80}\"> <\/span><\/h2>\n<p><span data-contrast=\"auto\">Az on\/off kl\u00edmaberendez\u00e9s fel\u00e9p\u00edt\u00e9se egyszer\u0171bb: a kompresszornak alapvet\u0151en k\u00e9t \u00e1llapota van, be vagy ki. A termoszt\u00e1t \u00e9rz\u00e9keli, hogy meleg van, a k\u00e9sz\u00fcl\u00e9k bekapcsol, \u00e9s teljes teljes\u00edtm\u00e9nnyel m\u0171k\u00f6dik. Amikor el\u00e9ri a c\u00e9lt, vagy k\u00f6zel ker\u00fcl hozz\u00e1, kikapcsol. Ezut\u00e1n v\u00e1r, majd a ciklus ism\u00e9tl\u0151dik.<\/span><span data-ccp-props=\"{&quot;134233117&quot;:false,&quot;134233118&quot;:false,&quot;335559738&quot;:240,&quot;335559739&quot;:240}\"> <\/span><\/p>\n<p><span data-contrast=\"auto\">Ez a vez\u00e9rl\u00e9si m\u00f3d t\u00f6bb ind\u00edt\u00e1st \u00e9s le\u00e1ll\u00edt\u00e1st jelent, ami a gyakorlatban \u00edgy l\u00e1tszik:<\/span><span data-ccp-props=\"{&quot;134233117&quot;:false,&quot;134233118&quot;:false,&quot;335559738&quot;:240,&quot;335559739&quot;:240}\"> <\/span><\/p>\n<ul>\n<li aria-setsize=\"-1\" data-leveltext=\"\uf0b7\" data-font=\"Symbol\" data-listid=\"18\" data-list-defn-props=\"{&quot;335552541&quot;:1,&quot;335559685&quot;:720,&quot;335559991&quot;:360,&quot;469769226&quot;:&quot;Symbol&quot;,&quot;469769242&quot;:[8226],&quot;469777803&quot;:&quot;left&quot;,&quot;469777804&quot;:&quot;\uf0b7&quot;,&quot;469777815&quot;:&quot;hybridMultilevel&quot;}\" data-aria-posinset=\"1\" data-aria-level=\"1\"><span data-contrast=\"auto\">nagyobb h\u0151m\u00e9rs\u00e9klet ingadoz\u00e1s a be\u00e1ll\u00edtott \u00e9rt\u00e9k k\u00f6r\u00fcl<\/span><span data-ccp-props=\"{&quot;134233117&quot;:false,&quot;134233118&quot;:false,&quot;335559738&quot;:240,&quot;335559739&quot;:240}\"> <\/span><\/li>\n<\/ul>\n<ul>\n<li aria-setsize=\"-1\" data-leveltext=\"\uf0b7\" data-font=\"Symbol\" data-listid=\"18\" data-list-defn-props=\"{&quot;335552541&quot;:1,&quot;335559685&quot;:720,&quot;335559991&quot;:360,&quot;469769226&quot;:&quot;Symbol&quot;,&quot;469769242&quot;:[8226],&quot;469777803&quot;:&quot;left&quot;,&quot;469777804&quot;:&quot;\uf0b7&quot;,&quot;469777815&quot;:&quot;hybridMultilevel&quot;}\" data-aria-posinset=\"2\" data-aria-level=\"1\"><span data-contrast=\"auto\">gyakoribb \u201efelp\u00f6rg\u00e9s\u201d, ami zavar\u00f3 lehet<\/span><span data-ccp-props=\"{&quot;134233117&quot;:false,&quot;134233118&quot;:false,&quot;335559738&quot;:240,&quot;335559739&quot;:240}\"> <\/span><\/li>\n<\/ul>\n<ul>\n<li aria-setsize=\"-1\" data-leveltext=\"\uf0b7\" data-font=\"Symbol\" data-listid=\"18\" data-list-defn-props=\"{&quot;335552541&quot;:1,&quot;335559685&quot;:720,&quot;335559991&quot;:360,&quot;469769226&quot;:&quot;Symbol&quot;,&quot;469769242&quot;:[8226],&quot;469777803&quot;:&quot;left&quot;,&quot;469777804&quot;:&quot;\uf0b7&quot;,&quot;469777815&quot;:&quot;hybridMultilevel&quot;}\" data-aria-posinset=\"3\" data-aria-level=\"1\"><span data-contrast=\"auto\">kev\u00e9sb\u00e9 folyamatos komfort, f\u0151leg akkor, ha a k\u00e9sz\u00fcl\u00e9k hosszabb ideig \u00fczemel<\/span><span data-ccp-props=\"{&quot;134233117&quot;:false,&quot;134233118&quot;:false,&quot;335559738&quot;:240,&quot;335559739&quot;:240}\"> <\/span><\/li>\n<\/ul>\n<h2 aria-level=\"2\"><span data-contrast=\"none\">Az inverteres kl\u00edmaberendez\u00e9s el\u0151nyei a gyakorlatban<\/span><span data-ccp-props=\"{&quot;134245418&quot;:true,&quot;134245529&quot;:true,&quot;335559738&quot;:160,&quot;335559739&quot;:80}\"> <\/span><\/h2>\n<p><span data-contrast=\"auto\">A k\u00e9t megold\u00e1s k\u00f6zti legnagyobb k\u00fcl\u00f6nbs\u00e9get \u00e1ltal\u00e1ban h\u00e1rom ter\u00fcleten fogja \u00e9rezni: h\u0151m\u00e9rs\u00e9klet, fogyaszt\u00e1s, zajszint.<\/span><span data-ccp-props=\"{&quot;134233117&quot;:false,&quot;134233118&quot;:false,&quot;335559738&quot;:240,&quot;335559739&quot;:240}\"> <\/span><\/p>\n<p><strong>Stabilabb h\u0151m\u00e9rs\u00e9klet <\/strong><br \/>\n<span data-contrast=\"auto\">Az inverteres kl\u00edma egyenletesebben tudja tartani a h\u0151m\u00e9rs\u00e9kletet, nagy kileng\u00e9sek n\u00e9lk\u00fcl. Ez\u00e9rt enn\u00e9l a t\u00edpusn\u00e1l gyakran emlegetik a kellemesebb belt\u00e9ri komfortot.<\/span><span data-ccp-props=\"{&quot;134233117&quot;:false,&quot;134233118&quot;:false,&quot;335559738&quot;:240,&quot;335559739&quot;:240}\"> <\/span><\/p>\n<p><strong>Fogyaszt\u00e1s a h\u0151m\u00e9rs\u00e9klet tart\u00e1sakor <\/strong><br \/>\n<span data-contrast=\"auto\">A mindennapokban a kl\u00edm\u00e1nak sokszor nem sz\u00e9ls\u0151s\u00e9gek ellen kell k\u00fczdenie, hanem csak a h\u0151nyeres\u00e9get kell ellens\u00falyoznia (nap, emberek, h\u00e1ztart\u00e1si k\u00e9sz\u00fcl\u00e9kek). Ilyenkor van igaz\u00e1n \u00e9rtelme a fokozatos teljes\u00edtm\u00e9nycs\u00f6kkent\u00e9snek, mert a berendez\u00e9snek nem kell \u00e1lland\u00f3an teljes teljes\u00edtm\u00e9nyen indulnia, majd kikapcsolnia.<\/span><span data-ccp-props=\"{&quot;134233117&quot;:false,&quot;134233118&quot;:false,&quot;335559738&quot;:240,&quot;335559739&quot;:240}\"> <\/span><\/p>\n<p><strong>Nyugodtabb m\u0171k\u00f6d\u00e9s hosszabb \u00fczemn\u00e9l <\/strong><br \/>\n<span data-contrast=\"auto\">B\u00e1rmelyik kl\u00edma lehet hangosabb, amikor magas teljes\u00edtm\u00e9nyen m\u0171k\u00f6dik. A k\u00fcl\u00f6nbs\u00e9g abban van, milyen gyakran kell ilyen \u00fczemm\u00f3dba kapcsolnia. Inverteres kl\u00edm\u00e1n\u00e1l gyakrabban ker\u00fcl olyan \u00e1llapotba, amikor alacsonyabb teljes\u00edtm\u00e9nyen tartja a h\u0151m\u00e9rs\u00e9kletet, \u00edgy az \u00f6sszhat\u00e1s nyugodtabb lehet, p\u00e9ld\u00e1ul h\u00e1l\u00f3szob\u00e1ban vagy dolgoz\u00f3szob\u00e1ban.<\/span><span data-ccp-props=\"{&quot;134233117&quot;:false,&quot;134233118&quot;:false,&quot;335559738&quot;:240,&quot;335559739&quot;:240}\"> <\/span><\/p>\n<p><span data-contrast=\"auto\">Fontos megjegyz\u00e9s: az inverteres kl\u00edma sem ment meg a rosszul megv\u00e1lasztott teljes\u00edtm\u00e9nyt\u0151l vagy a nem megfelel\u0151 elhelyez\u00e9st\u0151l. A komfort a tervez\u00e9sen \u00e9s a szakszer\u0171 szerel\u00e9sen m\u00falik.<\/span><span data-ccp-props=\"{&quot;134233117&quot;:false,&quot;134233118&quot;:false,&quot;335559738&quot;:240,&quot;335559739&quot;:240}\"> <\/span><\/p>\n<h2 aria-level=\"2\"><span data-contrast=\"none\">Mit jelent ez az \u00e9lettartam \u00e9s a szerviz szempontj\u00e1b\u00f3l?<\/span><span data-ccp-props=\"{&quot;134245418&quot;:true,&quot;134245529&quot;:true,&quot;335559738&quot;:160,&quot;335559739&quot;:80}\"> <\/span><\/h2>\n<p><span data-contrast=\"auto\">A vez\u00e9rl\u00e9sbeli k\u00fcl\u00f6nbs\u00e9g abban is megmutatkozik, mennyire van terhelve a berendez\u00e9s. Az on\/off egys\u00e9gn\u00e9l t\u00f6bb olyan helyzet ad\u00f3dik, amikor a kompresszor elindul \u00e9s le\u00e1ll. Rendszeres, hosszabb haszn\u00e1lat eset\u00e9n el\u0151ny lehet, ha a k\u00e9sz\u00fcl\u00e9kneknem kell folyton \u201efelugrania\u201d teljes teljes\u00edtm\u00e9nyre, hanem k\u00e9pes egyenletesebben m\u0171k\u00f6dni.<\/span><span data-ccp-props=\"{&quot;134233117&quot;:false,&quot;134233118&quot;:false,&quot;335559738&quot;:240,&quot;335559739&quot;:240}\"> <\/span><\/p>\n<p><span data-contrast=\"auto\">A felhaszn\u00e1l\u00f3 sz\u00e1m\u00e1ra azonban legink\u00e1bb ez a l\u00e9nyeg:<\/span><span data-ccp-props=\"{&quot;134233117&quot;:false,&quot;134233118&quot;:false,&quot;335559738&quot;:240,&quot;335559739&quot;:240}\"> <\/span><\/p>\n<ul>\n<li aria-setsize=\"-1\" data-leveltext=\"\uf0b7\" data-font=\"Symbol\" data-listid=\"19\" data-list-defn-props=\"{&quot;335552541&quot;:1,&quot;335559685&quot;:720,&quot;335559991&quot;:360,&quot;469769226&quot;:&quot;Symbol&quot;,&quot;469769242&quot;:[8226],&quot;469777803&quot;:&quot;left&quot;,&quot;469777804&quot;:&quot;\uf0b7&quot;,&quot;469777815&quot;:&quot;hybridMultilevel&quot;}\" data-aria-posinset=\"1\" data-aria-level=\"1\"><span data-contrast=\"auto\">m\u00e9g a min\u0151s\u00e9gi kl\u00edmaberendez\u00e9s is rendszeres karbantart\u00e1st ig\u00e9nyel (sz\u0171r\u0151k tiszt\u00edt\u00e1sa, a h\u0151cser\u00e9l\u0151 ellen\u0151rz\u00e9se, a kondenzv\u00edz elvezet\u00e9s\u00e9nek ellen\u0151rz\u00e9se)<\/span><span data-ccp-props=\"{&quot;134233117&quot;:false,&quot;134233118&quot;:false,&quot;335559738&quot;:240,&quot;335559739&quot;:240}\"> <\/span><\/li>\n<\/ul>\n<ul>\n<li aria-setsize=\"-1\" data-leveltext=\"\uf0b7\" data-font=\"Symbol\" data-listid=\"19\" data-list-defn-props=\"{&quot;335552541&quot;:1,&quot;335559685&quot;:720,&quot;335559991&quot;:360,&quot;469769226&quot;:&quot;Symbol&quot;,&quot;469769242&quot;:[8226],&quot;469777803&quot;:&quot;left&quot;,&quot;469777804&quot;:&quot;\uf0b7&quot;,&quot;469777815&quot;:&quot;hybridMultilevel&quot;}\" data-aria-posinset=\"2\" data-aria-level=\"1\"><span data-contrast=\"auto\">az elhanyagolt karbantart\u00e1s n\u00f6velheti a zajszintet, cs\u00f6kkentheti a hat\u00e1sfokot \u00e9s ronthatja a leveg\u0151 min\u0151s\u00e9g\u00e9t f\u00fcggetlen\u00fcl att\u00f3l, hogy inverteres vagy on\/off k\u00e9sz\u00fcl\u00e9kr\u0151l van sz\u00f3<\/span><span data-ccp-props=\"{&quot;134233117&quot;:false,&quot;134233118&quot;:false,&quot;335559738&quot;:240,&quot;335559739&quot;:240}\"> <\/span><\/li>\n<\/ul>\n<ul>\n<li aria-setsize=\"-1\" data-leveltext=\"\uf0b7\" data-font=\"Symbol\" data-listid=\"19\" data-list-defn-props=\"{&quot;335552541&quot;:1,&quot;335559685&quot;:720,&quot;335559991&quot;:360,&quot;469769226&quot;:&quot;Symbol&quot;,&quot;469769242&quot;:[8226],&quot;469777803&quot;:&quot;left&quot;,&quot;469777804&quot;:&quot;\uf0b7&quot;,&quot;469777815&quot;:&quot;hybridMultilevel&quot;}\" data-aria-posinset=\"3\" data-aria-level=\"1\"><span data-contrast=\"auto\">ha a szervizel\u00e9snek egyszer\u0171nek kell lennie, m\u00e1r a tervez\u00e9sn\u00e9l gondolni kell a k\u00e9sz\u00fcl\u00e9k megk\u00f6zel\u00edthet\u0151s\u00e9g\u00e9re, k\u00fcl\u00f6n\u00f6sen \u00e1lmennyezetekn\u00e9l vagy sz\u0171k helyeken<\/span><span data-ccp-props=\"{&quot;134233117&quot;:false,&quot;134233118&quot;:false,&quot;335559738&quot;:240,&quot;335559739&quot;:240}\"> <\/span><\/li>\n<\/ul>\n<h2 aria-level=\"2\"><span data-contrast=\"none\"><img decoding=\"async\" class=\"alignnone wp-image-20742 size-full\" src=\"https:\/\/www.slovklima.sk\/wp-content\/uploads\/2024\/02\/Inverter-klimatizacia-2-2.jpg\" alt=\" Inverteres kl\u00edmaberendez\u00e9s\" width=\"1065\" height=\"450\" srcset=\"https:\/\/www.slovklima.sk\/wp-content\/uploads\/2024\/02\/Inverter-klimatizacia-2-2.jpg 1065w, https:\/\/www.slovklima.sk\/wp-content\/uploads\/2024\/02\/Inverter-klimatizacia-2-2-400x169.jpg 400w, https:\/\/www.slovklima.sk\/wp-content\/uploads\/2024\/02\/Inverter-klimatizacia-2-2-768x325.jpg 768w, https:\/\/www.slovklima.sk\/wp-content\/uploads\/2024\/02\/Inverter-klimatizacia-2-2-430x182.jpg 430w, https:\/\/www.slovklima.sk\/wp-content\/uploads\/2024\/02\/Inverter-klimatizacia-2-2-700x296.jpg 700w, https:\/\/www.slovklima.sk\/wp-content\/uploads\/2024\/02\/Inverter-klimatizacia-2-2-150x63.jpg 150w\" sizes=\"(max-width: 1065px) 100vw, 1065px\" \/><\/span><\/h2>\n<h2 aria-level=\"2\"><span data-contrast=\"none\">Inverteres kl\u00edmaberendez\u00e9s \u00e9s f\u0171t\u00e9s: mikor van ennek \u00e9rtelme?<\/span><span data-ccp-props=\"{&quot;134245418&quot;:true,&quot;134245529&quot;:true,&quot;335559738&quot;:160,&quot;335559739&quot;:80}\"> <\/span><\/h2>\n<p><span data-contrast=\"auto\">Sokan els\u0151sorban a ny\u00e1r miatt v\u00e1lasztanak kl\u00edm\u00e1t, a gyakorlatban azonban f\u0171t\u00e9sre is gyakran haszn\u00e1lj\u00e1k legal\u00e1bb tavasszal \u00e9s \u0151sszel. Ilyenkor a fokozatmentes szab\u00e1lyoz\u00e1s nagy el\u0151ny lehet, mert az \u00e1tmeneti id\u0151szakban a k\u00f6r\u00fclm\u00e9nyek gyorsanv\u00e1ltoznak: reggel h\u0171v\u00f6s, napk\u00f6zben meleg, est\u00e9re pedig ism\u00e9t leh\u0171l.<\/span><span data-ccp-props=\"{&quot;134233117&quot;:false,&quot;134233118&quot;:false,&quot;335559738&quot;:240,&quot;335559739&quot;:240}\"> <\/span><\/p>\n<p><span data-contrast=\"auto\">Ha gyakrabban tervez kl\u00edm\u00e1val f\u0171teni, \u00e9rdemes figyelembe venni:<\/span><span data-ccp-props=\"{&quot;134233117&quot;:false,&quot;134233118&quot;:false,&quot;335559738&quot;:240,&quot;335559739&quot;:240}\"> <\/span><\/p>\n<ul>\n<li aria-setsize=\"-1\" data-leveltext=\"\uf0b7\" data-font=\"Symbol\" data-listid=\"20\" data-list-defn-props=\"{&quot;335552541&quot;:1,&quot;335559685&quot;:720,&quot;335559991&quot;:360,&quot;469769226&quot;:&quot;Symbol&quot;,&quot;469769242&quot;:[8226],&quot;469777803&quot;:&quot;left&quot;,&quot;469777804&quot;:&quot;\uf0b7&quot;,&quot;469777815&quot;:&quot;hybridMultilevel&quot;}\" data-aria-posinset=\"1\" data-aria-level=\"1\"><span data-contrast=\"auto\">hova ker\u00fcl az egys\u00e9g, hogy a meleg leveg\u0151 ne k\u00f6zvetlen\u00fcl \u00d6nre \u00e1ramoljon<\/span><span data-ccp-props=\"{&quot;134233117&quot;:false,&quot;134233118&quot;:false,&quot;335559738&quot;:240,&quot;335559739&quot;:240}\"> <\/span><\/li>\n<\/ul>\n<ul>\n<li aria-setsize=\"-1\" data-leveltext=\"\uf0b7\" data-font=\"Symbol\" data-listid=\"20\" data-list-defn-props=\"{&quot;335552541&quot;:1,&quot;335559685&quot;:720,&quot;335559991&quot;:360,&quot;469769226&quot;:&quot;Symbol&quot;,&quot;469769242&quot;:[8226],&quot;469777803&quot;:&quot;left&quot;,&quot;469777804&quot;:&quot;\uf0b7&quot;,&quot;469777815&quot;:&quot;hybridMultilevel&quot;}\" data-aria-posinset=\"2\" data-aria-level=\"1\"><span data-contrast=\"auto\">hogyan haszn\u00e1lj\u00e1k a teret, r\u00f6vid r\u00e1f\u0171t\u00e9sr\u0151l van sz\u00f3, vagy hosszabb f\u0171t\u00e9sr\u0151l<\/span><span data-ccp-props=\"{&quot;134233117&quot;:false,&quot;134233118&quot;:false,&quot;335559738&quot;:240,&quot;335559739&quot;:240}\"> <\/span><\/li>\n<\/ul>\n<ul>\n<li aria-setsize=\"-1\" data-leveltext=\"\uf0b7\" data-font=\"Symbol\" data-listid=\"20\" data-list-defn-props=\"{&quot;335552541&quot;:1,&quot;335559685&quot;:720,&quot;335559991&quot;:360,&quot;469769226&quot;:&quot;Symbol&quot;,&quot;469769242&quot;:[8226],&quot;469777803&quot;:&quot;left&quot;,&quot;469777804&quot;:&quot;\uf0b7&quot;,&quot;469777815&quot;:&quot;hybridMultilevel&quot;}\" data-aria-posinset=\"3\" data-aria-level=\"1\"><span data-contrast=\"auto\">mekkor\u00e1k az \u00e9p\u00fclet val\u00f3s h\u0151vesztes\u00e9gei, szigetel\u00e9s, ny\u00edl\u00e1sz\u00e1r\u00f3k, helyis\u00e9gm\u00e9ret<\/span><span data-ccp-props=\"{&quot;134233117&quot;:false,&quot;134233118&quot;:false,&quot;335559738&quot;:240,&quot;335559739&quot;:240}\"> <\/span><\/li>\n<\/ul>\n<p><span data-contrast=\"auto\">F\u0171t\u00e9sn\u00e9l is igaz, hogy a megfelel\u0151 teljes\u00edtm\u00e9ny \u00e9s a min\u0151s\u00e9gi telep\u00edt\u00e9s d\u00f6nt. Ha a k\u00e9sz\u00fcl\u00e9k alulm\u00e9retezett, gyakran magasabb teljes\u00edtm\u00e9nyen fog m\u0171k\u00f6dni, \u00e9s a komfort romlik. Ezzel szemben \u00e9sszer\u0171en megv\u00e1lasztott teljes\u00edtm\u00e9nnyel a kl\u00edm\u00e1s f\u0171t\u00e9ssok t\u00e9rben kifejezetten praktikus megold\u00e1s.<\/span><span data-ccp-props=\"{&quot;134233117&quot;:false,&quot;134233118&quot;:false,&quot;335559738&quot;:240,&quot;335559739&quot;:240}\"> <\/span><\/p>\n<h2 aria-level=\"2\"><\/h2>\n<h2 aria-level=\"2\"><span data-contrast=\"none\">Mikor \u00e9ri meg az inverteres kl\u00edmaberendez\u00e9s?<\/span><span data-ccp-props=\"{&quot;134245418&quot;:true,&quot;134245529&quot;:true,&quot;335559738&quot;:160,&quot;335559739&quot;:80}\"> <\/span><\/h2>\n<p><span data-contrast=\"auto\">A d\u00f6nt\u00e9sben egy k\u00e9rd\u00e9s seg\u00edt: milyen gyakran \u00e9s mennyi ideig fog a kl\u00edma a val\u00f3s\u00e1gban m\u0171k\u00f6dni?<\/span><span data-ccp-props=\"{&quot;134233117&quot;:false,&quot;134233118&quot;:false,&quot;335559738&quot;:240,&quot;335559739&quot;:240}\"> <\/span><\/p>\n<p><span data-contrast=\"auto\">Az inverteres kl\u00edma f\u0151leg akkor j\u00f3 v\u00e1laszt\u00e1s, ha:<\/span><span data-ccp-props=\"{&quot;134233117&quot;:false,&quot;134233118&quot;:false,&quot;335559738&quot;:240,&quot;335559739&quot;:240}\"> <\/span><\/p>\n<ul>\n<li aria-setsize=\"-1\" data-leveltext=\"\uf0b7\" data-font=\"Symbol\" data-listid=\"21\" data-list-defn-props=\"{&quot;335552541&quot;:1,&quot;335559685&quot;:720,&quot;335559991&quot;:360,&quot;469769226&quot;:&quot;Symbol&quot;,&quot;469769242&quot;:[8226],&quot;469777803&quot;:&quot;left&quot;,&quot;469777804&quot;:&quot;\uf0b7&quot;,&quot;469777815&quot;:&quot;hybridMultilevel&quot;}\" data-aria-posinset=\"1\" data-aria-level=\"1\"><span data-contrast=\"auto\">a szezonban rendszeresen szeretn\u00e9 haszn\u00e1lni<\/span><span data-ccp-props=\"{&quot;134233117&quot;:false,&quot;134233118&quot;:false,&quot;335559738&quot;:240,&quot;335559739&quot;:240}\"> <\/span><\/li>\n<\/ul>\n<ul>\n<li aria-setsize=\"-1\" data-leveltext=\"\uf0b7\" data-font=\"Symbol\" data-listid=\"21\" data-list-defn-props=\"{&quot;335552541&quot;:1,&quot;335559685&quot;:720,&quot;335559991&quot;:360,&quot;469769226&quot;:&quot;Symbol&quot;,&quot;469769242&quot;:[8226],&quot;469777803&quot;:&quot;left&quot;,&quot;469777804&quot;:&quot;\uf0b7&quot;,&quot;469777815&quot;:&quot;hybridMultilevel&quot;}\" data-aria-posinset=\"2\" data-aria-level=\"1\"><span data-contrast=\"auto\">stabil komfortot szeretne, nagy h\u0151m\u00e9rs\u00e9klet ingadoz\u00e1sok n\u00e9lk\u00fcl<\/span><span data-ccp-props=\"{&quot;134233117&quot;:false,&quot;134233118&quot;:false,&quot;335559738&quot;:240,&quot;335559739&quot;:240}\"> <\/span><\/li>\n<\/ul>\n<ul>\n<li aria-setsize=\"-1\" data-leveltext=\"\uf0b7\" data-font=\"Symbol\" data-listid=\"21\" data-list-defn-props=\"{&quot;335552541&quot;:1,&quot;335559685&quot;:720,&quot;335559991&quot;:360,&quot;469769226&quot;:&quot;Symbol&quot;,&quot;469769242&quot;:[8226],&quot;469777803&quot;:&quot;left&quot;,&quot;469777804&quot;:&quot;\uf0b7&quot;,&quot;469777815&quot;:&quot;hybridMultilevel&quot;}\" data-aria-posinset=\"3\" data-aria-level=\"1\"><span data-contrast=\"auto\">h\u00e1l\u00f3szob\u00e1ba, gyerekszob\u00e1ba vagy dolgoz\u00f3szob\u00e1ba keres megold\u00e1st, ahol fontos a csendes m\u0171k\u00f6d\u00e9s<\/span><span data-ccp-props=\"{&quot;134233117&quot;:false,&quot;134233118&quot;:false,&quot;335559738&quot;:240,&quot;335559739&quot;:240}\"> <\/span><\/li>\n<\/ul>\n<ul>\n<li aria-setsize=\"-1\" data-leveltext=\"\uf0b7\" data-font=\"Symbol\" data-listid=\"21\" data-list-defn-props=\"{&quot;335552541&quot;:1,&quot;335559685&quot;:720,&quot;335559991&quot;:360,&quot;469769226&quot;:&quot;Symbol&quot;,&quot;469769242&quot;:[8226],&quot;469777803&quot;:&quot;left&quot;,&quot;469777804&quot;:&quot;\uf0b7&quot;,&quot;469777815&quot;:&quot;hybridMultilevel&quot;}\" data-aria-posinset=\"4\" data-aria-level=\"1\"><span data-contrast=\"auto\">f\u0171teni is tervez a kl\u00edm\u00e1val legal\u00e1bb az \u00e1tmeneti id\u0151szakban<\/span><span data-ccp-props=\"{&quot;134233117&quot;:false,&quot;134233118&quot;:false,&quot;335559738&quot;:240,&quot;335559739&quot;:240}\"> <\/span><\/li>\n<\/ul>\n<ul>\n<li aria-setsize=\"-1\" data-leveltext=\"\uf0b7\" data-font=\"Symbol\" data-listid=\"21\" data-list-defn-props=\"{&quot;335552541&quot;:1,&quot;335559685&quot;:720,&quot;335559991&quot;:360,&quot;469769226&quot;:&quot;Symbol&quot;,&quot;469769242&quot;:[8226],&quot;469777803&quot;:&quot;left&quot;,&quot;469777804&quot;:&quot;\uf0b7&quot;,&quot;469777815&quot;:&quot;hybridMultilevel&quot;}\" data-aria-posinset=\"5\" data-aria-level=\"1\"><span data-contrast=\"auto\">olyan megold\u00e1st szeretne, amely alkalmazkodik a helyis\u00e9g aktu\u00e1lis ig\u00e9nyeihez<\/span><span data-ccp-props=\"{&quot;134233117&quot;:false,&quot;134233118&quot;:false,&quot;335559738&quot;:240,&quot;335559739&quot;:240}\"> <\/span><\/li>\n<\/ul>\n<p><span data-contrast=\"auto\">Az on\/off egys\u00e9g akkor lehet \u00e9sszer\u0171, ha:<\/span><span data-ccp-props=\"{&quot;134233117&quot;:false,&quot;134233118&quot;:false,&quot;335559738&quot;:240,&quot;335559739&quot;:240}\"> <\/span><\/p>\n<ul>\n<li aria-setsize=\"-1\" data-leveltext=\"\uf0b7\" data-font=\"Symbol\" data-listid=\"22\" data-list-defn-props=\"{&quot;335552541&quot;:1,&quot;335559685&quot;:720,&quot;335559991&quot;:360,&quot;469769226&quot;:&quot;Symbol&quot;,&quot;469769242&quot;:[8226],&quot;469777803&quot;:&quot;left&quot;,&quot;469777804&quot;:&quot;\uf0b7&quot;,&quot;469777815&quot;:&quot;hybridMultilevel&quot;}\" data-aria-posinset=\"1\" data-aria-level=\"1\"><span data-contrast=\"auto\">ink\u00e1bb csak alkalomszer\u0171en haszn\u00e1ln\u00e1 a kl\u00edm\u00e1t<\/span><span data-ccp-props=\"{&quot;134233117&quot;:false,&quot;134233118&quot;:false,&quot;335559738&quot;:240,&quot;335559739&quot;:240}\"> <\/span><\/li>\n<\/ul>\n<ul>\n<li aria-setsize=\"-1\" data-leveltext=\"\uf0b7\" data-font=\"Symbol\" data-listid=\"22\" data-list-defn-props=\"{&quot;335552541&quot;:1,&quot;335559685&quot;:720,&quot;335559991&quot;:360,&quot;469769226&quot;:&quot;Symbol&quot;,&quot;469769242&quot;:[8226],&quot;469777803&quot;:&quot;left&quot;,&quot;469777804&quot;:&quot;\uf0b7&quot;,&quot;469777815&quot;:&quot;hybridMultilevel&quot;}\" data-aria-posinset=\"2\" data-aria-level=\"1\"><span data-contrast=\"auto\">a lehet\u0151 legalacsonyabb bel\u00e9p\u0151\u00e1r a f\u0151 szempont<\/span><span data-ccp-props=\"{&quot;134233117&quot;:false,&quot;134233118&quot;:false,&quot;335559738&quot;:240,&quot;335559739&quot;:240}\"> <\/span><\/li>\n<\/ul>\n<ul>\n<li aria-setsize=\"-1\" data-leveltext=\"\uf0b7\" data-font=\"Symbol\" data-listid=\"22\" data-list-defn-props=\"{&quot;335552541&quot;:1,&quot;335559685&quot;:720,&quot;335559991&quot;:360,&quot;469769226&quot;:&quot;Symbol&quot;,&quot;469769242&quot;:[8226],&quot;469777803&quot;:&quot;left&quot;,&quot;469777804&quot;:&quot;\uf0b7&quot;,&quot;469777815&quot;:&quot;hybridMultilevel&quot;}\" data-aria-posinset=\"3\" data-aria-level=\"1\"><span data-contrast=\"auto\">nem zavarja, ha a be\u00e1ll\u00edtott \u00e9rt\u00e9k k\u00f6r\u00fcl nagyobb a h\u0151m\u00e9rs\u00e9klet ingadoz\u00e1s<\/span><span data-ccp-props=\"{&quot;134233117&quot;:false,&quot;134233118&quot;:false,&quot;335559738&quot;:240,&quot;335559739&quot;:240}\"> <\/span><\/li>\n<\/ul>\n<h2 aria-level=\"2\"><span data-contrast=\"none\">Hogyan ker\u00fclheti el a csal\u00f3d\u00e1st: a tervez\u00e9s \u00e9s a szerel\u00e9s d\u00f6nt<\/span><span data-ccp-props=\"{&quot;134245418&quot;:true,&quot;134245529&quot;:true,&quot;335559738&quot;:160,&quot;335559739&quot;:80}\"> <\/span><\/h2>\n<p><span data-contrast=\"auto\">A technol\u00f3gia egy dolog, a helyis\u00e9gben tapasztalt val\u00f3s\u00e1g egy m\u00e1sik. M\u00e9g az inverteres kl\u00edma is lehet kellemetlen, ha az alapvet\u0151 szempontokat al\u00e1becs\u00fclik.<\/span><span data-ccp-props=\"{&quot;134233117&quot;:false,&quot;134233118&quot;:false,&quot;335559738&quot;:240,&quot;335559739&quot;:240}\"> <\/span><\/p>\n<p><strong>Megfelel\u0151 teljes\u00edtm\u00e9ny a val\u00f3s ig\u00e9nyek alapj\u00e1n <\/strong><br \/>\n<span data-contrast=\"auto\">A teljes\u00edtm\u00e9nyt nem \u00e9rdemes puszt\u00e1n n\u00e9gyzetm\u00e9ter alapj\u00e1n v\u00e1lasztani. Sz\u00e1m\u00edt az ablakok t\u00e1jol\u00e1sa, az \u00fcvegfel\u00fcletek nagys\u00e1ga, a szigetel\u00e9s, a helyis\u00e9gben tart\u00f3zkod\u00f3k sz\u00e1ma \u00e9s a k\u00e9sz\u00fcl\u00e9kek h\u0151terhel\u00e9se is. Ha a teljes\u00edtm\u00e9ny kev\u00e9s, a k\u00e9sz\u00fcl\u00e9kgyakran magasabb fokozaton fog dolgozni. Ha pedig t\u00fal nagy, a l\u00e9g\u00e1ram kev\u00e9sb\u00e9 lehet kellemes, \u00e9s a szab\u00e1lyoz\u00e1s \u00e9rz\u00e9kenyebb\u00e9 v\u00e1lhat.<\/span><span data-ccp-props=\"{&quot;134233117&quot;:false,&quot;134233118&quot;:false,&quot;335559738&quot;:240,&quot;335559739&quot;:240}\"> <\/span><\/p>\n<p><strong>A belt\u00e9ri egys\u00e9g elhelyez\u00e9se <\/strong><br \/>\n<span data-contrast=\"auto\">A leveg\u0151 ne f\u00fajjon k\u00f6zvetlen\u00fcl arra a helyre, ahol \u00fcl vagy alszik. Ugyanakkor a leveg\u0151nek j\u00f3l kell keverednie a t\u00e9rben. Ez a r\u00e9szlet d\u00f6nthet arr\u00f3l, hogy \u201ekellemes\u201d, vagy ink\u00e1bb \u201enem is akarom bekapcsolni\u201d.<\/span><span data-ccp-props=\"{&quot;134233117&quot;:false,&quot;134233118&quot;:false,&quot;335559738&quot;:240,&quot;335559739&quot;:240}\"> <\/span><\/p>\n<p><strong>A kondenzv\u00edz elvezet\u00e9se <\/strong><br \/>\n<span data-contrast=\"auto\">H\u0171t\u00e9skor mindig keletkezik kondenzv\u00edz. Az elvezet\u00e9st szakszer\u0171en kell megoldani, hogy elker\u00fclhet\u0151 legyen a be\u00e1z\u00e1s. A gyakorlatban ez az egyik leggyakoribb probl\u00e9maforr\u00e1s, ha ezt a r\u00e9szt f\u00e9lv\u00e1llr\u00f3l veszik.<\/span><span data-ccp-props=\"{&quot;134233117&quot;:false,&quot;134233118&quot;:false,&quot;335559738&quot;:240,&quot;335559739&quot;:240}\"> <\/span><\/p>\n<p><strong>H\u0151m\u00e9rs\u00e9klet \u00e9s \u00fczemm\u00f3d be\u00e1ll\u00edt\u00e1sa <\/strong><br \/>\n<span data-contrast=\"auto\">A t\u00fal alacsony h\u0151m\u00e9rs\u00e9klet gyakran nem jobb komfortot ad, csak kellemetlen \u00e9rzetet \u00e9s felesleges terhel\u00e9st. A legt\u00f6bb t\u00e9rben a j\u00f3zan be\u00e1ll\u00edt\u00e1s \u00e9s az egyenletes szinten tart\u00e1s m\u0171k\u00f6dik a legjobban.<\/span><span data-ccp-props=\"{&quot;134233117&quot;:false,&quot;134233118&quot;:false,&quot;335559738&quot;:240,&quot;335559739&quot;:240}\"> <\/span><\/p>\n<p><strong>Karbantart\u00e1s <\/strong><br \/>\n<span data-contrast=\"auto\">A sz\u0171r\u0151k \u00e9s a h\u0151cser\u00e9l\u0151 rendszeres karbantart\u00e1st ig\u00e9nyelnek. Ha ez elmarad, cs\u00f6kken a hat\u00e1sfok, romlik a leveg\u0151 min\u0151s\u00e9ge, \u00e9s a k\u00e9sz\u00fcl\u00e9k hangosabbnak t\u0171nhet. M\u00e9g egy j\u00f3 modell is rosszul m\u0171k\u00f6dhet, ha elt\u00f6m\u0151dik.<\/span><span data-ccp-props=\"{&quot;134233117&quot;:false,&quot;134233118&quot;:false,&quot;335559738&quot;:240,&quot;335559739&quot;:240}\"> <\/span><\/p>\n<h2 aria-level=\"2\"><span data-contrast=\"none\">\u00d6sszegz\u00e9s<\/span><span data-ccp-props=\"{&quot;134245418&quot;:true,&quot;134245529&quot;:true,&quot;335559738&quot;:160,&quot;335559739&quot;:80}\"> <\/span><\/h2>\n<p><span data-contrast=\"auto\">Az on\/off egys\u00e9g \u00e9s az inverteres kl\u00edmaberendez\u00e9s k\u00f6zti k\u00fcl\u00f6nbs\u00e9g abban van, hogyan m\u0171k\u00f6dik a k\u00e9sz\u00fcl\u00e9k a nap folyam\u00e1n. Az on\/off megold\u00e1s ciklusokban dolgozik: teljes teljes\u00edtm\u00e9nnyel bekapcsol, majd kikapcsol. Az inverteres kl\u00edma ezzelszemben az aktu\u00e1lis ig\u00e9nyhez igaz\u00edtja a teljes\u00edtm\u00e9nyt, \u00e9s egyenletesebben tartja a h\u0151m\u00e9rs\u00e9kletet, ami gyakran kellemesebb komfortban, nyugodtabb m\u0171k\u00f6d\u00e9sben \u00e9s hosszabb haszn\u00e1lat mellett \u00e9sszer\u0171bb \u00fczemeltet\u00e9sben jelentkezik.<\/span><span data-ccp-props=\"{&quot;134233117&quot;:false,&quot;134233118&quot;:false,&quot;335559738&quot;:240,&quot;335559739&quot;:240}\"> <\/span><\/p>\n<p><span data-contrast=\"auto\">Ha biztosra szeretne menni, hogy olyan megold\u00e1st v\u00e1laszt, amely a gyakorlatban is \u00e9rtelmes \u00e9s j\u00f3l m\u0171k\u00f6dik az \u00d6n ter\u00e9ben, \u00e9rdemes m\u00e9g a szerel\u00e9s el\u0151tt foglalkozni a megfelel\u0151 teljes\u00edtm\u00e9nnyel, az egys\u00e9g elhelyez\u00e9s\u00e9vel \u00e9s a m\u0171szaki r\u00e9szletekkel. A <a href=\"https:\/\/www.slovklima.sk\/hu\/\">Slovklima<\/a> ebben szakszer\u0171en seg\u00edtenek: a k\u00f6r\u00fclm\u00e9nyek felm\u00e9r\u00e9s\u00e9t\u0151l eg\u00e9szen a kivitelez\u00e9sig.<\/span><span data-ccp-props=\"{&quot;134233117&quot;:false,&quot;134233118&quot;:false,&quot;335559738&quot;:240,&quot;335559739&quot;:240}\"> <\/span><\/p>\n","protected":false},"excerpt":{"rendered":"<p>Amikor kl\u00edmaberendez\u00e9st v\u00e1laszt, nagyon gyorsan k\u00e9t lehet\u0151s\u00e9ggel tal\u00e1lkozik: a klasszikus on\/off egys\u00e9ggel vagy az inverteres kl\u00edm\u00e1val. Els\u0151 r\u00e1n\u00e9z\u00e9sre hasonl\u00f3nak t\u0171nnek:<\/p>\n","protected":false},"author":12,"featured_media":20373,"comment_status":"closed","ping_status":"closed","sticky":false,"template":"","format":"standard","meta":{"footnotes":""},"categories":[349],"tags":[],"table_tags":[],"class_list":["post-11280","post","type-post","status-publish","format-standard","has-post-thumbnail","hentry","category-legkondicionalas"],"yoast_head":"<!-- This site is optimized with the Yoast SEO plugin v24.3 - https:\/\/yoast.com\/wordpress\/plugins\/seo\/ -->\n<title>Inverteres kl\u00edmaberendez\u00e9s | SLOVKLIMA DEIMOS group, s.r.o.<\/title>\n<meta name=\"description\" content=\"Az inverteres kl\u00edmaberendez\u00e9s stabilabb h\u0151m\u00e9rs\u00e9kletet \u00e9s kellemesebb komfortot k\u00edn\u00e1l, mint az on\/off egys\u00e9gek. Tudja meg, mikor \u00e9ri meg.\" \/>\n<meta name=\"robots\" content=\"index, follow, max-snippet:-1, max-image-preview:large, max-video-preview:-1\" \/>\n<link rel=\"canonical\" href=\"https:\/\/www.slovklima.sk\/hu\/blog\/az-inverter-es-a-be-kikapcsolhato-legkondicionalo-kozotti-kulonbseg\/\" \/>\n<meta property=\"og:locale\" content=\"hu_HU\" \/>\n<meta property=\"og:type\" content=\"article\" \/>\n<meta property=\"og:title\" content=\"Inverteres kl\u00edmaberendez\u00e9s | SLOVKLIMA DEIMOS group, s.r.o.\" \/>\n<meta property=\"og:description\" content=\"Az inverteres kl\u00edmaberendez\u00e9s stabilabb h\u0151m\u00e9rs\u00e9kletet \u00e9s kellemesebb komfortot k\u00edn\u00e1l, mint az on\/off egys\u00e9gek. Tudja meg, mikor \u00e9ri meg.\" \/>\n<meta property=\"og:url\" content=\"https:\/\/www.slovklima.sk\/hu\/blog\/az-inverter-es-a-be-kikapcsolhato-legkondicionalo-kozotti-kulonbseg\/\" \/>\n<meta property=\"og:site_name\" content=\"SLOVKLIMA DEIMOS group, s.r.o.\" \/>\n<meta property=\"article:published_time\" content=\"2024-02-08T19:16:17+00:00\" \/>\n<meta property=\"article:modified_time\" content=\"2026-03-30T14:15:27+00:00\" \/>\n<meta property=\"og:image\" content=\"https:\/\/www.slovklima.sk\/wp-content\/uploads\/2024\/02\/Inverter-klimatizacia.jpg\" \/>\n\t<meta property=\"og:image:width\" content=\"1065\" \/>\n\t<meta property=\"og:image:height\" content=\"450\" \/>\n\t<meta property=\"og:image:type\" content=\"image\/jpeg\" \/>\n<meta name=\"author\" content=\"Pozsonyi\" \/>\n<meta name=\"twitter:card\" content=\"summary_large_image\" \/>\n<meta name=\"twitter:label1\" content=\"Szerz\u0151:\" \/>\n\t<meta name=\"twitter:data1\" content=\"Pozsonyi\" \/>\n\t<meta name=\"twitter:label2\" content=\"Becs\u00fclt olvas\u00e1si id\u0151\" \/>\n\t<meta name=\"twitter:data2\" content=\"7 perc\" \/>\n<script type=\"application\/ld+json\" class=\"yoast-schema-graph\">{\"@context\":\"https:\/\/schema.org\",\"@graph\":[{\"@type\":\"Article\",\"@id\":\"https:\/\/www.slovklima.sk\/hu\/blog\/az-inverter-es-a-be-kikapcsolhato-legkondicionalo-kozotti-kulonbseg\/#article\",\"isPartOf\":{\"@id\":\"https:\/\/www.slovklima.sk\/hu\/blog\/az-inverter-es-a-be-kikapcsolhato-legkondicionalo-kozotti-kulonbseg\/\"},\"author\":{\"name\":\"Pozsonyi\",\"@id\":\"https:\/\/www.slovklima.sk\/#\/schema\/person\/041fa68ca7169117e61dedd0b8be9db7\"},\"headline\":\"Inverteres kl\u00edmaberendez\u00e9s vs. on\/off: k\u00fcl\u00f6nbs\u00e9g, amit otthon \u00e9s a v\u00e1llalkoz\u00e1sban is meg fog \u00e9rezni\",\"datePublished\":\"2024-02-08T19:16:17+00:00\",\"dateModified\":\"2026-03-30T14:15:27+00:00\",\"mainEntityOfPage\":{\"@id\":\"https:\/\/www.slovklima.sk\/hu\/blog\/az-inverter-es-a-be-kikapcsolhato-legkondicionalo-kozotti-kulonbseg\/\"},\"wordCount\":1913,\"publisher\":{\"@id\":\"https:\/\/www.slovklima.sk\/#organization\"},\"image\":{\"@id\":\"https:\/\/www.slovklima.sk\/hu\/blog\/az-inverter-es-a-be-kikapcsolhato-legkondicionalo-kozotti-kulonbseg\/#primaryimage\"},\"thumbnailUrl\":\"https:\/\/www.slovklima.sk\/wp-content\/uploads\/2024\/02\/Inverter-klimatizacia.jpg\",\"articleSection\":[\"L\u00e9gkondicion\u00e1l\u00e1s\"],\"inLanguage\":\"hu\"},{\"@type\":\"WebPage\",\"@id\":\"https:\/\/www.slovklima.sk\/hu\/blog\/az-inverter-es-a-be-kikapcsolhato-legkondicionalo-kozotti-kulonbseg\/\",\"url\":\"https:\/\/www.slovklima.sk\/hu\/blog\/az-inverter-es-a-be-kikapcsolhato-legkondicionalo-kozotti-kulonbseg\/\",\"name\":\"Inverteres kl\u00edmaberendez\u00e9s | SLOVKLIMA DEIMOS group, s.r.o.\",\"isPartOf\":{\"@id\":\"https:\/\/www.slovklima.sk\/#website\"},\"primaryImageOfPage\":{\"@id\":\"https:\/\/www.slovklima.sk\/hu\/blog\/az-inverter-es-a-be-kikapcsolhato-legkondicionalo-kozotti-kulonbseg\/#primaryimage\"},\"image\":{\"@id\":\"https:\/\/www.slovklima.sk\/hu\/blog\/az-inverter-es-a-be-kikapcsolhato-legkondicionalo-kozotti-kulonbseg\/#primaryimage\"},\"thumbnailUrl\":\"https:\/\/www.slovklima.sk\/wp-content\/uploads\/2024\/02\/Inverter-klimatizacia.jpg\",\"datePublished\":\"2024-02-08T19:16:17+00:00\",\"dateModified\":\"2026-03-30T14:15:27+00:00\",\"description\":\"Az inverteres kl\u00edmaberendez\u00e9s stabilabb h\u0151m\u00e9rs\u00e9kletet \u00e9s kellemesebb komfortot k\u00edn\u00e1l, mint az on\/off egys\u00e9gek. Tudja meg, mikor \u00e9ri meg.\",\"breadcrumb\":{\"@id\":\"https:\/\/www.slovklima.sk\/hu\/blog\/az-inverter-es-a-be-kikapcsolhato-legkondicionalo-kozotti-kulonbseg\/#breadcrumb\"},\"inLanguage\":\"hu\",\"potentialAction\":[{\"@type\":\"ReadAction\",\"target\":[\"https:\/\/www.slovklima.sk\/hu\/blog\/az-inverter-es-a-be-kikapcsolhato-legkondicionalo-kozotti-kulonbseg\/\"]}]},{\"@type\":\"ImageObject\",\"inLanguage\":\"hu\",\"@id\":\"https:\/\/www.slovklima.sk\/hu\/blog\/az-inverter-es-a-be-kikapcsolhato-legkondicionalo-kozotti-kulonbseg\/#primaryimage\",\"url\":\"https:\/\/www.slovklima.sk\/wp-content\/uploads\/2024\/02\/Inverter-klimatizacia.jpg\",\"contentUrl\":\"https:\/\/www.slovklima.sk\/wp-content\/uploads\/2024\/02\/Inverter-klimatizacia.jpg\",\"width\":1065,\"height\":450,\"caption\":\"Inverter klimatiz\u00e1cia\"},{\"@type\":\"BreadcrumbList\",\"@id\":\"https:\/\/www.slovklima.sk\/hu\/blog\/az-inverter-es-a-be-kikapcsolhato-legkondicionalo-kozotti-kulonbseg\/#breadcrumb\",\"itemListElement\":[{\"@type\":\"ListItem\",\"position\":1,\"name\":\"Domovsk\u00e1 str\u00e1nka\",\"item\":\"https:\/\/www.slovklima.sk\/hu\/\"},{\"@type\":\"ListItem\",\"position\":2,\"name\":\"Inverteres kl\u00edmaberendez\u00e9s vs. on\/off: k\u00fcl\u00f6nbs\u00e9g, amit otthon \u00e9s a v\u00e1llalkoz\u00e1sban is meg fog \u00e9rezni\"}]},{\"@type\":\"WebSite\",\"@id\":\"https:\/\/www.slovklima.sk\/#website\",\"url\":\"https:\/\/www.slovklima.sk\/\",\"name\":\"SLOVKLIMA DEIMOS group, s.r.o.\",\"description\":\"\",\"publisher\":{\"@id\":\"https:\/\/www.slovklima.sk\/#organization\"},\"alternateName\":\"SLOVKLIMA\",\"potentialAction\":[{\"@type\":\"SearchAction\",\"target\":{\"@type\":\"EntryPoint\",\"urlTemplate\":\"https:\/\/www.slovklima.sk\/?s={search_term_string}\"},\"query-input\":{\"@type\":\"PropertyValueSpecification\",\"valueRequired\":true,\"valueName\":\"search_term_string\"}}],\"inLanguage\":\"hu\"},{\"@type\":\"Organization\",\"@id\":\"https:\/\/www.slovklima.sk\/#organization\",\"name\":\"SLOVKLIMA DEIMOS group, s.r.o.\",\"alternateName\":\"SLOVKLIMA\",\"url\":\"https:\/\/www.slovklima.sk\/\",\"logo\":{\"@type\":\"ImageObject\",\"inLanguage\":\"hu\",\"@id\":\"https:\/\/www.slovklima.sk\/#\/schema\/logo\/image\/\",\"url\":\"https:\/\/www.slovklima.sk\/wp-content\/uploads\/2022\/12\/slovklima-logo-black.svg\",\"contentUrl\":\"https:\/\/www.slovklima.sk\/wp-content\/uploads\/2022\/12\/slovklima-logo-black.svg\",\"width\":3218,\"height\":698,\"caption\":\"SLOVKLIMA DEIMOS group, s.r.o.\"},\"image\":{\"@id\":\"https:\/\/www.slovklima.sk\/#\/schema\/logo\/image\/\"}},{\"@type\":\"Person\",\"@id\":\"https:\/\/www.slovklima.sk\/#\/schema\/person\/041fa68ca7169117e61dedd0b8be9db7\",\"name\":\"Pozsonyi\",\"image\":{\"@type\":\"ImageObject\",\"inLanguage\":\"hu\",\"@id\":\"https:\/\/www.slovklima.sk\/#\/schema\/person\/image\/\",\"url\":\"https:\/\/secure.gravatar.com\/avatar\/56b5a979081bf36f552dcd2c58795a7f5af67ab13c4da768f91594001b4010c4?s=96&d=mm&r=g\",\"contentUrl\":\"https:\/\/secure.gravatar.com\/avatar\/56b5a979081bf36f552dcd2c58795a7f5af67ab13c4da768f91594001b4010c4?s=96&d=mm&r=g\",\"caption\":\"Pozsonyi\"}}]}<\/script>\n<!-- \/ Yoast SEO plugin. -->","yoast_head_json":{"title":"Inverteres kl\u00edmaberendez\u00e9s | SLOVKLIMA DEIMOS group, s.r.o.","description":"Az inverteres kl\u00edmaberendez\u00e9s stabilabb h\u0151m\u00e9rs\u00e9kletet \u00e9s kellemesebb komfortot k\u00edn\u00e1l, mint az on\/off egys\u00e9gek. Tudja meg, mikor \u00e9ri meg.","robots":{"index":"index","follow":"follow","max-snippet":"max-snippet:-1","max-image-preview":"max-image-preview:large","max-video-preview":"max-video-preview:-1"},"canonical":"https:\/\/www.slovklima.sk\/hu\/blog\/az-inverter-es-a-be-kikapcsolhato-legkondicionalo-kozotti-kulonbseg\/","og_locale":"hu_HU","og_type":"article","og_title":"Inverteres kl\u00edmaberendez\u00e9s | SLOVKLIMA DEIMOS group, s.r.o.","og_description":"Az inverteres kl\u00edmaberendez\u00e9s stabilabb h\u0151m\u00e9rs\u00e9kletet \u00e9s kellemesebb komfortot k\u00edn\u00e1l, mint az on\/off egys\u00e9gek. Tudja meg, mikor \u00e9ri meg.","og_url":"https:\/\/www.slovklima.sk\/hu\/blog\/az-inverter-es-a-be-kikapcsolhato-legkondicionalo-kozotti-kulonbseg\/","og_site_name":"SLOVKLIMA DEIMOS group, s.r.o.","article_published_time":"2024-02-08T19:16:17+00:00","article_modified_time":"2026-03-30T14:15:27+00:00","og_image":[{"width":1065,"height":450,"url":"https:\/\/www.slovklima.sk\/wp-content\/uploads\/2024\/02\/Inverter-klimatizacia.jpg","type":"image\/jpeg"}],"author":"Pozsonyi","twitter_card":"summary_large_image","twitter_misc":{"Szerz\u0151:":"Pozsonyi","Becs\u00fclt olvas\u00e1si id\u0151":"7 perc"},"schema":{"@context":"https:\/\/schema.org","@graph":[{"@type":"Article","@id":"https:\/\/www.slovklima.sk\/hu\/blog\/az-inverter-es-a-be-kikapcsolhato-legkondicionalo-kozotti-kulonbseg\/#article","isPartOf":{"@id":"https:\/\/www.slovklima.sk\/hu\/blog\/az-inverter-es-a-be-kikapcsolhato-legkondicionalo-kozotti-kulonbseg\/"},"author":{"name":"Pozsonyi","@id":"https:\/\/www.slovklima.sk\/#\/schema\/person\/041fa68ca7169117e61dedd0b8be9db7"},"headline":"Inverteres kl\u00edmaberendez\u00e9s vs. on\/off: k\u00fcl\u00f6nbs\u00e9g, amit otthon \u00e9s a v\u00e1llalkoz\u00e1sban is meg fog \u00e9rezni","datePublished":"2024-02-08T19:16:17+00:00","dateModified":"2026-03-30T14:15:27+00:00","mainEntityOfPage":{"@id":"https:\/\/www.slovklima.sk\/hu\/blog\/az-inverter-es-a-be-kikapcsolhato-legkondicionalo-kozotti-kulonbseg\/"},"wordCount":1913,"publisher":{"@id":"https:\/\/www.slovklima.sk\/#organization"},"image":{"@id":"https:\/\/www.slovklima.sk\/hu\/blog\/az-inverter-es-a-be-kikapcsolhato-legkondicionalo-kozotti-kulonbseg\/#primaryimage"},"thumbnailUrl":"https:\/\/www.slovklima.sk\/wp-content\/uploads\/2024\/02\/Inverter-klimatizacia.jpg","articleSection":["L\u00e9gkondicion\u00e1l\u00e1s"],"inLanguage":"hu"},{"@type":"WebPage","@id":"https:\/\/www.slovklima.sk\/hu\/blog\/az-inverter-es-a-be-kikapcsolhato-legkondicionalo-kozotti-kulonbseg\/","url":"https:\/\/www.slovklima.sk\/hu\/blog\/az-inverter-es-a-be-kikapcsolhato-legkondicionalo-kozotti-kulonbseg\/","name":"Inverteres kl\u00edmaberendez\u00e9s | SLOVKLIMA DEIMOS group, s.r.o.","isPartOf":{"@id":"https:\/\/www.slovklima.sk\/#website"},"primaryImageOfPage":{"@id":"https:\/\/www.slovklima.sk\/hu\/blog\/az-inverter-es-a-be-kikapcsolhato-legkondicionalo-kozotti-kulonbseg\/#primaryimage"},"image":{"@id":"https:\/\/www.slovklima.sk\/hu\/blog\/az-inverter-es-a-be-kikapcsolhato-legkondicionalo-kozotti-kulonbseg\/#primaryimage"},"thumbnailUrl":"https:\/\/www.slovklima.sk\/wp-content\/uploads\/2024\/02\/Inverter-klimatizacia.jpg","datePublished":"2024-02-08T19:16:17+00:00","dateModified":"2026-03-30T14:15:27+00:00","description":"Az inverteres kl\u00edmaberendez\u00e9s stabilabb h\u0151m\u00e9rs\u00e9kletet \u00e9s kellemesebb komfortot k\u00edn\u00e1l, mint az on\/off egys\u00e9gek. Tudja meg, mikor \u00e9ri meg.","breadcrumb":{"@id":"https:\/\/www.slovklima.sk\/hu\/blog\/az-inverter-es-a-be-kikapcsolhato-legkondicionalo-kozotti-kulonbseg\/#breadcrumb"},"inLanguage":"hu","potentialAction":[{"@type":"ReadAction","target":["https:\/\/www.slovklima.sk\/hu\/blog\/az-inverter-es-a-be-kikapcsolhato-legkondicionalo-kozotti-kulonbseg\/"]}]},{"@type":"ImageObject","inLanguage":"hu","@id":"https:\/\/www.slovklima.sk\/hu\/blog\/az-inverter-es-a-be-kikapcsolhato-legkondicionalo-kozotti-kulonbseg\/#primaryimage","url":"https:\/\/www.slovklima.sk\/wp-content\/uploads\/2024\/02\/Inverter-klimatizacia.jpg","contentUrl":"https:\/\/www.slovklima.sk\/wp-content\/uploads\/2024\/02\/Inverter-klimatizacia.jpg","width":1065,"height":450,"caption":"Inverter klimatiz\u00e1cia"},{"@type":"BreadcrumbList","@id":"https:\/\/www.slovklima.sk\/hu\/blog\/az-inverter-es-a-be-kikapcsolhato-legkondicionalo-kozotti-kulonbseg\/#breadcrumb","itemListElement":[{"@type":"ListItem","position":1,"name":"Domovsk\u00e1 str\u00e1nka","item":"https:\/\/www.slovklima.sk\/hu\/"},{"@type":"ListItem","position":2,"name":"Inverteres kl\u00edmaberendez\u00e9s vs. on\/off: k\u00fcl\u00f6nbs\u00e9g, amit otthon \u00e9s a v\u00e1llalkoz\u00e1sban is meg fog \u00e9rezni"}]},{"@type":"WebSite","@id":"https:\/\/www.slovklima.sk\/#website","url":"https:\/\/www.slovklima.sk\/","name":"SLOVKLIMA DEIMOS group, s.r.o.","description":"","publisher":{"@id":"https:\/\/www.slovklima.sk\/#organization"},"alternateName":"SLOVKLIMA","potentialAction":[{"@type":"SearchAction","target":{"@type":"EntryPoint","urlTemplate":"https:\/\/www.slovklima.sk\/?s={search_term_string}"},"query-input":{"@type":"PropertyValueSpecification","valueRequired":true,"valueName":"search_term_string"}}],"inLanguage":"hu"},{"@type":"Organization","@id":"https:\/\/www.slovklima.sk\/#organization","name":"SLOVKLIMA DEIMOS group, s.r.o.","alternateName":"SLOVKLIMA","url":"https:\/\/www.slovklima.sk\/","logo":{"@type":"ImageObject","inLanguage":"hu","@id":"https:\/\/www.slovklima.sk\/#\/schema\/logo\/image\/","url":"https:\/\/www.slovklima.sk\/wp-content\/uploads\/2022\/12\/slovklima-logo-black.svg","contentUrl":"https:\/\/www.slovklima.sk\/wp-content\/uploads\/2022\/12\/slovklima-logo-black.svg","width":3218,"height":698,"caption":"SLOVKLIMA DEIMOS group, s.r.o."},"image":{"@id":"https:\/\/www.slovklima.sk\/#\/schema\/logo\/image\/"}},{"@type":"Person","@id":"https:\/\/www.slovklima.sk\/#\/schema\/person\/041fa68ca7169117e61dedd0b8be9db7","name":"Pozsonyi","image":{"@type":"ImageObject","inLanguage":"hu","@id":"https:\/\/www.slovklima.sk\/#\/schema\/person\/image\/","url":"https:\/\/secure.gravatar.com\/avatar\/56b5a979081bf36f552dcd2c58795a7f5af67ab13c4da768f91594001b4010c4?s=96&d=mm&r=g","contentUrl":"https:\/\/secure.gravatar.com\/avatar\/56b5a979081bf36f552dcd2c58795a7f5af67ab13c4da768f91594001b4010c4?s=96&d=mm&r=g","caption":"Pozsonyi"}}]}},"_links":{"self":[{"href":"https:\/\/www.slovklima.sk\/hu\/wp-json\/wp\/v2\/posts\/11280","targetHints":{"allow":["GET"]}}],"collection":[{"href":"https:\/\/www.slovklima.sk\/hu\/wp-json\/wp\/v2\/posts"}],"about":[{"href":"https:\/\/www.slovklima.sk\/hu\/wp-json\/wp\/v2\/types\/post"}],"author":[{"embeddable":true,"href":"https:\/\/www.slovklima.sk\/hu\/wp-json\/wp\/v2\/users\/12"}],"replies":[{"embeddable":true,"href":"https:\/\/www.slovklima.sk\/hu\/wp-json\/wp\/v2\/comments?post=11280"}],"version-history":[{"count":3,"href":"https:\/\/www.slovklima.sk\/hu\/wp-json\/wp\/v2\/posts\/11280\/revisions"}],"predecessor-version":[{"id":20746,"href":"https:\/\/www.slovklima.sk\/hu\/wp-json\/wp\/v2\/posts\/11280\/revisions\/20746"}],"wp:featuredmedia":[{"embeddable":true,"href":"https:\/\/www.slovklima.sk\/hu\/wp-json\/wp\/v2\/media\/20373"}],"wp:attachment":[{"href":"https:\/\/www.slovklima.sk\/hu\/wp-json\/wp\/v2\/media?parent=11280"}],"wp:term":[{"taxonomy":"category","embeddable":true,"href":"https:\/\/www.slovklima.sk\/hu\/wp-json\/wp\/v2\/categories?post=11280"},{"taxonomy":"post_tag","embeddable":true,"href":"https:\/\/www.slovklima.sk\/hu\/wp-json\/wp\/v2\/tags?post=11280"},{"taxonomy":"table_tags","embeddable":true,"href":"https:\/\/www.slovklima.sk\/hu\/wp-json\/wp\/v2\/table_tags?post=11280"}],"curies":[{"name":"wp","href":"https:\/\/api.w.org\/{rel}","templated":true}]}}